{"id":116,"date":"2024-01-04T20:00:31","date_gmt":"2024-01-04T20:00:31","guid":{"rendered":"https:\/\/kultur.nu\/?p=116"},"modified":"2024-08-15T13:54:58","modified_gmt":"2024-08-15T11:54:58","slug":"kultur-2024-en-tid-av-forandring-och-mangfald","status":"publish","type":"post","link":"https:\/\/kultur.nu\/en\/kultur-2024-en-tid-av-forandring-och-mangfald\/","title":{"rendered":"Kultur 2024: En tid av f\u00f6r\u00e4ndring och m\u00e5ngfald"},"content":{"rendered":"<p>N\u00e4r vi kliver in i 2024, st\u00e5r kulturen i en tid av snabb f\u00f6r\u00e4ndring och sp\u00e4nnande utveckling. Med teknologi som forts\u00e4tter att f\u00f6r\u00e4ndra hur vi konsumerar och skapar <a href=\"https:\/\/kultur.nu\/en\/\">kultur<\/a>, och med ett samh\u00e4lle som blir allt mer m\u00e5ngfacetterat, \u00e4r kulturens roll i v\u00e5ra liv mer dynamisk och m\u00e5ngsidig \u00e4n n\u00e5gonsin tidigare. \u00c5r 2024 bjuder p\u00e5 nya m\u00f6jligheter, men ocks\u00e5 p\u00e5 utmaningar, d\u00e4r fr\u00e5gor om identitet, representation och h\u00e5llbarhet st\u00e5r i fokus.<\/p>\n<h3>Teknologi och kultur: Digitaliseringens fortsatta p\u00e5verkan<\/h3>\n<p>Digitaliseringen har redan omformat hur vi tar del av kultur, och 2024 kommer att se en fortsatt utveckling p\u00e5 detta omr\u00e5de. Streamingtj\u00e4nster, sociala <a href=\"https:\/\/kultur.nu\/en\/massmedier\/\">medier<\/a> och digitala plattformar g\u00f6r det m\u00f6jligt f\u00f6r oss att konsumera kultur n\u00e4r och var vi vill. Samtidigt skapas nya former av <a href=\"https:\/\/kultur.nu\/en\/konst\/\">konst<\/a> och uttryck som endast existerar i den digitala v\u00e4rlden, fr\u00e5n virtuella konstutst\u00e4llningar till interaktiva spel och uppslukande upplevelser i VR.<\/p>\n<p>AI-teknologi b\u00f6rjar ocks\u00e5 spela en allt st\u00f6rre roll inom kulturen. <a href=\"https:\/\/kultur.nu\/en\/konst\/konstnarer\/\">Konstn\u00e4rer<\/a> och <a href=\"https:\/\/kultur.nu\/en\/musik\/musiker_och_musikgrupper\/\">musiker<\/a> experimenterar med AI f\u00f6r att skapa nya verk, och algoritmer anv\u00e4nds f\u00f6r att kurera och rekommendera inneh\u00e5ll p\u00e5 plattformar som Spotify och Netflix. Med dessa verktyg \u00f6ppnas nya m\u00f6jligheter f\u00f6r kreativitet, men det v\u00e4cker ocks\u00e5 fr\u00e5gor om konstn\u00e4rlig integritet och autenticitet.<\/p>\n<h3>M\u00e5ngfald och representation: En ny kulturell agenda<\/h3>\n<p>En av de mest betydelsefulla trenderna inom kultur 2024 \u00e4r det \u00f6kade fokuset p\u00e5 m\u00e5ngfald och representation. I ett globalt samh\u00e4lle d\u00e4r m\u00e4nniskor med olika bakgrunder och erfarenheter m\u00f6ts, blir det allt viktigare att kulturen speglar detta m\u00e5ngfacetterade landskap. Konst, <a href=\"https:\/\/kultur.nu\/en\/film\/\">film<\/a>, <a href=\"https:\/\/kultur.nu\/en\/litteratur_och_sprak\/\">litteratur<\/a> och <a href=\"https:\/\/kultur.nu\/en\/musik\/\">musik<\/a> utforskar i allt st\u00f6rre utstr\u00e4ckning fr\u00e5gor om identitet, tillh\u00f6righet och r\u00e4ttvisa.<\/p>\n<p>Under 2024 ser vi fler r\u00f6ster fr\u00e5n marginaliserade grupper ta plats p\u00e5 den kulturella scenen. Detta g\u00e4ller inte bara i form av inneh\u00e5ll utan ocks\u00e5 p\u00e5 institutionell niv\u00e5, d\u00e4r <a href=\"https:\/\/kultur.nu\/en\/museer\/\">museer<\/a>, teatrar och kulturhus arbetar f\u00f6r att bli mer inkluderande och representativa. Denna f\u00f6r\u00e4ndring \u00e4r avg\u00f6rande f\u00f6r att skapa en kultur som \u00e4r relevant och tillg\u00e4nglig f\u00f6r alla, oavsett bakgrund.<\/p>\n<h3>H\u00e5llbarhet och kultur: En v\u00e4xande r\u00f6relse<\/h3>\n<p>H\u00e5llbarhet \u00e4r inte l\u00e4ngre bara en fr\u00e5ga f\u00f6r milj\u00f6r\u00f6relsen \u2013 det \u00e4r nu en central del av kulturen. 2024 ser vi en allt starkare koppling mellan kultur och h\u00e5llbarhet, d\u00e4r konstn\u00e4rer och kulturinstitutioner tar st\u00e4llning f\u00f6r klimatet och arbetar f\u00f6r att minska sin milj\u00f6p\u00e5verkan. Fr\u00e5n \u00e5tervunna material i konstverk till klimatsmarta scenproduktioner och h\u00e5llbara festivaler, \u00e4r kulturen en viktig arena f\u00f6r att driva p\u00e5 f\u00f6r\u00e4ndring.<\/p>\n<p>Kulturens roll i att f\u00f6r\u00e4ndra attityder och inspirera till handling kan inte underskattas. Genom att lyfta fram klimatfr\u00e5gor och h\u00e5llbarhetsinitiativ i sina verk, bidrar konstn\u00e4rer och kulturarbetare till att forma en mer medveten och ansvarsfull publik. 2024 \u00e4r \u00e5ret d\u00e5 kulturens kraft att p\u00e5verka verkligen kommer till sin r\u00e4tt, och h\u00e5llbarhetsfr\u00e5gor integreras alltmer i kulturella sammanhang.<\/p>\n<h3>Nya uttrycksformer: Gr\u00e4ns\u00f6verskridande konst och hybridformat<\/h3>\n<p>I en tid d\u00e4r gr\u00e4nserna mellan olika konstformer suddas ut, ser vi under 2024 en fortsatt utveckling av hybridformat och gr\u00e4ns\u00f6verskridande konst. Performativ konst, d\u00e4r teater, <a href=\"https:\/\/kultur.nu\/en\/dans\/\">dans<\/a> och bildkonst m\u00f6ts, blir allt vanligare, och konstn\u00e4rer experimenterar med att blanda genrer och medier f\u00f6r att skapa unika upplevelser.<\/p>\n<p>Digitala och fysiska v\u00e4rldar sm\u00e4lter samman i nya kreativa uttryck, d\u00e4r exempelvis AR (augmented reality) och VR (virtual reality) anv\u00e4nds f\u00f6r att skapa interaktiva och uppslukande upplevelser som inte var m\u00f6jliga tidigare. Denna tekniska utveckling ger konstn\u00e4rer nya verktyg att uttrycka sig med, samtidigt som den utmanar oss att omv\u00e4rdera vad konst kan vara.<\/p>\n<h3>Framtiden f\u00f6r kultur 2024: En \u00f6ppen och dynamisk scen<\/h3>\n<p>Kulturen 2024 \u00e4r en spegel av en v\u00e4rld i f\u00f6r\u00e4ndring. Den \u00e4r mer m\u00e5ngfacetterad, inkluderande och tekniskt avancerad \u00e4n n\u00e5gonsin tidigare. Men den \u00e4r ocks\u00e5 en arena d\u00e4r viktiga samh\u00e4llsfr\u00e5gor diskuteras och d\u00e4r gr\u00e4nser utmanas och omdefinieras. Oavsett om det g\u00e4ller att skapa nya konstformer, fr\u00e4mja h\u00e5llbarhet eller \u00f6ka representationen, s\u00e5 \u00e4r kulturen i st\u00e4ndig r\u00f6relse.<\/p>\n<p>F\u00f6r b\u00e5de skapare och publik inneb\u00e4r detta nya m\u00f6jligheter att engagera sig i och forma framtidens kultur. 2024 \u00e4r ett \u00e5r d\u00e5 vi forts\u00e4tter att utforska och experimentera, samtidigt som vi v\u00e4rnar om och utvecklar de <a href=\"https:\/\/kultur.nu\/en\/traditioner-i-sverige\/\">traditioner<\/a> och uttrycksformer som har format oss. Kulturens kraft ligger i dess f\u00f6rm\u00e5ga att f\u00f6rena, inspirera och utmana \u2013 och 2024 ser ut att bli ett \u00e5r d\u00e5 denna kraft bara v\u00e4xer.<\/p>","protected":false},"excerpt":{"rendered":"<p>N\u00e4r vi kliver in i 2024, st\u00e5r kulturen i en tid av snabb f\u00f6r\u00e4ndring och&hellip;<\/p>","protected":false},"author":1,"featured_media":319,"comment_status":"open","ping_status":"open","sticky":false,"template":"","format":"standard","meta":{"_yoast_wpseo_focuskw":"","_yoast_wpseo_title":"","_yoast_wpseo_metadesc":"","_yoast_wpseo_meta-robots-noindex":"","_yoast_wpseo_meta-robots-nofollow":"","_yoast_wpseo_canonical":"","_yoast_wpseo_opengraph-title":"","_yoast_wpseo_opengraph-description":"","_yoast_wpseo_twitter-title":"","_yoast_wpseo_twitter-description":"","footnotes":"","rank_math_description":"","rank_math_focus_keyword":"","rank_math_title":"","rank_math_canonical_url":"","rank_math_robots":"","rank_math_facebook_title":"","rank_math_facebook_description":"","rank_math_twitter_title":"","rank_math_twitter_description":""},"categories":[2],"tags":[],"class_list":["post-116","post","type-post","status-publish","format-standard","has-post-thumbnail","hentry","category-aktuellt"],"yoast_head":"<!-- This site is optimized with the Yoast SEO plugin v27.5 - https:\/\/yoast.com\/product\/yoast-seo-wordpress\/ -->\n<title>Kultur 2024: En tid av f\u00f6r\u00e4ndring och m\u00e5ngfald - Kultur i Sverige<\/title>\n<meta name=\"robots\" content=\"index, follow, max-snippet:-1, max-image-preview:large, max-video-preview:-1\" \/>\n<link rel=\"canonical\" href=\"https:\/\/kultur.nu\/en\/kultur-2024-en-tid-av-forandring-och-mangfald\/\" \/>\n<meta property=\"og:locale\" content=\"en_US\" \/>\n<meta property=\"og:type\" content=\"article\" \/>\n<meta property=\"og:title\" content=\"Kultur 2024: En tid av f\u00f6r\u00e4ndring och m\u00e5ngfald - Kultur i Sverige\" \/>\n<meta property=\"og:description\" content=\"N\u00e4r vi kliver in i 2024, st\u00e5r kulturen i en tid av snabb f\u00f6r\u00e4ndring och&hellip;\" \/>\n<meta property=\"og:url\" content=\"https:\/\/kultur.nu\/en\/kultur-2024-en-tid-av-forandring-och-mangfald\/\" \/>\n<meta property=\"og:site_name\" content=\"Kultur i Sverige\" \/>\n<meta property=\"article:published_time\" content=\"2024-01-04T20:00:31+00:00\" \/>\n<meta property=\"article:modified_time\" content=\"2024-08-15T11:54:58+00:00\" \/>\n<meta property=\"og:image\" content=\"https:\/\/kultur.nu\/wp-content\/uploads\/2024\/01\/kultur-2024.webp\" \/>\n\t<meta property=\"og:image:width\" content=\"1350\" \/>\n\t<meta property=\"og:image:height\" content=\"800\" \/>\n\t<meta property=\"og:image:type\" content=\"image\/webp\" \/>\n<meta name=\"author\" content=\"Annica\" \/>\n<meta name=\"twitter:card\" content=\"summary_large_image\" \/>\n<meta name=\"twitter:label1\" content=\"Written by\" \/>\n\t<meta name=\"twitter:data1\" content=\"Annica\" \/>\n\t<meta name=\"twitter:label2\" content=\"Est. reading time\" \/>\n\t<meta name=\"twitter:data2\" content=\"4 minutes\" \/>\n<script type=\"application\/ld+json\" class=\"yoast-schema-graph\">{\"@context\":\"https:\\\/\\\/schema.org\",\"@graph\":[{\"@type\":\"Article\",\"@id\":\"https:\\\/\\\/kultur.nu\\\/kultur-2024-en-tid-av-forandring-och-mangfald\\\/#article\",\"isPartOf\":{\"@id\":\"https:\\\/\\\/kultur.nu\\\/kultur-2024-en-tid-av-forandring-och-mangfald\\\/\"},\"author\":{\"name\":\"Annica\",\"@id\":\"https:\\\/\\\/kultur.nu\\\/#\\\/schema\\\/person\\\/cbafe9491d5ea09a25eace8883923b2c\"},\"headline\":\"Kultur 2024: En tid av f\u00f6r\u00e4ndring och m\u00e5ngfald\",\"datePublished\":\"2024-01-04T20:00:31+00:00\",\"dateModified\":\"2024-08-15T11:54:58+00:00\",\"mainEntityOfPage\":{\"@id\":\"https:\\\/\\\/kultur.nu\\\/kultur-2024-en-tid-av-forandring-och-mangfald\\\/\"},\"wordCount\":820,\"commentCount\":0,\"publisher\":{\"@id\":\"https:\\\/\\\/kultur.nu\\\/#organization\"},\"image\":{\"@id\":\"https:\\\/\\\/kultur.nu\\\/kultur-2024-en-tid-av-forandring-och-mangfald\\\/#primaryimage\"},\"thumbnailUrl\":\"https:\\\/\\\/kultur.nu\\\/wp-content\\\/uploads\\\/2024\\\/01\\\/kultur-2024.webp\",\"articleSection\":[\"Aktuellt\"],\"inLanguage\":\"en-US\",\"potentialAction\":[{\"@type\":\"CommentAction\",\"name\":\"Comment\",\"target\":[\"https:\\\/\\\/kultur.nu\\\/kultur-2024-en-tid-av-forandring-och-mangfald\\\/#respond\"]}]},{\"@type\":\"WebPage\",\"@id\":\"https:\\\/\\\/kultur.nu\\\/kultur-2024-en-tid-av-forandring-och-mangfald\\\/\",\"url\":\"https:\\\/\\\/kultur.nu\\\/kultur-2024-en-tid-av-forandring-och-mangfald\\\/\",\"name\":\"Kultur 2024: En tid av f\u00f6r\u00e4ndring och m\u00e5ngfald - Kultur i Sverige\",\"isPartOf\":{\"@id\":\"https:\\\/\\\/kultur.nu\\\/#website\"},\"primaryImageOfPage\":{\"@id\":\"https:\\\/\\\/kultur.nu\\\/kultur-2024-en-tid-av-forandring-och-mangfald\\\/#primaryimage\"},\"image\":{\"@id\":\"https:\\\/\\\/kultur.nu\\\/kultur-2024-en-tid-av-forandring-och-mangfald\\\/#primaryimage\"},\"thumbnailUrl\":\"https:\\\/\\\/kultur.nu\\\/wp-content\\\/uploads\\\/2024\\\/01\\\/kultur-2024.webp\",\"datePublished\":\"2024-01-04T20:00:31+00:00\",\"dateModified\":\"2024-08-15T11:54:58+00:00\",\"breadcrumb\":{\"@id\":\"https:\\\/\\\/kultur.nu\\\/kultur-2024-en-tid-av-forandring-och-mangfald\\\/#breadcrumb\"},\"inLanguage\":\"en-US\",\"potentialAction\":[{\"@type\":\"ReadAction\",\"target\":[\"https:\\\/\\\/kultur.nu\\\/kultur-2024-en-tid-av-forandring-och-mangfald\\\/\"]}]},{\"@type\":\"ImageObject\",\"inLanguage\":\"en-US\",\"@id\":\"https:\\\/\\\/kultur.nu\\\/kultur-2024-en-tid-av-forandring-och-mangfald\\\/#primaryimage\",\"url\":\"https:\\\/\\\/kultur.nu\\\/wp-content\\\/uploads\\\/2024\\\/01\\\/kultur-2024.webp\",\"contentUrl\":\"https:\\\/\\\/kultur.nu\\\/wp-content\\\/uploads\\\/2024\\\/01\\\/kultur-2024.webp\",\"width\":1350,\"height\":800,\"caption\":\"kultur-2024\"},{\"@type\":\"BreadcrumbList\",\"@id\":\"https:\\\/\\\/kultur.nu\\\/kultur-2024-en-tid-av-forandring-och-mangfald\\\/#breadcrumb\",\"itemListElement\":[{\"@type\":\"ListItem\",\"position\":1,\"name\":\"Hem\",\"item\":\"https:\\\/\\\/kultur.nu\\\/\"},{\"@type\":\"ListItem\",\"position\":2,\"name\":\"Kultur 2024: En tid av f\u00f6r\u00e4ndring och m\u00e5ngfald\"}]},{\"@type\":\"WebSite\",\"@id\":\"https:\\\/\\\/kultur.nu\\\/#website\",\"url\":\"https:\\\/\\\/kultur.nu\\\/\",\"name\":\"Kultur i Sverige\",\"description\":\"\",\"publisher\":{\"@id\":\"https:\\\/\\\/kultur.nu\\\/#organization\"},\"potentialAction\":[{\"@type\":\"SearchAction\",\"target\":{\"@type\":\"EntryPoint\",\"urlTemplate\":\"https:\\\/\\\/kultur.nu\\\/?s={search_term_string}\"},\"query-input\":{\"@type\":\"PropertyValueSpecification\",\"valueRequired\":true,\"valueName\":\"search_term_string\"}}],\"inLanguage\":\"en-US\"},{\"@type\":\"Organization\",\"@id\":\"https:\\\/\\\/kultur.nu\\\/#organization\",\"name\":\"Kultur i Sverige\",\"url\":\"https:\\\/\\\/kultur.nu\\\/\",\"logo\":{\"@type\":\"ImageObject\",\"inLanguage\":\"en-US\",\"@id\":\"https:\\\/\\\/kultur.nu\\\/#\\\/schema\\\/logo\\\/image\\\/\",\"url\":\"https:\\\/\\\/kultur.nu\\\/wp-content\\\/uploads\\\/2025\\\/10\\\/cropped-Kultur.nu-logo.webp\",\"contentUrl\":\"https:\\\/\\\/kultur.nu\\\/wp-content\\\/uploads\\\/2025\\\/10\\\/cropped-Kultur.nu-logo.webp\",\"width\":510,\"height\":95,\"caption\":\"Kultur i Sverige\"},\"image\":{\"@id\":\"https:\\\/\\\/kultur.nu\\\/#\\\/schema\\\/logo\\\/image\\\/\"}},{\"@type\":\"Person\",\"@id\":\"https:\\\/\\\/kultur.nu\\\/#\\\/schema\\\/person\\\/cbafe9491d5ea09a25eace8883923b2c\",\"name\":\"Annica\",\"image\":{\"@type\":\"ImageObject\",\"inLanguage\":\"en-US\",\"@id\":\"https:\\\/\\\/secure.gravatar.com\\\/avatar\\\/d78c2d842df13ded689c841d90a91fd72f6cc9e7250f7066a537c14f82302546?s=96&d=mm&r=g\",\"url\":\"https:\\\/\\\/secure.gravatar.com\\\/avatar\\\/d78c2d842df13ded689c841d90a91fd72f6cc9e7250f7066a537c14f82302546?s=96&d=mm&r=g\",\"contentUrl\":\"https:\\\/\\\/secure.gravatar.com\\\/avatar\\\/d78c2d842df13ded689c841d90a91fd72f6cc9e7250f7066a537c14f82302546?s=96&d=mm&r=g\",\"caption\":\"Annica\"},\"description\":\"Annika Axelsson \u00e4r kulturskribent p\u00e5 Kultur.nu, d\u00e4r hon skriver om litteratur, film, teater, konst och samtida kulturdebatt. Hon har ett s\u00e4rskilt intresse f\u00f6r hur kultur speglar samh\u00e4llsf\u00f6r\u00e4ndringar, identitet och vardagslivet. Annika har studerat litteraturvetenskap och kulturjournalistik vid Stockholms universitet. Hon har \u00e4ven l\u00e4st konstvetenskap och medievetenskap, vilket ger henne en bred grund n\u00e4r hon analyserar b\u00e5de klassiska verk och moderna kulturuttryck. P\u00e5 Kultur.nu skriver Annika fr\u00e4mst recensioner, f\u00f6rdjupande artiklar och personliga kr\u00f6nikor. Hon bevakar nya b\u00f6cker, uppm\u00e4rksammade teaterf\u00f6rest\u00e4llningar, filmfestivaler, utst\u00e4llningar och aktuella kulturh\u00e4ndelser. Hennes texter k\u00e4nnetecknas av ett nyfiket, kunnigt och tillg\u00e4ngligt spr\u00e5k, d\u00e4r hon vill g\u00f6ra kultur l\u00e4ttare att f\u00f6rst\u00e5 utan att f\u00f6renkla den. Hon har tidigare arbetat med redaktionellt inneh\u00e5ll, intervjuer och kulturbevakning f\u00f6r b\u00e5de digitala magasin och lokala publikationer. I sitt skrivande \u00e5terkommer hon ofta till fr\u00e5gor om ber\u00e4ttande, kreativitet, klass, k\u00f6nsroller och kulturens plats i det moderna samh\u00e4llet.\",\"sameAs\":[\"https:\\\/\\\/kultur.nu\"],\"url\":\"https:\\\/\\\/kultur.nu\\\/en\\\/author\\\/annica\\\/\"}]}<\/script>\n<!-- \/ Yoast SEO plugin. -->","yoast_head_json":{"title":"Kultur 2024: En tid av f\u00f6r\u00e4ndring och m\u00e5ngfald - Kultur i Sverige","robots":{"index":"index","follow":"follow","max-snippet":"max-snippet:-1","max-image-preview":"max-image-preview:large","max-video-preview":"max-video-preview:-1"},"canonical":"https:\/\/kultur.nu\/en\/kultur-2024-en-tid-av-forandring-och-mangfald\/","og_locale":"en_US","og_type":"article","og_title":"Kultur 2024: En tid av f\u00f6r\u00e4ndring och m\u00e5ngfald - Kultur i Sverige","og_description":"N\u00e4r vi kliver in i 2024, st\u00e5r kulturen i en tid av snabb f\u00f6r\u00e4ndring och&hellip;","og_url":"https:\/\/kultur.nu\/en\/kultur-2024-en-tid-av-forandring-och-mangfald\/","og_site_name":"Kultur i Sverige","article_published_time":"2024-01-04T20:00:31+00:00","article_modified_time":"2024-08-15T11:54:58+00:00","og_image":[{"width":1350,"height":800,"url":"https:\/\/kultur.nu\/wp-content\/uploads\/2024\/01\/kultur-2024.webp","type":"image\/webp"}],"author":"Annica","twitter_card":"summary_large_image","twitter_misc":{"Written by":"Annica","Est. reading time":"4 minutes"},"schema":{"@context":"https:\/\/schema.org","@graph":[{"@type":"Article","@id":"https:\/\/kultur.nu\/kultur-2024-en-tid-av-forandring-och-mangfald\/#article","isPartOf":{"@id":"https:\/\/kultur.nu\/kultur-2024-en-tid-av-forandring-och-mangfald\/"},"author":{"name":"Annica","@id":"https:\/\/kultur.nu\/#\/schema\/person\/cbafe9491d5ea09a25eace8883923b2c"},"headline":"Kultur 2024: En tid av f\u00f6r\u00e4ndring och m\u00e5ngfald","datePublished":"2024-01-04T20:00:31+00:00","dateModified":"2024-08-15T11:54:58+00:00","mainEntityOfPage":{"@id":"https:\/\/kultur.nu\/kultur-2024-en-tid-av-forandring-och-mangfald\/"},"wordCount":820,"commentCount":0,"publisher":{"@id":"https:\/\/kultur.nu\/#organization"},"image":{"@id":"https:\/\/kultur.nu\/kultur-2024-en-tid-av-forandring-och-mangfald\/#primaryimage"},"thumbnailUrl":"https:\/\/kultur.nu\/wp-content\/uploads\/2024\/01\/kultur-2024.webp","articleSection":["Aktuellt"],"inLanguage":"en-US","potentialAction":[{"@type":"CommentAction","name":"Comment","target":["https:\/\/kultur.nu\/kultur-2024-en-tid-av-forandring-och-mangfald\/#respond"]}]},{"@type":"WebPage","@id":"https:\/\/kultur.nu\/kultur-2024-en-tid-av-forandring-och-mangfald\/","url":"https:\/\/kultur.nu\/kultur-2024-en-tid-av-forandring-och-mangfald\/","name":"Kultur 2024: En tid av f\u00f6r\u00e4ndring och m\u00e5ngfald - Kultur i Sverige","isPartOf":{"@id":"https:\/\/kultur.nu\/#website"},"primaryImageOfPage":{"@id":"https:\/\/kultur.nu\/kultur-2024-en-tid-av-forandring-och-mangfald\/#primaryimage"},"image":{"@id":"https:\/\/kultur.nu\/kultur-2024-en-tid-av-forandring-och-mangfald\/#primaryimage"},"thumbnailUrl":"https:\/\/kultur.nu\/wp-content\/uploads\/2024\/01\/kultur-2024.webp","datePublished":"2024-01-04T20:00:31+00:00","dateModified":"2024-08-15T11:54:58+00:00","breadcrumb":{"@id":"https:\/\/kultur.nu\/kultur-2024-en-tid-av-forandring-och-mangfald\/#breadcrumb"},"inLanguage":"en-US","potentialAction":[{"@type":"ReadAction","target":["https:\/\/kultur.nu\/kultur-2024-en-tid-av-forandring-och-mangfald\/"]}]},{"@type":"ImageObject","inLanguage":"en-US","@id":"https:\/\/kultur.nu\/kultur-2024-en-tid-av-forandring-och-mangfald\/#primaryimage","url":"https:\/\/kultur.nu\/wp-content\/uploads\/2024\/01\/kultur-2024.webp","contentUrl":"https:\/\/kultur.nu\/wp-content\/uploads\/2024\/01\/kultur-2024.webp","width":1350,"height":800,"caption":"kultur-2024"},{"@type":"BreadcrumbList","@id":"https:\/\/kultur.nu\/kultur-2024-en-tid-av-forandring-och-mangfald\/#breadcrumb","itemListElement":[{"@type":"ListItem","position":1,"name":"Hem","item":"https:\/\/kultur.nu\/"},{"@type":"ListItem","position":2,"name":"Kultur 2024: En tid av f\u00f6r\u00e4ndring och m\u00e5ngfald"}]},{"@type":"WebSite","@id":"https:\/\/kultur.nu\/#website","url":"https:\/\/kultur.nu\/","name":"Kultur i Sverige","description":"","publisher":{"@id":"https:\/\/kultur.nu\/#organization"},"potentialAction":[{"@type":"SearchAction","target":{"@type":"EntryPoint","urlTemplate":"https:\/\/kultur.nu\/?s={search_term_string}"},"query-input":{"@type":"PropertyValueSpecification","valueRequired":true,"valueName":"search_term_string"}}],"inLanguage":"en-US"},{"@type":"Organization","@id":"https:\/\/kultur.nu\/#organization","name":"Kultur i Sverige","url":"https:\/\/kultur.nu\/","logo":{"@type":"ImageObject","inLanguage":"en-US","@id":"https:\/\/kultur.nu\/#\/schema\/logo\/image\/","url":"https:\/\/kultur.nu\/wp-content\/uploads\/2025\/10\/cropped-Kultur.nu-logo.webp","contentUrl":"https:\/\/kultur.nu\/wp-content\/uploads\/2025\/10\/cropped-Kultur.nu-logo.webp","width":510,"height":95,"caption":"Kultur i Sverige"},"image":{"@id":"https:\/\/kultur.nu\/#\/schema\/logo\/image\/"}},{"@type":"Person","@id":"https:\/\/kultur.nu\/#\/schema\/person\/cbafe9491d5ea09a25eace8883923b2c","name":"Annica","image":{"@type":"ImageObject","inLanguage":"en-US","@id":"https:\/\/secure.gravatar.com\/avatar\/d78c2d842df13ded689c841d90a91fd72f6cc9e7250f7066a537c14f82302546?s=96&d=mm&r=g","url":"https:\/\/secure.gravatar.com\/avatar\/d78c2d842df13ded689c841d90a91fd72f6cc9e7250f7066a537c14f82302546?s=96&d=mm&r=g","contentUrl":"https:\/\/secure.gravatar.com\/avatar\/d78c2d842df13ded689c841d90a91fd72f6cc9e7250f7066a537c14f82302546?s=96&d=mm&r=g","caption":"Annica"},"description":"Annika Axelsson \u00e4r kulturskribent p\u00e5 Kultur.nu, d\u00e4r hon skriver om litteratur, film, teater, konst och samtida kulturdebatt. Hon har ett s\u00e4rskilt intresse f\u00f6r hur kultur speglar samh\u00e4llsf\u00f6r\u00e4ndringar, identitet och vardagslivet. Annika har studerat litteraturvetenskap och kulturjournalistik vid Stockholms universitet. Hon har \u00e4ven l\u00e4st konstvetenskap och medievetenskap, vilket ger henne en bred grund n\u00e4r hon analyserar b\u00e5de klassiska verk och moderna kulturuttryck. P\u00e5 Kultur.nu skriver Annika fr\u00e4mst recensioner, f\u00f6rdjupande artiklar och personliga kr\u00f6nikor. Hon bevakar nya b\u00f6cker, uppm\u00e4rksammade teaterf\u00f6rest\u00e4llningar, filmfestivaler, utst\u00e4llningar och aktuella kulturh\u00e4ndelser. Hennes texter k\u00e4nnetecknas av ett nyfiket, kunnigt och tillg\u00e4ngligt spr\u00e5k, d\u00e4r hon vill g\u00f6ra kultur l\u00e4ttare att f\u00f6rst\u00e5 utan att f\u00f6renkla den. Hon har tidigare arbetat med redaktionellt inneh\u00e5ll, intervjuer och kulturbevakning f\u00f6r b\u00e5de digitala magasin och lokala publikationer. I sitt skrivande \u00e5terkommer hon ofta till fr\u00e5gor om ber\u00e4ttande, kreativitet, klass, k\u00f6nsroller och kulturens plats i det moderna samh\u00e4llet.","sameAs":["https:\/\/kultur.nu"],"url":"https:\/\/kultur.nu\/en\/author\/annica\/"}]}},"_links":{"self":[{"href":"https:\/\/kultur.nu\/en\/wp-json\/wp\/v2\/posts\/116","targetHints":{"allow":["GET"]}}],"collection":[{"href":"https:\/\/kultur.nu\/en\/wp-json\/wp\/v2\/posts"}],"about":[{"href":"https:\/\/kultur.nu\/en\/wp-json\/wp\/v2\/types\/post"}],"author":[{"embeddable":true,"href":"https:\/\/kultur.nu\/en\/wp-json\/wp\/v2\/users\/1"}],"replies":[{"embeddable":true,"href":"https:\/\/kultur.nu\/en\/wp-json\/wp\/v2\/comments?post=116"}],"version-history":[{"count":1,"href":"https:\/\/kultur.nu\/en\/wp-json\/wp\/v2\/posts\/116\/revisions"}],"predecessor-version":[{"id":117,"href":"https:\/\/kultur.nu\/en\/wp-json\/wp\/v2\/posts\/116\/revisions\/117"}],"wp:featuredmedia":[{"embeddable":true,"href":"https:\/\/kultur.nu\/en\/wp-json\/wp\/v2\/media\/319"}],"wp:attachment":[{"href":"https:\/\/kultur.nu\/en\/wp-json\/wp\/v2\/media?parent=116"}],"wp:term":[{"taxonomy":"category","embeddable":true,"href":"https:\/\/kultur.nu\/en\/wp-json\/wp\/v2\/categories?post=116"},{"taxonomy":"post_tag","embeddable":true,"href":"https:\/\/kultur.nu\/en\/wp-json\/wp\/v2\/tags?post=116"}],"curies":[{"name":"wp","href":"https:\/\/api.w.org\/{rel}","templated":true}]}}