{"id":393,"date":"2024-08-27T10:49:42","date_gmt":"2024-08-27T08:49:42","guid":{"rendered":"https:\/\/kultur.nu\/?p=393"},"modified":"2024-08-27T18:24:29","modified_gmt":"2024-08-27T16:24:29","slug":"natur-och-kultur","status":"publish","type":"post","link":"https:\/\/kultur.nu\/en\/natur-och-kultur\/","title":{"rendered":"Natur och Kultur"},"content":{"rendered":"<blockquote><p>Natur &amp; <a href=\"https:\/\/kultur.nu\/en\/\">Kultur<\/a>: En stiftelse som st\u00e4rker samh\u00e4llet genom bildning och kultur<\/p><\/blockquote>\n<p>Natur &amp; Kultur \u00e4r en oberoende stiftelse med en djupg\u00e5ende vision om att fr\u00e4mja bildning, kultur och humanistiska v\u00e4rderingar. Sedan grundandet 1947 har stiftelsen haft en stark inriktning mot att st\u00f6dja och utveckla demokratiska processer och ide\u00e9r.<\/p>\n<p>Med r\u00f6tter i tidiga folkr\u00f6relser och med en historia som str\u00e4cker sig tillbaka till andra v\u00e4rldskrigets dagar, har Natur &amp; Kultur ett tydligt m\u00e5l: att bek\u00e4mpa totalit\u00e4ra str\u00f6mningar och fr\u00e4mja demokratins ideal.<\/p>\n<p>Natur &amp; Kultur st\u00e5r som en bastion f\u00f6r bildning och kultur i Sverige. Genom sin omfattande utgivning och sitt st\u00f6d till olika kulturella och utbildningsm\u00e4ssiga initiativ, spelar stiftelsen en central roll i att forma ett mer upplyst och inkluderande samh\u00e4lle. Varje bok, varje stipendium och varje pris som delas ut \u00e4r ett steg mot ett starkare, mer demokratiskt samh\u00e4lle.<\/p>\n<p>I en tid d\u00e4r information \u00e4r makt, forts\u00e4tter Natur &amp; Kultur att ge ordet till fler, st\u00e4rka demokratiska ideal och fr\u00e4mja en m\u00e5ngfald av r\u00f6ster. Med en stark stiftelseurkund som v\u00e4gledning och ett engagemang f\u00f6r att g\u00f6ra verklig skillnad, \u00e4r Natur &amp; Kultur mer \u00e4n bara ett f\u00f6rlag \u2013 det \u00e4r en vital del av det svenska kulturlandskapet.<\/p>\n<h2>Natur och Kultur f\u00f6rlag med ett st\u00f6rre syfte<\/h2>\n<p>Natur &amp; Kultur \u00e4r kanske mest k\u00e4nd f\u00f6r sitt f\u00f6rlag som ger ut ett brett spektrum av <a href=\"https:\/\/kultur.nu\/en\/litteratur_och_sprak\/\">litteratur<\/a>. Denna inkluderar allt fr\u00e5n barn- och ungdomsb\u00f6cker till akademiska texter och l\u00e4romedel. F\u00f6rlaget \u00e4r indelat i tv\u00e5 huvuddelar:<\/p>\n<ul>\n<li><strong>Natur &amp; Kultur Allm\u00e4nlitteratur<\/strong> fokuserar p\u00e5 kvalitetsb\u00f6cker f\u00f6r en bred publik, inklusive sk\u00f6nlitteratur och illustrerade faktab\u00f6cker.<\/li>\n<li><strong>Natur &amp; Kultur L\u00e4romedel och Akademi<\/strong> riktar sig till utbildningssektorn med material f\u00f6r f\u00f6rskola, skola och vuxenutbildning, samt akademisk litteratur inom omr\u00e5den som pedagogik och psykologi.<\/li>\n<\/ul>\n<p>F\u00f6rlagets arbete \u00e4r inte bara en aff\u00e4rsverksamhet; det \u00e4r en central del av stiftelsens bredare uppdrag att bidra till samh\u00e4llet. \u00d6verskottet fr\u00e5n f\u00f6rlagsverksamheten anv\u00e4nds f\u00f6r att finansiera stiftelsens m\u00e5nga initiativ.<\/p>\n<h2>Ideellt arbete och st\u00f6d till samh\u00e4llet<\/h2>\n<p>Natur &amp; Kultur delar \u00e5rligen ut priser, <a href=\"https:\/\/kultur.nu\/en\/stipendier_och_fonder\/\">stipendier<\/a> och ekonomiska st\u00f6d som en del av sin ideella verksamhet. Under 2023 distribuerades exempelvis 28 miljoner kronor till olika \u00e4ndam\u00e5l, och ambitionen \u00e4r att \u00f6ka denna summa. Dessa medel g\u00e5r till individer och organisationer som arbetar f\u00f6r att fr\u00e4mja kultur, bildning och m\u00e5ngfald av r\u00f6ster.<\/p>\n<p>Stiftelsens arbete och dess engagemang i samh\u00e4llet \u00e4r djupt f\u00f6rankrat i dess ursprungliga stadgar, som fortfarande leder verksamheten idag. Johan Hansson, stiftelsens grundare, instiftade Natur &amp; Kultur med en tydlig humanistisk drivkraft, och detta \u00e5terspeglas i allt fr\u00e5n bokutgivningen till de st\u00f6dprogram som stiftelsen driver.<\/p>\n<h2>Natur &amp; Kultur har en rik historik av mod och vision<\/h2>\n<p>Under andra v\u00e4rldskriget tog f\u00f6rlaget en stark st\u00e4llning mot nazismen, en st\u00e5ndpunkt som inte bara visade p\u00e5 mod utan \u00e4ven p\u00e5 en ovilja att kompromissa med yttrandefriheten. Denna tradition av att st\u00e5 upp f\u00f6r frihet och r\u00e4ttvisa forts\u00e4tter att vara en ledstj\u00e4rna f\u00f6r stiftelsen.<\/p>","protected":false},"excerpt":{"rendered":"<p>Natur &amp; Kultur: En stiftelse som st\u00e4rker samh\u00e4llet genom bildning och kultur Natur &amp; Kultur&hellip;<\/p>","protected":false},"author":1,"featured_media":494,"comment_status":"open","ping_status":"open","sticky":false,"template":"","format":"standard","meta":{"_yoast_wpseo_focuskw":"","_yoast_wpseo_title":"","_yoast_wpseo_metadesc":"","_yoast_wpseo_meta-robots-noindex":"","_yoast_wpseo_meta-robots-nofollow":"","_yoast_wpseo_canonical":"","_yoast_wpseo_opengraph-title":"","_yoast_wpseo_opengraph-description":"","_yoast_wpseo_twitter-title":"","_yoast_wpseo_twitter-description":"","footnotes":"","rank_math_description":"","rank_math_focus_keyword":"","rank_math_title":"","rank_math_canonical_url":"","rank_math_robots":"","rank_math_facebook_title":"","rank_math_facebook_description":"","rank_math_twitter_title":"","rank_math_twitter_description":""},"categories":[2],"tags":[],"class_list":["post-393","post","type-post","status-publish","format-standard","has-post-thumbnail","hentry","category-aktuellt"],"yoast_head":"<!-- This site is optimized with the Yoast SEO plugin v27.5 - https:\/\/yoast.com\/product\/yoast-seo-wordpress\/ -->\n<title>Natur och Kultur - Kultur i Sverige<\/title>\n<meta name=\"robots\" content=\"index, follow, max-snippet:-1, max-image-preview:large, max-video-preview:-1\" \/>\n<link rel=\"canonical\" href=\"https:\/\/kultur.nu\/en\/natur-och-kultur\/\" \/>\n<meta property=\"og:locale\" content=\"en_US\" \/>\n<meta property=\"og:type\" content=\"article\" \/>\n<meta property=\"og:title\" content=\"Natur och Kultur - Kultur i Sverige\" \/>\n<meta property=\"og:description\" content=\"Natur &amp; Kultur: En stiftelse som st\u00e4rker samh\u00e4llet genom bildning och kultur Natur &amp; Kultur&hellip;\" \/>\n<meta property=\"og:url\" content=\"https:\/\/kultur.nu\/en\/natur-och-kultur\/\" \/>\n<meta property=\"og:site_name\" content=\"Kultur i Sverige\" \/>\n<meta property=\"article:published_time\" content=\"2024-08-27T08:49:42+00:00\" \/>\n<meta property=\"article:modified_time\" content=\"2024-08-27T16:24:29+00:00\" \/>\n<meta property=\"og:image\" content=\"https:\/\/kultur.nu\/wp-content\/uploads\/2024\/08\/natur-och-kultur.webp\" \/>\n\t<meta property=\"og:image:width\" content=\"900\" \/>\n\t<meta property=\"og:image:height\" content=\"600\" \/>\n\t<meta property=\"og:image:type\" content=\"image\/webp\" \/>\n<meta name=\"author\" content=\"Annica\" \/>\n<meta name=\"twitter:card\" content=\"summary_large_image\" \/>\n<meta name=\"twitter:label1\" content=\"Written by\" \/>\n\t<meta name=\"twitter:data1\" content=\"Annica\" \/>\n\t<meta name=\"twitter:label2\" content=\"Est. reading time\" \/>\n\t<meta name=\"twitter:data2\" content=\"3 minutes\" \/>\n<script type=\"application\/ld+json\" class=\"yoast-schema-graph\">{\"@context\":\"https:\\\/\\\/schema.org\",\"@graph\":[{\"@type\":\"Article\",\"@id\":\"https:\\\/\\\/kultur.nu\\\/natur-och-kultur\\\/#article\",\"isPartOf\":{\"@id\":\"https:\\\/\\\/kultur.nu\\\/natur-och-kultur\\\/\"},\"author\":{\"name\":\"Annica\",\"@id\":\"https:\\\/\\\/kultur.nu\\\/#\\\/schema\\\/person\\\/cbafe9491d5ea09a25eace8883923b2c\"},\"headline\":\"Natur och Kultur\",\"datePublished\":\"2024-08-27T08:49:42+00:00\",\"dateModified\":\"2024-08-27T16:24:29+00:00\",\"mainEntityOfPage\":{\"@id\":\"https:\\\/\\\/kultur.nu\\\/natur-och-kultur\\\/\"},\"wordCount\":552,\"commentCount\":0,\"publisher\":{\"@id\":\"https:\\\/\\\/kultur.nu\\\/#organization\"},\"image\":{\"@id\":\"https:\\\/\\\/kultur.nu\\\/natur-och-kultur\\\/#primaryimage\"},\"thumbnailUrl\":\"https:\\\/\\\/kultur.nu\\\/wp-content\\\/uploads\\\/2024\\\/08\\\/natur-och-kultur.webp\",\"articleSection\":[\"Aktuellt\"],\"inLanguage\":\"en-US\",\"potentialAction\":[{\"@type\":\"CommentAction\",\"name\":\"Comment\",\"target\":[\"https:\\\/\\\/kultur.nu\\\/natur-och-kultur\\\/#respond\"]}]},{\"@type\":\"WebPage\",\"@id\":\"https:\\\/\\\/kultur.nu\\\/natur-och-kultur\\\/\",\"url\":\"https:\\\/\\\/kultur.nu\\\/natur-och-kultur\\\/\",\"name\":\"Natur och Kultur - Kultur i Sverige\",\"isPartOf\":{\"@id\":\"https:\\\/\\\/kultur.nu\\\/#website\"},\"primaryImageOfPage\":{\"@id\":\"https:\\\/\\\/kultur.nu\\\/natur-och-kultur\\\/#primaryimage\"},\"image\":{\"@id\":\"https:\\\/\\\/kultur.nu\\\/natur-och-kultur\\\/#primaryimage\"},\"thumbnailUrl\":\"https:\\\/\\\/kultur.nu\\\/wp-content\\\/uploads\\\/2024\\\/08\\\/natur-och-kultur.webp\",\"datePublished\":\"2024-08-27T08:49:42+00:00\",\"dateModified\":\"2024-08-27T16:24:29+00:00\",\"breadcrumb\":{\"@id\":\"https:\\\/\\\/kultur.nu\\\/natur-och-kultur\\\/#breadcrumb\"},\"inLanguage\":\"en-US\",\"potentialAction\":[{\"@type\":\"ReadAction\",\"target\":[\"https:\\\/\\\/kultur.nu\\\/natur-och-kultur\\\/\"]}]},{\"@type\":\"ImageObject\",\"inLanguage\":\"en-US\",\"@id\":\"https:\\\/\\\/kultur.nu\\\/natur-och-kultur\\\/#primaryimage\",\"url\":\"https:\\\/\\\/kultur.nu\\\/wp-content\\\/uploads\\\/2024\\\/08\\\/natur-och-kultur.webp\",\"contentUrl\":\"https:\\\/\\\/kultur.nu\\\/wp-content\\\/uploads\\\/2024\\\/08\\\/natur-och-kultur.webp\",\"width\":900,\"height\":600,\"caption\":\"natur-och-kultur\"},{\"@type\":\"BreadcrumbList\",\"@id\":\"https:\\\/\\\/kultur.nu\\\/natur-och-kultur\\\/#breadcrumb\",\"itemListElement\":[{\"@type\":\"ListItem\",\"position\":1,\"name\":\"Hem\",\"item\":\"https:\\\/\\\/kultur.nu\\\/\"},{\"@type\":\"ListItem\",\"position\":2,\"name\":\"Natur och Kultur\"}]},{\"@type\":\"WebSite\",\"@id\":\"https:\\\/\\\/kultur.nu\\\/#website\",\"url\":\"https:\\\/\\\/kultur.nu\\\/\",\"name\":\"Kultur i Sverige\",\"description\":\"\",\"publisher\":{\"@id\":\"https:\\\/\\\/kultur.nu\\\/#organization\"},\"potentialAction\":[{\"@type\":\"SearchAction\",\"target\":{\"@type\":\"EntryPoint\",\"urlTemplate\":\"https:\\\/\\\/kultur.nu\\\/?s={search_term_string}\"},\"query-input\":{\"@type\":\"PropertyValueSpecification\",\"valueRequired\":true,\"valueName\":\"search_term_string\"}}],\"inLanguage\":\"en-US\"},{\"@type\":\"Organization\",\"@id\":\"https:\\\/\\\/kultur.nu\\\/#organization\",\"name\":\"Kultur i Sverige\",\"url\":\"https:\\\/\\\/kultur.nu\\\/\",\"logo\":{\"@type\":\"ImageObject\",\"inLanguage\":\"en-US\",\"@id\":\"https:\\\/\\\/kultur.nu\\\/#\\\/schema\\\/logo\\\/image\\\/\",\"url\":\"https:\\\/\\\/kultur.nu\\\/wp-content\\\/uploads\\\/2025\\\/10\\\/cropped-Kultur.nu-logo.webp\",\"contentUrl\":\"https:\\\/\\\/kultur.nu\\\/wp-content\\\/uploads\\\/2025\\\/10\\\/cropped-Kultur.nu-logo.webp\",\"width\":510,\"height\":95,\"caption\":\"Kultur i Sverige\"},\"image\":{\"@id\":\"https:\\\/\\\/kultur.nu\\\/#\\\/schema\\\/logo\\\/image\\\/\"}},{\"@type\":\"Person\",\"@id\":\"https:\\\/\\\/kultur.nu\\\/#\\\/schema\\\/person\\\/cbafe9491d5ea09a25eace8883923b2c\",\"name\":\"Annica\",\"image\":{\"@type\":\"ImageObject\",\"inLanguage\":\"en-US\",\"@id\":\"https:\\\/\\\/secure.gravatar.com\\\/avatar\\\/d78c2d842df13ded689c841d90a91fd72f6cc9e7250f7066a537c14f82302546?s=96&d=mm&r=g\",\"url\":\"https:\\\/\\\/secure.gravatar.com\\\/avatar\\\/d78c2d842df13ded689c841d90a91fd72f6cc9e7250f7066a537c14f82302546?s=96&d=mm&r=g\",\"contentUrl\":\"https:\\\/\\\/secure.gravatar.com\\\/avatar\\\/d78c2d842df13ded689c841d90a91fd72f6cc9e7250f7066a537c14f82302546?s=96&d=mm&r=g\",\"caption\":\"Annica\"},\"description\":\"Annika Axelsson \u00e4r kulturskribent p\u00e5 Kultur.nu, d\u00e4r hon skriver om litteratur, film, teater, konst och samtida kulturdebatt. Hon har ett s\u00e4rskilt intresse f\u00f6r hur kultur speglar samh\u00e4llsf\u00f6r\u00e4ndringar, identitet och vardagslivet. Annika har studerat litteraturvetenskap och kulturjournalistik vid Stockholms universitet. Hon har \u00e4ven l\u00e4st konstvetenskap och medievetenskap, vilket ger henne en bred grund n\u00e4r hon analyserar b\u00e5de klassiska verk och moderna kulturuttryck. P\u00e5 Kultur.nu skriver Annika fr\u00e4mst recensioner, f\u00f6rdjupande artiklar och personliga kr\u00f6nikor. Hon bevakar nya b\u00f6cker, uppm\u00e4rksammade teaterf\u00f6rest\u00e4llningar, filmfestivaler, utst\u00e4llningar och aktuella kulturh\u00e4ndelser. Hennes texter k\u00e4nnetecknas av ett nyfiket, kunnigt och tillg\u00e4ngligt spr\u00e5k, d\u00e4r hon vill g\u00f6ra kultur l\u00e4ttare att f\u00f6rst\u00e5 utan att f\u00f6renkla den. Hon har tidigare arbetat med redaktionellt inneh\u00e5ll, intervjuer och kulturbevakning f\u00f6r b\u00e5de digitala magasin och lokala publikationer. I sitt skrivande \u00e5terkommer hon ofta till fr\u00e5gor om ber\u00e4ttande, kreativitet, klass, k\u00f6nsroller och kulturens plats i det moderna samh\u00e4llet.\",\"sameAs\":[\"https:\\\/\\\/kultur.nu\"],\"url\":\"https:\\\/\\\/kultur.nu\\\/en\\\/author\\\/annica\\\/\"}]}<\/script>\n<!-- \/ Yoast SEO plugin. -->","yoast_head_json":{"title":"Natur och Kultur - Kultur i Sverige","robots":{"index":"index","follow":"follow","max-snippet":"max-snippet:-1","max-image-preview":"max-image-preview:large","max-video-preview":"max-video-preview:-1"},"canonical":"https:\/\/kultur.nu\/en\/natur-och-kultur\/","og_locale":"en_US","og_type":"article","og_title":"Natur och Kultur - Kultur i Sverige","og_description":"Natur &amp; Kultur: En stiftelse som st\u00e4rker samh\u00e4llet genom bildning och kultur Natur &amp; Kultur&hellip;","og_url":"https:\/\/kultur.nu\/en\/natur-och-kultur\/","og_site_name":"Kultur i Sverige","article_published_time":"2024-08-27T08:49:42+00:00","article_modified_time":"2024-08-27T16:24:29+00:00","og_image":[{"width":900,"height":600,"url":"https:\/\/kultur.nu\/wp-content\/uploads\/2024\/08\/natur-och-kultur.webp","type":"image\/webp"}],"author":"Annica","twitter_card":"summary_large_image","twitter_misc":{"Written by":"Annica","Est. reading time":"3 minutes"},"schema":{"@context":"https:\/\/schema.org","@graph":[{"@type":"Article","@id":"https:\/\/kultur.nu\/natur-och-kultur\/#article","isPartOf":{"@id":"https:\/\/kultur.nu\/natur-och-kultur\/"},"author":{"name":"Annica","@id":"https:\/\/kultur.nu\/#\/schema\/person\/cbafe9491d5ea09a25eace8883923b2c"},"headline":"Natur och Kultur","datePublished":"2024-08-27T08:49:42+00:00","dateModified":"2024-08-27T16:24:29+00:00","mainEntityOfPage":{"@id":"https:\/\/kultur.nu\/natur-och-kultur\/"},"wordCount":552,"commentCount":0,"publisher":{"@id":"https:\/\/kultur.nu\/#organization"},"image":{"@id":"https:\/\/kultur.nu\/natur-och-kultur\/#primaryimage"},"thumbnailUrl":"https:\/\/kultur.nu\/wp-content\/uploads\/2024\/08\/natur-och-kultur.webp","articleSection":["Aktuellt"],"inLanguage":"en-US","potentialAction":[{"@type":"CommentAction","name":"Comment","target":["https:\/\/kultur.nu\/natur-och-kultur\/#respond"]}]},{"@type":"WebPage","@id":"https:\/\/kultur.nu\/natur-och-kultur\/","url":"https:\/\/kultur.nu\/natur-och-kultur\/","name":"Natur och Kultur - Kultur i Sverige","isPartOf":{"@id":"https:\/\/kultur.nu\/#website"},"primaryImageOfPage":{"@id":"https:\/\/kultur.nu\/natur-och-kultur\/#primaryimage"},"image":{"@id":"https:\/\/kultur.nu\/natur-och-kultur\/#primaryimage"},"thumbnailUrl":"https:\/\/kultur.nu\/wp-content\/uploads\/2024\/08\/natur-och-kultur.webp","datePublished":"2024-08-27T08:49:42+00:00","dateModified":"2024-08-27T16:24:29+00:00","breadcrumb":{"@id":"https:\/\/kultur.nu\/natur-och-kultur\/#breadcrumb"},"inLanguage":"en-US","potentialAction":[{"@type":"ReadAction","target":["https:\/\/kultur.nu\/natur-och-kultur\/"]}]},{"@type":"ImageObject","inLanguage":"en-US","@id":"https:\/\/kultur.nu\/natur-och-kultur\/#primaryimage","url":"https:\/\/kultur.nu\/wp-content\/uploads\/2024\/08\/natur-och-kultur.webp","contentUrl":"https:\/\/kultur.nu\/wp-content\/uploads\/2024\/08\/natur-och-kultur.webp","width":900,"height":600,"caption":"natur-och-kultur"},{"@type":"BreadcrumbList","@id":"https:\/\/kultur.nu\/natur-och-kultur\/#breadcrumb","itemListElement":[{"@type":"ListItem","position":1,"name":"Hem","item":"https:\/\/kultur.nu\/"},{"@type":"ListItem","position":2,"name":"Natur och Kultur"}]},{"@type":"WebSite","@id":"https:\/\/kultur.nu\/#website","url":"https:\/\/kultur.nu\/","name":"Kultur i Sverige","description":"","publisher":{"@id":"https:\/\/kultur.nu\/#organization"},"potentialAction":[{"@type":"SearchAction","target":{"@type":"EntryPoint","urlTemplate":"https:\/\/kultur.nu\/?s={search_term_string}"},"query-input":{"@type":"PropertyValueSpecification","valueRequired":true,"valueName":"search_term_string"}}],"inLanguage":"en-US"},{"@type":"Organization","@id":"https:\/\/kultur.nu\/#organization","name":"Kultur i Sverige","url":"https:\/\/kultur.nu\/","logo":{"@type":"ImageObject","inLanguage":"en-US","@id":"https:\/\/kultur.nu\/#\/schema\/logo\/image\/","url":"https:\/\/kultur.nu\/wp-content\/uploads\/2025\/10\/cropped-Kultur.nu-logo.webp","contentUrl":"https:\/\/kultur.nu\/wp-content\/uploads\/2025\/10\/cropped-Kultur.nu-logo.webp","width":510,"height":95,"caption":"Kultur i Sverige"},"image":{"@id":"https:\/\/kultur.nu\/#\/schema\/logo\/image\/"}},{"@type":"Person","@id":"https:\/\/kultur.nu\/#\/schema\/person\/cbafe9491d5ea09a25eace8883923b2c","name":"Annica","image":{"@type":"ImageObject","inLanguage":"en-US","@id":"https:\/\/secure.gravatar.com\/avatar\/d78c2d842df13ded689c841d90a91fd72f6cc9e7250f7066a537c14f82302546?s=96&d=mm&r=g","url":"https:\/\/secure.gravatar.com\/avatar\/d78c2d842df13ded689c841d90a91fd72f6cc9e7250f7066a537c14f82302546?s=96&d=mm&r=g","contentUrl":"https:\/\/secure.gravatar.com\/avatar\/d78c2d842df13ded689c841d90a91fd72f6cc9e7250f7066a537c14f82302546?s=96&d=mm&r=g","caption":"Annica"},"description":"Annika Axelsson \u00e4r kulturskribent p\u00e5 Kultur.nu, d\u00e4r hon skriver om litteratur, film, teater, konst och samtida kulturdebatt. Hon har ett s\u00e4rskilt intresse f\u00f6r hur kultur speglar samh\u00e4llsf\u00f6r\u00e4ndringar, identitet och vardagslivet. Annika har studerat litteraturvetenskap och kulturjournalistik vid Stockholms universitet. Hon har \u00e4ven l\u00e4st konstvetenskap och medievetenskap, vilket ger henne en bred grund n\u00e4r hon analyserar b\u00e5de klassiska verk och moderna kulturuttryck. P\u00e5 Kultur.nu skriver Annika fr\u00e4mst recensioner, f\u00f6rdjupande artiklar och personliga kr\u00f6nikor. Hon bevakar nya b\u00f6cker, uppm\u00e4rksammade teaterf\u00f6rest\u00e4llningar, filmfestivaler, utst\u00e4llningar och aktuella kulturh\u00e4ndelser. Hennes texter k\u00e4nnetecknas av ett nyfiket, kunnigt och tillg\u00e4ngligt spr\u00e5k, d\u00e4r hon vill g\u00f6ra kultur l\u00e4ttare att f\u00f6rst\u00e5 utan att f\u00f6renkla den. Hon har tidigare arbetat med redaktionellt inneh\u00e5ll, intervjuer och kulturbevakning f\u00f6r b\u00e5de digitala magasin och lokala publikationer. I sitt skrivande \u00e5terkommer hon ofta till fr\u00e5gor om ber\u00e4ttande, kreativitet, klass, k\u00f6nsroller och kulturens plats i det moderna samh\u00e4llet.","sameAs":["https:\/\/kultur.nu"],"url":"https:\/\/kultur.nu\/en\/author\/annica\/"}]}},"_links":{"self":[{"href":"https:\/\/kultur.nu\/en\/wp-json\/wp\/v2\/posts\/393","targetHints":{"allow":["GET"]}}],"collection":[{"href":"https:\/\/kultur.nu\/en\/wp-json\/wp\/v2\/posts"}],"about":[{"href":"https:\/\/kultur.nu\/en\/wp-json\/wp\/v2\/types\/post"}],"author":[{"embeddable":true,"href":"https:\/\/kultur.nu\/en\/wp-json\/wp\/v2\/users\/1"}],"replies":[{"embeddable":true,"href":"https:\/\/kultur.nu\/en\/wp-json\/wp\/v2\/comments?post=393"}],"version-history":[{"count":6,"href":"https:\/\/kultur.nu\/en\/wp-json\/wp\/v2\/posts\/393\/revisions"}],"predecessor-version":[{"id":461,"href":"https:\/\/kultur.nu\/en\/wp-json\/wp\/v2\/posts\/393\/revisions\/461"}],"wp:featuredmedia":[{"embeddable":true,"href":"https:\/\/kultur.nu\/en\/wp-json\/wp\/v2\/media\/494"}],"wp:attachment":[{"href":"https:\/\/kultur.nu\/en\/wp-json\/wp\/v2\/media?parent=393"}],"wp:term":[{"taxonomy":"category","embeddable":true,"href":"https:\/\/kultur.nu\/en\/wp-json\/wp\/v2\/categories?post=393"},{"taxonomy":"post_tag","embeddable":true,"href":"https:\/\/kultur.nu\/en\/wp-json\/wp\/v2\/tags?post=393"}],"curies":[{"name":"wp","href":"https:\/\/api.w.org\/{rel}","templated":true}]}}