{"id":434,"date":"2024-07-21T12:04:35","date_gmt":"2024-07-21T10:04:35","guid":{"rendered":"https:\/\/kultur.nu\/?p=434"},"modified":"2024-08-27T18:02:43","modified_gmt":"2024-08-27T16:02:43","slug":"svt-kultur","status":"publish","type":"post","link":"https:\/\/kultur.nu\/en\/svt-kultur\/","title":{"rendered":"SVT Kultur: En portal till Sveriges kulturliv"},"content":{"rendered":"<p>SVT <a href=\"https:\/\/kultur.nu\/en\/\">Kultur<\/a> \u00e4r en avdelning inom Sveriges Television (SVT) dedikerad till att bevaka, rapportera och presentera en bred m\u00e5ngfald av kulturella uttryck fr\u00e5n hela Sverige. Genom sina program och reportage str\u00e4var SVT Kultur efter att ge publiken en djupare f\u00f6rst\u00e5else och uppskattning f\u00f6r b\u00e5de klassiska och samtida kulturella fenomen.<\/p>\n<h2>SVT:s kulturella mandat<\/h2>\n<p>Som en del av Sveriges public service-utbud har SVT Kultur en unik roll i det svenska samh\u00e4llet. Med uppdraget att utbilda och underh\u00e5lla \u00e4r SVT Kultur avg\u00f6rande f\u00f6r att ge r\u00f6st \u00e5t olika kulturella r\u00f6relser och skapa en plattform f\u00f6r konstn\u00e4rliga uttryck. Avdelningen t\u00e4cker ett brett spektrum av \u00e4mnen, fr\u00e5n <a href=\"https:\/\/kultur.nu\/en\/litteratur_och_sprak\/\">litteratur<\/a> och <a href=\"https:\/\/kultur.nu\/en\/film\/\">film<\/a> till <a href=\"https:\/\/kultur.nu\/en\/musik\/\">musik<\/a>, <a href=\"https:\/\/kultur.nu\/en\/dans\/\">dans<\/a>, och visuell <a href=\"https:\/\/kultur.nu\/en\/konst\/\">konst<\/a>, samt viktiga kulturella debatter och evenemang.<\/p>\n<h2>Programutbud p\u00e5 SVT Kultur<\/h2>\n<p>SVT Kultur st\u00e5r bakom flera popul\u00e4ra och kritikerrosade program som utforskar och firar den svenska och internationella kulturscenen:<\/p>\n<ul>\n<li><strong>&#8221;Kulturnyheterna&#8221;<\/strong> &#8211; Ett dagligt program som levererar de senaste nyheterna inom kultur och media. Programmet belyser viktiga kulturh\u00e4ndelser, nya <a href=\"https:\/\/kultur.nu\/en\/bibliotek\/\">b\u00f6cker<\/a>, filmer, teaterproduktioner och utst\u00e4llningar.<\/li>\n<li><strong>&#8221;Kobra&#8221;<\/strong> &#8211; Ett unders\u00f6kande kulturmagasin som granskar och analyserar trender och fenomen i kulturv\u00e4rlden med en djupare journalistisk ansats.<\/li>\n<li><strong>&#8221;Sverige!&#8221;<\/strong> &#8211; Ett program som fokuserar p\u00e5 svenska kulturella fenomen och personligheter, med en stark regional anknytning f\u00f6r att lyfta fram kulturen \u00f6ver hela landet.<\/li>\n<li><strong>&#8221;Babel&#8221;<\/strong> &#8211; Ett litteraturprogram som diskuterar aktuella b\u00f6cker och m\u00f6ter <a href=\"https:\/\/kultur.nu\/en\/litteratur_och_sprak\/forfattare\/\">f\u00f6rfattare<\/a>, b\u00e5de svenska och internationella.<\/li>\n<\/ul>\n<h2>SVT Kultur programledare<\/h2>\n<p>SVT Kultur \u00e4r v\u00e4rd f\u00f6r n\u00e5gra av Sveriges mest erk\u00e4nda och respekterade programledare och journalister. N\u00e5gra av de framtr\u00e4dande ansiktena inkluderar:<\/p>\n<ul>\n<li><strong>Jessika Gedin<\/strong> &#8211; L\u00e5ngvarig programledare f\u00f6r &#8221;Babel&#8221;, k\u00e4nd f\u00f6r sina insiktsfulla intervjuer och passion f\u00f6r litteratur.<\/li>\n<li><strong>Johan Rip\u00e5s<\/strong> &#8211; En av de ledande programledarna f\u00f6r &#8221;Kulturnyheterna&#8221;, med en bakgrund inom b\u00e5de nyhetsjournalistik och kulturbevakning.<\/li>\n<li><strong>Kristofer Lundstr\u00f6m<\/strong> &#8211; Tidigare programledare f\u00f6r &#8221;Kobra&#8221;, k\u00e4nd f\u00f6r sitt s\u00e4tt att utforska kulturella gr\u00e4nser och koppla samman globala och lokala perspektiv.<\/li>\n<li><strong>Pia Herrera<\/strong> &#8211; Programledare f\u00f6r &#8221;Sverige!&#8221;, som med sitt engagerande tillv\u00e4gag\u00e5ngss\u00e4tt belyser de unika kulturella aspekterna av det svenska samh\u00e4llet fr\u00e5n norr till s\u00f6der.<\/li>\n<\/ul>\n<h2>SVT nyheter kultur<\/h2>\n<p>SVT Nyheter Kultur \u00e4r den del av Sveriges Television som fokuserar p\u00e5 att rapportera om och analysera kulturella h\u00e4ndelser, trender och nyheter. Denna avdelning arbetar kontinuerligt f\u00f6r att ge tittarna uppdaterad och insiktsfull information om den kulturella scenen, b\u00e5de inom Sverige och internationellt. Deras bevakning inkluderar allt fr\u00e5n film och teater till litteratur, konst, musik och mycket mer.<\/p>\n<p>M\u00e5let med SVT Nyheter Kultur \u00e4r att ge en djup och varierad bild av kulturlivet. De str\u00e4var efter att spegla en bred m\u00e5ngfald av kulturella uttryck och att ge r\u00f6st \u00e5t b\u00e5de etablerade <a href=\"https:\/\/kultur.nu\/en\/konst\/konstnarer\/\">konstn\u00e4rer<\/a> och nya talanger. Dessutom \u00e4r de dedikerade till att rapportera om kulturella fr\u00e5gor som ber\u00f6r och engagerar allm\u00e4nheten, och att ge kritiska analyser av b\u00e5de aktuella och tidl\u00f6sa kulturella fr\u00e5gest\u00e4llningar.<\/p>\n<h2>SVT Kultur redaktion<\/h2>\n<p><a href=\"https:\/\/kultur.nu\/en\/redaktionen\/\">Redaktionen<\/a> f\u00f6r SVT Kultur best\u00e5r av en grupp erfarna journalister, kritiker och redakt\u00f6rer som alla delar en passion f\u00f6r kultur i alla dess former. De \u00e4r specialiserade p\u00e5 olika kulturella f\u00e4lt vilket ger en bred kompetens inom avdelningen och m\u00f6jligg\u00f6r en djupg\u00e5ende och m\u00e5ngsidig rapportering.<\/p>\n<h3>N\u00e5gra nyckelfigurer i redaktionen p\u00e5 SVT Kultur<\/h3>\n<ul>\n<li><strong>Kulturchef:<\/strong> Ansvarar f\u00f6r den \u00f6vergripande strategin och inriktningen av kulturbevakningen inom SVT. Denna position innehas av en person med omfattande erfarenhet inom kulturjournalistik och medialedning.<\/li>\n<li><strong>Seniora Reportrar:<\/strong> Erfarna journalister som ofta \u00e4r ansiktena ut\u00e5t f\u00f6r SVT:s kulturbevakning. De genomf\u00f6r intervjuer, producerar reportage och presenterar nyhetsinslag.<\/li>\n<li><strong>Kritiker:<\/strong> Specialister inom specifika kulturella omr\u00e5den som film, teater, litteratur eller konst. Deras roll \u00e4r att ge tittarna kvalificerade analyser och recensioner av verk och evenemang.<\/li>\n<li><strong>Redakt\u00f6rer:<\/strong> De ser till att allt inneh\u00e5ll uppfyller SVT:s standarder f\u00f6r objektivitet, noggrannhet och relevans. Dessa medarbetare arbetar ocks\u00e5 med att planera och koordinera kulturrapporteringen.<\/li>\n<\/ul>\n<h3>Digital n\u00e4rvaro och interaktivitet<\/h3>\n<p>F\u00f6rutom traditionell TV-s\u00e4ndning har SVT Nyheter Kultur en stark n\u00e4rvaro online. P\u00e5 deras webbplats kan tittare hitta artiklar, videoklipp, blogginl\u00e4gg och specialrapporter. Denna digitala plattform till\u00e5ter ocks\u00e5 en h\u00f6gre grad av interaktivitet d\u00e4r tittare kan engagera sig genom kommentarer och sociala <a href=\"https:\/\/kultur.nu\/en\/massmedier\/\">medier<\/a>, vilket f\u00f6rst\u00e4rker den publika dialogen kring kulturella fr\u00e5gor.<\/p>\n<p>SVT Nyheter Kultur forts\u00e4tter att utvecklas f\u00f6r att m\u00f6ta de f\u00f6r\u00e4ndrade mediavanorna hos den svenska befolkningen. Med ett \u00f6kat fokus p\u00e5 digitalt inneh\u00e5ll och interaktiva plattformar str\u00e4var de efter att g\u00f6ra kulturjournalistiken mer tillg\u00e4nglig och engagerande f\u00f6r en bredare publik.<\/p>\n<p>Genom att kombinera traditionell journalistik med modern teknologi och nya s\u00e4tt att ber\u00e4tta, s\u00e4kerst\u00e4ller SVT Nyheter Kultur att de f\u00f6rblir en ledande k\u00e4lla f\u00f6r kulturjournalistik i Sverige.<\/p>\n<h2><img loading=\"lazy\" decoding=\"async\" class=\"aligncenter size-full wp-image-490\" src=\"https:\/\/kultur.nu\/wp-content\/uploads\/2024\/07\/stockholms-stadshus.webp\" alt=\"stockholms-stadshus\" width=\"1350\" height=\"900\" srcset=\"https:\/\/kultur.nu\/wp-content\/uploads\/2024\/07\/stockholms-stadshus.webp 1350w, https:\/\/kultur.nu\/wp-content\/uploads\/2024\/07\/stockholms-stadshus-300x200.webp 300w, https:\/\/kultur.nu\/wp-content\/uploads\/2024\/07\/stockholms-stadshus-1024x683.webp 1024w, https:\/\/kultur.nu\/wp-content\/uploads\/2024\/07\/stockholms-stadshus-768x512.webp 768w\" sizes=\"auto, (max-width: 1350px) 100vw, 1350px\" \/><\/h2>\n<h2>Framtiden f\u00f6r SVT Kultur<\/h2>\n<p>I en tid d\u00e5 kulturell journalistik st\u00e5r inf\u00f6r b\u00e5de ekonomiska och teknologiska f\u00f6r\u00e4ndringar, forts\u00e4tter SVT Kultur att anpassa sig och innovera. Med en v\u00e4xande digital n\u00e4rvaro och nya interaktiva s\u00e4tt att engagera publiken, str\u00e4var SVT Kultur efter att forts\u00e4tta vara en ledande kraft i svensk kulturjournalistik.<\/p>\n<p>Genom att bibeh\u00e5lla en stark n\u00e4rvaro b\u00e5de p\u00e5 <a href=\"https:\/\/kultur.nu\/en\/massmedier\/tv\/\">TV<\/a> och online, s\u00e4kerst\u00e4ller SVT Kultur att konst och kultur f\u00f6rblir tillg\u00e4ngligt och relevant f\u00f6r alla svenskar, oavsett var de bor eller vilka kulturella intressen de har. Med sitt breda och inkluderande uppdrag spelar SVT Kultur en central roll i att bevara och fr\u00e4mja det svenska kulturella arvet.<\/p>","protected":false},"excerpt":{"rendered":"<p>SVT Kultur \u00e4r en avdelning inom Sveriges Television (SVT) dedikerad till att bevaka, rapportera och&hellip;<\/p>","protected":false},"author":1,"featured_media":489,"comment_status":"open","ping_status":"open","sticky":false,"template":"","format":"standard","meta":{"_yoast_wpseo_focuskw":"","_yoast_wpseo_title":"","_yoast_wpseo_metadesc":"","_yoast_wpseo_meta-robots-noindex":"","_yoast_wpseo_meta-robots-nofollow":"","_yoast_wpseo_canonical":"","_yoast_wpseo_opengraph-title":"","_yoast_wpseo_opengraph-description":"","_yoast_wpseo_twitter-title":"","_yoast_wpseo_twitter-description":"","footnotes":"","rank_math_description":"","rank_math_focus_keyword":"","rank_math_title":"","rank_math_canonical_url":"","rank_math_robots":"","rank_math_facebook_title":"","rank_math_facebook_description":"","rank_math_twitter_title":"","rank_math_twitter_description":""},"categories":[2],"tags":[],"class_list":["post-434","post","type-post","status-publish","format-standard","has-post-thumbnail","hentry","category-aktuellt"],"yoast_head":"<!-- This site is optimized with the Yoast SEO plugin v27.5 - https:\/\/yoast.com\/product\/yoast-seo-wordpress\/ -->\n<title>SVT Kultur: En portal till Sveriges kulturliv - Kultur i Sverige<\/title>\n<meta name=\"robots\" content=\"index, follow, max-snippet:-1, max-image-preview:large, max-video-preview:-1\" \/>\n<link rel=\"canonical\" href=\"https:\/\/kultur.nu\/en\/svt-kultur\/\" \/>\n<meta property=\"og:locale\" content=\"en_US\" \/>\n<meta property=\"og:type\" content=\"article\" \/>\n<meta property=\"og:title\" content=\"SVT Kultur: En portal till Sveriges kulturliv - Kultur i Sverige\" \/>\n<meta property=\"og:description\" content=\"SVT Kultur \u00e4r en avdelning inom Sveriges Television (SVT) dedikerad till att bevaka, rapportera och&hellip;\" \/>\n<meta property=\"og:url\" content=\"https:\/\/kultur.nu\/en\/svt-kultur\/\" \/>\n<meta property=\"og:site_name\" content=\"Kultur i Sverige\" \/>\n<meta property=\"article:published_time\" content=\"2024-07-21T10:04:35+00:00\" \/>\n<meta property=\"article:modified_time\" content=\"2024-08-27T16:02:43+00:00\" \/>\n<meta property=\"og:image\" content=\"https:\/\/kultur.nu\/wp-content\/uploads\/2024\/07\/gustavsberg.webp\" \/>\n\t<meta property=\"og:image:width\" content=\"1350\" \/>\n\t<meta property=\"og:image:height\" content=\"900\" \/>\n\t<meta property=\"og:image:type\" content=\"image\/webp\" \/>\n<meta name=\"author\" content=\"Annica\" \/>\n<meta name=\"twitter:card\" content=\"summary_large_image\" \/>\n<meta name=\"twitter:label1\" content=\"Written by\" \/>\n\t<meta name=\"twitter:data1\" content=\"Annica\" \/>\n\t<meta name=\"twitter:label2\" content=\"Est. reading time\" \/>\n\t<meta name=\"twitter:data2\" content=\"5 minutes\" \/>\n<script type=\"application\/ld+json\" class=\"yoast-schema-graph\">{\"@context\":\"https:\\\/\\\/schema.org\",\"@graph\":[{\"@type\":\"Article\",\"@id\":\"https:\\\/\\\/kultur.nu\\\/svt-kultur\\\/#article\",\"isPartOf\":{\"@id\":\"https:\\\/\\\/kultur.nu\\\/svt-kultur\\\/\"},\"author\":{\"name\":\"Annica\",\"@id\":\"https:\\\/\\\/kultur.nu\\\/#\\\/schema\\\/person\\\/cbafe9491d5ea09a25eace8883923b2c\"},\"headline\":\"SVT Kultur: En portal till Sveriges kulturliv\",\"datePublished\":\"2024-07-21T10:04:35+00:00\",\"dateModified\":\"2024-08-27T16:02:43+00:00\",\"mainEntityOfPage\":{\"@id\":\"https:\\\/\\\/kultur.nu\\\/svt-kultur\\\/\"},\"wordCount\":979,\"commentCount\":0,\"publisher\":{\"@id\":\"https:\\\/\\\/kultur.nu\\\/#organization\"},\"image\":{\"@id\":\"https:\\\/\\\/kultur.nu\\\/svt-kultur\\\/#primaryimage\"},\"thumbnailUrl\":\"https:\\\/\\\/kultur.nu\\\/wp-content\\\/uploads\\\/2024\\\/07\\\/gustavsberg.webp\",\"articleSection\":[\"Aktuellt\"],\"inLanguage\":\"en-US\",\"potentialAction\":[{\"@type\":\"CommentAction\",\"name\":\"Comment\",\"target\":[\"https:\\\/\\\/kultur.nu\\\/svt-kultur\\\/#respond\"]}]},{\"@type\":\"WebPage\",\"@id\":\"https:\\\/\\\/kultur.nu\\\/svt-kultur\\\/\",\"url\":\"https:\\\/\\\/kultur.nu\\\/svt-kultur\\\/\",\"name\":\"SVT Kultur: En portal till Sveriges kulturliv - Kultur i Sverige\",\"isPartOf\":{\"@id\":\"https:\\\/\\\/kultur.nu\\\/#website\"},\"primaryImageOfPage\":{\"@id\":\"https:\\\/\\\/kultur.nu\\\/svt-kultur\\\/#primaryimage\"},\"image\":{\"@id\":\"https:\\\/\\\/kultur.nu\\\/svt-kultur\\\/#primaryimage\"},\"thumbnailUrl\":\"https:\\\/\\\/kultur.nu\\\/wp-content\\\/uploads\\\/2024\\\/07\\\/gustavsberg.webp\",\"datePublished\":\"2024-07-21T10:04:35+00:00\",\"dateModified\":\"2024-08-27T16:02:43+00:00\",\"breadcrumb\":{\"@id\":\"https:\\\/\\\/kultur.nu\\\/svt-kultur\\\/#breadcrumb\"},\"inLanguage\":\"en-US\",\"potentialAction\":[{\"@type\":\"ReadAction\",\"target\":[\"https:\\\/\\\/kultur.nu\\\/svt-kultur\\\/\"]}]},{\"@type\":\"ImageObject\",\"inLanguage\":\"en-US\",\"@id\":\"https:\\\/\\\/kultur.nu\\\/svt-kultur\\\/#primaryimage\",\"url\":\"https:\\\/\\\/kultur.nu\\\/wp-content\\\/uploads\\\/2024\\\/07\\\/gustavsberg.webp\",\"contentUrl\":\"https:\\\/\\\/kultur.nu\\\/wp-content\\\/uploads\\\/2024\\\/07\\\/gustavsberg.webp\",\"width\":1350,\"height\":900,\"caption\":\"gustavsberg\"},{\"@type\":\"BreadcrumbList\",\"@id\":\"https:\\\/\\\/kultur.nu\\\/svt-kultur\\\/#breadcrumb\",\"itemListElement\":[{\"@type\":\"ListItem\",\"position\":1,\"name\":\"Hem\",\"item\":\"https:\\\/\\\/kultur.nu\\\/\"},{\"@type\":\"ListItem\",\"position\":2,\"name\":\"SVT Kultur: En portal till Sveriges kulturliv\"}]},{\"@type\":\"WebSite\",\"@id\":\"https:\\\/\\\/kultur.nu\\\/#website\",\"url\":\"https:\\\/\\\/kultur.nu\\\/\",\"name\":\"Kultur i Sverige\",\"description\":\"\",\"publisher\":{\"@id\":\"https:\\\/\\\/kultur.nu\\\/#organization\"},\"potentialAction\":[{\"@type\":\"SearchAction\",\"target\":{\"@type\":\"EntryPoint\",\"urlTemplate\":\"https:\\\/\\\/kultur.nu\\\/?s={search_term_string}\"},\"query-input\":{\"@type\":\"PropertyValueSpecification\",\"valueRequired\":true,\"valueName\":\"search_term_string\"}}],\"inLanguage\":\"en-US\"},{\"@type\":\"Organization\",\"@id\":\"https:\\\/\\\/kultur.nu\\\/#organization\",\"name\":\"Kultur i Sverige\",\"url\":\"https:\\\/\\\/kultur.nu\\\/\",\"logo\":{\"@type\":\"ImageObject\",\"inLanguage\":\"en-US\",\"@id\":\"https:\\\/\\\/kultur.nu\\\/#\\\/schema\\\/logo\\\/image\\\/\",\"url\":\"https:\\\/\\\/kultur.nu\\\/wp-content\\\/uploads\\\/2025\\\/10\\\/cropped-Kultur.nu-logo.webp\",\"contentUrl\":\"https:\\\/\\\/kultur.nu\\\/wp-content\\\/uploads\\\/2025\\\/10\\\/cropped-Kultur.nu-logo.webp\",\"width\":510,\"height\":95,\"caption\":\"Kultur i Sverige\"},\"image\":{\"@id\":\"https:\\\/\\\/kultur.nu\\\/#\\\/schema\\\/logo\\\/image\\\/\"}},{\"@type\":\"Person\",\"@id\":\"https:\\\/\\\/kultur.nu\\\/#\\\/schema\\\/person\\\/cbafe9491d5ea09a25eace8883923b2c\",\"name\":\"Annica\",\"image\":{\"@type\":\"ImageObject\",\"inLanguage\":\"en-US\",\"@id\":\"https:\\\/\\\/secure.gravatar.com\\\/avatar\\\/d78c2d842df13ded689c841d90a91fd72f6cc9e7250f7066a537c14f82302546?s=96&d=mm&r=g\",\"url\":\"https:\\\/\\\/secure.gravatar.com\\\/avatar\\\/d78c2d842df13ded689c841d90a91fd72f6cc9e7250f7066a537c14f82302546?s=96&d=mm&r=g\",\"contentUrl\":\"https:\\\/\\\/secure.gravatar.com\\\/avatar\\\/d78c2d842df13ded689c841d90a91fd72f6cc9e7250f7066a537c14f82302546?s=96&d=mm&r=g\",\"caption\":\"Annica\"},\"description\":\"Annika Axelsson \u00e4r kulturskribent p\u00e5 Kultur.nu, d\u00e4r hon skriver om litteratur, film, teater, konst och samtida kulturdebatt. Hon har ett s\u00e4rskilt intresse f\u00f6r hur kultur speglar samh\u00e4llsf\u00f6r\u00e4ndringar, identitet och vardagslivet. Annika har studerat litteraturvetenskap och kulturjournalistik vid Stockholms universitet. Hon har \u00e4ven l\u00e4st konstvetenskap och medievetenskap, vilket ger henne en bred grund n\u00e4r hon analyserar b\u00e5de klassiska verk och moderna kulturuttryck. P\u00e5 Kultur.nu skriver Annika fr\u00e4mst recensioner, f\u00f6rdjupande artiklar och personliga kr\u00f6nikor. Hon bevakar nya b\u00f6cker, uppm\u00e4rksammade teaterf\u00f6rest\u00e4llningar, filmfestivaler, utst\u00e4llningar och aktuella kulturh\u00e4ndelser. Hennes texter k\u00e4nnetecknas av ett nyfiket, kunnigt och tillg\u00e4ngligt spr\u00e5k, d\u00e4r hon vill g\u00f6ra kultur l\u00e4ttare att f\u00f6rst\u00e5 utan att f\u00f6renkla den. Hon har tidigare arbetat med redaktionellt inneh\u00e5ll, intervjuer och kulturbevakning f\u00f6r b\u00e5de digitala magasin och lokala publikationer. I sitt skrivande \u00e5terkommer hon ofta till fr\u00e5gor om ber\u00e4ttande, kreativitet, klass, k\u00f6nsroller och kulturens plats i det moderna samh\u00e4llet.\",\"sameAs\":[\"https:\\\/\\\/kultur.nu\"],\"url\":\"https:\\\/\\\/kultur.nu\\\/en\\\/author\\\/annica\\\/\"}]}<\/script>\n<!-- \/ Yoast SEO plugin. -->","yoast_head_json":{"title":"SVT Kultur: En portal till Sveriges kulturliv - Kultur i Sverige","robots":{"index":"index","follow":"follow","max-snippet":"max-snippet:-1","max-image-preview":"max-image-preview:large","max-video-preview":"max-video-preview:-1"},"canonical":"https:\/\/kultur.nu\/en\/svt-kultur\/","og_locale":"en_US","og_type":"article","og_title":"SVT Kultur: En portal till Sveriges kulturliv - Kultur i Sverige","og_description":"SVT Kultur \u00e4r en avdelning inom Sveriges Television (SVT) dedikerad till att bevaka, rapportera och&hellip;","og_url":"https:\/\/kultur.nu\/en\/svt-kultur\/","og_site_name":"Kultur i Sverige","article_published_time":"2024-07-21T10:04:35+00:00","article_modified_time":"2024-08-27T16:02:43+00:00","og_image":[{"width":1350,"height":900,"url":"https:\/\/kultur.nu\/wp-content\/uploads\/2024\/07\/gustavsberg.webp","type":"image\/webp"}],"author":"Annica","twitter_card":"summary_large_image","twitter_misc":{"Written by":"Annica","Est. reading time":"5 minutes"},"schema":{"@context":"https:\/\/schema.org","@graph":[{"@type":"Article","@id":"https:\/\/kultur.nu\/svt-kultur\/#article","isPartOf":{"@id":"https:\/\/kultur.nu\/svt-kultur\/"},"author":{"name":"Annica","@id":"https:\/\/kultur.nu\/#\/schema\/person\/cbafe9491d5ea09a25eace8883923b2c"},"headline":"SVT Kultur: En portal till Sveriges kulturliv","datePublished":"2024-07-21T10:04:35+00:00","dateModified":"2024-08-27T16:02:43+00:00","mainEntityOfPage":{"@id":"https:\/\/kultur.nu\/svt-kultur\/"},"wordCount":979,"commentCount":0,"publisher":{"@id":"https:\/\/kultur.nu\/#organization"},"image":{"@id":"https:\/\/kultur.nu\/svt-kultur\/#primaryimage"},"thumbnailUrl":"https:\/\/kultur.nu\/wp-content\/uploads\/2024\/07\/gustavsberg.webp","articleSection":["Aktuellt"],"inLanguage":"en-US","potentialAction":[{"@type":"CommentAction","name":"Comment","target":["https:\/\/kultur.nu\/svt-kultur\/#respond"]}]},{"@type":"WebPage","@id":"https:\/\/kultur.nu\/svt-kultur\/","url":"https:\/\/kultur.nu\/svt-kultur\/","name":"SVT Kultur: En portal till Sveriges kulturliv - Kultur i Sverige","isPartOf":{"@id":"https:\/\/kultur.nu\/#website"},"primaryImageOfPage":{"@id":"https:\/\/kultur.nu\/svt-kultur\/#primaryimage"},"image":{"@id":"https:\/\/kultur.nu\/svt-kultur\/#primaryimage"},"thumbnailUrl":"https:\/\/kultur.nu\/wp-content\/uploads\/2024\/07\/gustavsberg.webp","datePublished":"2024-07-21T10:04:35+00:00","dateModified":"2024-08-27T16:02:43+00:00","breadcrumb":{"@id":"https:\/\/kultur.nu\/svt-kultur\/#breadcrumb"},"inLanguage":"en-US","potentialAction":[{"@type":"ReadAction","target":["https:\/\/kultur.nu\/svt-kultur\/"]}]},{"@type":"ImageObject","inLanguage":"en-US","@id":"https:\/\/kultur.nu\/svt-kultur\/#primaryimage","url":"https:\/\/kultur.nu\/wp-content\/uploads\/2024\/07\/gustavsberg.webp","contentUrl":"https:\/\/kultur.nu\/wp-content\/uploads\/2024\/07\/gustavsberg.webp","width":1350,"height":900,"caption":"gustavsberg"},{"@type":"BreadcrumbList","@id":"https:\/\/kultur.nu\/svt-kultur\/#breadcrumb","itemListElement":[{"@type":"ListItem","position":1,"name":"Hem","item":"https:\/\/kultur.nu\/"},{"@type":"ListItem","position":2,"name":"SVT Kultur: En portal till Sveriges kulturliv"}]},{"@type":"WebSite","@id":"https:\/\/kultur.nu\/#website","url":"https:\/\/kultur.nu\/","name":"Kultur i Sverige","description":"","publisher":{"@id":"https:\/\/kultur.nu\/#organization"},"potentialAction":[{"@type":"SearchAction","target":{"@type":"EntryPoint","urlTemplate":"https:\/\/kultur.nu\/?s={search_term_string}"},"query-input":{"@type":"PropertyValueSpecification","valueRequired":true,"valueName":"search_term_string"}}],"inLanguage":"en-US"},{"@type":"Organization","@id":"https:\/\/kultur.nu\/#organization","name":"Kultur i Sverige","url":"https:\/\/kultur.nu\/","logo":{"@type":"ImageObject","inLanguage":"en-US","@id":"https:\/\/kultur.nu\/#\/schema\/logo\/image\/","url":"https:\/\/kultur.nu\/wp-content\/uploads\/2025\/10\/cropped-Kultur.nu-logo.webp","contentUrl":"https:\/\/kultur.nu\/wp-content\/uploads\/2025\/10\/cropped-Kultur.nu-logo.webp","width":510,"height":95,"caption":"Kultur i Sverige"},"image":{"@id":"https:\/\/kultur.nu\/#\/schema\/logo\/image\/"}},{"@type":"Person","@id":"https:\/\/kultur.nu\/#\/schema\/person\/cbafe9491d5ea09a25eace8883923b2c","name":"Annica","image":{"@type":"ImageObject","inLanguage":"en-US","@id":"https:\/\/secure.gravatar.com\/avatar\/d78c2d842df13ded689c841d90a91fd72f6cc9e7250f7066a537c14f82302546?s=96&d=mm&r=g","url":"https:\/\/secure.gravatar.com\/avatar\/d78c2d842df13ded689c841d90a91fd72f6cc9e7250f7066a537c14f82302546?s=96&d=mm&r=g","contentUrl":"https:\/\/secure.gravatar.com\/avatar\/d78c2d842df13ded689c841d90a91fd72f6cc9e7250f7066a537c14f82302546?s=96&d=mm&r=g","caption":"Annica"},"description":"Annika Axelsson \u00e4r kulturskribent p\u00e5 Kultur.nu, d\u00e4r hon skriver om litteratur, film, teater, konst och samtida kulturdebatt. Hon har ett s\u00e4rskilt intresse f\u00f6r hur kultur speglar samh\u00e4llsf\u00f6r\u00e4ndringar, identitet och vardagslivet. Annika har studerat litteraturvetenskap och kulturjournalistik vid Stockholms universitet. Hon har \u00e4ven l\u00e4st konstvetenskap och medievetenskap, vilket ger henne en bred grund n\u00e4r hon analyserar b\u00e5de klassiska verk och moderna kulturuttryck. P\u00e5 Kultur.nu skriver Annika fr\u00e4mst recensioner, f\u00f6rdjupande artiklar och personliga kr\u00f6nikor. Hon bevakar nya b\u00f6cker, uppm\u00e4rksammade teaterf\u00f6rest\u00e4llningar, filmfestivaler, utst\u00e4llningar och aktuella kulturh\u00e4ndelser. Hennes texter k\u00e4nnetecknas av ett nyfiket, kunnigt och tillg\u00e4ngligt spr\u00e5k, d\u00e4r hon vill g\u00f6ra kultur l\u00e4ttare att f\u00f6rst\u00e5 utan att f\u00f6renkla den. Hon har tidigare arbetat med redaktionellt inneh\u00e5ll, intervjuer och kulturbevakning f\u00f6r b\u00e5de digitala magasin och lokala publikationer. I sitt skrivande \u00e5terkommer hon ofta till fr\u00e5gor om ber\u00e4ttande, kreativitet, klass, k\u00f6nsroller och kulturens plats i det moderna samh\u00e4llet.","sameAs":["https:\/\/kultur.nu"],"url":"https:\/\/kultur.nu\/en\/author\/annica\/"}]}},"_links":{"self":[{"href":"https:\/\/kultur.nu\/en\/wp-json\/wp\/v2\/posts\/434","targetHints":{"allow":["GET"]}}],"collection":[{"href":"https:\/\/kultur.nu\/en\/wp-json\/wp\/v2\/posts"}],"about":[{"href":"https:\/\/kultur.nu\/en\/wp-json\/wp\/v2\/types\/post"}],"author":[{"embeddable":true,"href":"https:\/\/kultur.nu\/en\/wp-json\/wp\/v2\/users\/1"}],"replies":[{"embeddable":true,"href":"https:\/\/kultur.nu\/en\/wp-json\/wp\/v2\/comments?post=434"}],"version-history":[{"count":5,"href":"https:\/\/kultur.nu\/en\/wp-json\/wp\/v2\/posts\/434\/revisions"}],"predecessor-version":[{"id":491,"href":"https:\/\/kultur.nu\/en\/wp-json\/wp\/v2\/posts\/434\/revisions\/491"}],"wp:featuredmedia":[{"embeddable":true,"href":"https:\/\/kultur.nu\/en\/wp-json\/wp\/v2\/media\/489"}],"wp:attachment":[{"href":"https:\/\/kultur.nu\/en\/wp-json\/wp\/v2\/media?parent=434"}],"wp:term":[{"taxonomy":"category","embeddable":true,"href":"https:\/\/kultur.nu\/en\/wp-json\/wp\/v2\/categories?post=434"},{"taxonomy":"post_tag","embeddable":true,"href":"https:\/\/kultur.nu\/en\/wp-json\/wp\/v2\/tags?post=434"}],"curies":[{"name":"wp","href":"https:\/\/api.w.org\/{rel}","templated":true}]}}