{"id":442,"date":"2024-04-11T13:45:03","date_gmt":"2024-04-11T11:45:03","guid":{"rendered":"https:\/\/kultur.nu\/?p=442"},"modified":"2024-08-27T17:32:02","modified_gmt":"2024-08-27T15:32:02","slug":"svenska-dagstidningars-kulturredaktioner-en-jamforelse","status":"publish","type":"post","link":"https:\/\/kultur.nu\/en\/svenska-dagstidningars-kulturredaktioner-en-jamforelse\/","title":{"rendered":"Svenska dagstidningars kulturredaktioner: En j\u00e4mf\u00f6relse"},"content":{"rendered":"<p>I Sverige st\u00e5r kulturredaktionerna hos de stora dagstidningarna inte bara f\u00f6r nyhetsbevakning utan ocks\u00e5 f\u00f6r formande av kulturella diskurser. Tre av de mest framtr\u00e4dande \u00e4r <strong>Expressen <a href=\"https:\/\/kultur.nu\/en\/\">Kultur<\/a><\/strong>, <strong>Aftonbladet Kultur<\/strong> och <strong>SvD Kultur (Svenska Dagbladet)<\/strong>. Dessa plattformar skiljer sig \u00e5t i stil, inriktning och presentation, vilket ger en rik m\u00e5ngfald i kulturell journalistik.<\/p>\n<h2>Expressen Kultur<\/h2>\n<p><strong>Expressen Kultur<\/strong> \u00e4r k\u00e4nd f\u00f6r sin livliga och ibland provocerande stil. <a href=\"https:\/\/kultur.nu\/en\/redaktionen\/\">Redaktionen<\/a> fokuserar p\u00e5 att t\u00e4cka ett brett spektrum av kulturella \u00e4mnen, fr\u00e5n <a href=\"https:\/\/kultur.nu\/en\/litteratur_och_sprak\/\">litteratur<\/a> och <a href=\"https:\/\/kultur.nu\/en\/film\/\">film<\/a> till teater och <a href=\"https:\/\/kultur.nu\/en\/konst\/\">konst<\/a>. Expressen tenderar att framh\u00e4va debatter och \u00e4r inte r\u00e4dd f\u00f6r att ta st\u00e4llning, vilket ofta resulterar i livliga diskussioner b\u00e5de i tryck och p\u00e5 sociala <a href=\"https:\/\/kultur.nu\/en\/massmedier\/\">medier<\/a>.<\/p>\n<p><strong>Vad som lyfts fram:<\/strong><\/p>\n<ul>\n<li><strong>Profilintervjuer:<\/strong> Djupg\u00e5ende samtal med kulturpersonligheter.<\/li>\n<li><strong>Debattklimat:<\/strong> Stark n\u00e4rvaro i kulturella och politiska debatter.<\/li>\n<li><strong>Snabba recensioner:<\/strong> Tidiga och raka recensioner av nya verk inom film, <a href=\"https:\/\/kultur.nu\/en\/musik\/\">musik<\/a> och litteratur.<\/li>\n<\/ul>\n<h2>Aftonbladet Kultur<\/h2>\n<p><strong>Aftonbladet Kultur<\/strong> \u00e4r v\u00e4l anpassad f\u00f6r den digitala eran med en stark online-n\u00e4rvaro. De t\u00e4cker traditionella kultur\u00e4mnen men har ocks\u00e5 en markant n\u00e4rvaro av popkultur och mediekritik. Aftonbladet \u00e4r framst\u00e5ende i att integrera multimedia-element i sin rapportering, vilket g\u00f6r deras inneh\u00e5ll tillg\u00e4ngligt och engagerande f\u00f6r en yngre publik.<\/p>\n<p><strong>Vad som lyfts fram:<\/strong><\/p>\n<ul>\n<li><strong><a href=\"https:\/\/kultur.nu\/en\/popularkultur\/\">Popul\u00e4rkultur<\/a>:<\/strong> Stark fokus p\u00e5 popkultur och dess p\u00e5verkan p\u00e5 samh\u00e4llet.<\/li>\n<li><strong>Interaktivt inneh\u00e5ll:<\/strong> Anv\u00e4ndning av video och andra interaktiva format f\u00f6r att engagera l\u00e4sare.<\/li>\n<li><strong>Kulturell m\u00e5ngfald:<\/strong> Bevakning av hur olika kulturer representeras och interagerar i Sverige.<\/li>\n<\/ul>\n<h2>SvD Kultur (Svenska Dagbladet)<\/h2>\n<p><strong>SvD Kultur<\/strong> uppr\u00e4tth\u00e5ller en mer traditionell och ibland akademisk ton. Deras rapportering \u00e4r djupg\u00e5ende med en tydlig betoning p\u00e5 konst, litteratur och <a href=\"https:\/\/kultur.nu\/en\/musik\/klassisk_musik\/\">klassisk musik<\/a>. SvD \u00e4r k\u00e4nd f\u00f6r sina noggranna analyser och betonar kvalitet och eftertanke i sina kulturartiklar, vilket lockar en l\u00e4sekrets som v\u00e4rdes\u00e4tter djup och noggrannhet.<\/p>\n<p><strong>Vad som lyfts fram:<\/strong><\/p>\n<ul>\n<li><strong>Grundliga analyser:<\/strong> Detaljerade granskningar och l\u00e5nga format artiklar.<\/li>\n<li><strong>Kulturhistoria:<\/strong> Starkt fokus p\u00e5 kulturell historia och dess kontinuitet.<\/li>\n<li><strong>H\u00f6gt tonl\u00e4ge:<\/strong> En sofistikerad approach till kulturell diskussion som ofta inkluderar kolumnister och experter.<\/li>\n<\/ul>\n<h2><img loading=\"lazy\" decoding=\"async\" class=\"aligncenter size-full wp-image-466\" src=\"https:\/\/kultur.nu\/wp-content\/uploads\/2024\/04\/journalister.webp\" alt=\"journalister\" width=\"1350\" height=\"900\" srcset=\"https:\/\/kultur.nu\/wp-content\/uploads\/2024\/04\/journalister.webp 1350w, https:\/\/kultur.nu\/wp-content\/uploads\/2024\/04\/journalister-300x200.webp 300w, https:\/\/kultur.nu\/wp-content\/uploads\/2024\/04\/journalister-1024x683.webp 1024w, https:\/\/kultur.nu\/wp-content\/uploads\/2024\/04\/journalister-768x512.webp 768w\" sizes=\"auto, (max-width: 1350px) 100vw, 1350px\" \/><\/h2>\n<h2>Slutsats av v\u00e5r j\u00e4mf\u00f6relse<\/h2>\n<p>De tre kulturredaktionerna hos Expressen, Aftonbladet och Svenska Dagbladet erbjuder varierande perspektiv och stilar som speglar den dynamiska naturen av svensk kulturell journalistik. Medan Expressen kanske lockar de som f\u00f6redrar en mer direkt och engagerande stil, kanske Aftonbladets moderna och inkluderande approach attraherar yngre l\u00e4sare. SvD:s traditionella och grundliga rapportering forts\u00e4tter att vara en bastion f\u00f6r de som s\u00f6ker djup och noggrannhet i kulturell analys. Varje redaktion har sin egen styrka och specialitet, vilket bidrar till en rik och m\u00e5ngsidig kulturell dialog i Sverige.<\/p>","protected":false},"excerpt":{"rendered":"<p>I Sverige st\u00e5r kulturredaktionerna hos de stora dagstidningarna inte bara f\u00f6r nyhetsbevakning utan ocks\u00e5 f\u00f6r&hellip;<\/p>","protected":false},"author":1,"featured_media":480,"comment_status":"open","ping_status":"open","sticky":false,"template":"","format":"standard","meta":{"_yoast_wpseo_focuskw":"","_yoast_wpseo_title":"","_yoast_wpseo_metadesc":"","_yoast_wpseo_meta-robots-noindex":"","_yoast_wpseo_meta-robots-nofollow":"","_yoast_wpseo_canonical":"","_yoast_wpseo_opengraph-title":"","_yoast_wpseo_opengraph-description":"","_yoast_wpseo_twitter-title":"","_yoast_wpseo_twitter-description":"","footnotes":"","rank_math_description":"","rank_math_focus_keyword":"","rank_math_title":"","rank_math_canonical_url":"","rank_math_robots":"","rank_math_facebook_title":"","rank_math_facebook_description":"","rank_math_twitter_title":"","rank_math_twitter_description":""},"categories":[2],"tags":[],"class_list":["post-442","post","type-post","status-publish","format-standard","has-post-thumbnail","hentry","category-aktuellt"],"yoast_head":"<!-- This site is optimized with the Yoast SEO plugin v27.5 - https:\/\/yoast.com\/product\/yoast-seo-wordpress\/ -->\n<title>Svenska dagstidningars kulturredaktioner: En j\u00e4mf\u00f6relse - Kultur i Sverige<\/title>\n<meta name=\"robots\" content=\"index, follow, max-snippet:-1, max-image-preview:large, max-video-preview:-1\" \/>\n<link rel=\"canonical\" href=\"https:\/\/kultur.nu\/en\/svenska-dagstidningars-kulturredaktioner-en-jamforelse\/\" \/>\n<meta property=\"og:locale\" content=\"en_US\" \/>\n<meta property=\"og:type\" content=\"article\" \/>\n<meta property=\"og:title\" content=\"Svenska dagstidningars kulturredaktioner: En j\u00e4mf\u00f6relse - Kultur i Sverige\" \/>\n<meta property=\"og:description\" content=\"I Sverige st\u00e5r kulturredaktionerna hos de stora dagstidningarna inte bara f\u00f6r nyhetsbevakning utan ocks\u00e5 f\u00f6r&hellip;\" \/>\n<meta property=\"og:url\" content=\"https:\/\/kultur.nu\/en\/svenska-dagstidningars-kulturredaktioner-en-jamforelse\/\" \/>\n<meta property=\"og:site_name\" content=\"Kultur i Sverige\" \/>\n<meta property=\"article:published_time\" content=\"2024-04-11T11:45:03+00:00\" \/>\n<meta property=\"article:modified_time\" content=\"2024-08-27T15:32:02+00:00\" \/>\n<meta property=\"og:image\" content=\"https:\/\/kultur.nu\/wp-content\/uploads\/2024\/04\/aftonbladet.webp\" \/>\n\t<meta property=\"og:image:width\" content=\"1350\" \/>\n\t<meta property=\"og:image:height\" content=\"900\" \/>\n\t<meta property=\"og:image:type\" content=\"image\/webp\" \/>\n<meta name=\"author\" content=\"Annica\" \/>\n<meta name=\"twitter:card\" content=\"summary_large_image\" \/>\n<meta name=\"twitter:label1\" content=\"Written by\" \/>\n\t<meta name=\"twitter:data1\" content=\"Annica\" \/>\n\t<meta name=\"twitter:label2\" content=\"Est. reading time\" \/>\n\t<meta name=\"twitter:data2\" content=\"2 minutes\" \/>\n<script type=\"application\/ld+json\" class=\"yoast-schema-graph\">{\"@context\":\"https:\\\/\\\/schema.org\",\"@graph\":[{\"@type\":\"Article\",\"@id\":\"https:\\\/\\\/kultur.nu\\\/svenska-dagstidningars-kulturredaktioner-en-jamforelse\\\/#article\",\"isPartOf\":{\"@id\":\"https:\\\/\\\/kultur.nu\\\/svenska-dagstidningars-kulturredaktioner-en-jamforelse\\\/\"},\"author\":{\"name\":\"Annica\",\"@id\":\"https:\\\/\\\/kultur.nu\\\/#\\\/schema\\\/person\\\/cbafe9491d5ea09a25eace8883923b2c\"},\"headline\":\"Svenska dagstidningars kulturredaktioner: En j\u00e4mf\u00f6relse\",\"datePublished\":\"2024-04-11T11:45:03+00:00\",\"dateModified\":\"2024-08-27T15:32:02+00:00\",\"mainEntityOfPage\":{\"@id\":\"https:\\\/\\\/kultur.nu\\\/svenska-dagstidningars-kulturredaktioner-en-jamforelse\\\/\"},\"wordCount\":468,\"commentCount\":0,\"publisher\":{\"@id\":\"https:\\\/\\\/kultur.nu\\\/#organization\"},\"image\":{\"@id\":\"https:\\\/\\\/kultur.nu\\\/svenska-dagstidningars-kulturredaktioner-en-jamforelse\\\/#primaryimage\"},\"thumbnailUrl\":\"https:\\\/\\\/kultur.nu\\\/wp-content\\\/uploads\\\/2024\\\/04\\\/aftonbladet.webp\",\"articleSection\":[\"Aktuellt\"],\"inLanguage\":\"en-US\",\"potentialAction\":[{\"@type\":\"CommentAction\",\"name\":\"Comment\",\"target\":[\"https:\\\/\\\/kultur.nu\\\/svenska-dagstidningars-kulturredaktioner-en-jamforelse\\\/#respond\"]}]},{\"@type\":\"WebPage\",\"@id\":\"https:\\\/\\\/kultur.nu\\\/svenska-dagstidningars-kulturredaktioner-en-jamforelse\\\/\",\"url\":\"https:\\\/\\\/kultur.nu\\\/svenska-dagstidningars-kulturredaktioner-en-jamforelse\\\/\",\"name\":\"Svenska dagstidningars kulturredaktioner: En j\u00e4mf\u00f6relse - Kultur i Sverige\",\"isPartOf\":{\"@id\":\"https:\\\/\\\/kultur.nu\\\/#website\"},\"primaryImageOfPage\":{\"@id\":\"https:\\\/\\\/kultur.nu\\\/svenska-dagstidningars-kulturredaktioner-en-jamforelse\\\/#primaryimage\"},\"image\":{\"@id\":\"https:\\\/\\\/kultur.nu\\\/svenska-dagstidningars-kulturredaktioner-en-jamforelse\\\/#primaryimage\"},\"thumbnailUrl\":\"https:\\\/\\\/kultur.nu\\\/wp-content\\\/uploads\\\/2024\\\/04\\\/aftonbladet.webp\",\"datePublished\":\"2024-04-11T11:45:03+00:00\",\"dateModified\":\"2024-08-27T15:32:02+00:00\",\"breadcrumb\":{\"@id\":\"https:\\\/\\\/kultur.nu\\\/svenska-dagstidningars-kulturredaktioner-en-jamforelse\\\/#breadcrumb\"},\"inLanguage\":\"en-US\",\"potentialAction\":[{\"@type\":\"ReadAction\",\"target\":[\"https:\\\/\\\/kultur.nu\\\/svenska-dagstidningars-kulturredaktioner-en-jamforelse\\\/\"]}]},{\"@type\":\"ImageObject\",\"inLanguage\":\"en-US\",\"@id\":\"https:\\\/\\\/kultur.nu\\\/svenska-dagstidningars-kulturredaktioner-en-jamforelse\\\/#primaryimage\",\"url\":\"https:\\\/\\\/kultur.nu\\\/wp-content\\\/uploads\\\/2024\\\/04\\\/aftonbladet.webp\",\"contentUrl\":\"https:\\\/\\\/kultur.nu\\\/wp-content\\\/uploads\\\/2024\\\/04\\\/aftonbladet.webp\",\"width\":1350,\"height\":900,\"caption\":\"aftonbladet\"},{\"@type\":\"BreadcrumbList\",\"@id\":\"https:\\\/\\\/kultur.nu\\\/svenska-dagstidningars-kulturredaktioner-en-jamforelse\\\/#breadcrumb\",\"itemListElement\":[{\"@type\":\"ListItem\",\"position\":1,\"name\":\"Hem\",\"item\":\"https:\\\/\\\/kultur.nu\\\/\"},{\"@type\":\"ListItem\",\"position\":2,\"name\":\"Svenska dagstidningars kulturredaktioner: En j\u00e4mf\u00f6relse\"}]},{\"@type\":\"WebSite\",\"@id\":\"https:\\\/\\\/kultur.nu\\\/#website\",\"url\":\"https:\\\/\\\/kultur.nu\\\/\",\"name\":\"Kultur i Sverige\",\"description\":\"\",\"publisher\":{\"@id\":\"https:\\\/\\\/kultur.nu\\\/#organization\"},\"potentialAction\":[{\"@type\":\"SearchAction\",\"target\":{\"@type\":\"EntryPoint\",\"urlTemplate\":\"https:\\\/\\\/kultur.nu\\\/?s={search_term_string}\"},\"query-input\":{\"@type\":\"PropertyValueSpecification\",\"valueRequired\":true,\"valueName\":\"search_term_string\"}}],\"inLanguage\":\"en-US\"},{\"@type\":\"Organization\",\"@id\":\"https:\\\/\\\/kultur.nu\\\/#organization\",\"name\":\"Kultur i Sverige\",\"url\":\"https:\\\/\\\/kultur.nu\\\/\",\"logo\":{\"@type\":\"ImageObject\",\"inLanguage\":\"en-US\",\"@id\":\"https:\\\/\\\/kultur.nu\\\/#\\\/schema\\\/logo\\\/image\\\/\",\"url\":\"https:\\\/\\\/kultur.nu\\\/wp-content\\\/uploads\\\/2025\\\/10\\\/cropped-Kultur.nu-logo.webp\",\"contentUrl\":\"https:\\\/\\\/kultur.nu\\\/wp-content\\\/uploads\\\/2025\\\/10\\\/cropped-Kultur.nu-logo.webp\",\"width\":510,\"height\":95,\"caption\":\"Kultur i Sverige\"},\"image\":{\"@id\":\"https:\\\/\\\/kultur.nu\\\/#\\\/schema\\\/logo\\\/image\\\/\"}},{\"@type\":\"Person\",\"@id\":\"https:\\\/\\\/kultur.nu\\\/#\\\/schema\\\/person\\\/cbafe9491d5ea09a25eace8883923b2c\",\"name\":\"Annica\",\"image\":{\"@type\":\"ImageObject\",\"inLanguage\":\"en-US\",\"@id\":\"https:\\\/\\\/secure.gravatar.com\\\/avatar\\\/d78c2d842df13ded689c841d90a91fd72f6cc9e7250f7066a537c14f82302546?s=96&d=mm&r=g\",\"url\":\"https:\\\/\\\/secure.gravatar.com\\\/avatar\\\/d78c2d842df13ded689c841d90a91fd72f6cc9e7250f7066a537c14f82302546?s=96&d=mm&r=g\",\"contentUrl\":\"https:\\\/\\\/secure.gravatar.com\\\/avatar\\\/d78c2d842df13ded689c841d90a91fd72f6cc9e7250f7066a537c14f82302546?s=96&d=mm&r=g\",\"caption\":\"Annica\"},\"description\":\"Annika Axelsson \u00e4r kulturskribent p\u00e5 Kultur.nu, d\u00e4r hon skriver om litteratur, film, teater, konst och samtida kulturdebatt. Hon har ett s\u00e4rskilt intresse f\u00f6r hur kultur speglar samh\u00e4llsf\u00f6r\u00e4ndringar, identitet och vardagslivet. Annika har studerat litteraturvetenskap och kulturjournalistik vid Stockholms universitet. Hon har \u00e4ven l\u00e4st konstvetenskap och medievetenskap, vilket ger henne en bred grund n\u00e4r hon analyserar b\u00e5de klassiska verk och moderna kulturuttryck. P\u00e5 Kultur.nu skriver Annika fr\u00e4mst recensioner, f\u00f6rdjupande artiklar och personliga kr\u00f6nikor. Hon bevakar nya b\u00f6cker, uppm\u00e4rksammade teaterf\u00f6rest\u00e4llningar, filmfestivaler, utst\u00e4llningar och aktuella kulturh\u00e4ndelser. Hennes texter k\u00e4nnetecknas av ett nyfiket, kunnigt och tillg\u00e4ngligt spr\u00e5k, d\u00e4r hon vill g\u00f6ra kultur l\u00e4ttare att f\u00f6rst\u00e5 utan att f\u00f6renkla den. Hon har tidigare arbetat med redaktionellt inneh\u00e5ll, intervjuer och kulturbevakning f\u00f6r b\u00e5de digitala magasin och lokala publikationer. I sitt skrivande \u00e5terkommer hon ofta till fr\u00e5gor om ber\u00e4ttande, kreativitet, klass, k\u00f6nsroller och kulturens plats i det moderna samh\u00e4llet.\",\"sameAs\":[\"https:\\\/\\\/kultur.nu\"],\"url\":\"https:\\\/\\\/kultur.nu\\\/en\\\/author\\\/annica\\\/\"}]}<\/script>\n<!-- \/ Yoast SEO plugin. -->","yoast_head_json":{"title":"Svenska dagstidningars kulturredaktioner: En j\u00e4mf\u00f6relse - Kultur i Sverige","robots":{"index":"index","follow":"follow","max-snippet":"max-snippet:-1","max-image-preview":"max-image-preview:large","max-video-preview":"max-video-preview:-1"},"canonical":"https:\/\/kultur.nu\/en\/svenska-dagstidningars-kulturredaktioner-en-jamforelse\/","og_locale":"en_US","og_type":"article","og_title":"Svenska dagstidningars kulturredaktioner: En j\u00e4mf\u00f6relse - Kultur i Sverige","og_description":"I Sverige st\u00e5r kulturredaktionerna hos de stora dagstidningarna inte bara f\u00f6r nyhetsbevakning utan ocks\u00e5 f\u00f6r&hellip;","og_url":"https:\/\/kultur.nu\/en\/svenska-dagstidningars-kulturredaktioner-en-jamforelse\/","og_site_name":"Kultur i Sverige","article_published_time":"2024-04-11T11:45:03+00:00","article_modified_time":"2024-08-27T15:32:02+00:00","og_image":[{"width":1350,"height":900,"url":"https:\/\/kultur.nu\/wp-content\/uploads\/2024\/04\/aftonbladet.webp","type":"image\/webp"}],"author":"Annica","twitter_card":"summary_large_image","twitter_misc":{"Written by":"Annica","Est. reading time":"2 minutes"},"schema":{"@context":"https:\/\/schema.org","@graph":[{"@type":"Article","@id":"https:\/\/kultur.nu\/svenska-dagstidningars-kulturredaktioner-en-jamforelse\/#article","isPartOf":{"@id":"https:\/\/kultur.nu\/svenska-dagstidningars-kulturredaktioner-en-jamforelse\/"},"author":{"name":"Annica","@id":"https:\/\/kultur.nu\/#\/schema\/person\/cbafe9491d5ea09a25eace8883923b2c"},"headline":"Svenska dagstidningars kulturredaktioner: En j\u00e4mf\u00f6relse","datePublished":"2024-04-11T11:45:03+00:00","dateModified":"2024-08-27T15:32:02+00:00","mainEntityOfPage":{"@id":"https:\/\/kultur.nu\/svenska-dagstidningars-kulturredaktioner-en-jamforelse\/"},"wordCount":468,"commentCount":0,"publisher":{"@id":"https:\/\/kultur.nu\/#organization"},"image":{"@id":"https:\/\/kultur.nu\/svenska-dagstidningars-kulturredaktioner-en-jamforelse\/#primaryimage"},"thumbnailUrl":"https:\/\/kultur.nu\/wp-content\/uploads\/2024\/04\/aftonbladet.webp","articleSection":["Aktuellt"],"inLanguage":"en-US","potentialAction":[{"@type":"CommentAction","name":"Comment","target":["https:\/\/kultur.nu\/svenska-dagstidningars-kulturredaktioner-en-jamforelse\/#respond"]}]},{"@type":"WebPage","@id":"https:\/\/kultur.nu\/svenska-dagstidningars-kulturredaktioner-en-jamforelse\/","url":"https:\/\/kultur.nu\/svenska-dagstidningars-kulturredaktioner-en-jamforelse\/","name":"Svenska dagstidningars kulturredaktioner: En j\u00e4mf\u00f6relse - Kultur i Sverige","isPartOf":{"@id":"https:\/\/kultur.nu\/#website"},"primaryImageOfPage":{"@id":"https:\/\/kultur.nu\/svenska-dagstidningars-kulturredaktioner-en-jamforelse\/#primaryimage"},"image":{"@id":"https:\/\/kultur.nu\/svenska-dagstidningars-kulturredaktioner-en-jamforelse\/#primaryimage"},"thumbnailUrl":"https:\/\/kultur.nu\/wp-content\/uploads\/2024\/04\/aftonbladet.webp","datePublished":"2024-04-11T11:45:03+00:00","dateModified":"2024-08-27T15:32:02+00:00","breadcrumb":{"@id":"https:\/\/kultur.nu\/svenska-dagstidningars-kulturredaktioner-en-jamforelse\/#breadcrumb"},"inLanguage":"en-US","potentialAction":[{"@type":"ReadAction","target":["https:\/\/kultur.nu\/svenska-dagstidningars-kulturredaktioner-en-jamforelse\/"]}]},{"@type":"ImageObject","inLanguage":"en-US","@id":"https:\/\/kultur.nu\/svenska-dagstidningars-kulturredaktioner-en-jamforelse\/#primaryimage","url":"https:\/\/kultur.nu\/wp-content\/uploads\/2024\/04\/aftonbladet.webp","contentUrl":"https:\/\/kultur.nu\/wp-content\/uploads\/2024\/04\/aftonbladet.webp","width":1350,"height":900,"caption":"aftonbladet"},{"@type":"BreadcrumbList","@id":"https:\/\/kultur.nu\/svenska-dagstidningars-kulturredaktioner-en-jamforelse\/#breadcrumb","itemListElement":[{"@type":"ListItem","position":1,"name":"Hem","item":"https:\/\/kultur.nu\/"},{"@type":"ListItem","position":2,"name":"Svenska dagstidningars kulturredaktioner: En j\u00e4mf\u00f6relse"}]},{"@type":"WebSite","@id":"https:\/\/kultur.nu\/#website","url":"https:\/\/kultur.nu\/","name":"Kultur i Sverige","description":"","publisher":{"@id":"https:\/\/kultur.nu\/#organization"},"potentialAction":[{"@type":"SearchAction","target":{"@type":"EntryPoint","urlTemplate":"https:\/\/kultur.nu\/?s={search_term_string}"},"query-input":{"@type":"PropertyValueSpecification","valueRequired":true,"valueName":"search_term_string"}}],"inLanguage":"en-US"},{"@type":"Organization","@id":"https:\/\/kultur.nu\/#organization","name":"Kultur i Sverige","url":"https:\/\/kultur.nu\/","logo":{"@type":"ImageObject","inLanguage":"en-US","@id":"https:\/\/kultur.nu\/#\/schema\/logo\/image\/","url":"https:\/\/kultur.nu\/wp-content\/uploads\/2025\/10\/cropped-Kultur.nu-logo.webp","contentUrl":"https:\/\/kultur.nu\/wp-content\/uploads\/2025\/10\/cropped-Kultur.nu-logo.webp","width":510,"height":95,"caption":"Kultur i Sverige"},"image":{"@id":"https:\/\/kultur.nu\/#\/schema\/logo\/image\/"}},{"@type":"Person","@id":"https:\/\/kultur.nu\/#\/schema\/person\/cbafe9491d5ea09a25eace8883923b2c","name":"Annica","image":{"@type":"ImageObject","inLanguage":"en-US","@id":"https:\/\/secure.gravatar.com\/avatar\/d78c2d842df13ded689c841d90a91fd72f6cc9e7250f7066a537c14f82302546?s=96&d=mm&r=g","url":"https:\/\/secure.gravatar.com\/avatar\/d78c2d842df13ded689c841d90a91fd72f6cc9e7250f7066a537c14f82302546?s=96&d=mm&r=g","contentUrl":"https:\/\/secure.gravatar.com\/avatar\/d78c2d842df13ded689c841d90a91fd72f6cc9e7250f7066a537c14f82302546?s=96&d=mm&r=g","caption":"Annica"},"description":"Annika Axelsson \u00e4r kulturskribent p\u00e5 Kultur.nu, d\u00e4r hon skriver om litteratur, film, teater, konst och samtida kulturdebatt. Hon har ett s\u00e4rskilt intresse f\u00f6r hur kultur speglar samh\u00e4llsf\u00f6r\u00e4ndringar, identitet och vardagslivet. Annika har studerat litteraturvetenskap och kulturjournalistik vid Stockholms universitet. Hon har \u00e4ven l\u00e4st konstvetenskap och medievetenskap, vilket ger henne en bred grund n\u00e4r hon analyserar b\u00e5de klassiska verk och moderna kulturuttryck. P\u00e5 Kultur.nu skriver Annika fr\u00e4mst recensioner, f\u00f6rdjupande artiklar och personliga kr\u00f6nikor. Hon bevakar nya b\u00f6cker, uppm\u00e4rksammade teaterf\u00f6rest\u00e4llningar, filmfestivaler, utst\u00e4llningar och aktuella kulturh\u00e4ndelser. Hennes texter k\u00e4nnetecknas av ett nyfiket, kunnigt och tillg\u00e4ngligt spr\u00e5k, d\u00e4r hon vill g\u00f6ra kultur l\u00e4ttare att f\u00f6rst\u00e5 utan att f\u00f6renkla den. Hon har tidigare arbetat med redaktionellt inneh\u00e5ll, intervjuer och kulturbevakning f\u00f6r b\u00e5de digitala magasin och lokala publikationer. I sitt skrivande \u00e5terkommer hon ofta till fr\u00e5gor om ber\u00e4ttande, kreativitet, klass, k\u00f6nsroller och kulturens plats i det moderna samh\u00e4llet.","sameAs":["https:\/\/kultur.nu"],"url":"https:\/\/kultur.nu\/en\/author\/annica\/"}]}},"_links":{"self":[{"href":"https:\/\/kultur.nu\/en\/wp-json\/wp\/v2\/posts\/442","targetHints":{"allow":["GET"]}}],"collection":[{"href":"https:\/\/kultur.nu\/en\/wp-json\/wp\/v2\/posts"}],"about":[{"href":"https:\/\/kultur.nu\/en\/wp-json\/wp\/v2\/types\/post"}],"author":[{"embeddable":true,"href":"https:\/\/kultur.nu\/en\/wp-json\/wp\/v2\/users\/1"}],"replies":[{"embeddable":true,"href":"https:\/\/kultur.nu\/en\/wp-json\/wp\/v2\/comments?post=442"}],"version-history":[{"count":6,"href":"https:\/\/kultur.nu\/en\/wp-json\/wp\/v2\/posts\/442\/revisions"}],"predecessor-version":[{"id":481,"href":"https:\/\/kultur.nu\/en\/wp-json\/wp\/v2\/posts\/442\/revisions\/481"}],"wp:featuredmedia":[{"embeddable":true,"href":"https:\/\/kultur.nu\/en\/wp-json\/wp\/v2\/media\/480"}],"wp:attachment":[{"href":"https:\/\/kultur.nu\/en\/wp-json\/wp\/v2\/media?parent=442"}],"wp:term":[{"taxonomy":"category","embeddable":true,"href":"https:\/\/kultur.nu\/en\/wp-json\/wp\/v2\/categories?post=442"},{"taxonomy":"post_tag","embeddable":true,"href":"https:\/\/kultur.nu\/en\/wp-json\/wp\/v2\/tags?post=442"}],"curies":[{"name":"wp","href":"https:\/\/api.w.org\/{rel}","templated":true}]}}