{"id":451,"date":"2024-05-16T14:09:04","date_gmt":"2024-05-16T12:09:04","guid":{"rendered":"https:\/\/kultur.nu\/?p=451"},"modified":"2024-08-27T17:07:12","modified_gmt":"2024-08-27T15:07:12","slug":"samisk-kultur","status":"publish","type":"post","link":"https:\/\/kultur.nu\/en\/samisk-kultur\/","title":{"rendered":"Samisk kultur"},"content":{"rendered":"<p>Samisk <a href=\"https:\/\/kultur.nu\/en\/\">kultur<\/a> \u00e4r en integrerad del av Nordens historia och nutid, representerad av S\u00e1pmi, ett omr\u00e5de som str\u00e4cker sig \u00f6ver norra delarna av Sverige, Norge, Finland och Rysslands Kola-halv\u00f6n. Samerna, som \u00e4r en av Europas f\u00e5 kvarvarande urbefolkningar, har bibeh\u00e5llit en rik och distinkt kultur trots p\u00e5verkan fr\u00e5n modernisering och historiska p\u00e5tryckningar. Denna artikel utforskar olika aspekter av den samiska kulturen, fr\u00e5n spr\u00e5k och <a href=\"https:\/\/kultur.nu\/en\/traditioner-i-sverige\/\">traditioner<\/a> till samh\u00e4llsliv och samtida utmaningar.<\/p>\n<h2>Historisk bakgrund<\/h2>\n<p>Samernas historia i Norden kan sp\u00e5ras tusentals \u00e5r tillbaka. Traditionellt har deras livsstil varit pr\u00e4glad av rensk\u00f6tsel, jakt och fiske, vilket har format b\u00e5de deras sociala strukturer och andliga trosuppfattningar. Samisk tro inkluderar shamanistiska element, d\u00e4r naturen och dess andar spelar en central roll.<\/p>\n<h2>Spr\u00e5k och litteratur<\/h2>\n<p>Samiska best\u00e5r av flera dialekter, vilka grupperas i \u00f6stsamiska, centralsamiska och sydsamiska spr\u00e5k. Trots att m\u00e5nga samiska dialekter \u00e4r hotade av utrotning, har det p\u00e5g\u00e5tt ett betydande arbete f\u00f6r att bevara och revitalisera dessa spr\u00e5k. Samisk <a href=\"https:\/\/kultur.nu\/en\/litteratur_och_sprak\/\">litteratur<\/a>, b\u00e5de traditionell och samtida, \u00e4r ett viktigt medium f\u00f6r att uttrycka och bevara samisk kultur, historia och identitet.<\/p>\n<h2>Traditionella n\u00e4ringar<\/h2>\n<p>Rensk\u00f6tsel \u00e4r fortfarande en central del av m\u00e5nga samers liv, \u00e4ven om det moderna samh\u00e4llet har medf\u00f6rt stora f\u00f6r\u00e4ndringar i denna traditionella n\u00e4ring. F\u00f6rutom rensk\u00f6tsel \u00e4r <a href=\"https:\/\/kultur.nu\/en\/konsthantverk\/\">hantverk<\/a> s\u00e5som duodji (ett traditionellt samiskt hantverk) viktigt b\u00e5de ekonomiskt och kulturellt. Duodji inkluderar tillverkning av kl\u00e4der, verktyg och andra f\u00f6rem\u00e5l ofta dekorerade med distinkta samiska m\u00f6nster.<\/p>\n<h2><img loading=\"lazy\" decoding=\"async\" class=\"aligncenter size-full wp-image-477\" src=\"https:\/\/kultur.nu\/wp-content\/uploads\/2024\/05\/samiska-kulturen.webp\" alt=\"samiska-kulturen\" width=\"1350\" height=\"900\" srcset=\"https:\/\/kultur.nu\/wp-content\/uploads\/2024\/05\/samiska-kulturen.webp 1350w, https:\/\/kultur.nu\/wp-content\/uploads\/2024\/05\/samiska-kulturen-300x200.webp 300w, https:\/\/kultur.nu\/wp-content\/uploads\/2024\/05\/samiska-kulturen-1024x683.webp 1024w, https:\/\/kultur.nu\/wp-content\/uploads\/2024\/05\/samiska-kulturen-768x512.webp 768w\" sizes=\"auto, (max-width: 1350px) 100vw, 1350px\" \/><\/h2>\n<h2>Musik och jojk \u00e4r en del av Samisk kultur<\/h2>\n<p>En av de mest k\u00e4nda uttrycksformerna av samisk kultur \u00e4r jojken, en form av s\u00e5ng som \u00e4r djupt rotad i den samiska traditionen. Jojken anv\u00e4nds traditionellt inte bara f\u00f6r att uttrycka k\u00e4nslor och ber\u00e4ttelser, utan \u00e4ven f\u00f6r att skildra m\u00e4nniskor, djur eller landskap. Moderna samiska <a href=\"https:\/\/kultur.nu\/en\/musik\/musiker_och_musikgrupper\/\">musiker<\/a> har lyckats blanda traditionell jojk med andra musikgenrer, vilket har bidragit till en bredare f\u00f6rst\u00e5else och uppskattning av samisk <a href=\"https:\/\/kultur.nu\/en\/musik\/\">musik<\/a>.<\/p>\n<h2>Samiska dr\u00e4kter<\/h2>\n<p>Samisk kl\u00e4dsel, eller g\u00e1kti, \u00e4r f\u00e4rgrik och varierar beroende p\u00e5 geografiskt omr\u00e5de och tillf\u00e4lle. Dr\u00e4kten \u00e4r ofta handgjord och kan ber\u00e4tta mycket om b\u00e4rarens familjebakgrund, civilst\u00e5nd och region. G\u00e1kti anv\u00e4nds vid speciella tillf\u00e4llen som festivaler och andra viktiga sammankomster.<\/p>\n<h2>Politiska r\u00e4ttigheter och samtida utmaningar f\u00f6r samerna<\/h2>\n<p>Samerna har under \u00e5ren k\u00e4mpat f\u00f6r erk\u00e4nnande och r\u00e4ttigheter till land och vatten i de omr\u00e5den d\u00e4r de traditionellt har verkat. \u00c5r 2000 inr\u00e4ttades Sametinget i Sverige som en offentlig myndighet med ansvar f\u00f6r fr\u00e5gor som r\u00f6r den samiska befolkningen. Dock kvarst\u00e5r utmaningar, speciellt relaterade till gruvdrift och andra exploateringar av naturresurser.<\/p>\n<h2><img loading=\"lazy\" decoding=\"async\" class=\"aligncenter size-full wp-image-475\" src=\"https:\/\/kultur.nu\/wp-content\/uploads\/2024\/05\/renfinka.webp\" alt=\"renfinka\" width=\"1350\" height=\"900\" srcset=\"https:\/\/kultur.nu\/wp-content\/uploads\/2024\/05\/renfinka.webp 1350w, https:\/\/kultur.nu\/wp-content\/uploads\/2024\/05\/renfinka-300x200.webp 300w, https:\/\/kultur.nu\/wp-content\/uploads\/2024\/05\/renfinka-1024x683.webp 1024w, https:\/\/kultur.nu\/wp-content\/uploads\/2024\/05\/renfinka-768x512.webp 768w\" sizes=\"auto, (max-width: 1350px) 100vw, 1350px\" \/><\/h2>\n<h2>Framtiden f\u00f6r Samisk kultur<\/h2>\n<p>Den samiska kulturen st\u00e5r inf\u00f6r b\u00e5de m\u00f6jligheter och utmaningar i det moderna samh\u00e4llet. Medan globalisering och teknologisk utveckling erbjuder nya m\u00f6jligheter f\u00f6r kulturellt utbyte och ekonomisk utveckling, finns ocks\u00e5 risker f\u00f6r kulturell och spr\u00e5klig erosion. Att balansera bevarande av traditioner med behovet av modernisering \u00e4r en central fr\u00e5ga f\u00f6r samiska samh\u00e4llen idag.<\/p>\n<p>Samisk kultur \u00e4r en fundamental del av Nordens kulturella m\u00e5ngfald och erbjuder unika perspektiv p\u00e5 relationen mellan m\u00e4nniska, natur och samh\u00e4lle. Genom fortsatt dialog, utbildning och politiskt erk\u00e4nnande kan samisk kultur forts\u00e4tta att blomstra och berika det globala <a href=\"https:\/\/kultur.nu\/en\/kulturarv\/\">kulturarvet<\/a>.<\/p>","protected":false},"excerpt":{"rendered":"<p>Samisk kultur \u00e4r en integrerad del av Nordens historia och nutid, representerad av S\u00e1pmi, ett&hellip;<\/p>","protected":false},"author":1,"featured_media":473,"comment_status":"open","ping_status":"open","sticky":false,"template":"","format":"standard","meta":{"_yoast_wpseo_focuskw":"","_yoast_wpseo_title":"","_yoast_wpseo_metadesc":"","_yoast_wpseo_meta-robots-noindex":"","_yoast_wpseo_meta-robots-nofollow":"","_yoast_wpseo_canonical":"","_yoast_wpseo_opengraph-title":"","_yoast_wpseo_opengraph-description":"","_yoast_wpseo_twitter-title":"","_yoast_wpseo_twitter-description":"","footnotes":"","rank_math_description":"","rank_math_focus_keyword":"","rank_math_title":"","rank_math_canonical_url":"","rank_math_robots":"","rank_math_facebook_title":"","rank_math_facebook_description":"","rank_math_twitter_title":"","rank_math_twitter_description":""},"categories":[2],"tags":[],"class_list":["post-451","post","type-post","status-publish","format-standard","has-post-thumbnail","hentry","category-aktuellt"],"yoast_head":"<!-- This site is optimized with the Yoast SEO plugin v27.5 - https:\/\/yoast.com\/product\/yoast-seo-wordpress\/ -->\n<title>Samisk kultur - Kultur i Sverige<\/title>\n<meta name=\"robots\" content=\"index, follow, max-snippet:-1, max-image-preview:large, max-video-preview:-1\" \/>\n<link rel=\"canonical\" href=\"https:\/\/kultur.nu\/en\/samisk-kultur\/\" \/>\n<meta property=\"og:locale\" content=\"en_US\" \/>\n<meta property=\"og:type\" content=\"article\" \/>\n<meta property=\"og:title\" content=\"Samisk kultur - Kultur i Sverige\" \/>\n<meta property=\"og:description\" content=\"Samisk kultur \u00e4r en integrerad del av Nordens historia och nutid, representerad av S\u00e1pmi, ett&hellip;\" \/>\n<meta property=\"og:url\" content=\"https:\/\/kultur.nu\/en\/samisk-kultur\/\" \/>\n<meta property=\"og:site_name\" content=\"Kultur i Sverige\" \/>\n<meta property=\"article:published_time\" content=\"2024-05-16T12:09:04+00:00\" \/>\n<meta property=\"article:modified_time\" content=\"2024-08-27T15:07:12+00:00\" \/>\n<meta property=\"og:image\" content=\"https:\/\/kultur.nu\/wp-content\/uploads\/2024\/05\/samisk-kultur.webp\" \/>\n\t<meta property=\"og:image:width\" content=\"1350\" \/>\n\t<meta property=\"og:image:height\" content=\"900\" \/>\n\t<meta property=\"og:image:type\" content=\"image\/webp\" \/>\n<meta name=\"author\" content=\"Annica\" \/>\n<meta name=\"twitter:card\" content=\"summary_large_image\" \/>\n<meta name=\"twitter:label1\" content=\"Written by\" \/>\n\t<meta name=\"twitter:data1\" content=\"Annica\" \/>\n\t<meta name=\"twitter:label2\" content=\"Est. reading time\" \/>\n\t<meta name=\"twitter:data2\" content=\"3 minutes\" \/>\n<script type=\"application\/ld+json\" class=\"yoast-schema-graph\">{\"@context\":\"https:\\\/\\\/schema.org\",\"@graph\":[{\"@type\":\"Article\",\"@id\":\"https:\\\/\\\/kultur.nu\\\/samisk-kultur\\\/#article\",\"isPartOf\":{\"@id\":\"https:\\\/\\\/kultur.nu\\\/samisk-kultur\\\/\"},\"author\":{\"name\":\"Annica\",\"@id\":\"https:\\\/\\\/kultur.nu\\\/#\\\/schema\\\/person\\\/cbafe9491d5ea09a25eace8883923b2c\"},\"headline\":\"Samisk kultur\",\"datePublished\":\"2024-05-16T12:09:04+00:00\",\"dateModified\":\"2024-08-27T15:07:12+00:00\",\"mainEntityOfPage\":{\"@id\":\"https:\\\/\\\/kultur.nu\\\/samisk-kultur\\\/\"},\"wordCount\":596,\"commentCount\":0,\"publisher\":{\"@id\":\"https:\\\/\\\/kultur.nu\\\/#organization\"},\"image\":{\"@id\":\"https:\\\/\\\/kultur.nu\\\/samisk-kultur\\\/#primaryimage\"},\"thumbnailUrl\":\"https:\\\/\\\/kultur.nu\\\/wp-content\\\/uploads\\\/2024\\\/05\\\/samisk-kultur.webp\",\"articleSection\":[\"Aktuellt\"],\"inLanguage\":\"en-US\",\"potentialAction\":[{\"@type\":\"CommentAction\",\"name\":\"Comment\",\"target\":[\"https:\\\/\\\/kultur.nu\\\/samisk-kultur\\\/#respond\"]}]},{\"@type\":\"WebPage\",\"@id\":\"https:\\\/\\\/kultur.nu\\\/samisk-kultur\\\/\",\"url\":\"https:\\\/\\\/kultur.nu\\\/samisk-kultur\\\/\",\"name\":\"Samisk kultur - Kultur i Sverige\",\"isPartOf\":{\"@id\":\"https:\\\/\\\/kultur.nu\\\/#website\"},\"primaryImageOfPage\":{\"@id\":\"https:\\\/\\\/kultur.nu\\\/samisk-kultur\\\/#primaryimage\"},\"image\":{\"@id\":\"https:\\\/\\\/kultur.nu\\\/samisk-kultur\\\/#primaryimage\"},\"thumbnailUrl\":\"https:\\\/\\\/kultur.nu\\\/wp-content\\\/uploads\\\/2024\\\/05\\\/samisk-kultur.webp\",\"datePublished\":\"2024-05-16T12:09:04+00:00\",\"dateModified\":\"2024-08-27T15:07:12+00:00\",\"breadcrumb\":{\"@id\":\"https:\\\/\\\/kultur.nu\\\/samisk-kultur\\\/#breadcrumb\"},\"inLanguage\":\"en-US\",\"potentialAction\":[{\"@type\":\"ReadAction\",\"target\":[\"https:\\\/\\\/kultur.nu\\\/samisk-kultur\\\/\"]}]},{\"@type\":\"ImageObject\",\"inLanguage\":\"en-US\",\"@id\":\"https:\\\/\\\/kultur.nu\\\/samisk-kultur\\\/#primaryimage\",\"url\":\"https:\\\/\\\/kultur.nu\\\/wp-content\\\/uploads\\\/2024\\\/05\\\/samisk-kultur.webp\",\"contentUrl\":\"https:\\\/\\\/kultur.nu\\\/wp-content\\\/uploads\\\/2024\\\/05\\\/samisk-kultur.webp\",\"width\":1350,\"height\":900,\"caption\":\"samisk-kultur\"},{\"@type\":\"BreadcrumbList\",\"@id\":\"https:\\\/\\\/kultur.nu\\\/samisk-kultur\\\/#breadcrumb\",\"itemListElement\":[{\"@type\":\"ListItem\",\"position\":1,\"name\":\"Hem\",\"item\":\"https:\\\/\\\/kultur.nu\\\/\"},{\"@type\":\"ListItem\",\"position\":2,\"name\":\"Samisk kultur\"}]},{\"@type\":\"WebSite\",\"@id\":\"https:\\\/\\\/kultur.nu\\\/#website\",\"url\":\"https:\\\/\\\/kultur.nu\\\/\",\"name\":\"Kultur i Sverige\",\"description\":\"\",\"publisher\":{\"@id\":\"https:\\\/\\\/kultur.nu\\\/#organization\"},\"potentialAction\":[{\"@type\":\"SearchAction\",\"target\":{\"@type\":\"EntryPoint\",\"urlTemplate\":\"https:\\\/\\\/kultur.nu\\\/?s={search_term_string}\"},\"query-input\":{\"@type\":\"PropertyValueSpecification\",\"valueRequired\":true,\"valueName\":\"search_term_string\"}}],\"inLanguage\":\"en-US\"},{\"@type\":\"Organization\",\"@id\":\"https:\\\/\\\/kultur.nu\\\/#organization\",\"name\":\"Kultur i Sverige\",\"url\":\"https:\\\/\\\/kultur.nu\\\/\",\"logo\":{\"@type\":\"ImageObject\",\"inLanguage\":\"en-US\",\"@id\":\"https:\\\/\\\/kultur.nu\\\/#\\\/schema\\\/logo\\\/image\\\/\",\"url\":\"https:\\\/\\\/kultur.nu\\\/wp-content\\\/uploads\\\/2025\\\/10\\\/cropped-Kultur.nu-logo.webp\",\"contentUrl\":\"https:\\\/\\\/kultur.nu\\\/wp-content\\\/uploads\\\/2025\\\/10\\\/cropped-Kultur.nu-logo.webp\",\"width\":510,\"height\":95,\"caption\":\"Kultur i Sverige\"},\"image\":{\"@id\":\"https:\\\/\\\/kultur.nu\\\/#\\\/schema\\\/logo\\\/image\\\/\"}},{\"@type\":\"Person\",\"@id\":\"https:\\\/\\\/kultur.nu\\\/#\\\/schema\\\/person\\\/cbafe9491d5ea09a25eace8883923b2c\",\"name\":\"Annica\",\"image\":{\"@type\":\"ImageObject\",\"inLanguage\":\"en-US\",\"@id\":\"https:\\\/\\\/secure.gravatar.com\\\/avatar\\\/d78c2d842df13ded689c841d90a91fd72f6cc9e7250f7066a537c14f82302546?s=96&d=mm&r=g\",\"url\":\"https:\\\/\\\/secure.gravatar.com\\\/avatar\\\/d78c2d842df13ded689c841d90a91fd72f6cc9e7250f7066a537c14f82302546?s=96&d=mm&r=g\",\"contentUrl\":\"https:\\\/\\\/secure.gravatar.com\\\/avatar\\\/d78c2d842df13ded689c841d90a91fd72f6cc9e7250f7066a537c14f82302546?s=96&d=mm&r=g\",\"caption\":\"Annica\"},\"description\":\"Annika Axelsson \u00e4r kulturskribent p\u00e5 Kultur.nu, d\u00e4r hon skriver om litteratur, film, teater, konst och samtida kulturdebatt. Hon har ett s\u00e4rskilt intresse f\u00f6r hur kultur speglar samh\u00e4llsf\u00f6r\u00e4ndringar, identitet och vardagslivet. Annika har studerat litteraturvetenskap och kulturjournalistik vid Stockholms universitet. Hon har \u00e4ven l\u00e4st konstvetenskap och medievetenskap, vilket ger henne en bred grund n\u00e4r hon analyserar b\u00e5de klassiska verk och moderna kulturuttryck. P\u00e5 Kultur.nu skriver Annika fr\u00e4mst recensioner, f\u00f6rdjupande artiklar och personliga kr\u00f6nikor. Hon bevakar nya b\u00f6cker, uppm\u00e4rksammade teaterf\u00f6rest\u00e4llningar, filmfestivaler, utst\u00e4llningar och aktuella kulturh\u00e4ndelser. Hennes texter k\u00e4nnetecknas av ett nyfiket, kunnigt och tillg\u00e4ngligt spr\u00e5k, d\u00e4r hon vill g\u00f6ra kultur l\u00e4ttare att f\u00f6rst\u00e5 utan att f\u00f6renkla den. Hon har tidigare arbetat med redaktionellt inneh\u00e5ll, intervjuer och kulturbevakning f\u00f6r b\u00e5de digitala magasin och lokala publikationer. I sitt skrivande \u00e5terkommer hon ofta till fr\u00e5gor om ber\u00e4ttande, kreativitet, klass, k\u00f6nsroller och kulturens plats i det moderna samh\u00e4llet.\",\"sameAs\":[\"https:\\\/\\\/kultur.nu\"],\"url\":\"https:\\\/\\\/kultur.nu\\\/en\\\/author\\\/annica\\\/\"}]}<\/script>\n<!-- \/ Yoast SEO plugin. -->","yoast_head_json":{"title":"Samisk kultur - Kultur i Sverige","robots":{"index":"index","follow":"follow","max-snippet":"max-snippet:-1","max-image-preview":"max-image-preview:large","max-video-preview":"max-video-preview:-1"},"canonical":"https:\/\/kultur.nu\/en\/samisk-kultur\/","og_locale":"en_US","og_type":"article","og_title":"Samisk kultur - Kultur i Sverige","og_description":"Samisk kultur \u00e4r en integrerad del av Nordens historia och nutid, representerad av S\u00e1pmi, ett&hellip;","og_url":"https:\/\/kultur.nu\/en\/samisk-kultur\/","og_site_name":"Kultur i Sverige","article_published_time":"2024-05-16T12:09:04+00:00","article_modified_time":"2024-08-27T15:07:12+00:00","og_image":[{"width":1350,"height":900,"url":"https:\/\/kultur.nu\/wp-content\/uploads\/2024\/05\/samisk-kultur.webp","type":"image\/webp"}],"author":"Annica","twitter_card":"summary_large_image","twitter_misc":{"Written by":"Annica","Est. reading time":"3 minutes"},"schema":{"@context":"https:\/\/schema.org","@graph":[{"@type":"Article","@id":"https:\/\/kultur.nu\/samisk-kultur\/#article","isPartOf":{"@id":"https:\/\/kultur.nu\/samisk-kultur\/"},"author":{"name":"Annica","@id":"https:\/\/kultur.nu\/#\/schema\/person\/cbafe9491d5ea09a25eace8883923b2c"},"headline":"Samisk kultur","datePublished":"2024-05-16T12:09:04+00:00","dateModified":"2024-08-27T15:07:12+00:00","mainEntityOfPage":{"@id":"https:\/\/kultur.nu\/samisk-kultur\/"},"wordCount":596,"commentCount":0,"publisher":{"@id":"https:\/\/kultur.nu\/#organization"},"image":{"@id":"https:\/\/kultur.nu\/samisk-kultur\/#primaryimage"},"thumbnailUrl":"https:\/\/kultur.nu\/wp-content\/uploads\/2024\/05\/samisk-kultur.webp","articleSection":["Aktuellt"],"inLanguage":"en-US","potentialAction":[{"@type":"CommentAction","name":"Comment","target":["https:\/\/kultur.nu\/samisk-kultur\/#respond"]}]},{"@type":"WebPage","@id":"https:\/\/kultur.nu\/samisk-kultur\/","url":"https:\/\/kultur.nu\/samisk-kultur\/","name":"Samisk kultur - Kultur i Sverige","isPartOf":{"@id":"https:\/\/kultur.nu\/#website"},"primaryImageOfPage":{"@id":"https:\/\/kultur.nu\/samisk-kultur\/#primaryimage"},"image":{"@id":"https:\/\/kultur.nu\/samisk-kultur\/#primaryimage"},"thumbnailUrl":"https:\/\/kultur.nu\/wp-content\/uploads\/2024\/05\/samisk-kultur.webp","datePublished":"2024-05-16T12:09:04+00:00","dateModified":"2024-08-27T15:07:12+00:00","breadcrumb":{"@id":"https:\/\/kultur.nu\/samisk-kultur\/#breadcrumb"},"inLanguage":"en-US","potentialAction":[{"@type":"ReadAction","target":["https:\/\/kultur.nu\/samisk-kultur\/"]}]},{"@type":"ImageObject","inLanguage":"en-US","@id":"https:\/\/kultur.nu\/samisk-kultur\/#primaryimage","url":"https:\/\/kultur.nu\/wp-content\/uploads\/2024\/05\/samisk-kultur.webp","contentUrl":"https:\/\/kultur.nu\/wp-content\/uploads\/2024\/05\/samisk-kultur.webp","width":1350,"height":900,"caption":"samisk-kultur"},{"@type":"BreadcrumbList","@id":"https:\/\/kultur.nu\/samisk-kultur\/#breadcrumb","itemListElement":[{"@type":"ListItem","position":1,"name":"Hem","item":"https:\/\/kultur.nu\/"},{"@type":"ListItem","position":2,"name":"Samisk kultur"}]},{"@type":"WebSite","@id":"https:\/\/kultur.nu\/#website","url":"https:\/\/kultur.nu\/","name":"Kultur i Sverige","description":"","publisher":{"@id":"https:\/\/kultur.nu\/#organization"},"potentialAction":[{"@type":"SearchAction","target":{"@type":"EntryPoint","urlTemplate":"https:\/\/kultur.nu\/?s={search_term_string}"},"query-input":{"@type":"PropertyValueSpecification","valueRequired":true,"valueName":"search_term_string"}}],"inLanguage":"en-US"},{"@type":"Organization","@id":"https:\/\/kultur.nu\/#organization","name":"Kultur i Sverige","url":"https:\/\/kultur.nu\/","logo":{"@type":"ImageObject","inLanguage":"en-US","@id":"https:\/\/kultur.nu\/#\/schema\/logo\/image\/","url":"https:\/\/kultur.nu\/wp-content\/uploads\/2025\/10\/cropped-Kultur.nu-logo.webp","contentUrl":"https:\/\/kultur.nu\/wp-content\/uploads\/2025\/10\/cropped-Kultur.nu-logo.webp","width":510,"height":95,"caption":"Kultur i Sverige"},"image":{"@id":"https:\/\/kultur.nu\/#\/schema\/logo\/image\/"}},{"@type":"Person","@id":"https:\/\/kultur.nu\/#\/schema\/person\/cbafe9491d5ea09a25eace8883923b2c","name":"Annica","image":{"@type":"ImageObject","inLanguage":"en-US","@id":"https:\/\/secure.gravatar.com\/avatar\/d78c2d842df13ded689c841d90a91fd72f6cc9e7250f7066a537c14f82302546?s=96&d=mm&r=g","url":"https:\/\/secure.gravatar.com\/avatar\/d78c2d842df13ded689c841d90a91fd72f6cc9e7250f7066a537c14f82302546?s=96&d=mm&r=g","contentUrl":"https:\/\/secure.gravatar.com\/avatar\/d78c2d842df13ded689c841d90a91fd72f6cc9e7250f7066a537c14f82302546?s=96&d=mm&r=g","caption":"Annica"},"description":"Annika Axelsson \u00e4r kulturskribent p\u00e5 Kultur.nu, d\u00e4r hon skriver om litteratur, film, teater, konst och samtida kulturdebatt. Hon har ett s\u00e4rskilt intresse f\u00f6r hur kultur speglar samh\u00e4llsf\u00f6r\u00e4ndringar, identitet och vardagslivet. Annika har studerat litteraturvetenskap och kulturjournalistik vid Stockholms universitet. Hon har \u00e4ven l\u00e4st konstvetenskap och medievetenskap, vilket ger henne en bred grund n\u00e4r hon analyserar b\u00e5de klassiska verk och moderna kulturuttryck. P\u00e5 Kultur.nu skriver Annika fr\u00e4mst recensioner, f\u00f6rdjupande artiklar och personliga kr\u00f6nikor. Hon bevakar nya b\u00f6cker, uppm\u00e4rksammade teaterf\u00f6rest\u00e4llningar, filmfestivaler, utst\u00e4llningar och aktuella kulturh\u00e4ndelser. Hennes texter k\u00e4nnetecknas av ett nyfiket, kunnigt och tillg\u00e4ngligt spr\u00e5k, d\u00e4r hon vill g\u00f6ra kultur l\u00e4ttare att f\u00f6rst\u00e5 utan att f\u00f6renkla den. Hon har tidigare arbetat med redaktionellt inneh\u00e5ll, intervjuer och kulturbevakning f\u00f6r b\u00e5de digitala magasin och lokala publikationer. I sitt skrivande \u00e5terkommer hon ofta till fr\u00e5gor om ber\u00e4ttande, kreativitet, klass, k\u00f6nsroller och kulturens plats i det moderna samh\u00e4llet.","sameAs":["https:\/\/kultur.nu"],"url":"https:\/\/kultur.nu\/en\/author\/annica\/"}]}},"_links":{"self":[{"href":"https:\/\/kultur.nu\/en\/wp-json\/wp\/v2\/posts\/451","targetHints":{"allow":["GET"]}}],"collection":[{"href":"https:\/\/kultur.nu\/en\/wp-json\/wp\/v2\/posts"}],"about":[{"href":"https:\/\/kultur.nu\/en\/wp-json\/wp\/v2\/types\/post"}],"author":[{"embeddable":true,"href":"https:\/\/kultur.nu\/en\/wp-json\/wp\/v2\/users\/1"}],"replies":[{"embeddable":true,"href":"https:\/\/kultur.nu\/en\/wp-json\/wp\/v2\/comments?post=451"}],"version-history":[{"count":5,"href":"https:\/\/kultur.nu\/en\/wp-json\/wp\/v2\/posts\/451\/revisions"}],"predecessor-version":[{"id":478,"href":"https:\/\/kultur.nu\/en\/wp-json\/wp\/v2\/posts\/451\/revisions\/478"}],"wp:featuredmedia":[{"embeddable":true,"href":"https:\/\/kultur.nu\/en\/wp-json\/wp\/v2\/media\/473"}],"wp:attachment":[{"href":"https:\/\/kultur.nu\/en\/wp-json\/wp\/v2\/media?parent=451"}],"wp:term":[{"taxonomy":"category","embeddable":true,"href":"https:\/\/kultur.nu\/en\/wp-json\/wp\/v2\/categories?post=451"},{"taxonomy":"post_tag","embeddable":true,"href":"https:\/\/kultur.nu\/en\/wp-json\/wp\/v2\/tags?post=451"}],"curies":[{"name":"wp","href":"https:\/\/api.w.org\/{rel}","templated":true}]}}