{"id":515,"date":"2024-09-23T13:45:48","date_gmt":"2024-09-23T11:45:48","guid":{"rendered":"https:\/\/kultur.nu\/?p=515"},"modified":"2025-05-16T13:53:56","modified_gmt":"2025-05-16T11:53:56","slug":"vad-ar-kultur","status":"publish","type":"post","link":"https:\/\/kultur.nu\/en\/vad-ar-kultur\/","title":{"rendered":"Vad \u00e4r kultur?"},"content":{"rendered":"<p class=\"\" data-start=\"47\" data-end=\"650\">Vad \u00e4r <a href=\"https:\/\/kultur.nu\/en\/\">kultur<\/a> egentligen? Det \u00e4r en fr\u00e5ga som verkar teoretisk men som i sj\u00e4lva verket genomsyrar hela ditt liv. Kultur handlar om allt vi m\u00e4nniskor g\u00f6r som inte \u00e4r biologiskt \u2013 allts\u00e5 allt vi l\u00e4r oss, skapar, delar med andra och f\u00f6r vidare till kommande generationer. N\u00e4r du t\u00e4nker p\u00e5 kultur kanske du f\u00f6rst kommer att t\u00e4nka p\u00e5 konstutst\u00e4llningar, teater eller klassisk <a href=\"https:\/\/kultur.nu\/en\/musik\/\">musik<\/a>, men det \u00e4r bara en liten del av vad kultur \u00e4r. Faktum \u00e4r att varje g\u00e5ng du s\u00e4ger &#8221;hej&#8221;, v\u00e4ljer vad du \u00e4ter till frukost, firar en h\u00f6gtid, skrattar \u00e5t ett sk\u00e4mt eller f\u00f6ljer oskrivna regler p\u00e5 bussen \u2013 d\u00e5 agerar du kulturellt.<\/p>\n<p class=\"\" data-start=\"652\" data-end=\"1059\">Kultur \u00e4r allts\u00e5 b\u00e5de det synliga och det osynliga i v\u00e5r vardag. Det \u00e4r v\u00e5ra vanor, normer, spr\u00e5k, v\u00e4rderingar och gemensamma uttryck. Det \u00e4r skillnaden mellan att ta av sig skorna n\u00e4r man g\u00e5r in hemma i Sverige och att beh\u00e5lla dem p\u00e5 i USA. Det \u00e4r skillnaden mellan att h\u00e4lsa med handslag eller med bugning. Det handlar om gemenskap, identitet \u2013 och ibland om konflikter. S\u00e5 ja, kultur ang\u00e5r verkligen dig.<\/p>\n<h3 class=\"\" data-start=\"1061\" data-end=\"1116\">Tv\u00e5 betydelser av kultur \u2013 Konst eller levnadss\u00e4tt?<\/h3>\n<p class=\"\" data-start=\"1118\" data-end=\"1356\">N\u00e4r man talar om kultur i Sverige idag brukar man utg\u00e5 fr\u00e5n tv\u00e5 huvudsakliga f\u00f6rst\u00e5elser: det humanistiska och det samh\u00e4llsvetenskapliga kulturbegreppet. Det \u00e4r tv\u00e5 ganska olika s\u00e4tt att t\u00e4nka kring vad kultur \u00e4r och vad det anv\u00e4nds till.<\/p>\n<p class=\"\" data-start=\"1358\" data-end=\"1863\">Det humanistiska kulturbegreppet r\u00f6r framf\u00f6r allt estetiska uttryck \u2013 s\u00e5nt som <a href=\"https:\/\/kultur.nu\/en\/konst\/\">konst<\/a>, musik, <a href=\"https:\/\/kultur.nu\/en\/litteratur_och_sprak\/\">litteratur<\/a>, teater, <a href=\"https:\/\/kultur.nu\/en\/film\/\">film<\/a> och andra former av andlig och konstn\u00e4rlig odling. Det h\u00e4r \u00e4r det vi ofta ser i kulturdelar i tidningen eller i ett kulturprogram p\u00e5 <a href=\"https:\/\/kultur.nu\/en\/massmedier\/tv\/\">tv<\/a>. Den h\u00e4r synen p\u00e5 kultur f\u00f6rknippas ofta med begreppet &#8221;finkultur&#8221; och kan k\u00e4nnas lite exklusiv \u2013 som n\u00e5got man m\u00e5ste vara bildad f\u00f6r att f\u00f6rst\u00e5. Men den h\u00e4r typen av kultur har en enorm p\u00e5verkan p\u00e5 hur vi formar tankar, k\u00e4nslor och id\u00e9er i samh\u00e4llet.<\/p>\n<p class=\"\" data-start=\"1865\" data-end=\"2259\">Det samh\u00e4llsvetenskapliga kulturbegreppet \u00e4r mycket bredare. H\u00e4r handlar det om kultur som allt det som m\u00e4nniskor delar och f\u00f6r vidare: spr\u00e5k, <a href=\"https:\/\/kultur.nu\/en\/traditioner-i-sverige\/\">traditioner<\/a>, normer, v\u00e4rderingar, religion, lagar, kl\u00e4der, beteenden \u2013 hela det s\u00e4tt vi lever p\u00e5. Det \u00e4r detta perspektiv som anv\u00e4nds inom antropologi, sociologi och psykologi. H\u00e4r ses kultur som n\u00e5got alla har, oavsett utbildning eller samh\u00e4llsklass.<\/p>\n<p class=\"\" data-start=\"2261\" data-end=\"2442\">Det viktiga att f\u00f6rst\u00e5 \u00e4r att b\u00e5da dessa syns\u00e4tt beh\u00f6vs. Det ena fokuserar p\u00e5 vad vi skapar, det andra p\u00e5 hur vi lever. Tillsammans ger de en helhetsbild av vad kultur verkligen \u00e4r.<\/p>\n<h3 class=\"\" data-start=\"2444\" data-end=\"2503\">S\u00e5 h\u00e4r p\u00e5verkar kultur ditt vardagsliv<\/h3>\n<p class=\"\" data-start=\"2505\" data-end=\"2769\">Du kanske inte g\u00e5r p\u00e5 opera eller l\u00e4ser poesi varje dag, men du lever \u00e4nd\u00e5 mitt i kulturen. Varje val du g\u00f6r p\u00e5verkas av den milj\u00f6 och de sociala sammanhang du \u00e4r en del av. M\u00e5nga av de saker du tycker \u00e4r sj\u00e4lvklara \u00e4r det inte alls f\u00f6r n\u00e5gon fr\u00e5n en annan kultur.<\/p>\n<p class=\"\" data-start=\"2771\" data-end=\"2787\">T\u00e4nk p\u00e5 det h\u00e4r:<\/p>\n<ul>\n<li data-start=\"2791\" data-end=\"2873\">Du vet n\u00e4r och hur du ska h\u00e4lsa p\u00e5 n\u00e5gon \u2013 men det varierar stort mellan kulturer.<\/li>\n<li data-start=\"2876\" data-end=\"2971\">Du har en k\u00e4nsla f\u00f6r vad som \u00e4r lagom att s\u00e4ga eller inte \u2013 den k\u00e4nslan \u00e4r kulturellt betingad.<\/li>\n<li data-start=\"2974\" data-end=\"3095\">Du vet vad som \u00e4r &#8221;god mat&#8221; och vad som k\u00e4nns &#8221;konstigt&#8221; \u2013 och det styrs inte av smakl\u00f6karna, utan av uppv\u00e4xt och kultur.<\/li>\n<\/ul>\n<p class=\"\" data-start=\"3097\" data-end=\"3250\">Det handlar om ett slags social programmering. Vi f\u00f6ds inte med dessa kunskaper \u2013 vi l\u00e4r oss dem. Och de p\u00e5verkar varje steg vi tar, ofta helt omedvetet.<\/p>\n<p data-start=\"3097\" data-end=\"3250\"><img loading=\"lazy\" decoding=\"async\" class=\"alignnone size-full wp-image-517\" src=\"https:\/\/kultur.nu\/wp-content\/uploads\/2025\/05\/image25.webp\" alt=\"S\u00e5 h\u00e4r p\u00e5verkar kultur ditt vardagsliv \u2013 mer \u00e4n du tror\" width=\"1200\" height=\"675\" srcset=\"https:\/\/kultur.nu\/wp-content\/uploads\/2025\/05\/image25.webp 1200w, https:\/\/kultur.nu\/wp-content\/uploads\/2025\/05\/image25-300x169.webp 300w, https:\/\/kultur.nu\/wp-content\/uploads\/2025\/05\/image25-1024x576.webp 1024w, https:\/\/kultur.nu\/wp-content\/uploads\/2025\/05\/image25-768x432.webp 768w\" sizes=\"auto, (max-width: 1200px) 100vw, 1200px\" \/><\/p>\n<h3 class=\"\" data-start=\"3252\" data-end=\"3284\">Vad \u00e4r kulturens byggstenar?<\/h3>\n<p class=\"\" data-start=\"3286\" data-end=\"3479\">Forskare har f\u00f6rs\u00f6kt strukturera upp vad som egentligen ing\u00e5r i kultur, och en vanlig modell delar in det i flera grundkomponenter. Tillsammans f\u00f6rklarar de hur kulturer byggs upp och fungerar.<\/p>\n<ul>\n<li data-start=\"3483\" data-end=\"3648\"><strong data-start=\"3483\" data-end=\"3495\">Symboler<\/strong>: Tecken, bilder, flaggor eller gester som betyder n\u00e5got f\u00f6r dem som delar kulturen. Ett hj\u00e4rta betyder k\u00e4rlek i n\u00e4stan hela v\u00e4rlden \u2013 men inte \u00f6verallt.<\/li>\n<li data-start=\"3651\" data-end=\"3761\"><strong data-start=\"3651\" data-end=\"3660\">Spr\u00e5k<\/strong>: B\u00e5de talat och kroppsspr\u00e5k. Det \u00e4r med spr\u00e5ket vi f\u00f6r vidare id\u00e9er, sk\u00e4mt, k\u00e4nslor och traditioner.<\/li>\n<li data-start=\"3764\" data-end=\"3896\"><strong data-start=\"3764\" data-end=\"3779\">V\u00e4rderingar<\/strong>: Vad som ses som r\u00e4tt eller fel. Det kan handla om moral, men ocks\u00e5 om vardagsval \u2013 som vad som \u00e4r &#8221;bra uppfostran&#8221;.<\/li>\n<li data-start=\"3899\" data-end=\"4013\"><strong data-start=\"3899\" data-end=\"3909\">Normer<\/strong>: De oskrivna reglerna \u2013 eller ibland formella lagar \u2013 som s\u00e4ger hur du b\u00f6r bete dig i olika sammanhang.<\/li>\n<li data-start=\"4016\" data-end=\"4102\"><strong data-start=\"4016\" data-end=\"4030\">Artefakter<\/strong>: Allt fysiskt vi skapar, fr\u00e5n kl\u00e4der och hus till teknik och konstverk.<\/li>\n<li data-start=\"4105\" data-end=\"4214\"><strong data-start=\"4105\" data-end=\"4127\">Sociala strukturer<\/strong>: Hur vi organiserar v\u00e5ra samh\u00e4llen \u2013 till exempel familj, skola, politik och religion.<\/li>\n<\/ul>\n<p class=\"\" data-start=\"4216\" data-end=\"4360\">Tillsammans bildar dessa delar det n\u00e4tverk vi kallar kultur. Det \u00e4r inte statiskt \u2013 tv\u00e4rtom. Kultur utvecklas, f\u00f6r\u00e4ndras, p\u00e5verkas och p\u00e5verkar.<\/p>\n<h3 class=\"\" data-start=\"4362\" data-end=\"4406\">Vardagliga exempel p\u00e5 kultur<\/h3>\n<p class=\"\" data-start=\"4408\" data-end=\"4519\">F\u00f6r att visa hur konkret kultur \u00e4r, h\u00e4r \u00e4r n\u00e5gra typiska vardagssituationer som \u00e4r fulla av kulturella uttryck:<\/p>\n<ul>\n<li data-start=\"4523\" data-end=\"4583\">Att sitta i tyst avdelning p\u00e5 t\u00e5get utan att prata i telefon<\/li>\n<li data-start=\"4586\" data-end=\"4632\">Att st\u00e5 i k\u00f6 p\u00e5 Systembolaget utan att tr\u00e4ngas<\/li>\n<li data-start=\"4635\" data-end=\"4688\">Att fira <a href=\"https:\/\/kultur.nu\/en\/varfor-firar-man-midsommar\/\">midsommar<\/a> med sill, potatis och sm\u00e5 grodorna<\/li>\n<li data-start=\"4691\" data-end=\"4730\">Att ha fikapaus p\u00e5 jobbet klockan 10.00<\/li>\n<li data-start=\"4733\" data-end=\"4778\">Att tycka att sn\u00f6 p\u00e5 julafton \u00e4r &#8221;r\u00e4tt&#8221; v\u00e4der<\/li>\n<\/ul>\n<p class=\"\" data-start=\"4780\" data-end=\"4845\">Det \u00e4r sm\u00e5 saker, men de s\u00e4ger mycket om hur v\u00e5r kultur fungerar.<\/p>\n<h3 class=\"\" data-start=\"4847\" data-end=\"4902\">Kultur \u00e4r n\u00e5got vi l\u00e4r oss \u2013 Inte n\u00e5got vi f\u00f6ds med<\/h3>\n<p class=\"\" data-start=\"4904\" data-end=\"5189\">Ingen f\u00f6ds med kunskap om hur man firar p\u00e5sk eller vilket spr\u00e5k man ska prata. Vi l\u00e4r oss det. Det sker genom <strong data-start=\"5014\" data-end=\"5031\">socialisation<\/strong> \u2013 processen d\u00e4r vi tar till oss den kultur vi v\u00e4xer upp i. Det b\u00f6rjar tidigt i familjen, forts\u00e4tter i f\u00f6rskolan, skolan och genom media, v\u00e4nner och samh\u00e4lle.<\/p>\n<p class=\"\" data-start=\"5191\" data-end=\"5476\">Men inl\u00e4rningen \u00e4r inte statisk. Vi tar hela tiden in nya kulturella inslag \u2013 s\u00e4rskilt i en globaliserad v\u00e4rld d\u00e4r vi p\u00e5verkas av andra genom film, internet, resor och migration. P\u00e5 s\u00e5 s\u00e4tt f\u00f6r\u00e4ndras kulturen st\u00e4ndigt, samtidigt som vissa delar f\u00f6rs vidare generation efter generation.<\/p>\n<p class=\"\" data-start=\"5478\" data-end=\"5541\">Vi \u00e4r allts\u00e5 b\u00e5de b\u00e4rare av kultur och medskapare av ny kultur.<\/p>\n<p data-start=\"5478\" data-end=\"5541\"><img loading=\"lazy\" decoding=\"async\" class=\"alignnone size-full wp-image-518\" src=\"https:\/\/kultur.nu\/wp-content\/uploads\/2025\/05\/image24.webp\" alt=\"Kultur \u00e4r n\u00e5got vi l\u00e4r oss \u2013 Inte n\u00e5got vi f\u00f6ds med\" width=\"1000\" height=\"567\" srcset=\"https:\/\/kultur.nu\/wp-content\/uploads\/2025\/05\/image24.webp 1000w, https:\/\/kultur.nu\/wp-content\/uploads\/2025\/05\/image24-300x170.webp 300w, https:\/\/kultur.nu\/wp-content\/uploads\/2025\/05\/image24-768x435.webp 768w\" sizes=\"auto, (max-width: 1000px) 100vw, 1000px\" \/><\/p>\n<h3 class=\"\" data-start=\"5543\" data-end=\"5586\">Subkulturer, kulturkrockar och m\u00e5ngfald<\/h3>\n<p class=\"\" data-start=\"5588\" data-end=\"5844\">Inom varje st\u00f6rre kultur finns m\u00e4ngder av mindre kulturer \u2013 <strong data-start=\"5648\" data-end=\"5663\">subkulturer<\/strong>. Det kan vara allt fr\u00e5n ungdomsgrupper och musikstilar till yrkesgrupper och etniska minoriteter. Subkulturer skapar sin egen stil, jargong, musik och ibland helt egna v\u00e4rderingar.<\/p>\n<p class=\"\" data-start=\"5846\" data-end=\"6127\">N\u00e4r olika kulturer m\u00f6ts uppst\u00e5r ibland <strong data-start=\"5885\" data-end=\"5902\"><a href=\"https:\/\/kultur.nu\/en\/kulturkrockar\/\">kulturkrockar<\/a><\/strong> \u2013 allts\u00e5 missf\u00f6rst\u00e5nd eller konflikter mellan m\u00e4nniskor med olika normer eller f\u00f6rv\u00e4ntningar. Det kan vara frustrerande, men det \u00e4r ocks\u00e5 d\u00e4r utveckling ofta sker. Nya id\u00e9er f\u00f6ds ofta i m\u00f6tet mellan det k\u00e4nda och det ok\u00e4nda.<\/p>\n<p class=\"\" data-start=\"6129\" data-end=\"6362\">I dagens samh\u00e4lle pratar vi ofta om <strong data-start=\"6165\" data-end=\"6177\">m\u00e5ngfald<\/strong> och <strong data-start=\"6182\" data-end=\"6195\">pluralism<\/strong> \u2013 att olika kulturer ska kunna samexistera och berika varandra. Det \u00e4r en utmaning, men ocks\u00e5 en enorm m\u00f6jlighet till innovation, kreativitet och m\u00e4nsklig utveckling.<\/p>\n<h3 class=\"\" data-start=\"6364\" data-end=\"6414\">Vanliga orsaker till kulturkrockar<\/h3>\n<p class=\"\" data-start=\"6416\" data-end=\"6480\">H\u00e4r \u00e4r n\u00e5gra typiska situationer d\u00e4r kulturkrockar l\u00e4tt uppst\u00e5r:<\/p>\n<ul>\n<li data-start=\"6484\" data-end=\"6524\">Skillnader i kroppsspr\u00e5k och \u00f6gonkontakt<\/li>\n<li data-start=\"6527\" data-end=\"6565\">Olika syn p\u00e5 k\u00f6nsroller och auktoritet<\/li>\n<li data-start=\"6568\" data-end=\"6624\">Olikheter i matvanor, religi\u00f6sa ritualer eller kl\u00e4dkoder<\/li>\n<li data-start=\"6627\" data-end=\"6673\">Olika s\u00e4tt att visa respekt eller uppskattning<\/li>\n<li data-start=\"6676\" data-end=\"6712\">Missf\u00f6rst\u00e5nd kring humor eller ironi<\/li>\n<\/ul>\n<p class=\"\" data-start=\"6714\" data-end=\"6827\">Att f\u00f6rst\u00e5 att dessa skillnader inte \u00e4r \u201dr\u00e4tt\u201d eller \u201dfel\u201d \u00e4r f\u00f6rsta steget till att bygga broar mellan kulturer.<\/p>\n<p data-start=\"6714\" data-end=\"6827\"><img loading=\"lazy\" decoding=\"async\" class=\"alignnone size-full wp-image-519\" src=\"https:\/\/kultur.nu\/wp-content\/uploads\/2025\/05\/image27.webp\" alt=\"Vanliga orsaker till kulturkrockar\" width=\"800\" height=\"330\" srcset=\"https:\/\/kultur.nu\/wp-content\/uploads\/2025\/05\/image27.webp 800w, https:\/\/kultur.nu\/wp-content\/uploads\/2025\/05\/image27-300x124.webp 300w, https:\/\/kultur.nu\/wp-content\/uploads\/2025\/05\/image27-768x317.webp 768w\" sizes=\"auto, (max-width: 800px) 100vw, 800px\" \/><\/p>\n<h3 class=\"\" data-start=\"6829\" data-end=\"6887\">Kulturell f\u00f6r\u00e4ndring \u2013 Varf\u00f6r kultur aldrig st\u00e5r still<\/h3>\n<p class=\"\" data-start=\"6889\" data-end=\"7214\">Kultur \u00e4r inte n\u00e5got f\u00e4rdigt, fast eller of\u00f6r\u00e4nderligt. Den f\u00f6r\u00e4ndras st\u00e4ndigt, \u00e4ven om det ibland sker l\u00e5ngsamt. Nya id\u00e9er, teknik, influenser fr\u00e5n andra kulturer och samh\u00e4llsf\u00f6r\u00e4ndringar g\u00f6r att kulturer st\u00e4ndigt omformas. Det som ans\u00e5gs h\u00f6ra till \u201dfinkultur\u201d f\u00f6r 100 \u00e5r sedan kanske \u00e4r <a href=\"https:\/\/kultur.nu\/en\/popularkultur\/\">popul\u00e4rkultur<\/a> idag \u2013 och vice versa.<\/p>\n<p class=\"\" data-start=\"7216\" data-end=\"7274\">Faktorer som p\u00e5verkar kulturell f\u00f6r\u00e4ndring \u00e4r bland annat:<\/p>\n<ul>\n<li data-start=\"7278\" data-end=\"7331\">Teknologisk utveckling (internet, AI, <a href=\"https:\/\/kultur.nu\/en\/digital-konst\/\">digitalisering<\/a>)<\/li>\n<li data-start=\"7334\" data-end=\"7361\">Migration och globalisering<\/li>\n<li data-start=\"7364\" data-end=\"7404\">Politisk f\u00f6r\u00e4ndring och sociala r\u00f6relser<\/li>\n<li data-start=\"7407\" data-end=\"7436\">Ungdomars attityder och vanor<\/li>\n<li data-start=\"7439\" data-end=\"7472\">Nya s\u00e4tt att kommunicera och leva<\/li>\n<\/ul>\n<p class=\"\" data-start=\"7474\" data-end=\"7595\">Det g\u00e5r allts\u00e5 inte att prata om kultur som n\u00e5got f\u00e4rdigt paket. Den \u00e4r mer som en levande organism \u2013 st\u00e4ndigt i r\u00f6relse.<\/p>\n<h3 class=\"\" data-start=\"7597\" data-end=\"7656\">Ett nytt perspektiv: kultur som ditt filter mot v\u00e4rlden<\/h3>\n<p class=\"\" data-start=\"7658\" data-end=\"8098\">En del forskare menar att kultur fungerar som ett filter \u2013 det glas\u00f6gonpar du har p\u00e5 dig utan att veta om det. Det styr hur du uppfattar v\u00e4rlden, vad du ser som r\u00e4tt och fel, vackert eller fult, normalt eller konstigt. Att f\u00f6rst\u00e5 sin egen kultur \u00e4r d\u00e4rf\u00f6r ett f\u00f6rsta steg till att ocks\u00e5 f\u00f6rst\u00e5 andra. F\u00f6rst d\u00e5 blir det m\u00f6jligt att navigera i en allt mer globaliserad v\u00e4rld \u2013 och skapa kontakt bortom missf\u00f6rst\u00e5nd, f\u00f6rdomar och f\u00f6renklingar.<\/p>\n<p class=\"\" data-start=\"8100\" data-end=\"8161\">Och i den f\u00f6rst\u00e5elsen ligger svaret p\u00e5 fr\u00e5gan: Vad \u00e4r kultur?<\/p>","protected":false},"excerpt":{"rendered":"<p>Vad \u00e4r kultur egentligen? Det \u00e4r en fr\u00e5ga som verkar teoretisk men som i sj\u00e4lva&hellip;<\/p>","protected":false},"author":1,"featured_media":516,"comment_status":"open","ping_status":"open","sticky":false,"template":"","format":"standard","meta":{"_yoast_wpseo_focuskw":"","_yoast_wpseo_title":"","_yoast_wpseo_metadesc":"","_yoast_wpseo_meta-robots-noindex":"","_yoast_wpseo_meta-robots-nofollow":"","_yoast_wpseo_canonical":"","_yoast_wpseo_opengraph-title":"","_yoast_wpseo_opengraph-description":"","_yoast_wpseo_twitter-title":"","_yoast_wpseo_twitter-description":"","footnotes":"","rank_math_description":"","rank_math_focus_keyword":"","rank_math_title":"","rank_math_canonical_url":"","rank_math_robots":"","rank_math_facebook_title":"","rank_math_facebook_description":"","rank_math_twitter_title":"","rank_math_twitter_description":""},"categories":[2],"tags":[],"class_list":["post-515","post","type-post","status-publish","format-standard","has-post-thumbnail","hentry","category-aktuellt"],"yoast_head":"<!-- This site is optimized with the Yoast SEO plugin v27.5 - https:\/\/yoast.com\/product\/yoast-seo-wordpress\/ -->\n<title>Vad \u00e4r kultur? - Kultur i Sverige<\/title>\n<meta name=\"robots\" content=\"index, follow, max-snippet:-1, max-image-preview:large, max-video-preview:-1\" \/>\n<link rel=\"canonical\" href=\"https:\/\/kultur.nu\/en\/vad-ar-kultur\/\" \/>\n<meta property=\"og:locale\" content=\"en_US\" \/>\n<meta property=\"og:type\" content=\"article\" \/>\n<meta property=\"og:title\" content=\"Vad \u00e4r kultur? - Kultur i Sverige\" \/>\n<meta property=\"og:description\" content=\"Vad \u00e4r kultur egentligen? Det \u00e4r en fr\u00e5ga som verkar teoretisk men som i sj\u00e4lva&hellip;\" \/>\n<meta property=\"og:url\" content=\"https:\/\/kultur.nu\/en\/vad-ar-kultur\/\" \/>\n<meta property=\"og:site_name\" content=\"Kultur i Sverige\" \/>\n<meta property=\"article:published_time\" content=\"2024-09-23T11:45:48+00:00\" \/>\n<meta property=\"article:modified_time\" content=\"2025-05-16T11:53:56+00:00\" \/>\n<meta property=\"og:image\" content=\"https:\/\/kultur.nu\/wp-content\/uploads\/2025\/05\/image26.webp\" \/>\n\t<meta property=\"og:image:width\" content=\"1200\" \/>\n\t<meta property=\"og:image:height\" content=\"675\" \/>\n\t<meta property=\"og:image:type\" content=\"image\/webp\" \/>\n<meta name=\"author\" content=\"Annica\" \/>\n<meta name=\"twitter:card\" content=\"summary_large_image\" \/>\n<meta name=\"twitter:label1\" content=\"Written by\" \/>\n\t<meta name=\"twitter:data1\" content=\"Annica\" \/>\n\t<meta name=\"twitter:label2\" content=\"Est. reading time\" \/>\n\t<meta name=\"twitter:data2\" content=\"8 minutes\" \/>\n<script type=\"application\/ld+json\" class=\"yoast-schema-graph\">{\"@context\":\"https:\\\/\\\/schema.org\",\"@graph\":[{\"@type\":\"Article\",\"@id\":\"https:\\\/\\\/kultur.nu\\\/vad-ar-kultur\\\/#article\",\"isPartOf\":{\"@id\":\"https:\\\/\\\/kultur.nu\\\/vad-ar-kultur\\\/\"},\"author\":{\"name\":\"Annica\",\"@id\":\"https:\\\/\\\/kultur.nu\\\/#\\\/schema\\\/person\\\/cbafe9491d5ea09a25eace8883923b2c\"},\"headline\":\"Vad \u00e4r kultur?\",\"datePublished\":\"2024-09-23T11:45:48+00:00\",\"dateModified\":\"2025-05-16T11:53:56+00:00\",\"mainEntityOfPage\":{\"@id\":\"https:\\\/\\\/kultur.nu\\\/vad-ar-kultur\\\/\"},\"wordCount\":1540,\"commentCount\":0,\"publisher\":{\"@id\":\"https:\\\/\\\/kultur.nu\\\/#organization\"},\"image\":{\"@id\":\"https:\\\/\\\/kultur.nu\\\/vad-ar-kultur\\\/#primaryimage\"},\"thumbnailUrl\":\"https:\\\/\\\/kultur.nu\\\/wp-content\\\/uploads\\\/2025\\\/05\\\/image26.webp\",\"articleSection\":[\"Aktuellt\"],\"inLanguage\":\"en-US\",\"potentialAction\":[{\"@type\":\"CommentAction\",\"name\":\"Comment\",\"target\":[\"https:\\\/\\\/kultur.nu\\\/vad-ar-kultur\\\/#respond\"]}]},{\"@type\":\"WebPage\",\"@id\":\"https:\\\/\\\/kultur.nu\\\/vad-ar-kultur\\\/\",\"url\":\"https:\\\/\\\/kultur.nu\\\/vad-ar-kultur\\\/\",\"name\":\"Vad \u00e4r kultur? - Kultur i Sverige\",\"isPartOf\":{\"@id\":\"https:\\\/\\\/kultur.nu\\\/#website\"},\"primaryImageOfPage\":{\"@id\":\"https:\\\/\\\/kultur.nu\\\/vad-ar-kultur\\\/#primaryimage\"},\"image\":{\"@id\":\"https:\\\/\\\/kultur.nu\\\/vad-ar-kultur\\\/#primaryimage\"},\"thumbnailUrl\":\"https:\\\/\\\/kultur.nu\\\/wp-content\\\/uploads\\\/2025\\\/05\\\/image26.webp\",\"datePublished\":\"2024-09-23T11:45:48+00:00\",\"dateModified\":\"2025-05-16T11:53:56+00:00\",\"breadcrumb\":{\"@id\":\"https:\\\/\\\/kultur.nu\\\/vad-ar-kultur\\\/#breadcrumb\"},\"inLanguage\":\"en-US\",\"potentialAction\":[{\"@type\":\"ReadAction\",\"target\":[\"https:\\\/\\\/kultur.nu\\\/vad-ar-kultur\\\/\"]}]},{\"@type\":\"ImageObject\",\"inLanguage\":\"en-US\",\"@id\":\"https:\\\/\\\/kultur.nu\\\/vad-ar-kultur\\\/#primaryimage\",\"url\":\"https:\\\/\\\/kultur.nu\\\/wp-content\\\/uploads\\\/2025\\\/05\\\/image26.webp\",\"contentUrl\":\"https:\\\/\\\/kultur.nu\\\/wp-content\\\/uploads\\\/2025\\\/05\\\/image26.webp\",\"width\":1200,\"height\":675,\"caption\":\"vad \u00e4r kultur\"},{\"@type\":\"BreadcrumbList\",\"@id\":\"https:\\\/\\\/kultur.nu\\\/vad-ar-kultur\\\/#breadcrumb\",\"itemListElement\":[{\"@type\":\"ListItem\",\"position\":1,\"name\":\"Hem\",\"item\":\"https:\\\/\\\/kultur.nu\\\/\"},{\"@type\":\"ListItem\",\"position\":2,\"name\":\"Vad \u00e4r kultur?\"}]},{\"@type\":\"WebSite\",\"@id\":\"https:\\\/\\\/kultur.nu\\\/#website\",\"url\":\"https:\\\/\\\/kultur.nu\\\/\",\"name\":\"Kultur i Sverige\",\"description\":\"\",\"publisher\":{\"@id\":\"https:\\\/\\\/kultur.nu\\\/#organization\"},\"potentialAction\":[{\"@type\":\"SearchAction\",\"target\":{\"@type\":\"EntryPoint\",\"urlTemplate\":\"https:\\\/\\\/kultur.nu\\\/?s={search_term_string}\"},\"query-input\":{\"@type\":\"PropertyValueSpecification\",\"valueRequired\":true,\"valueName\":\"search_term_string\"}}],\"inLanguage\":\"en-US\"},{\"@type\":\"Organization\",\"@id\":\"https:\\\/\\\/kultur.nu\\\/#organization\",\"name\":\"Kultur i Sverige\",\"url\":\"https:\\\/\\\/kultur.nu\\\/\",\"logo\":{\"@type\":\"ImageObject\",\"inLanguage\":\"en-US\",\"@id\":\"https:\\\/\\\/kultur.nu\\\/#\\\/schema\\\/logo\\\/image\\\/\",\"url\":\"https:\\\/\\\/kultur.nu\\\/wp-content\\\/uploads\\\/2025\\\/10\\\/cropped-Kultur.nu-logo.webp\",\"contentUrl\":\"https:\\\/\\\/kultur.nu\\\/wp-content\\\/uploads\\\/2025\\\/10\\\/cropped-Kultur.nu-logo.webp\",\"width\":510,\"height\":95,\"caption\":\"Kultur i Sverige\"},\"image\":{\"@id\":\"https:\\\/\\\/kultur.nu\\\/#\\\/schema\\\/logo\\\/image\\\/\"}},{\"@type\":\"Person\",\"@id\":\"https:\\\/\\\/kultur.nu\\\/#\\\/schema\\\/person\\\/cbafe9491d5ea09a25eace8883923b2c\",\"name\":\"Annica\",\"image\":{\"@type\":\"ImageObject\",\"inLanguage\":\"en-US\",\"@id\":\"https:\\\/\\\/secure.gravatar.com\\\/avatar\\\/d78c2d842df13ded689c841d90a91fd72f6cc9e7250f7066a537c14f82302546?s=96&d=mm&r=g\",\"url\":\"https:\\\/\\\/secure.gravatar.com\\\/avatar\\\/d78c2d842df13ded689c841d90a91fd72f6cc9e7250f7066a537c14f82302546?s=96&d=mm&r=g\",\"contentUrl\":\"https:\\\/\\\/secure.gravatar.com\\\/avatar\\\/d78c2d842df13ded689c841d90a91fd72f6cc9e7250f7066a537c14f82302546?s=96&d=mm&r=g\",\"caption\":\"Annica\"},\"description\":\"Annika Axelsson \u00e4r kulturskribent p\u00e5 Kultur.nu, d\u00e4r hon skriver om litteratur, film, teater, konst och samtida kulturdebatt. Hon har ett s\u00e4rskilt intresse f\u00f6r hur kultur speglar samh\u00e4llsf\u00f6r\u00e4ndringar, identitet och vardagslivet. Annika har studerat litteraturvetenskap och kulturjournalistik vid Stockholms universitet. Hon har \u00e4ven l\u00e4st konstvetenskap och medievetenskap, vilket ger henne en bred grund n\u00e4r hon analyserar b\u00e5de klassiska verk och moderna kulturuttryck. P\u00e5 Kultur.nu skriver Annika fr\u00e4mst recensioner, f\u00f6rdjupande artiklar och personliga kr\u00f6nikor. Hon bevakar nya b\u00f6cker, uppm\u00e4rksammade teaterf\u00f6rest\u00e4llningar, filmfestivaler, utst\u00e4llningar och aktuella kulturh\u00e4ndelser. Hennes texter k\u00e4nnetecknas av ett nyfiket, kunnigt och tillg\u00e4ngligt spr\u00e5k, d\u00e4r hon vill g\u00f6ra kultur l\u00e4ttare att f\u00f6rst\u00e5 utan att f\u00f6renkla den. Hon har tidigare arbetat med redaktionellt inneh\u00e5ll, intervjuer och kulturbevakning f\u00f6r b\u00e5de digitala magasin och lokala publikationer. I sitt skrivande \u00e5terkommer hon ofta till fr\u00e5gor om ber\u00e4ttande, kreativitet, klass, k\u00f6nsroller och kulturens plats i det moderna samh\u00e4llet.\",\"sameAs\":[\"https:\\\/\\\/kultur.nu\"],\"url\":\"https:\\\/\\\/kultur.nu\\\/en\\\/author\\\/annica\\\/\"}]}<\/script>\n<!-- \/ Yoast SEO plugin. -->","yoast_head_json":{"title":"Vad \u00e4r kultur? - Kultur i Sverige","robots":{"index":"index","follow":"follow","max-snippet":"max-snippet:-1","max-image-preview":"max-image-preview:large","max-video-preview":"max-video-preview:-1"},"canonical":"https:\/\/kultur.nu\/en\/vad-ar-kultur\/","og_locale":"en_US","og_type":"article","og_title":"Vad \u00e4r kultur? - Kultur i Sverige","og_description":"Vad \u00e4r kultur egentligen? Det \u00e4r en fr\u00e5ga som verkar teoretisk men som i sj\u00e4lva&hellip;","og_url":"https:\/\/kultur.nu\/en\/vad-ar-kultur\/","og_site_name":"Kultur i Sverige","article_published_time":"2024-09-23T11:45:48+00:00","article_modified_time":"2025-05-16T11:53:56+00:00","og_image":[{"width":1200,"height":675,"url":"https:\/\/kultur.nu\/wp-content\/uploads\/2025\/05\/image26.webp","type":"image\/webp"}],"author":"Annica","twitter_card":"summary_large_image","twitter_misc":{"Written by":"Annica","Est. reading time":"8 minutes"},"schema":{"@context":"https:\/\/schema.org","@graph":[{"@type":"Article","@id":"https:\/\/kultur.nu\/vad-ar-kultur\/#article","isPartOf":{"@id":"https:\/\/kultur.nu\/vad-ar-kultur\/"},"author":{"name":"Annica","@id":"https:\/\/kultur.nu\/#\/schema\/person\/cbafe9491d5ea09a25eace8883923b2c"},"headline":"Vad \u00e4r kultur?","datePublished":"2024-09-23T11:45:48+00:00","dateModified":"2025-05-16T11:53:56+00:00","mainEntityOfPage":{"@id":"https:\/\/kultur.nu\/vad-ar-kultur\/"},"wordCount":1540,"commentCount":0,"publisher":{"@id":"https:\/\/kultur.nu\/#organization"},"image":{"@id":"https:\/\/kultur.nu\/vad-ar-kultur\/#primaryimage"},"thumbnailUrl":"https:\/\/kultur.nu\/wp-content\/uploads\/2025\/05\/image26.webp","articleSection":["Aktuellt"],"inLanguage":"en-US","potentialAction":[{"@type":"CommentAction","name":"Comment","target":["https:\/\/kultur.nu\/vad-ar-kultur\/#respond"]}]},{"@type":"WebPage","@id":"https:\/\/kultur.nu\/vad-ar-kultur\/","url":"https:\/\/kultur.nu\/vad-ar-kultur\/","name":"Vad \u00e4r kultur? - Kultur i Sverige","isPartOf":{"@id":"https:\/\/kultur.nu\/#website"},"primaryImageOfPage":{"@id":"https:\/\/kultur.nu\/vad-ar-kultur\/#primaryimage"},"image":{"@id":"https:\/\/kultur.nu\/vad-ar-kultur\/#primaryimage"},"thumbnailUrl":"https:\/\/kultur.nu\/wp-content\/uploads\/2025\/05\/image26.webp","datePublished":"2024-09-23T11:45:48+00:00","dateModified":"2025-05-16T11:53:56+00:00","breadcrumb":{"@id":"https:\/\/kultur.nu\/vad-ar-kultur\/#breadcrumb"},"inLanguage":"en-US","potentialAction":[{"@type":"ReadAction","target":["https:\/\/kultur.nu\/vad-ar-kultur\/"]}]},{"@type":"ImageObject","inLanguage":"en-US","@id":"https:\/\/kultur.nu\/vad-ar-kultur\/#primaryimage","url":"https:\/\/kultur.nu\/wp-content\/uploads\/2025\/05\/image26.webp","contentUrl":"https:\/\/kultur.nu\/wp-content\/uploads\/2025\/05\/image26.webp","width":1200,"height":675,"caption":"vad \u00e4r kultur"},{"@type":"BreadcrumbList","@id":"https:\/\/kultur.nu\/vad-ar-kultur\/#breadcrumb","itemListElement":[{"@type":"ListItem","position":1,"name":"Hem","item":"https:\/\/kultur.nu\/"},{"@type":"ListItem","position":2,"name":"Vad \u00e4r kultur?"}]},{"@type":"WebSite","@id":"https:\/\/kultur.nu\/#website","url":"https:\/\/kultur.nu\/","name":"Kultur i Sverige","description":"","publisher":{"@id":"https:\/\/kultur.nu\/#organization"},"potentialAction":[{"@type":"SearchAction","target":{"@type":"EntryPoint","urlTemplate":"https:\/\/kultur.nu\/?s={search_term_string}"},"query-input":{"@type":"PropertyValueSpecification","valueRequired":true,"valueName":"search_term_string"}}],"inLanguage":"en-US"},{"@type":"Organization","@id":"https:\/\/kultur.nu\/#organization","name":"Kultur i Sverige","url":"https:\/\/kultur.nu\/","logo":{"@type":"ImageObject","inLanguage":"en-US","@id":"https:\/\/kultur.nu\/#\/schema\/logo\/image\/","url":"https:\/\/kultur.nu\/wp-content\/uploads\/2025\/10\/cropped-Kultur.nu-logo.webp","contentUrl":"https:\/\/kultur.nu\/wp-content\/uploads\/2025\/10\/cropped-Kultur.nu-logo.webp","width":510,"height":95,"caption":"Kultur i Sverige"},"image":{"@id":"https:\/\/kultur.nu\/#\/schema\/logo\/image\/"}},{"@type":"Person","@id":"https:\/\/kultur.nu\/#\/schema\/person\/cbafe9491d5ea09a25eace8883923b2c","name":"Annica","image":{"@type":"ImageObject","inLanguage":"en-US","@id":"https:\/\/secure.gravatar.com\/avatar\/d78c2d842df13ded689c841d90a91fd72f6cc9e7250f7066a537c14f82302546?s=96&d=mm&r=g","url":"https:\/\/secure.gravatar.com\/avatar\/d78c2d842df13ded689c841d90a91fd72f6cc9e7250f7066a537c14f82302546?s=96&d=mm&r=g","contentUrl":"https:\/\/secure.gravatar.com\/avatar\/d78c2d842df13ded689c841d90a91fd72f6cc9e7250f7066a537c14f82302546?s=96&d=mm&r=g","caption":"Annica"},"description":"Annika Axelsson \u00e4r kulturskribent p\u00e5 Kultur.nu, d\u00e4r hon skriver om litteratur, film, teater, konst och samtida kulturdebatt. Hon har ett s\u00e4rskilt intresse f\u00f6r hur kultur speglar samh\u00e4llsf\u00f6r\u00e4ndringar, identitet och vardagslivet. Annika har studerat litteraturvetenskap och kulturjournalistik vid Stockholms universitet. Hon har \u00e4ven l\u00e4st konstvetenskap och medievetenskap, vilket ger henne en bred grund n\u00e4r hon analyserar b\u00e5de klassiska verk och moderna kulturuttryck. P\u00e5 Kultur.nu skriver Annika fr\u00e4mst recensioner, f\u00f6rdjupande artiklar och personliga kr\u00f6nikor. Hon bevakar nya b\u00f6cker, uppm\u00e4rksammade teaterf\u00f6rest\u00e4llningar, filmfestivaler, utst\u00e4llningar och aktuella kulturh\u00e4ndelser. Hennes texter k\u00e4nnetecknas av ett nyfiket, kunnigt och tillg\u00e4ngligt spr\u00e5k, d\u00e4r hon vill g\u00f6ra kultur l\u00e4ttare att f\u00f6rst\u00e5 utan att f\u00f6renkla den. Hon har tidigare arbetat med redaktionellt inneh\u00e5ll, intervjuer och kulturbevakning f\u00f6r b\u00e5de digitala magasin och lokala publikationer. I sitt skrivande \u00e5terkommer hon ofta till fr\u00e5gor om ber\u00e4ttande, kreativitet, klass, k\u00f6nsroller och kulturens plats i det moderna samh\u00e4llet.","sameAs":["https:\/\/kultur.nu"],"url":"https:\/\/kultur.nu\/en\/author\/annica\/"}]}},"_links":{"self":[{"href":"https:\/\/kultur.nu\/en\/wp-json\/wp\/v2\/posts\/515","targetHints":{"allow":["GET"]}}],"collection":[{"href":"https:\/\/kultur.nu\/en\/wp-json\/wp\/v2\/posts"}],"about":[{"href":"https:\/\/kultur.nu\/en\/wp-json\/wp\/v2\/types\/post"}],"author":[{"embeddable":true,"href":"https:\/\/kultur.nu\/en\/wp-json\/wp\/v2\/users\/1"}],"replies":[{"embeddable":true,"href":"https:\/\/kultur.nu\/en\/wp-json\/wp\/v2\/comments?post=515"}],"version-history":[{"count":2,"href":"https:\/\/kultur.nu\/en\/wp-json\/wp\/v2\/posts\/515\/revisions"}],"predecessor-version":[{"id":521,"href":"https:\/\/kultur.nu\/en\/wp-json\/wp\/v2\/posts\/515\/revisions\/521"}],"wp:featuredmedia":[{"embeddable":true,"href":"https:\/\/kultur.nu\/en\/wp-json\/wp\/v2\/media\/516"}],"wp:attachment":[{"href":"https:\/\/kultur.nu\/en\/wp-json\/wp\/v2\/media?parent=515"}],"wp:term":[{"taxonomy":"category","embeddable":true,"href":"https:\/\/kultur.nu\/en\/wp-json\/wp\/v2\/categories?post=515"},{"taxonomy":"post_tag","embeddable":true,"href":"https:\/\/kultur.nu\/en\/wp-json\/wp\/v2\/tags?post=515"}],"curies":[{"name":"wp","href":"https:\/\/api.w.org\/{rel}","templated":true}]}}