{"id":522,"date":"2024-10-08T13:56:44","date_gmt":"2024-10-08T11:56:44","guid":{"rendered":"https:\/\/kultur.nu\/?p=522"},"modified":"2025-05-16T14:03:31","modified_gmt":"2025-05-16T12:03:31","slug":"svensk-kultur","status":"publish","type":"post","link":"https:\/\/kultur.nu\/en\/svensk-kultur\/","title":{"rendered":"Uppt\u00e4ck svensk kultur \u2013 Fr\u00e5n midsommar till k\u00f6ttbullar och design"},"content":{"rendered":"<p class=\"\" data-start=\"71\" data-end=\"677\">N\u00e4r du h\u00f6r orden <em data-start=\"88\" data-end=\"103\">svensk <a href=\"https:\/\/kultur.nu\/en\/\">kultur<\/a><\/em>, vad t\u00e4nker du p\u00e5? Kanske IKEA, k\u00f6ttbullar eller ABBA? Allt det d\u00e4r \u00e4r f\u00f6rst\u00e5s en del av bilden, men svensk kultur \u00e4r mycket mer \u00e4n n\u00e5gra k\u00e4nda symboler. Det \u00e4r en v\u00e4v av <a href=\"https:\/\/kultur.nu\/en\/traditioner-i-sverige\/\">traditioner<\/a>, v\u00e4rderingar, vanor, uttryck och gemenskap som formar vardagen och festligheterna f\u00f6r miljontals m\u00e4nniskor i Sverige. H\u00e4r f\u00e5r du f\u00f6lja med p\u00e5 en resa genom svensk kultur \u2013 en kultur som r\u00f6r sig mellan skogen och operahuset, mellan tyst fika och h\u00f6gljudd snapsvisa. Vi tittar n\u00e4rmare p\u00e5 vad som k\u00e4nnetecknar Sverige, fr\u00e5n maten och h\u00f6gtiderna till design, musik, spr\u00e5k och vardagliga normer.<\/p>\n<h3 class=\"\" data-start=\"679\" data-end=\"735\">Traditionella r\u00e4tter som s\u00e4ger allt om svensk kultur<\/h3>\n<p class=\"\" data-start=\"737\" data-end=\"1083\">Mat \u00e4r en av de mest konkreta uttrycken f\u00f6r en kulturs sj\u00e4l. I Sverige har maten historiskt formats av klimatet, de l\u00e5nga vintrarna och n\u00e4rheten till b\u00e5de skog och hav. Svensk mat \u00e4r ofta enkel, rustik och pr\u00e4glad av tillg\u00e5ngen p\u00e5 potatis, rotfrukter, fisk och mejeriprodukter \u2013 men den har ocks\u00e5 formats av influenser fr\u00e5n andra delar av Europa.<\/p>\n<p class=\"\" data-start=\"1085\" data-end=\"1144\">N\u00e5gra r\u00e4tter och vanor som speglar den <a href=\"https:\/\/kultur.nu\/en\/sa-har-svensk-matkultur-forandrats\/\">svenska matkulturen<\/a>:<\/p>\n<ul>\n<li data-start=\"1148\" data-end=\"1259\"><strong data-start=\"1148\" data-end=\"1192\">K\u00f6ttbullar med potatismos och lingonsylt<\/strong> \u2013 en sj\u00e4lvklar favorit, s\u00e4rskilt p\u00e5 julbord och i vardagsmiddagar.<\/li>\n<li data-start=\"1262\" data-end=\"1352\"><strong data-start=\"1262\" data-end=\"1301\">\u00c4rtsoppa och pannkakor p\u00e5 torsdagar<\/strong> \u2013 en tradition som lever kvar fr\u00e5n bondesamh\u00e4llet.<\/li>\n<li data-start=\"1355\" data-end=\"1450\"><strong data-start=\"1355\" data-end=\"1371\">Surstr\u00f6mming<\/strong> \u2013 den fermenterade sillen som delar befolkningen i modiga och avst\u00e5ndstagande.<\/li>\n<li data-start=\"1453\" data-end=\"1517\"><strong data-start=\"1453\" data-end=\"1479\">Kn\u00e4ckebr\u00f6d och l\u00e5ngfil<\/strong> \u2013 symboler f\u00f6r det gamla torparlivet.<\/li>\n<li data-start=\"1520\" data-end=\"1584\"><strong data-start=\"1520\" data-end=\"1536\">Sm\u00f6rg\u00e5st\u00e5rta<\/strong> \u2013 festmat som kombinerar humor och kreativitet.<\/li>\n<li data-start=\"1587\" data-end=\"1687\"><strong data-start=\"1587\" data-end=\"1625\">Julbord, p\u00e5skbord och midsommarmat<\/strong> \u2013 d\u00e4r sill, potatis, lax, \u00e4gg och snaps \u00e4r sj\u00e4lvklara inslag.<\/li>\n<\/ul>\n<p class=\"\" data-start=\"1689\" data-end=\"2065\">En s\u00e4rskilt viktig del i svensk mattradition \u00e4r <strong data-start=\"1737\" data-end=\"1745\">fika<\/strong>. Det \u00e4r inte bara en kaffepaus, det \u00e4r ett s\u00e4tt att visa omtanke, skapa lugn och umg\u00e5s utan krav. P\u00e5 arbetsplatser \u00e4r det ofta en fast punkt varje dag, och hemma blir det en chans att andas ut och bara vara. Fika speglar ocks\u00e5 svenskarnas k\u00e4rlek till lagom: inte f\u00f6r kort, inte f\u00f6r l\u00e5ngt \u2013 bara precis som det ska vara.<\/p>\n<h3 class=\"\" data-start=\"2067\" data-end=\"2110\">H\u00f6gtider och firanden som samlar folket<\/h3>\n<p class=\"\" data-start=\"2112\" data-end=\"2425\">Svenska h\u00f6gtider \u00e4r ett av de mest levande uttrycken f\u00f6r svensk kultur. De \u00e4r inte bara firanden \u2013 de \u00e4r kulturella ritualer som b\u00e4r med sig historia, symbolik och gemenskap. Varje h\u00f6gtid har sina egna seder, smaker, s\u00e5nger och kl\u00e4der \u2013 och ofta handlar det lika mycket om att skapa st\u00e4mning som att f\u00f6lja regler.<\/p>\n<p class=\"\" data-start=\"2427\" data-end=\"2508\">H\u00e4r \u00e4r n\u00e5gra exempel p\u00e5 firanden som utg\u00f6r centrala delar i den svenska kulturen:<\/p>\n<ul>\n<li data-start=\"2512\" data-end=\"2726\"><strong data-start=\"2512\" data-end=\"2525\"><a href=\"https:\/\/kultur.nu\/en\/varfor-firar-man-midsommar\/\">Midsommar<\/a><\/strong>: En explosion av gr\u00f6nska, s\u00e5ng och <a href=\"https:\/\/kultur.nu\/en\/dans\/\">dans<\/a>. H\u00e4r m\u00f6ts hedniska r\u00f6tter med moderna picknickar. M\u00e4nniskor kl\u00e4r sig i blomsterkransar och dansar runt midsommarst\u00e5ngen. Det \u00e4r den svenska sommarens h\u00f6jdpunkt.<\/li>\n<li data-start=\"2729\" data-end=\"2920\"><strong data-start=\"2729\" data-end=\"2738\">Lucia<\/strong>: En ljusfest mitt i m\u00f6rkaste december. Luciat\u00e5g, s\u00e5ng och saffransbullar fyller skolor, arbetsplatser och kyrkor. Det \u00e4r st\u00e4mningsfullt och r\u00f6rande \u2013 en p\u00e5minnelse om ljusets kraft.<\/li>\n<li data-start=\"2923\" data-end=\"3113\"><strong data-start=\"2923\" data-end=\"2930\">Jul<\/strong>: Julen \u00e4r fylld av starka traditioner: pynt, mat, gemenskap och mytiska figurer som jultomten. Julbordet dukas med k\u00f6ttbullar, prinskorv, sill, Janssons frestelse och ris \u00e0 la Malta.<\/li>\n<li data-start=\"3116\" data-end=\"3221\"><strong data-start=\"3116\" data-end=\"3130\">Kr\u00e4ftskiva<\/strong>: En sensommarfest d\u00e4r kr\u00e4ftor, dill, hattar och snapsvisor m\u00f6ts under papperslyktors sken.<\/li>\n<li data-start=\"3224\" data-end=\"3434\"><strong data-start=\"3224\" data-end=\"3244\">Valborg och p\u00e5sk<\/strong>: H\u00f6gtider som blandar religi\u00f6sa, folkliga och moderna inslag. P\u00e5 Valborg samlas folk kring eldar f\u00f6r att h\u00e4lsa v\u00e5ren, och under p\u00e5sken kl\u00e4r barn ut sig till p\u00e5skk\u00e4rringar och delar ut kort.<\/li>\n<\/ul>\n<p class=\"\" data-start=\"3436\" data-end=\"3685\">H\u00f6gtiderna \u00e4r ocks\u00e5 viktiga f\u00f6r att de bevarar traditioner mellan generationer. De \u00e4r stunder d\u00e4r hela samh\u00e4llet verkar stanna upp \u2013 oavsett \u00e5lder, bakgrund eller tro \u2013 och samlas kring n\u00e5got gemensamt. Det \u00e4r h\u00e4r svensk kultur blir som mest synlig.<\/p>\n<p data-start=\"3436\" data-end=\"3685\"><img loading=\"lazy\" decoding=\"async\" class=\"alignnone size-full wp-image-524\" src=\"https:\/\/kultur.nu\/wp-content\/uploads\/2025\/05\/image34.webp\" alt=\"H\u00f6gtider och firanden som samlar folket\" width=\"1024\" height=\"683\" srcset=\"https:\/\/kultur.nu\/wp-content\/uploads\/2025\/05\/image34.webp 1024w, https:\/\/kultur.nu\/wp-content\/uploads\/2025\/05\/image34-300x200.webp 300w, https:\/\/kultur.nu\/wp-content\/uploads\/2025\/05\/image34-768x512.webp 768w\" sizes=\"auto, (max-width: 1024px) 100vw, 1024px\" \/><\/p>\n<h3 class=\"\" data-start=\"3687\" data-end=\"3724\">Svenska spr\u00e5ket \u2013 mer \u00e4n bara ord<\/h3>\n<p class=\"\" data-start=\"3726\" data-end=\"4049\">Svenskan \u00e4r inte bara ett spr\u00e5k, det \u00e4r en b\u00e4rande del av identiteten. Det svenska spr\u00e5ket har utvecklats fr\u00e5n urnordiska till dagens moderna form, med runskrift, bibel\u00f6vers\u00e4ttningar och stavningsreformer l\u00e4ngs v\u00e4gen. Spr\u00e5ket b\u00e4r sp\u00e5r av tyska, franska, engelska och latin \u2013 men har \u00e4nd\u00e5 beh\u00e5llit sin egen ton och karakt\u00e4r.<\/p>\n<p class=\"\" data-start=\"4051\" data-end=\"4277\">Svenska \u00e4r idag modersm\u00e5l f\u00f6r majoriteten i Sverige och minoritetsspr\u00e5k i Finland. Det talas med stor variation: fr\u00e5n skorrande sk\u00e5nska till sjungande norrl\u00e4ndska, och spr\u00e5ket \u00e4r fyllt av uttryck som speglar svensk mentalitet:<\/p>\n<ul>\n<li data-start=\"4281\" data-end=\"4355\"><strong data-start=\"4281\" data-end=\"4290\">Lagom<\/strong> \u2013 kanske det mest svenska ordet. Inte f\u00f6r mycket, inte f\u00f6r lite.<\/li>\n<li data-start=\"4358\" data-end=\"4413\"><strong data-start=\"4358\" data-end=\"4367\">Vemod<\/strong> \u2013 en subtil k\u00e4nsla av melankoli och nostalgi.<\/li>\n<li data-start=\"4416\" data-end=\"4461\"><strong data-start=\"4416\" data-end=\"4424\">Fika<\/strong> \u2013 en paus, ett samtal, en gemenskap.<\/li>\n<\/ul>\n<p class=\"\" data-start=\"4463\" data-end=\"4641\">Spr\u00e5ket speglar ocks\u00e5 svenska v\u00e4rderingar. Det \u00e4r ofta informellt \u2013 f\u00f6rnamn anv\u00e4nds \u00e4ven i jobbsammanhang \u2013 och det finns en tydlig ton av respekt, j\u00e4mst\u00e4lldhet och l\u00e5g hierarki.<\/p>\n<h3 class=\"\" data-start=\"4643\" data-end=\"4705\">Svensk design och formgivning \u2013 d\u00e4r estetik m\u00f6ter funktion<\/h3>\n<p class=\"\" data-start=\"4707\" data-end=\"4970\">Svensk formgivning har gjort avtryck v\u00e4rlden \u00f6ver. Vi \u00e4r kanske mest k\u00e4nda f\u00f6r IKEA, men bakom platta paket och smarta m\u00f6bler finns en kultur som genomsyras av funktionalitet, h\u00e5llbarhet och minimalism. <a href=\"https:\/\/kultur.nu\/en\/design\/\">Svensk design<\/a> \u00e4r aldrig bara yta \u2013 det handlar om l\u00f6sningar.<\/p>\n<p class=\"\" data-start=\"4972\" data-end=\"5000\">Designens grunder i Sverige:<\/p>\n<ul>\n<li data-start=\"5004\" data-end=\"5026\">Enkelhet och tydlighet<\/li>\n<li data-start=\"5029\" data-end=\"5046\">Anv\u00e4ndarv\u00e4nlighet<\/li>\n<li data-start=\"5049\" data-end=\"5077\">Milj\u00f6t\u00e4nk och l\u00e5ng livscykel<\/li>\n<li data-start=\"5080\" data-end=\"5114\">Naturmaterial och nedtonade f\u00e4rger<\/li>\n<\/ul>\n<p class=\"\" data-start=\"5116\" data-end=\"5345\">Svenska <a href=\"https:\/\/kultur.nu\/en\/kanda-formgivare-sverige\/\">formgivare<\/a> som Yngve Ekstr\u00f6m, Carl Malmsten och Bruno Mathsson satte standarden. Idag forts\u00e4tter m\u00e4rken som Svenskt Tenn, Acne Studios och Happy Socks att utveckla arvet \u2013 ofta med en humoristisk eller normbrytande twist.<\/p>\n<p class=\"\" data-start=\"5347\" data-end=\"5551\">Formgivningen speglar ocks\u00e5 v\u00e4rderingar i svensk kultur: respekt f\u00f6r naturen, vilja till inkludering och str\u00e4van efter r\u00e4ttvisa. Det \u00e4r inte konstigt att svensk design ofta \u00e4r b\u00e5de vacker och demokratisk.<\/p>\n<p data-start=\"5347\" data-end=\"5551\"><img loading=\"lazy\" decoding=\"async\" class=\"alignnone size-full wp-image-525\" src=\"https:\/\/kultur.nu\/wp-content\/uploads\/2025\/05\/image31.webp\" alt=\"Svensk design och formgivning \u2013 d\u00e4r estetik m\u00f6ter funktion\" width=\"1024\" height=\"683\" srcset=\"https:\/\/kultur.nu\/wp-content\/uploads\/2025\/05\/image31.webp 1024w, https:\/\/kultur.nu\/wp-content\/uploads\/2025\/05\/image31-300x200.webp 300w, https:\/\/kultur.nu\/wp-content\/uploads\/2025\/05\/image31-768x512.webp 768w\" sizes=\"auto, (max-width: 1024px) 100vw, 1024px\" \/><\/p>\n<h3 class=\"\" data-start=\"5553\" data-end=\"5608\">Musik som uttrycker allt fr\u00e5n vemod till v\u00e4rldshits<\/h3>\n<p class=\"\" data-start=\"5610\" data-end=\"5838\">Sverige \u00e4r en musiknation. Fr\u00e5n Bellman till Avicii, fr\u00e5n jazz till metal, fr\u00e5n k\u00f6rs\u00e5ng till Eurovision \u2013 <a href=\"https:\/\/kultur.nu\/en\/musik\/\">svensk musik<\/a> \u00e4r m\u00e5ngsidig och kraftfull. Musiken har varit ett s\u00e4tt att ber\u00e4tta, underh\u00e5lla och forma nationell identitet.<\/p>\n<p class=\"\" data-start=\"5840\" data-end=\"5900\">H\u00e4r \u00e4r n\u00e5gra musikaliska uttryck som h\u00f6r till svensk kultur:<\/p>\n<ul>\n<li data-start=\"5904\" data-end=\"5989\"><strong data-start=\"5904\" data-end=\"5933\">Spelmansmusik och kulning<\/strong> \u2013 f\u00f6rankrade i folktraditioner och landsbygdens rytmer.<\/li>\n<li data-start=\"5992\" data-end=\"6052\"><strong data-start=\"5992\" data-end=\"6003\">K\u00f6rs\u00e5ng<\/strong> \u2013 otroligt utbrett; Sverige har tusentals k\u00f6rer.<\/li>\n<li data-start=\"6055\" data-end=\"6124\"><strong data-start=\"6055\" data-end=\"6072\">Jazz och visa<\/strong> \u2013 med ikoner som Monica Zetterlund och Evert Taube.<\/li>\n<li data-start=\"6127\" data-end=\"6209\"><strong data-start=\"6127\" data-end=\"6148\">Pop och dansmusik<\/strong> \u2013 fr\u00e5n Abba till Tove Lo, fr\u00e5n Max Martin till Zara Larsson.<\/li>\n<li data-start=\"6212\" data-end=\"6321\"><strong data-start=\"6212\" data-end=\"6227\">Musikexport<\/strong> \u2013 Sverige \u00e4r ett av de fr\u00e4msta l\u00e4nderna i v\u00e4rlden n\u00e4r det g\u00e4ller l\u00e5tskrivare och producenter.<\/li>\n<\/ul>\n<p class=\"\" data-start=\"6323\" data-end=\"6511\">Musiken \u00e4r inte bara underh\u00e5llning, den \u00e4r en k\u00e4nslom\u00e4ssig spegel. M\u00e5nga svenska l\u00e5tar b\u00e4r ett slags melankoliskt lugn \u2013 en eftert\u00e4nksamhet som speglar livets b\u00e5de ljusa och m\u00f6rka stunder.<\/p>\n<h3 class=\"\" data-start=\"6513\" data-end=\"6569\">Svensk film och teater \u2013 l\u00e5gm\u00e4lt, laddat och levande<\/h3>\n<p class=\"\" data-start=\"6571\" data-end=\"6815\"><a href=\"https:\/\/kultur.nu\/en\/film\/\">Svensk film<\/a> och teater har ofta varit ett s\u00e4tt att utforska det inre livet. Fr\u00e5n Ingmar Bergmans existentiella verk till Roy Anderssons absurda v\u00e4rldar och Lukas Moodyssons ungdomsdramer \u2013 ber\u00e4ttandet har ofta varit b\u00e5de allvarligt och vackert.<\/p>\n<p class=\"\" data-start=\"6817\" data-end=\"7084\">P\u00e5 teaterscenen \u00e4r Sverige k\u00e4nt f\u00f6r sitt mod att experimentera, och dramatiker som August Strindberg och Lars Nor\u00e9n har g\u00e5tt till botten med m\u00e4nniskans psykologi och samh\u00e4lleliga strukturer. Teatrarna \u00e4r ofta tillg\u00e4ngliga, statligt subventionerade och \u00f6ppna f\u00f6r alla.<\/p>\n<p class=\"\" data-start=\"7086\" data-end=\"7260\">Svensk scenkonst \u00e4r inte bara till f\u00f6r en kulturelit \u2013 den \u00e4r ett samtal med hela samh\u00e4llet. Det \u00e4r en plats d\u00e4r normer kan ifr\u00e5gas\u00e4ttas, k\u00e4nslor v\u00e4dras och framtiden formas.<\/p>\n<h3 class=\"\" data-start=\"7262\" data-end=\"7318\">Ny del: V\u00e4rderingar, normer och den svenska vardagen<\/h3>\n<p class=\"\" data-start=\"7320\" data-end=\"7534\">Vad g\u00f6r svensk kultur unik i vardagen? Det handlar ofta om s\u00e5dant som inte m\u00e4rks direkt \u2013 som hur vi pratar, umg\u00e5s och beter oss mot varandra. I Sverige r\u00e5der h\u00f6g tillit, l\u00e5g hierarki och en stark tro p\u00e5 j\u00e4mlikhet.<\/p>\n<p class=\"\" data-start=\"7536\" data-end=\"7572\">Typiska v\u00e4rderingar i svensk kultur:<\/p>\n<ul>\n<li data-start=\"7576\" data-end=\"7665\"><strong data-start=\"7576\" data-end=\"7602\">J\u00e4mlikhet och r\u00e4ttvisa<\/strong> \u2013 ingen \u00e4r f\u00f6r fin f\u00f6r att plocka upp kaffekoppar efter m\u00f6tet.<\/li>\n<li data-start=\"7668\" data-end=\"7753\"><strong data-start=\"7668\" data-end=\"7688\">Tyst samf\u00f6rst\u00e5nd<\/strong> \u2013 du beh\u00f6ver inte prata hela tiden f\u00f6r att visa att du bryr dig.<\/li>\n<li data-start=\"7756\" data-end=\"7806\"><strong data-start=\"7756\" data-end=\"7771\">Punktlighet<\/strong> \u2013 att komma i tid ses som respekt.<\/li>\n<li data-start=\"7809\" data-end=\"7878\"><strong data-start=\"7809\" data-end=\"7827\">Konfliktr\u00e4dsla<\/strong> \u2013 hellre en passiv kommentar \u00e4n ett h\u00f6gljutt br\u00e5k.<\/li>\n<li data-start=\"7881\" data-end=\"7971\"><strong data-start=\"7881\" data-end=\"7908\">F\u00f6rtroende f\u00f6r systemet<\/strong> \u2013 vi f\u00f6rv\u00e4ntar oss att saker ska fungera och att regler f\u00f6ljs.<\/li>\n<\/ul>\n<p class=\"\" data-start=\"7973\" data-end=\"8222\">M\u00e5nga utomst\u00e5ende upplever svenskar som tysta, blyga eller k\u00e4nslokalla. Men bakom fasaden finns ofta omtanke, lojalitet och en djup \u00f6nskan att inte tr\u00e4nga sig p\u00e5. Svensk kultur handlar lika mycket om vad vi inte s\u00e4ger, som vad vi faktiskt uttrycker.<\/p>\n<p class=\"\" data-start=\"8224\" data-end=\"8441\">Det h\u00e4r g\u00f6r att Sverige uppfattas som tryggt, rent och organiserat \u2013 men ocks\u00e5 lite f\u00f6rsiktigt. Det \u00e4r en balansg\u00e5ng mellan individuell frihet och gemensam ordning. Och den balansen \u00e4r en central del av svensk kultur.<\/p>","protected":false},"excerpt":{"rendered":"<p>N\u00e4r du h\u00f6r orden svensk kultur, vad t\u00e4nker du p\u00e5? Kanske IKEA, k\u00f6ttbullar eller ABBA?&hellip;<\/p>","protected":false},"author":1,"featured_media":523,"comment_status":"open","ping_status":"open","sticky":false,"template":"","format":"standard","meta":{"_yoast_wpseo_focuskw":"","_yoast_wpseo_title":"","_yoast_wpseo_metadesc":"","_yoast_wpseo_meta-robots-noindex":"","_yoast_wpseo_meta-robots-nofollow":"","_yoast_wpseo_canonical":"","_yoast_wpseo_opengraph-title":"","_yoast_wpseo_opengraph-description":"","_yoast_wpseo_twitter-title":"","_yoast_wpseo_twitter-description":"","footnotes":"","rank_math_description":"","rank_math_focus_keyword":"","rank_math_title":"","rank_math_canonical_url":"","rank_math_robots":"","rank_math_facebook_title":"","rank_math_facebook_description":"","rank_math_twitter_title":"","rank_math_twitter_description":""},"categories":[2],"tags":[],"class_list":["post-522","post","type-post","status-publish","format-standard","has-post-thumbnail","hentry","category-aktuellt"],"yoast_head":"<!-- This site is optimized with the Yoast SEO plugin v27.5 - https:\/\/yoast.com\/product\/yoast-seo-wordpress\/ -->\n<title>Uppt\u00e4ck svensk kultur \u2013 Fr\u00e5n midsommar till k\u00f6ttbullar och design - Kultur i Sverige<\/title>\n<meta name=\"robots\" content=\"index, follow, max-snippet:-1, max-image-preview:large, max-video-preview:-1\" \/>\n<link rel=\"canonical\" href=\"https:\/\/kultur.nu\/en\/svensk-kultur\/\" \/>\n<meta property=\"og:locale\" content=\"en_US\" \/>\n<meta property=\"og:type\" content=\"article\" \/>\n<meta property=\"og:title\" content=\"Uppt\u00e4ck svensk kultur \u2013 Fr\u00e5n midsommar till k\u00f6ttbullar och design - Kultur i Sverige\" \/>\n<meta property=\"og:description\" content=\"N\u00e4r du h\u00f6r orden svensk kultur, vad t\u00e4nker du p\u00e5? Kanske IKEA, k\u00f6ttbullar eller ABBA?&hellip;\" \/>\n<meta property=\"og:url\" content=\"https:\/\/kultur.nu\/en\/svensk-kultur\/\" \/>\n<meta property=\"og:site_name\" content=\"Kultur i Sverige\" \/>\n<meta property=\"article:published_time\" content=\"2024-10-08T11:56:44+00:00\" \/>\n<meta property=\"article:modified_time\" content=\"2025-05-16T12:03:31+00:00\" \/>\n<meta property=\"og:image\" content=\"https:\/\/kultur.nu\/wp-content\/uploads\/2025\/05\/image29.webp\" \/>\n\t<meta property=\"og:image:width\" content=\"1200\" \/>\n\t<meta property=\"og:image:height\" content=\"801\" \/>\n\t<meta property=\"og:image:type\" content=\"image\/webp\" \/>\n<meta name=\"author\" content=\"Annica\" \/>\n<meta name=\"twitter:card\" content=\"summary_large_image\" \/>\n<meta name=\"twitter:label1\" content=\"Written by\" \/>\n\t<meta name=\"twitter:data1\" content=\"Annica\" \/>\n\t<meta name=\"twitter:label2\" content=\"Est. reading time\" \/>\n\t<meta name=\"twitter:data2\" content=\"8 minutes\" \/>\n<script type=\"application\/ld+json\" class=\"yoast-schema-graph\">{\"@context\":\"https:\\\/\\\/schema.org\",\"@graph\":[{\"@type\":\"Article\",\"@id\":\"https:\\\/\\\/kultur.nu\\\/svensk-kultur\\\/#article\",\"isPartOf\":{\"@id\":\"https:\\\/\\\/kultur.nu\\\/svensk-kultur\\\/\"},\"author\":{\"name\":\"Annica\",\"@id\":\"https:\\\/\\\/kultur.nu\\\/#\\\/schema\\\/person\\\/cbafe9491d5ea09a25eace8883923b2c\"},\"headline\":\"Uppt\u00e4ck svensk kultur \u2013 Fr\u00e5n midsommar till k\u00f6ttbullar och design\",\"datePublished\":\"2024-10-08T11:56:44+00:00\",\"dateModified\":\"2025-05-16T12:03:31+00:00\",\"mainEntityOfPage\":{\"@id\":\"https:\\\/\\\/kultur.nu\\\/svensk-kultur\\\/\"},\"wordCount\":1521,\"commentCount\":0,\"publisher\":{\"@id\":\"https:\\\/\\\/kultur.nu\\\/#organization\"},\"image\":{\"@id\":\"https:\\\/\\\/kultur.nu\\\/svensk-kultur\\\/#primaryimage\"},\"thumbnailUrl\":\"https:\\\/\\\/kultur.nu\\\/wp-content\\\/uploads\\\/2025\\\/05\\\/image29.webp\",\"articleSection\":[\"Aktuellt\"],\"inLanguage\":\"en-US\",\"potentialAction\":[{\"@type\":\"CommentAction\",\"name\":\"Comment\",\"target\":[\"https:\\\/\\\/kultur.nu\\\/svensk-kultur\\\/#respond\"]}]},{\"@type\":\"WebPage\",\"@id\":\"https:\\\/\\\/kultur.nu\\\/svensk-kultur\\\/\",\"url\":\"https:\\\/\\\/kultur.nu\\\/svensk-kultur\\\/\",\"name\":\"Uppt\u00e4ck svensk kultur \u2013 Fr\u00e5n midsommar till k\u00f6ttbullar och design - Kultur i Sverige\",\"isPartOf\":{\"@id\":\"https:\\\/\\\/kultur.nu\\\/#website\"},\"primaryImageOfPage\":{\"@id\":\"https:\\\/\\\/kultur.nu\\\/svensk-kultur\\\/#primaryimage\"},\"image\":{\"@id\":\"https:\\\/\\\/kultur.nu\\\/svensk-kultur\\\/#primaryimage\"},\"thumbnailUrl\":\"https:\\\/\\\/kultur.nu\\\/wp-content\\\/uploads\\\/2025\\\/05\\\/image29.webp\",\"datePublished\":\"2024-10-08T11:56:44+00:00\",\"dateModified\":\"2025-05-16T12:03:31+00:00\",\"breadcrumb\":{\"@id\":\"https:\\\/\\\/kultur.nu\\\/svensk-kultur\\\/#breadcrumb\"},\"inLanguage\":\"en-US\",\"potentialAction\":[{\"@type\":\"ReadAction\",\"target\":[\"https:\\\/\\\/kultur.nu\\\/svensk-kultur\\\/\"]}]},{\"@type\":\"ImageObject\",\"inLanguage\":\"en-US\",\"@id\":\"https:\\\/\\\/kultur.nu\\\/svensk-kultur\\\/#primaryimage\",\"url\":\"https:\\\/\\\/kultur.nu\\\/wp-content\\\/uploads\\\/2025\\\/05\\\/image29.webp\",\"contentUrl\":\"https:\\\/\\\/kultur.nu\\\/wp-content\\\/uploads\\\/2025\\\/05\\\/image29.webp\",\"width\":1200,\"height\":801,\"caption\":\"svensk kultur\"},{\"@type\":\"BreadcrumbList\",\"@id\":\"https:\\\/\\\/kultur.nu\\\/svensk-kultur\\\/#breadcrumb\",\"itemListElement\":[{\"@type\":\"ListItem\",\"position\":1,\"name\":\"Hem\",\"item\":\"https:\\\/\\\/kultur.nu\\\/\"},{\"@type\":\"ListItem\",\"position\":2,\"name\":\"Uppt\u00e4ck svensk kultur \u2013 Fr\u00e5n midsommar till k\u00f6ttbullar och design\"}]},{\"@type\":\"WebSite\",\"@id\":\"https:\\\/\\\/kultur.nu\\\/#website\",\"url\":\"https:\\\/\\\/kultur.nu\\\/\",\"name\":\"Kultur i Sverige\",\"description\":\"\",\"publisher\":{\"@id\":\"https:\\\/\\\/kultur.nu\\\/#organization\"},\"potentialAction\":[{\"@type\":\"SearchAction\",\"target\":{\"@type\":\"EntryPoint\",\"urlTemplate\":\"https:\\\/\\\/kultur.nu\\\/?s={search_term_string}\"},\"query-input\":{\"@type\":\"PropertyValueSpecification\",\"valueRequired\":true,\"valueName\":\"search_term_string\"}}],\"inLanguage\":\"en-US\"},{\"@type\":\"Organization\",\"@id\":\"https:\\\/\\\/kultur.nu\\\/#organization\",\"name\":\"Kultur i Sverige\",\"url\":\"https:\\\/\\\/kultur.nu\\\/\",\"logo\":{\"@type\":\"ImageObject\",\"inLanguage\":\"en-US\",\"@id\":\"https:\\\/\\\/kultur.nu\\\/#\\\/schema\\\/logo\\\/image\\\/\",\"url\":\"https:\\\/\\\/kultur.nu\\\/wp-content\\\/uploads\\\/2025\\\/10\\\/cropped-Kultur.nu-logo.webp\",\"contentUrl\":\"https:\\\/\\\/kultur.nu\\\/wp-content\\\/uploads\\\/2025\\\/10\\\/cropped-Kultur.nu-logo.webp\",\"width\":510,\"height\":95,\"caption\":\"Kultur i Sverige\"},\"image\":{\"@id\":\"https:\\\/\\\/kultur.nu\\\/#\\\/schema\\\/logo\\\/image\\\/\"}},{\"@type\":\"Person\",\"@id\":\"https:\\\/\\\/kultur.nu\\\/#\\\/schema\\\/person\\\/cbafe9491d5ea09a25eace8883923b2c\",\"name\":\"Annica\",\"image\":{\"@type\":\"ImageObject\",\"inLanguage\":\"en-US\",\"@id\":\"https:\\\/\\\/secure.gravatar.com\\\/avatar\\\/d78c2d842df13ded689c841d90a91fd72f6cc9e7250f7066a537c14f82302546?s=96&d=mm&r=g\",\"url\":\"https:\\\/\\\/secure.gravatar.com\\\/avatar\\\/d78c2d842df13ded689c841d90a91fd72f6cc9e7250f7066a537c14f82302546?s=96&d=mm&r=g\",\"contentUrl\":\"https:\\\/\\\/secure.gravatar.com\\\/avatar\\\/d78c2d842df13ded689c841d90a91fd72f6cc9e7250f7066a537c14f82302546?s=96&d=mm&r=g\",\"caption\":\"Annica\"},\"description\":\"Annika Axelsson \u00e4r kulturskribent p\u00e5 Kultur.nu, d\u00e4r hon skriver om litteratur, film, teater, konst och samtida kulturdebatt. Hon har ett s\u00e4rskilt intresse f\u00f6r hur kultur speglar samh\u00e4llsf\u00f6r\u00e4ndringar, identitet och vardagslivet. Annika har studerat litteraturvetenskap och kulturjournalistik vid Stockholms universitet. Hon har \u00e4ven l\u00e4st konstvetenskap och medievetenskap, vilket ger henne en bred grund n\u00e4r hon analyserar b\u00e5de klassiska verk och moderna kulturuttryck. P\u00e5 Kultur.nu skriver Annika fr\u00e4mst recensioner, f\u00f6rdjupande artiklar och personliga kr\u00f6nikor. Hon bevakar nya b\u00f6cker, uppm\u00e4rksammade teaterf\u00f6rest\u00e4llningar, filmfestivaler, utst\u00e4llningar och aktuella kulturh\u00e4ndelser. Hennes texter k\u00e4nnetecknas av ett nyfiket, kunnigt och tillg\u00e4ngligt spr\u00e5k, d\u00e4r hon vill g\u00f6ra kultur l\u00e4ttare att f\u00f6rst\u00e5 utan att f\u00f6renkla den. Hon har tidigare arbetat med redaktionellt inneh\u00e5ll, intervjuer och kulturbevakning f\u00f6r b\u00e5de digitala magasin och lokala publikationer. I sitt skrivande \u00e5terkommer hon ofta till fr\u00e5gor om ber\u00e4ttande, kreativitet, klass, k\u00f6nsroller och kulturens plats i det moderna samh\u00e4llet.\",\"sameAs\":[\"https:\\\/\\\/kultur.nu\"],\"url\":\"https:\\\/\\\/kultur.nu\\\/en\\\/author\\\/annica\\\/\"}]}<\/script>\n<!-- \/ Yoast SEO plugin. -->","yoast_head_json":{"title":"Uppt\u00e4ck svensk kultur \u2013 Fr\u00e5n midsommar till k\u00f6ttbullar och design - Kultur i Sverige","robots":{"index":"index","follow":"follow","max-snippet":"max-snippet:-1","max-image-preview":"max-image-preview:large","max-video-preview":"max-video-preview:-1"},"canonical":"https:\/\/kultur.nu\/en\/svensk-kultur\/","og_locale":"en_US","og_type":"article","og_title":"Uppt\u00e4ck svensk kultur \u2013 Fr\u00e5n midsommar till k\u00f6ttbullar och design - Kultur i Sverige","og_description":"N\u00e4r du h\u00f6r orden svensk kultur, vad t\u00e4nker du p\u00e5? Kanske IKEA, k\u00f6ttbullar eller ABBA?&hellip;","og_url":"https:\/\/kultur.nu\/en\/svensk-kultur\/","og_site_name":"Kultur i Sverige","article_published_time":"2024-10-08T11:56:44+00:00","article_modified_time":"2025-05-16T12:03:31+00:00","og_image":[{"width":1200,"height":801,"url":"https:\/\/kultur.nu\/wp-content\/uploads\/2025\/05\/image29.webp","type":"image\/webp"}],"author":"Annica","twitter_card":"summary_large_image","twitter_misc":{"Written by":"Annica","Est. reading time":"8 minutes"},"schema":{"@context":"https:\/\/schema.org","@graph":[{"@type":"Article","@id":"https:\/\/kultur.nu\/svensk-kultur\/#article","isPartOf":{"@id":"https:\/\/kultur.nu\/svensk-kultur\/"},"author":{"name":"Annica","@id":"https:\/\/kultur.nu\/#\/schema\/person\/cbafe9491d5ea09a25eace8883923b2c"},"headline":"Uppt\u00e4ck svensk kultur \u2013 Fr\u00e5n midsommar till k\u00f6ttbullar och design","datePublished":"2024-10-08T11:56:44+00:00","dateModified":"2025-05-16T12:03:31+00:00","mainEntityOfPage":{"@id":"https:\/\/kultur.nu\/svensk-kultur\/"},"wordCount":1521,"commentCount":0,"publisher":{"@id":"https:\/\/kultur.nu\/#organization"},"image":{"@id":"https:\/\/kultur.nu\/svensk-kultur\/#primaryimage"},"thumbnailUrl":"https:\/\/kultur.nu\/wp-content\/uploads\/2025\/05\/image29.webp","articleSection":["Aktuellt"],"inLanguage":"en-US","potentialAction":[{"@type":"CommentAction","name":"Comment","target":["https:\/\/kultur.nu\/svensk-kultur\/#respond"]}]},{"@type":"WebPage","@id":"https:\/\/kultur.nu\/svensk-kultur\/","url":"https:\/\/kultur.nu\/svensk-kultur\/","name":"Uppt\u00e4ck svensk kultur \u2013 Fr\u00e5n midsommar till k\u00f6ttbullar och design - Kultur i Sverige","isPartOf":{"@id":"https:\/\/kultur.nu\/#website"},"primaryImageOfPage":{"@id":"https:\/\/kultur.nu\/svensk-kultur\/#primaryimage"},"image":{"@id":"https:\/\/kultur.nu\/svensk-kultur\/#primaryimage"},"thumbnailUrl":"https:\/\/kultur.nu\/wp-content\/uploads\/2025\/05\/image29.webp","datePublished":"2024-10-08T11:56:44+00:00","dateModified":"2025-05-16T12:03:31+00:00","breadcrumb":{"@id":"https:\/\/kultur.nu\/svensk-kultur\/#breadcrumb"},"inLanguage":"en-US","potentialAction":[{"@type":"ReadAction","target":["https:\/\/kultur.nu\/svensk-kultur\/"]}]},{"@type":"ImageObject","inLanguage":"en-US","@id":"https:\/\/kultur.nu\/svensk-kultur\/#primaryimage","url":"https:\/\/kultur.nu\/wp-content\/uploads\/2025\/05\/image29.webp","contentUrl":"https:\/\/kultur.nu\/wp-content\/uploads\/2025\/05\/image29.webp","width":1200,"height":801,"caption":"svensk kultur"},{"@type":"BreadcrumbList","@id":"https:\/\/kultur.nu\/svensk-kultur\/#breadcrumb","itemListElement":[{"@type":"ListItem","position":1,"name":"Hem","item":"https:\/\/kultur.nu\/"},{"@type":"ListItem","position":2,"name":"Uppt\u00e4ck svensk kultur \u2013 Fr\u00e5n midsommar till k\u00f6ttbullar och design"}]},{"@type":"WebSite","@id":"https:\/\/kultur.nu\/#website","url":"https:\/\/kultur.nu\/","name":"Kultur i Sverige","description":"","publisher":{"@id":"https:\/\/kultur.nu\/#organization"},"potentialAction":[{"@type":"SearchAction","target":{"@type":"EntryPoint","urlTemplate":"https:\/\/kultur.nu\/?s={search_term_string}"},"query-input":{"@type":"PropertyValueSpecification","valueRequired":true,"valueName":"search_term_string"}}],"inLanguage":"en-US"},{"@type":"Organization","@id":"https:\/\/kultur.nu\/#organization","name":"Kultur i Sverige","url":"https:\/\/kultur.nu\/","logo":{"@type":"ImageObject","inLanguage":"en-US","@id":"https:\/\/kultur.nu\/#\/schema\/logo\/image\/","url":"https:\/\/kultur.nu\/wp-content\/uploads\/2025\/10\/cropped-Kultur.nu-logo.webp","contentUrl":"https:\/\/kultur.nu\/wp-content\/uploads\/2025\/10\/cropped-Kultur.nu-logo.webp","width":510,"height":95,"caption":"Kultur i Sverige"},"image":{"@id":"https:\/\/kultur.nu\/#\/schema\/logo\/image\/"}},{"@type":"Person","@id":"https:\/\/kultur.nu\/#\/schema\/person\/cbafe9491d5ea09a25eace8883923b2c","name":"Annica","image":{"@type":"ImageObject","inLanguage":"en-US","@id":"https:\/\/secure.gravatar.com\/avatar\/d78c2d842df13ded689c841d90a91fd72f6cc9e7250f7066a537c14f82302546?s=96&d=mm&r=g","url":"https:\/\/secure.gravatar.com\/avatar\/d78c2d842df13ded689c841d90a91fd72f6cc9e7250f7066a537c14f82302546?s=96&d=mm&r=g","contentUrl":"https:\/\/secure.gravatar.com\/avatar\/d78c2d842df13ded689c841d90a91fd72f6cc9e7250f7066a537c14f82302546?s=96&d=mm&r=g","caption":"Annica"},"description":"Annika Axelsson \u00e4r kulturskribent p\u00e5 Kultur.nu, d\u00e4r hon skriver om litteratur, film, teater, konst och samtida kulturdebatt. Hon har ett s\u00e4rskilt intresse f\u00f6r hur kultur speglar samh\u00e4llsf\u00f6r\u00e4ndringar, identitet och vardagslivet. Annika har studerat litteraturvetenskap och kulturjournalistik vid Stockholms universitet. Hon har \u00e4ven l\u00e4st konstvetenskap och medievetenskap, vilket ger henne en bred grund n\u00e4r hon analyserar b\u00e5de klassiska verk och moderna kulturuttryck. P\u00e5 Kultur.nu skriver Annika fr\u00e4mst recensioner, f\u00f6rdjupande artiklar och personliga kr\u00f6nikor. Hon bevakar nya b\u00f6cker, uppm\u00e4rksammade teaterf\u00f6rest\u00e4llningar, filmfestivaler, utst\u00e4llningar och aktuella kulturh\u00e4ndelser. Hennes texter k\u00e4nnetecknas av ett nyfiket, kunnigt och tillg\u00e4ngligt spr\u00e5k, d\u00e4r hon vill g\u00f6ra kultur l\u00e4ttare att f\u00f6rst\u00e5 utan att f\u00f6renkla den. Hon har tidigare arbetat med redaktionellt inneh\u00e5ll, intervjuer och kulturbevakning f\u00f6r b\u00e5de digitala magasin och lokala publikationer. I sitt skrivande \u00e5terkommer hon ofta till fr\u00e5gor om ber\u00e4ttande, kreativitet, klass, k\u00f6nsroller och kulturens plats i det moderna samh\u00e4llet.","sameAs":["https:\/\/kultur.nu"],"url":"https:\/\/kultur.nu\/en\/author\/annica\/"}]}},"_links":{"self":[{"href":"https:\/\/kultur.nu\/en\/wp-json\/wp\/v2\/posts\/522","targetHints":{"allow":["GET"]}}],"collection":[{"href":"https:\/\/kultur.nu\/en\/wp-json\/wp\/v2\/posts"}],"about":[{"href":"https:\/\/kultur.nu\/en\/wp-json\/wp\/v2\/types\/post"}],"author":[{"embeddable":true,"href":"https:\/\/kultur.nu\/en\/wp-json\/wp\/v2\/users\/1"}],"replies":[{"embeddable":true,"href":"https:\/\/kultur.nu\/en\/wp-json\/wp\/v2\/comments?post=522"}],"version-history":[{"count":2,"href":"https:\/\/kultur.nu\/en\/wp-json\/wp\/v2\/posts\/522\/revisions"}],"predecessor-version":[{"id":527,"href":"https:\/\/kultur.nu\/en\/wp-json\/wp\/v2\/posts\/522\/revisions\/527"}],"wp:featuredmedia":[{"embeddable":true,"href":"https:\/\/kultur.nu\/en\/wp-json\/wp\/v2\/media\/523"}],"wp:attachment":[{"href":"https:\/\/kultur.nu\/en\/wp-json\/wp\/v2\/media?parent=522"}],"wp:term":[{"taxonomy":"category","embeddable":true,"href":"https:\/\/kultur.nu\/en\/wp-json\/wp\/v2\/categories?post=522"},{"taxonomy":"post_tag","embeddable":true,"href":"https:\/\/kultur.nu\/en\/wp-json\/wp\/v2\/tags?post=522"}],"curies":[{"name":"wp","href":"https:\/\/api.w.org\/{rel}","templated":true}]}}