{"id":553,"date":"2024-12-23T15:49:35","date_gmt":"2024-12-23T14:49:35","guid":{"rendered":"https:\/\/kultur.nu\/?p=553"},"modified":"2025-05-16T15:57:13","modified_gmt":"2025-05-16T13:57:13","slug":"meankieli-kultur","status":"publish","type":"post","link":"https:\/\/kultur.nu\/en\/meankieli-kultur\/","title":{"rendered":"Me\u00e4nkieli kultur: Ett spr\u00e5k som v\u00e4cker liv i en hel identitet"},"content":{"rendered":"<p class=\"\" data-start=\"67\" data-end=\"779\">Visste du att me\u00e4nkieli inte bara \u00e4r ett spr\u00e5k \u2013 utan ett helt <a href=\"https:\/\/kultur.nu\/en\/kulturarv\/\">kulturarv<\/a>? Sedan me\u00e4nkieli fick status som nationellt minoritetsspr\u00e5k \u00e5r 2000 har n\u00e5got stort h\u00e4nt. Ett spr\u00e5k som i generationer fr\u00e4mst talats i vardagsrummet, vid k\u00f6ksbordet och l\u00e4ngs Torne \u00e4lv har b\u00f6rjat ta plats i det offentliga rummet. Med spr\u00e5ket kommer ocks\u00e5 n\u00e5got mer: en livsstil, en identitet, en k\u00e4nsla av tillh\u00f6righet. Kulturen har b\u00f6rjat blomstra i takt med att spr\u00e5ket st\u00e4rkts, och det m\u00e4rks \u00f6verallt \u2013 fr\u00e5n barnb\u00f6cker och teaterf\u00f6rest\u00e4llningar till flaggor, h\u00f6gtidsdagar och operaupps\u00e4ttningar.<\/p>\n<h3 class=\"\" data-start=\"781\" data-end=\"830\">F\u00f6rsta romanen p\u00e5 me\u00e4nkieli blev startskottet<\/h3>\n<p class=\"\" data-start=\"832\" data-end=\"1325\">\u00c5r 1985 h\u00e4nde n\u00e5got som f\u00f6r\u00e4ndrade hela f\u00f6ruts\u00e4ttningen f\u00f6r me\u00e4nkieli som kultur- och identitetsb\u00e4rare. F\u00f6rfattaren Bengt Pohjanen, tillsammans med lektorn Matti Kentt\u00e4, skrev den f\u00f6rsta romanen n\u00e5gonsin p\u00e5 spr\u00e5ket: <em data-start=\"1048\" data-end=\"1057\">Lyykeri<\/em>. Genom att placera spetsen av en skolpassare p\u00e5 Pajala och dra en cirkel identifierade de ett spr\u00e5kligt omr\u00e5de d\u00e4r talspr\u00e5ket var tillr\u00e4ckligt enhetligt. D\u00e4rifr\u00e5n v\u00e4xte id\u00e9n fram att me\u00e4nkieli kunde vara mer \u00e4n bara muntlig tradition \u2013 det kunde vara ett skriftspr\u00e5k.<\/p>\n<p class=\"\" data-start=\"1327\" data-end=\"1758\">Romanen blev inte bara ett litter\u00e4rt verk utan en symbol f\u00f6r att me\u00e4nkieli hade ett v\u00e4rde bortom k\u00f6ksbordet. Sedan dess har Pohjanen fortsatt att skriva romaner, dikter och till och med texter till operor p\u00e5 spr\u00e5ket. Det har skapat en r\u00f6relse d\u00e4r fler <a href=\"https:\/\/kultur.nu\/en\/litteratur_och_sprak\/forfattare\/\">f\u00f6rfattare<\/a> har b\u00f6rjat uttrycka sig p\u00e5 me\u00e4nkieli, trots att det fortfarande \u00e4r f\u00e5 som g\u00f6r det. Hans insats betraktas som avg\u00f6rande f\u00f6r att spr\u00e5ket idag \u00e4r synligt inom kulturlivet.<\/p>\n<p class=\"\" data-start=\"1760\" data-end=\"2042\">Det \u00e4r inte m\u00e5nga spr\u00e5k som f\u00e5r sin f\u00f6rsta roman s\u00e5 sent som 1985, men det visar ocks\u00e5 hur l\u00e4nge me\u00e4nkieli f\u00f6rtryckts som skriftspr\u00e5k. Att skriva blev en form av motst\u00e5nd, ett s\u00e4tt att \u00e5terta sin identitet och s\u00e4ga: \u201dVi finns, vi har n\u00e5got att s\u00e4ga, och vi s\u00e4ger det p\u00e5 v\u00e5rt spr\u00e5k.\u201d<\/p>\n<h3 class=\"\" data-start=\"2044\" data-end=\"2075\">Me\u00e4nkieli i b\u00f6ckernas v\u00e4rld<\/h3>\n<p class=\"\" data-start=\"2077\" data-end=\"2530\"><a href=\"https:\/\/kultur.nu\/en\/litteratur_och_sprak\/\">Litteratur<\/a> \u00e4r som syre f\u00f6r ett spr\u00e5k \u2013 den g\u00f6r att det lever vidare, utvecklas och sprider sig. Idag finns det flera bokf\u00f6rlag som publicerar verk p\u00e5 me\u00e4nkieli, och \u00e4ven om det fortfarande finns hinder, har utvecklingen varit positiv. Kaamos Nordkalottf\u00f6rlag, som drivs av Svenska Tornedalingars Riksf\u00f6rbund (STR-T), \u00e4r det \u00e4ldsta f\u00f6rlaget och har gett ut n\u00e4rmare 40 titlar. Det r\u00f6r sig om allt fr\u00e5n barnb\u00f6cker och poesi till ordb\u00f6cker och vuxenromaner.<\/p>\n<p class=\"\" data-start=\"2532\" data-end=\"2881\">Barents Publisher har tagit t\u00e4ten p\u00e5 senare \u00e5r n\u00e4r det g\u00e4ller att ge ut barnlitteratur. Det \u00e4r en medveten satsning f\u00f6r att n\u00e5 de yngre generationerna och g\u00f6ra spr\u00e5ket levande i deras vardag. Me\u00e4nkielen F\u00f6rlaaki \u00e4r ett annat f\u00f6rlag som spelar en viktig roll, och \u00e4ven st\u00f6rre akt\u00f6rer som Black Island Books i Lule\u00e5 har b\u00f6rjat ge ut <a href=\"https:\/\/kultur.nu\/en\/bibliotek\/\">b\u00f6cker<\/a> p\u00e5 spr\u00e5ket.<\/p>\n<p class=\"\" data-start=\"2883\" data-end=\"3224\">Problemet \u00e4r att det fortfarande saknas tillr\u00e4ckligt m\u00e5nga som skriver. D\u00e4rf\u00f6r f\u00f6rs\u00f6ker organisationer som Me\u00e4nmaa och Met Nuoret aktivt att inspirera b\u00e5de unga och vuxna att ta steget in i skrivandet. En planerad antologi med texter av b\u00e5de nya och etablerade skribenter \u00e4r ett exempel p\u00e5 ett projekt som ska st\u00e4rka skrivandet p\u00e5 me\u00e4nkieli.<\/p>\n<p data-start=\"2883\" data-end=\"3224\"><img loading=\"lazy\" decoding=\"async\" class=\"alignnone size-full wp-image-555\" src=\"https:\/\/kultur.nu\/wp-content\/uploads\/2025\/05\/image56.webp\" alt=\"Me\u00e4nkieli i b\u00f6ckernas v\u00e4rld\" width=\"960\" height=\"540\" srcset=\"https:\/\/kultur.nu\/wp-content\/uploads\/2025\/05\/image56.webp 960w, https:\/\/kultur.nu\/wp-content\/uploads\/2025\/05\/image56-300x169.webp 300w, https:\/\/kultur.nu\/wp-content\/uploads\/2025\/05\/image56-768x432.webp 768w\" sizes=\"auto, (max-width: 960px) 100vw, 960px\" \/><\/p>\n<h3 class=\"\" data-start=\"3226\" data-end=\"3272\">Fler synliga symboler f\u00f6r me\u00e4nkieli kultur<\/h3>\n<p class=\"\" data-start=\"3274\" data-end=\"3643\">Symboler betyder mer \u00e4n vi kanske tror. En flagga, en h\u00f6gtidsdag eller en egen radiokanal kan vara kraftfulla uttryck f\u00f6r tillh\u00f6righet och stolthet. Tornedalingarna har i dag en egen flagga \u2013 bl\u00e5, vit och gr\u00f6n \u2013 som representerar \u00e4lven, sn\u00f6n och skogen. Deras h\u00f6gtidsdag den 15 juli finns dessutom inskriven i Svenska Akademins kalender, vilket \u00e4r ett stort erk\u00e4nnande.<\/p>\n<p class=\"\" data-start=\"3645\" data-end=\"3942\">Spr\u00e5ket syns och h\u00f6rs ocks\u00e5 allt mer i media. Sveriges <a href=\"https:\/\/kultur.nu\/en\/massmedier\/radio\/\">Radio<\/a> s\u00e4nder Me\u00e4nraatio, ett radioprogram helt p\u00e5 me\u00e4nkieli, och SVT har b\u00f6rjat inkludera spr\u00e5ket i vissa program. Dessutom har f\u00f6reningen Me\u00e4nmaa b\u00f6rjat s\u00e4nda b\u00e5de radio och <a href=\"https:\/\/kultur.nu\/en\/massmedier\/tv\/\">TV<\/a> via Youtube, d\u00e4r du hittar allt fr\u00e5n kulturinslag till debatter.<\/p>\n<p class=\"\" data-start=\"3944\" data-end=\"4218\">S\u00e5dana uttryck \u00e4r inte bara dekorativa \u2013 de g\u00f6r det l\u00e4ttare f\u00f6r dig som talar eller f\u00f6rst\u00e5r me\u00e4nkieli att k\u00e4nna att ditt spr\u00e5k och din <a href=\"https:\/\/kultur.nu\/en\/\">kultur<\/a> \u00e4r lika viktiga som n\u00e5gon annans. N\u00e4r spr\u00e5ket tar plats i det offentliga rummet s\u00e4nks ocks\u00e5 tr\u00f6skeln f\u00f6r att v\u00e5ga anv\u00e4nda det sj\u00e4lv.<\/p>\n<h3 class=\"\" data-start=\"4220\" data-end=\"4262\">Tornedalingar och deras kulturella arv<\/h3>\n<p class=\"\" data-start=\"4264\" data-end=\"4589\"><a href=\"https:\/\/kultur.nu\/en\/tornedalingar-kultur\/\">Tornedalingar<\/a> \u00e4r en av Sveriges erk\u00e4nda nationella minoriteter, tillsammans med bland annat samer och romer. Deras r\u00f6tter finns l\u00e4ngs Torne \u00e4lv, men ocks\u00e5 i Malmf\u00e4lten och andra delar av Norrbotten. M\u00e5nga identifierar sig \u00e4ven som kv\u00e4ner eller lantalaiset \u2013 och det handlar inte bara om geografi utan om identitet och kultur.<\/p>\n<p class=\"\" data-start=\"4591\" data-end=\"4930\">Det tornedalska kulturarvet \u00e4r rikt och varierat. Jordbruk, fiske, jakt och ren\u00e4gande har format levnadss\u00e4ttet i generationer. De har en egen byggnadstradition, matkultur och till och med musiktraditioner som \u00e4r unika f\u00f6r omr\u00e5det. Religionen, s\u00e4rskilt laestadianismen, har ocks\u00e5 haft stort inflytande p\u00e5 vardagslivet och spr\u00e5kanv\u00e4ndningen.<\/p>\n<p class=\"\" data-start=\"4932\" data-end=\"5239\">Tornedalingars historia har dock inte alltid erk\u00e4nts. Under m\u00e5nga \u00e5r p\u00e5gick en aktiv f\u00f6rsvenskningspolitik i norra Sverige, d\u00e4r det enda till\u00e5tna spr\u00e5ket i skolan var svenska. Detta har satt sp\u00e5r, och det finns fortfarande \u00e4ldre personer som b\u00e4r p\u00e5 trauman fr\u00e5n sin skoltid d\u00e4r v\u00e5ld och kr\u00e4nkningar f\u00f6rekom.<\/p>\n<h3 class=\"\" data-start=\"5241\" data-end=\"5279\">Ordboksprojekt som st\u00e4rker spr\u00e5ket<\/h3>\n<p class=\"\" data-start=\"5281\" data-end=\"5652\">F\u00f6r att du ska kunna l\u00e4sa, skriva och tala me\u00e4nkieli p\u00e5 ett s\u00e4kert s\u00e4tt kr\u00e4vs ordb\u00f6cker och grammatiska verktyg. Det p\u00e5g\u00e5r d\u00e4rf\u00f6r flera stora projekt just nu f\u00f6r att dokumentera spr\u00e5ket och g\u00f6ra det mer tillg\u00e4ngligt. Ett av de mest omfattande leds av professor emeritus Erling Wande vid Stockholms universitet, d\u00e4r man siktar p\u00e5 att skapa en tv\u00e5v\u00e4gsordbok med 50 000 ord.<\/p>\n<p class=\"\" data-start=\"5654\" data-end=\"5852\">Samtidigt driver Bengt Pohjanen via Me\u00e4nmaa ett trespr\u00e5kigt ordboksprojekt med me\u00e4nkieli, svenska och finska. Det \u00e4r ett mastodontarbete som redan har resulterat i flera volymer, och fler \u00e4r p\u00e5 v\u00e4g.<\/p>\n<p class=\"\" data-start=\"5854\" data-end=\"6128\">Spr\u00e5ket varierar dessutom mellan olika omr\u00e5den, vilket g\u00f6r det extra viktigt att lyfta fram dialekter och lokala uttryck. Projekten samarbetar d\u00e4rf\u00f6r med spr\u00e5kteknologer och forskare i bland annat Troms\u00f6, f\u00f6r att s\u00e4kerst\u00e4lla kvaliteten och representativiteten i ordf\u00f6rr\u00e5det.<\/p>\n<p data-start=\"5854\" data-end=\"6128\"><img loading=\"lazy\" decoding=\"async\" class=\"alignnone size-full wp-image-556\" src=\"https:\/\/kultur.nu\/wp-content\/uploads\/2025\/05\/image54.webp\" alt=\"Ordboksprojekt som st\u00e4rker spr\u00e5ket\" width=\"800\" height=\"400\" srcset=\"https:\/\/kultur.nu\/wp-content\/uploads\/2025\/05\/image54.webp 800w, https:\/\/kultur.nu\/wp-content\/uploads\/2025\/05\/image54-300x150.webp 300w, https:\/\/kultur.nu\/wp-content\/uploads\/2025\/05\/image54-768x384.webp 768w\" sizes=\"auto, (max-width: 800px) 100vw, 800px\" \/><\/p>\n<h3 class=\"\" data-start=\"6130\" data-end=\"6185\">Kulturfestivaler och ungdomsverksamhet p\u00e5 me\u00e4nkieli<\/h3>\n<p class=\"\" data-start=\"6187\" data-end=\"6492\">Det h\u00e4nder mycket inom kulturlivet som st\u00e4rker spr\u00e5ket och gemenskapen. I Tornedalen arrangeras festivaler d\u00e4r me\u00e4nkieli \u00e4r en naturlig del av scenen \u2013 inte bara som spr\u00e5k utan som en levande identitet. D\u00e4r f\u00e5r du uppleva teater, <a href=\"https:\/\/kultur.nu\/en\/musik\/\">musik<\/a>, <a href=\"https:\/\/kultur.nu\/en\/dans\/\">dans<\/a> och ber\u00e4ttelser p\u00e5 ett spr\u00e5k som tidigare bara h\u00f6rdes i hemmen.<\/p>\n<p class=\"\" data-start=\"6494\" data-end=\"6764\">Organisationer som Met Nuoret har tagit en s\u00e4rskild roll n\u00e4r det g\u00e4ller att engagera ungdomar. De arrangerar l\u00e4ger, workshops och ger ut spr\u00e5kpaket f\u00f6r familjer. Tanken \u00e4r att du som barn eller ton\u00e5ring ska kunna k\u00e4nna stolthet \u00f6ver ditt spr\u00e5k \u2013 inte skam eller tystnad.<\/p>\n<p class=\"\" data-start=\"6766\" data-end=\"6859\">H\u00e4r \u00e4r n\u00e5gra av de insatser som hj\u00e4lper till att f\u00f6ra me\u00e4nkieli vidare till n\u00e4sta generation:<\/p>\n<ul>\n<li data-start=\"6863\" data-end=\"6926\">Spr\u00e5kpaket till f\u00f6r\u00e4ldrar f\u00f6r att prata me\u00e4nkieli med sina barn<\/li>\n<li data-start=\"6929\" data-end=\"6982\">Ungdomsl\u00e4ger med fokus p\u00e5 spr\u00e5k, kultur och identitet<\/li>\n<li data-start=\"6985\" data-end=\"7041\">Workshops i ber\u00e4ttande, musik och scenkonst p\u00e5 me\u00e4nkieli<\/li>\n<li data-start=\"7044\" data-end=\"7099\">N\u00e4tverk f\u00f6r unga vuxna med spr\u00e5ket som gemensam n\u00e4mnare<\/li>\n<\/ul>\n<p class=\"\" data-start=\"7101\" data-end=\"7181\">Det handlar om att g\u00f6ra spr\u00e5ket levande i vardagen, p\u00e5 fritiden och i framtiden.<\/p>\n<h3 class=\"\" data-start=\"7183\" data-end=\"7230\">Nya satsningar inom film och digital kultur<\/h3>\n<p class=\"\" data-start=\"7232\" data-end=\"7556\">En sp\u00e4nnande ny del av me\u00e4nkieli kultur \u00e4r hur spr\u00e5ket tar plats i digitala <a href=\"https:\/\/kultur.nu\/en\/massmedier\/\">medier<\/a> och <a href=\"https:\/\/kultur.nu\/en\/film\/\">film<\/a>. Kortfilmer p\u00e5 Youtube, dokument\u00e4rer och till och med animationer har b\u00f6rjat produceras d\u00e4r me\u00e4nkieli \u00e4r huvudspr\u00e5k. Det h\u00e4r \u00e4r inte bara underh\u00e5llning \u2013 det \u00e4r ett s\u00e4tt att normalisera spr\u00e5ket i de kanaler d\u00e4r unga faktiskt vistas.<\/p>\n<p class=\"\" data-start=\"7558\" data-end=\"7834\">Dessutom har flera skolor och f\u00f6reningar b\u00f6rjat anv\u00e4nda sociala medier f\u00f6r att sprida kunskap om spr\u00e5ket och kulturen. P\u00e5 TikTok och Instagram finns profiler som blandar humor med spr\u00e5kinl\u00e4rning, n\u00e5got som g\u00f6r att me\u00e4nkieli k\u00e4nns relevant och roligt \u00e4ven f\u00f6r nya generationer.<\/p>\n<p class=\"\" data-start=\"7836\" data-end=\"7968\">Att m\u00f6ta spr\u00e5ket i din mobil eller surfplatta, p\u00e5 ett naturligt s\u00e4tt, \u00e4r en viktig pusselbit f\u00f6r att h\u00e5lla me\u00e4nkieli kultur levande.<\/p>","protected":false},"excerpt":{"rendered":"<p>Visste du att me\u00e4nkieli inte bara \u00e4r ett spr\u00e5k \u2013 utan ett helt kulturarv? Sedan&hellip;<\/p>","protected":false},"author":1,"featured_media":554,"comment_status":"open","ping_status":"open","sticky":false,"template":"","format":"standard","meta":{"_yoast_wpseo_focuskw":"","_yoast_wpseo_title":"","_yoast_wpseo_metadesc":"","_yoast_wpseo_meta-robots-noindex":"","_yoast_wpseo_meta-robots-nofollow":"","_yoast_wpseo_canonical":"","_yoast_wpseo_opengraph-title":"","_yoast_wpseo_opengraph-description":"","_yoast_wpseo_twitter-title":"","_yoast_wpseo_twitter-description":"","footnotes":"","rank_math_description":"","rank_math_focus_keyword":"","rank_math_title":"","rank_math_canonical_url":"","rank_math_robots":"","rank_math_facebook_title":"","rank_math_facebook_description":"","rank_math_twitter_title":"","rank_math_twitter_description":""},"categories":[2],"tags":[],"class_list":["post-553","post","type-post","status-publish","format-standard","has-post-thumbnail","hentry","category-aktuellt"],"yoast_head":"<!-- This site is optimized with the Yoast SEO plugin v27.5 - https:\/\/yoast.com\/product\/yoast-seo-wordpress\/ -->\n<title>Me\u00e4nkieli kultur: Ett spr\u00e5k som v\u00e4cker liv i en hel identitet - Kultur i Sverige<\/title>\n<meta name=\"robots\" content=\"index, follow, max-snippet:-1, max-image-preview:large, max-video-preview:-1\" \/>\n<link rel=\"canonical\" href=\"https:\/\/kultur.nu\/en\/meankieli-kultur\/\" \/>\n<meta property=\"og:locale\" content=\"en_US\" \/>\n<meta property=\"og:type\" content=\"article\" \/>\n<meta property=\"og:title\" content=\"Me\u00e4nkieli kultur: Ett spr\u00e5k som v\u00e4cker liv i en hel identitet - Kultur i Sverige\" \/>\n<meta property=\"og:description\" content=\"Visste du att me\u00e4nkieli inte bara \u00e4r ett spr\u00e5k \u2013 utan ett helt kulturarv? Sedan&hellip;\" \/>\n<meta property=\"og:url\" content=\"https:\/\/kultur.nu\/en\/meankieli-kultur\/\" \/>\n<meta property=\"og:site_name\" content=\"Kultur i Sverige\" \/>\n<meta property=\"article:published_time\" content=\"2024-12-23T14:49:35+00:00\" \/>\n<meta property=\"article:modified_time\" content=\"2025-05-16T13:57:13+00:00\" \/>\n<meta property=\"og:image\" content=\"https:\/\/kultur.nu\/wp-content\/uploads\/2025\/05\/image55.webp\" \/>\n\t<meta property=\"og:image:width\" content=\"1024\" \/>\n\t<meta property=\"og:image:height\" content=\"768\" \/>\n\t<meta property=\"og:image:type\" content=\"image\/webp\" \/>\n<meta name=\"author\" content=\"Annica\" \/>\n<meta name=\"twitter:card\" content=\"summary_large_image\" \/>\n<meta name=\"twitter:label1\" content=\"Written by\" \/>\n\t<meta name=\"twitter:data1\" content=\"Annica\" \/>\n\t<meta name=\"twitter:label2\" content=\"Est. reading time\" \/>\n\t<meta name=\"twitter:data2\" content=\"7 minutes\" \/>\n<script type=\"application\/ld+json\" class=\"yoast-schema-graph\">{\"@context\":\"https:\\\/\\\/schema.org\",\"@graph\":[{\"@type\":\"Article\",\"@id\":\"https:\\\/\\\/kultur.nu\\\/meankieli-kultur\\\/#article\",\"isPartOf\":{\"@id\":\"https:\\\/\\\/kultur.nu\\\/meankieli-kultur\\\/\"},\"author\":{\"name\":\"Annica\",\"@id\":\"https:\\\/\\\/kultur.nu\\\/#\\\/schema\\\/person\\\/cbafe9491d5ea09a25eace8883923b2c\"},\"headline\":\"Me\u00e4nkieli kultur: Ett spr\u00e5k som v\u00e4cker liv i en hel identitet\",\"datePublished\":\"2024-12-23T14:49:35+00:00\",\"dateModified\":\"2025-05-16T13:57:13+00:00\",\"mainEntityOfPage\":{\"@id\":\"https:\\\/\\\/kultur.nu\\\/meankieli-kultur\\\/\"},\"wordCount\":1510,\"commentCount\":0,\"publisher\":{\"@id\":\"https:\\\/\\\/kultur.nu\\\/#organization\"},\"image\":{\"@id\":\"https:\\\/\\\/kultur.nu\\\/meankieli-kultur\\\/#primaryimage\"},\"thumbnailUrl\":\"https:\\\/\\\/kultur.nu\\\/wp-content\\\/uploads\\\/2025\\\/05\\\/image55.webp\",\"articleSection\":[\"Aktuellt\"],\"inLanguage\":\"en-US\",\"potentialAction\":[{\"@type\":\"CommentAction\",\"name\":\"Comment\",\"target\":[\"https:\\\/\\\/kultur.nu\\\/meankieli-kultur\\\/#respond\"]}]},{\"@type\":\"WebPage\",\"@id\":\"https:\\\/\\\/kultur.nu\\\/meankieli-kultur\\\/\",\"url\":\"https:\\\/\\\/kultur.nu\\\/meankieli-kultur\\\/\",\"name\":\"Me\u00e4nkieli kultur: Ett spr\u00e5k som v\u00e4cker liv i en hel identitet - Kultur i Sverige\",\"isPartOf\":{\"@id\":\"https:\\\/\\\/kultur.nu\\\/#website\"},\"primaryImageOfPage\":{\"@id\":\"https:\\\/\\\/kultur.nu\\\/meankieli-kultur\\\/#primaryimage\"},\"image\":{\"@id\":\"https:\\\/\\\/kultur.nu\\\/meankieli-kultur\\\/#primaryimage\"},\"thumbnailUrl\":\"https:\\\/\\\/kultur.nu\\\/wp-content\\\/uploads\\\/2025\\\/05\\\/image55.webp\",\"datePublished\":\"2024-12-23T14:49:35+00:00\",\"dateModified\":\"2025-05-16T13:57:13+00:00\",\"breadcrumb\":{\"@id\":\"https:\\\/\\\/kultur.nu\\\/meankieli-kultur\\\/#breadcrumb\"},\"inLanguage\":\"en-US\",\"potentialAction\":[{\"@type\":\"ReadAction\",\"target\":[\"https:\\\/\\\/kultur.nu\\\/meankieli-kultur\\\/\"]}]},{\"@type\":\"ImageObject\",\"inLanguage\":\"en-US\",\"@id\":\"https:\\\/\\\/kultur.nu\\\/meankieli-kultur\\\/#primaryimage\",\"url\":\"https:\\\/\\\/kultur.nu\\\/wp-content\\\/uploads\\\/2025\\\/05\\\/image55.webp\",\"contentUrl\":\"https:\\\/\\\/kultur.nu\\\/wp-content\\\/uploads\\\/2025\\\/05\\\/image55.webp\",\"width\":1024,\"height\":768,\"caption\":\"me\u00e4nkieli kultur\"},{\"@type\":\"BreadcrumbList\",\"@id\":\"https:\\\/\\\/kultur.nu\\\/meankieli-kultur\\\/#breadcrumb\",\"itemListElement\":[{\"@type\":\"ListItem\",\"position\":1,\"name\":\"Hem\",\"item\":\"https:\\\/\\\/kultur.nu\\\/\"},{\"@type\":\"ListItem\",\"position\":2,\"name\":\"Me\u00e4nkieli kultur: Ett spr\u00e5k som v\u00e4cker liv i en hel identitet\"}]},{\"@type\":\"WebSite\",\"@id\":\"https:\\\/\\\/kultur.nu\\\/#website\",\"url\":\"https:\\\/\\\/kultur.nu\\\/\",\"name\":\"Kultur i Sverige\",\"description\":\"\",\"publisher\":{\"@id\":\"https:\\\/\\\/kultur.nu\\\/#organization\"},\"potentialAction\":[{\"@type\":\"SearchAction\",\"target\":{\"@type\":\"EntryPoint\",\"urlTemplate\":\"https:\\\/\\\/kultur.nu\\\/?s={search_term_string}\"},\"query-input\":{\"@type\":\"PropertyValueSpecification\",\"valueRequired\":true,\"valueName\":\"search_term_string\"}}],\"inLanguage\":\"en-US\"},{\"@type\":\"Organization\",\"@id\":\"https:\\\/\\\/kultur.nu\\\/#organization\",\"name\":\"Kultur i Sverige\",\"url\":\"https:\\\/\\\/kultur.nu\\\/\",\"logo\":{\"@type\":\"ImageObject\",\"inLanguage\":\"en-US\",\"@id\":\"https:\\\/\\\/kultur.nu\\\/#\\\/schema\\\/logo\\\/image\\\/\",\"url\":\"https:\\\/\\\/kultur.nu\\\/wp-content\\\/uploads\\\/2025\\\/10\\\/cropped-Kultur.nu-logo.webp\",\"contentUrl\":\"https:\\\/\\\/kultur.nu\\\/wp-content\\\/uploads\\\/2025\\\/10\\\/cropped-Kultur.nu-logo.webp\",\"width\":510,\"height\":95,\"caption\":\"Kultur i Sverige\"},\"image\":{\"@id\":\"https:\\\/\\\/kultur.nu\\\/#\\\/schema\\\/logo\\\/image\\\/\"}},{\"@type\":\"Person\",\"@id\":\"https:\\\/\\\/kultur.nu\\\/#\\\/schema\\\/person\\\/cbafe9491d5ea09a25eace8883923b2c\",\"name\":\"Annica\",\"image\":{\"@type\":\"ImageObject\",\"inLanguage\":\"en-US\",\"@id\":\"https:\\\/\\\/secure.gravatar.com\\\/avatar\\\/d78c2d842df13ded689c841d90a91fd72f6cc9e7250f7066a537c14f82302546?s=96&d=mm&r=g\",\"url\":\"https:\\\/\\\/secure.gravatar.com\\\/avatar\\\/d78c2d842df13ded689c841d90a91fd72f6cc9e7250f7066a537c14f82302546?s=96&d=mm&r=g\",\"contentUrl\":\"https:\\\/\\\/secure.gravatar.com\\\/avatar\\\/d78c2d842df13ded689c841d90a91fd72f6cc9e7250f7066a537c14f82302546?s=96&d=mm&r=g\",\"caption\":\"Annica\"},\"description\":\"Annika Axelsson \u00e4r kulturskribent p\u00e5 Kultur.nu, d\u00e4r hon skriver om litteratur, film, teater, konst och samtida kulturdebatt. Hon har ett s\u00e4rskilt intresse f\u00f6r hur kultur speglar samh\u00e4llsf\u00f6r\u00e4ndringar, identitet och vardagslivet. Annika har studerat litteraturvetenskap och kulturjournalistik vid Stockholms universitet. Hon har \u00e4ven l\u00e4st konstvetenskap och medievetenskap, vilket ger henne en bred grund n\u00e4r hon analyserar b\u00e5de klassiska verk och moderna kulturuttryck. P\u00e5 Kultur.nu skriver Annika fr\u00e4mst recensioner, f\u00f6rdjupande artiklar och personliga kr\u00f6nikor. Hon bevakar nya b\u00f6cker, uppm\u00e4rksammade teaterf\u00f6rest\u00e4llningar, filmfestivaler, utst\u00e4llningar och aktuella kulturh\u00e4ndelser. Hennes texter k\u00e4nnetecknas av ett nyfiket, kunnigt och tillg\u00e4ngligt spr\u00e5k, d\u00e4r hon vill g\u00f6ra kultur l\u00e4ttare att f\u00f6rst\u00e5 utan att f\u00f6renkla den. Hon har tidigare arbetat med redaktionellt inneh\u00e5ll, intervjuer och kulturbevakning f\u00f6r b\u00e5de digitala magasin och lokala publikationer. I sitt skrivande \u00e5terkommer hon ofta till fr\u00e5gor om ber\u00e4ttande, kreativitet, klass, k\u00f6nsroller och kulturens plats i det moderna samh\u00e4llet.\",\"sameAs\":[\"https:\\\/\\\/kultur.nu\"],\"url\":\"https:\\\/\\\/kultur.nu\\\/en\\\/author\\\/annica\\\/\"}]}<\/script>\n<!-- \/ Yoast SEO plugin. -->","yoast_head_json":{"title":"Me\u00e4nkieli kultur: Ett spr\u00e5k som v\u00e4cker liv i en hel identitet - Kultur i Sverige","robots":{"index":"index","follow":"follow","max-snippet":"max-snippet:-1","max-image-preview":"max-image-preview:large","max-video-preview":"max-video-preview:-1"},"canonical":"https:\/\/kultur.nu\/en\/meankieli-kultur\/","og_locale":"en_US","og_type":"article","og_title":"Me\u00e4nkieli kultur: Ett spr\u00e5k som v\u00e4cker liv i en hel identitet - Kultur i Sverige","og_description":"Visste du att me\u00e4nkieli inte bara \u00e4r ett spr\u00e5k \u2013 utan ett helt kulturarv? Sedan&hellip;","og_url":"https:\/\/kultur.nu\/en\/meankieli-kultur\/","og_site_name":"Kultur i Sverige","article_published_time":"2024-12-23T14:49:35+00:00","article_modified_time":"2025-05-16T13:57:13+00:00","og_image":[{"width":1024,"height":768,"url":"https:\/\/kultur.nu\/wp-content\/uploads\/2025\/05\/image55.webp","type":"image\/webp"}],"author":"Annica","twitter_card":"summary_large_image","twitter_misc":{"Written by":"Annica","Est. reading time":"7 minutes"},"schema":{"@context":"https:\/\/schema.org","@graph":[{"@type":"Article","@id":"https:\/\/kultur.nu\/meankieli-kultur\/#article","isPartOf":{"@id":"https:\/\/kultur.nu\/meankieli-kultur\/"},"author":{"name":"Annica","@id":"https:\/\/kultur.nu\/#\/schema\/person\/cbafe9491d5ea09a25eace8883923b2c"},"headline":"Me\u00e4nkieli kultur: Ett spr\u00e5k som v\u00e4cker liv i en hel identitet","datePublished":"2024-12-23T14:49:35+00:00","dateModified":"2025-05-16T13:57:13+00:00","mainEntityOfPage":{"@id":"https:\/\/kultur.nu\/meankieli-kultur\/"},"wordCount":1510,"commentCount":0,"publisher":{"@id":"https:\/\/kultur.nu\/#organization"},"image":{"@id":"https:\/\/kultur.nu\/meankieli-kultur\/#primaryimage"},"thumbnailUrl":"https:\/\/kultur.nu\/wp-content\/uploads\/2025\/05\/image55.webp","articleSection":["Aktuellt"],"inLanguage":"en-US","potentialAction":[{"@type":"CommentAction","name":"Comment","target":["https:\/\/kultur.nu\/meankieli-kultur\/#respond"]}]},{"@type":"WebPage","@id":"https:\/\/kultur.nu\/meankieli-kultur\/","url":"https:\/\/kultur.nu\/meankieli-kultur\/","name":"Me\u00e4nkieli kultur: Ett spr\u00e5k som v\u00e4cker liv i en hel identitet - Kultur i Sverige","isPartOf":{"@id":"https:\/\/kultur.nu\/#website"},"primaryImageOfPage":{"@id":"https:\/\/kultur.nu\/meankieli-kultur\/#primaryimage"},"image":{"@id":"https:\/\/kultur.nu\/meankieli-kultur\/#primaryimage"},"thumbnailUrl":"https:\/\/kultur.nu\/wp-content\/uploads\/2025\/05\/image55.webp","datePublished":"2024-12-23T14:49:35+00:00","dateModified":"2025-05-16T13:57:13+00:00","breadcrumb":{"@id":"https:\/\/kultur.nu\/meankieli-kultur\/#breadcrumb"},"inLanguage":"en-US","potentialAction":[{"@type":"ReadAction","target":["https:\/\/kultur.nu\/meankieli-kultur\/"]}]},{"@type":"ImageObject","inLanguage":"en-US","@id":"https:\/\/kultur.nu\/meankieli-kultur\/#primaryimage","url":"https:\/\/kultur.nu\/wp-content\/uploads\/2025\/05\/image55.webp","contentUrl":"https:\/\/kultur.nu\/wp-content\/uploads\/2025\/05\/image55.webp","width":1024,"height":768,"caption":"me\u00e4nkieli kultur"},{"@type":"BreadcrumbList","@id":"https:\/\/kultur.nu\/meankieli-kultur\/#breadcrumb","itemListElement":[{"@type":"ListItem","position":1,"name":"Hem","item":"https:\/\/kultur.nu\/"},{"@type":"ListItem","position":2,"name":"Me\u00e4nkieli kultur: Ett spr\u00e5k som v\u00e4cker liv i en hel identitet"}]},{"@type":"WebSite","@id":"https:\/\/kultur.nu\/#website","url":"https:\/\/kultur.nu\/","name":"Kultur i Sverige","description":"","publisher":{"@id":"https:\/\/kultur.nu\/#organization"},"potentialAction":[{"@type":"SearchAction","target":{"@type":"EntryPoint","urlTemplate":"https:\/\/kultur.nu\/?s={search_term_string}"},"query-input":{"@type":"PropertyValueSpecification","valueRequired":true,"valueName":"search_term_string"}}],"inLanguage":"en-US"},{"@type":"Organization","@id":"https:\/\/kultur.nu\/#organization","name":"Kultur i Sverige","url":"https:\/\/kultur.nu\/","logo":{"@type":"ImageObject","inLanguage":"en-US","@id":"https:\/\/kultur.nu\/#\/schema\/logo\/image\/","url":"https:\/\/kultur.nu\/wp-content\/uploads\/2025\/10\/cropped-Kultur.nu-logo.webp","contentUrl":"https:\/\/kultur.nu\/wp-content\/uploads\/2025\/10\/cropped-Kultur.nu-logo.webp","width":510,"height":95,"caption":"Kultur i Sverige"},"image":{"@id":"https:\/\/kultur.nu\/#\/schema\/logo\/image\/"}},{"@type":"Person","@id":"https:\/\/kultur.nu\/#\/schema\/person\/cbafe9491d5ea09a25eace8883923b2c","name":"Annica","image":{"@type":"ImageObject","inLanguage":"en-US","@id":"https:\/\/secure.gravatar.com\/avatar\/d78c2d842df13ded689c841d90a91fd72f6cc9e7250f7066a537c14f82302546?s=96&d=mm&r=g","url":"https:\/\/secure.gravatar.com\/avatar\/d78c2d842df13ded689c841d90a91fd72f6cc9e7250f7066a537c14f82302546?s=96&d=mm&r=g","contentUrl":"https:\/\/secure.gravatar.com\/avatar\/d78c2d842df13ded689c841d90a91fd72f6cc9e7250f7066a537c14f82302546?s=96&d=mm&r=g","caption":"Annica"},"description":"Annika Axelsson \u00e4r kulturskribent p\u00e5 Kultur.nu, d\u00e4r hon skriver om litteratur, film, teater, konst och samtida kulturdebatt. Hon har ett s\u00e4rskilt intresse f\u00f6r hur kultur speglar samh\u00e4llsf\u00f6r\u00e4ndringar, identitet och vardagslivet. Annika har studerat litteraturvetenskap och kulturjournalistik vid Stockholms universitet. Hon har \u00e4ven l\u00e4st konstvetenskap och medievetenskap, vilket ger henne en bred grund n\u00e4r hon analyserar b\u00e5de klassiska verk och moderna kulturuttryck. P\u00e5 Kultur.nu skriver Annika fr\u00e4mst recensioner, f\u00f6rdjupande artiklar och personliga kr\u00f6nikor. Hon bevakar nya b\u00f6cker, uppm\u00e4rksammade teaterf\u00f6rest\u00e4llningar, filmfestivaler, utst\u00e4llningar och aktuella kulturh\u00e4ndelser. Hennes texter k\u00e4nnetecknas av ett nyfiket, kunnigt och tillg\u00e4ngligt spr\u00e5k, d\u00e4r hon vill g\u00f6ra kultur l\u00e4ttare att f\u00f6rst\u00e5 utan att f\u00f6renkla den. Hon har tidigare arbetat med redaktionellt inneh\u00e5ll, intervjuer och kulturbevakning f\u00f6r b\u00e5de digitala magasin och lokala publikationer. I sitt skrivande \u00e5terkommer hon ofta till fr\u00e5gor om ber\u00e4ttande, kreativitet, klass, k\u00f6nsroller och kulturens plats i det moderna samh\u00e4llet.","sameAs":["https:\/\/kultur.nu"],"url":"https:\/\/kultur.nu\/en\/author\/annica\/"}]}},"_links":{"self":[{"href":"https:\/\/kultur.nu\/en\/wp-json\/wp\/v2\/posts\/553","targetHints":{"allow":["GET"]}}],"collection":[{"href":"https:\/\/kultur.nu\/en\/wp-json\/wp\/v2\/posts"}],"about":[{"href":"https:\/\/kultur.nu\/en\/wp-json\/wp\/v2\/types\/post"}],"author":[{"embeddable":true,"href":"https:\/\/kultur.nu\/en\/wp-json\/wp\/v2\/users\/1"}],"replies":[{"embeddable":true,"href":"https:\/\/kultur.nu\/en\/wp-json\/wp\/v2\/comments?post=553"}],"version-history":[{"count":2,"href":"https:\/\/kultur.nu\/en\/wp-json\/wp\/v2\/posts\/553\/revisions"}],"predecessor-version":[{"id":558,"href":"https:\/\/kultur.nu\/en\/wp-json\/wp\/v2\/posts\/553\/revisions\/558"}],"wp:featuredmedia":[{"embeddable":true,"href":"https:\/\/kultur.nu\/en\/wp-json\/wp\/v2\/media\/554"}],"wp:attachment":[{"href":"https:\/\/kultur.nu\/en\/wp-json\/wp\/v2\/media?parent=553"}],"wp:term":[{"taxonomy":"category","embeddable":true,"href":"https:\/\/kultur.nu\/en\/wp-json\/wp\/v2\/categories?post=553"},{"taxonomy":"post_tag","embeddable":true,"href":"https:\/\/kultur.nu\/en\/wp-json\/wp\/v2\/tags?post=553"}],"curies":[{"name":"wp","href":"https:\/\/api.w.org\/{rel}","templated":true}]}}