{"id":559,"date":"2025-01-12T15:58:58","date_gmt":"2025-01-12T14:58:58","guid":{"rendered":"https:\/\/kultur.nu\/?p=559"},"modified":"2025-05-16T16:09:14","modified_gmt":"2025-05-16T14:09:14","slug":"romsk-kultur","status":"publish","type":"post","link":"https:\/\/kultur.nu\/en\/romsk-kultur\/","title":{"rendered":"Uppt\u00e4ck den f\u00e4rgstarka m\u00e5ngfalden i romsk kultur"},"content":{"rendered":"<p class=\"\" data-start=\"54\" data-end=\"655\">Romsk <a href=\"https:\/\/kultur.nu\/en\/\">kultur<\/a> \u00e4r levande, m\u00e5ngsidig och formad av \u00e5rhundraden av resor, <a href=\"https:\/\/kultur.nu\/en\/traditioner-i-sverige\/\">traditioner<\/a> och anpassningar. Den \u00e4r inte enhetlig \u2013 och det \u00e4r just det som g\u00f6r den s\u00e5 fascinerande. Den romska minoriteten best\u00e5r av m\u00e5nga olika grupper med egna spr\u00e5k, religi\u00f6sa tillh\u00f6righeter, historiska erfarenheter och kulturella uttryck. \u00c4nd\u00e5 finns det vissa k\u00e4rnv\u00e4rden som f\u00f6renar: stolthet \u00f6ver ursprunget, djup respekt f\u00f6r \u00e4ldre, en stark k\u00e4nsla f\u00f6r r\u00e4ttvisa och heder, samt en passion f\u00f6r <a href=\"https:\/\/kultur.nu\/en\/musik\/\">musik<\/a>, ber\u00e4ttelser och gemenskap. H\u00e4r f\u00e5r du f\u00f6lja med p\u00e5 en resa genom det som binder ihop och samtidigt s\u00e4rskiljer romsk kultur.<\/p>\n<h3 class=\"\" data-start=\"657\" data-end=\"699\">Romanipen \u2013 Hj\u00e4rtat i m\u00e5nga romska liv<\/h3>\n<p class=\"\" data-start=\"701\" data-end=\"1041\">Romanipen \u00e4r ett centralt begrepp f\u00f6r flera romska grupper och fungerar som ett oskrivet regelverk. Det handlar inte om lagar, utan om v\u00e4rderingar och traditioner som f\u00f6rs vidare fr\u00e5n generation till generation. Romanipen omfattar allt fr\u00e5n hur du visar respekt till hur du f\u00f6r dig socialt, hur du kl\u00e4r dig och vilka ceremonier du deltar i.<\/p>\n<p class=\"\" data-start=\"1043\" data-end=\"1297\">Att visa respekt f\u00f6r \u00e4ldre \u00e4r ett \u00e5terkommande tema. De ses som kunskapsb\u00e4rare och v\u00e4gledare, inte bara f\u00f6r sina egna barnbarn, utan f\u00f6r hela sl\u00e4kten. Ett r\u00e5d fr\u00e5n en \u00e4ldre \u00e4r inget du nonchalerar \u2013 det \u00e4r en del av romanipen att ta s\u00e5dana r\u00e5d p\u00e5 allvar.<\/p>\n<p class=\"\" data-start=\"1299\" data-end=\"1559\">Familjebanden \u00e4r en annan grundpelare. Sl\u00e4kten fungerar ofta som trygghetssystem och social struktur. Det \u00e4r inom familjen du hittar st\u00f6d, skydd, hj\u00e4lp och identitet. D\u00e4rf\u00f6r \u00e4r det inte ovanligt att tre eller till och med fyra generationer lever n\u00e4ra varandra.<\/p>\n<p class=\"\" data-start=\"1561\" data-end=\"1772\">Till romanipen h\u00f6r ocks\u00e5 olika ceremonier som markerar \u00f6verg\u00e5ngar i livet \u2013 f\u00f6delse, br\u00f6llop och d\u00f6d. De \u00e4r inte bara festliga tillf\u00e4llen, utan viktiga s\u00e4tt att f\u00f6ra vidare traditioner och f\u00f6rst\u00e4rka gemenskapen.<\/p>\n<p class=\"\" data-start=\"1774\" data-end=\"2148\">I vissa grupper finns dessutom regler kring renhet, b\u00e5de fysiskt och symboliskt. Dessa p\u00e5verkar hur du hanterar kl\u00e4der, mat och f\u00f6rem\u00e5l i hemmet. Till exempel f\u00e5r vissa typer av husger\u00e5d inte flyttas mellan olika delar av bostaden. Det m\u00e5 l\u00e5ta udda, men reglerna har ofta historisk f\u00f6rankring i praktiska behov, s\u00e4rskilt under den tid d\u00e5 m\u00e5nga romer levde i t\u00e4lt och vagnar.<\/p>\n<h3 class=\"\" data-start=\"2150\" data-end=\"2182\">En varierad tro utan gr\u00e4nser<\/h3>\n<p class=\"\" data-start=\"2184\" data-end=\"2489\">Romer har alltid anpassat sig till den religi\u00f6sa milj\u00f6n i de l\u00e4nder de bott i. D\u00e4rf\u00f6r finns en stor m\u00e5ngfald inom romernas religi\u00f6sa tillh\u00f6righeter. Vissa \u00e4r katoliker, andra ortodoxa eller protestanter. I vissa fall tillh\u00f6r de frikyrkor, och p\u00e5 Balkan \u00e4r det inte ovanligt att romska grupper \u00e4r muslimer.<\/p>\n<p class=\"\" data-start=\"2491\" data-end=\"2719\">Men till skillnad fr\u00e5n vad som kan f\u00f6rekomma i andra kulturer, \u00e4r religi\u00f6sa olikheter s\u00e4llan n\u00e5got som skapar splittring bland romer. Tron \u00e4r i f\u00f6rsta hand personlig, och respekten f\u00f6r andras trosuppfattningar \u00e4r ofta sj\u00e4lvklar.<\/p>\n<p class=\"\" data-start=\"2721\" data-end=\"2953\">Religionen \u00e4r ocks\u00e5 integrerad i m\u00e5nga av de traditionella h\u00f6gtiderna. En h\u00f6gtid som Djurdjevdan firas till exempel b\u00e5de av kristna och muslimer inom romska grupper, vilket visar p\u00e5 den inkluderande karakt\u00e4ren i den romska kulturen.<\/p>\n<p data-start=\"2721\" data-end=\"2953\"><img loading=\"lazy\" decoding=\"async\" class=\"alignnone size-full wp-image-561\" src=\"https:\/\/kultur.nu\/wp-content\/uploads\/2025\/05\/image60.webp\" alt=\"En varierad tro utan gr\u00e4nser\" width=\"1200\" height=\"800\" srcset=\"https:\/\/kultur.nu\/wp-content\/uploads\/2025\/05\/image60.webp 1200w, https:\/\/kultur.nu\/wp-content\/uploads\/2025\/05\/image60-300x200.webp 300w, https:\/\/kultur.nu\/wp-content\/uploads\/2025\/05\/image60-1024x683.webp 1024w, https:\/\/kultur.nu\/wp-content\/uploads\/2025\/05\/image60-768x512.webp 768w\" sizes=\"auto, (max-width: 1200px) 100vw, 1200px\" \/><\/p>\n<h3 class=\"\" data-start=\"2955\" data-end=\"3004\">Musik, dans och teater som kulturella uttryck<\/h3>\n<p class=\"\" data-start=\"3006\" data-end=\"3295\">Om du har h\u00f6rt dragspelstoner, livliga fioler eller passionerad s\u00e5ng p\u00e5 en marknad, i en dokument\u00e4r eller fr\u00e5n en gatukonstn\u00e4r \u2013 d\u00e5 har du troligen h\u00f6rt sp\u00e5r av romsk musik. Musik och <a href=\"https:\/\/kultur.nu\/en\/dans\/\">dans<\/a> \u00e4r n\u00e4mligen inte bara underh\u00e5llning i romsk kultur, det \u00e4r en livsstil, en inkomstk\u00e4lla och ett arv.<\/p>\n<p class=\"\" data-start=\"3297\" data-end=\"3572\">I flera generationer har romer f\u00f6rs\u00f6rjt sig genom musik, ofta som gatumusikanter, cirkusartister eller dansare. Den romska musiken har influerat allt fr\u00e5n flamenco till <a href=\"https:\/\/kultur.nu\/en\/musik\/klassisk_musik\/\">klassisk musik<\/a> och jazz. Den \u00e4r ofta improviserad, k\u00e4nslom\u00e4ssig och rytmisk \u2013 en spegling av livet sj\u00e4lvt.<\/p>\n<p class=\"\" data-start=\"3574\" data-end=\"3840\">Dansen, s\u00e4rskilt flamenco, har sina r\u00f6tter i romsk historia. Den utvecklades av cal\u00e9-folket i Spanien, vars f\u00f6rf\u00e4der tros ha f\u00f6rt med sig danstraditioner fr\u00e5n Indien. I dag \u00e4r flamenco en av Spaniens mest k\u00e4nda kulturformer \u2013 men f\u00e5 k\u00e4nner till dess romska ursprung.<\/p>\n<p class=\"\" data-start=\"3842\" data-end=\"4071\">Sedan n\u00e5gra \u00e5r tillbaka finns \u00e4ven musikteatern Arthem i G\u00f6teborg, som producerar f\u00f6rest\u00e4llningar om romsk historia och kultur. S\u00e5dan scenkonst blir ett s\u00e4tt att \u00e5terber\u00e4tta, f\u00f6rst\u00e4rka och sprida <a href=\"https:\/\/kultur.nu\/en\/kulturarv\/\">kulturarvet<\/a> p\u00e5 nya, moderna s\u00e4tt.<\/p>\n<h3 class=\"\" data-start=\"4073\" data-end=\"4097\">Romsk kultur i maten<\/h3>\n<p class=\"\" data-start=\"4099\" data-end=\"4437\">Den romska matkulturen \u00e4r lika varierad som romernas geografiska ursprung. Eftersom romska grupper bott i olika l\u00e4nder, p\u00e5verkas maten starkt av det lokala k\u00f6ket. Samtidigt finns gemensamma drag \u2013 s\u00e4rskilt enkelheten och anpassningsbarheten. M\u00e5nga klassiska r\u00e4tter tillagades i t\u00e4lt eller husvagnar, ofta med bara en kokplatta till hands.<\/p>\n<p class=\"\" data-start=\"4439\" data-end=\"4646\">Romer fr\u00e5n \u00d6steuropa lagar g\u00e4rna vitk\u00e5lsr\u00e4tter, surk\u00e5l och det speciella br\u00f6det bokoli. Finska romer \u00e4ter traditionell finsk husmanskost, medan Balkanromer ofta serverar fyllda paprikor, \u0107evap\u010di\u0107i och burek.<\/p>\n<p class=\"\" data-start=\"4648\" data-end=\"4693\">H\u00e4r \u00e4r n\u00e5gra typiska drag i romsk matlagning:<\/p>\n<ul>\n<li data-start=\"4697\" data-end=\"4747\">Enkel tillagning, ofta i en enda gryta eller panna<\/li>\n<li data-start=\"4750\" data-end=\"4790\">Mustiga grytor med k\u00f6tt, l\u00f6k och paprika<\/li>\n<li data-start=\"4793\" data-end=\"4854\">Hemlagade kakor och br\u00f6d utan j\u00e4st, som g\u00e5r snabbt att gr\u00e4dda<\/li>\n<\/ul>\n<p class=\"\" data-start=\"4856\" data-end=\"4954\">Romsk mat \u00e4r ofta kryddig, rustik och doftrik \u2013 ett slags kulinarisk karta \u00f6ver ett liv i r\u00f6relse.<\/p>\n<h3 class=\"\" data-start=\"4956\" data-end=\"5009\">Romsk kultur och kl\u00e4der \u2013 Den synliga identiteten<\/h3>\n<p class=\"\" data-start=\"5011\" data-end=\"5317\">Kl\u00e4der har en stark symbolisk betydelse i romsk kultur, s\u00e4rskilt bland finska romska kvinnor. Den traditionella kjolen \u2013 kallad kaledr\u00e4kt \u2013 \u00e4r ofta sydd av tung sammet, dekorerad med spetsar och ibland upp till tio kilo tung. Den b\u00e4rs med en matchande blus och representerar b\u00e5de stolthet och tillh\u00f6righet.<\/p>\n<p class=\"\" data-start=\"5319\" data-end=\"5538\">F\u00f6r vissa \u00e4r det viktigt att sy sina egna kl\u00e4der. Det blir ett s\u00e4tt att visa kreativitet, skicklighet och respekt f\u00f6r traditionen. Dessa plagg \u00e4r inte vardagskl\u00e4der, utan ceremoniella uttryck f\u00f6r identitet och historia.<\/p>\n<p class=\"\" data-start=\"5540\" data-end=\"5720\">M\u00e4ns kl\u00e4dsel \u00e4r generellt mer \u00e5terh\u00e5llsam men f\u00f6ljer ocks\u00e5 stilideal som visar respekt f\u00f6r traditioner och tillf\u00e4llen. Kl\u00e4derna markerar roller, ansvar och relationer inom gruppen.<\/p>\n<h3 class=\"\" data-start=\"5722\" data-end=\"5757\">H\u00f6gtider med r\u00f6tter och k\u00e4nslor<\/h3>\n<p class=\"\" data-start=\"5759\" data-end=\"6056\">H\u00f6gtider spelar en viktig roll i att h\u00e5lla samman kulturen. De firas med musik, mat, s\u00e5ng, dans och ofta i stora familjesammankomster. Den mest k\u00e4nda \u00e4r Internationella Romadagen den 8 april. D\u00e5 hissas den bl\u00e5-gr\u00f6na romska flaggan med det r\u00f6da hjulet \u2013 en symbol f\u00f6r r\u00f6relse, historia och framtid.<\/p>\n<p class=\"\" data-start=\"6058\" data-end=\"6334\">Djurdjevdan, den 6 maj, firas med s\u00e5ng, dans och festmat. H\u00f6gtiden \u00e4r till\u00e4gnad Sankt G\u00f6ran och ses som ett firande av v\u00e5ren och naturens \u00e5terkomst. P\u00e5 Resandefolkets dag, den 29 september, uppm\u00e4rksammas romers historia i Sverige \u2013 en historia som b\u00f6rjade redan p\u00e5 1500-talet.<\/p>\n<p class=\"\" data-start=\"6336\" data-end=\"6465\">Dessa h\u00f6gtider blir inte bara firanden, utan tillf\u00e4llen att f\u00f6ra vidare spr\u00e5k, traditioner och v\u00e4rderingar till n\u00e4sta generation.<\/p>\n<p data-start=\"6336\" data-end=\"6465\"><img loading=\"lazy\" decoding=\"async\" class=\"alignnone size-full wp-image-562\" src=\"https:\/\/kultur.nu\/wp-content\/uploads\/2025\/05\/image62.webp\" alt=\"H\u00f6gtider med r\u00f6tter och k\u00e4nslor\" width=\"1024\" height=\"576\" srcset=\"https:\/\/kultur.nu\/wp-content\/uploads\/2025\/05\/image62.webp 1024w, https:\/\/kultur.nu\/wp-content\/uploads\/2025\/05\/image62-300x169.webp 300w, https:\/\/kultur.nu\/wp-content\/uploads\/2025\/05\/image62-768x432.webp 768w\" sizes=\"auto, (max-width: 1024px) 100vw, 1024px\" \/><\/p>\n<h3 class=\"\" data-start=\"6467\" data-end=\"6508\">Litteratur och spr\u00e5k som bygger broar<\/h3>\n<p class=\"\" data-start=\"6510\" data-end=\"6776\">Romani chib \u2013 det romska spr\u00e5ket \u2013 \u00e4r en viktig del av identiteten. Det best\u00e5r av flera varieteter, d\u00e4r vissa skiljer sig s\u00e5 mycket att de n\u00e4stan fungerar som egna spr\u00e5k. \u00c4ven om inte alla romer talar spr\u00e5ket i dag, \u00e4r det ett starkt symboliskt v\u00e4rde att bevara det.<\/p>\n<p class=\"\" data-start=\"6778\" data-end=\"6954\">Malm\u00f6 stadsbibliotek har ett s\u00e4rskilt romskt <a href=\"https:\/\/kultur.nu\/en\/bibliotek\/\">bibliotek<\/a> med fokus p\u00e5 romani chib. H\u00e4r finns barnb\u00f6cker, romaner, faktalitteratur och ljudb\u00f6cker som st\u00e4rker spr\u00e5ket och kulturen.<\/p>\n<p class=\"\" data-start=\"6956\" data-end=\"7138\">En annan viktig figur inom romsk <a href=\"https:\/\/kultur.nu\/en\/litteratur_och_sprak\/\">litteratur<\/a> \u00e4r Katarina Taikon, som skrev bokserien om Katitzi. B\u00f6ckerna blev avg\u00f6rande f\u00f6r hur romsk kultur b\u00f6rjade f\u00f6rst\u00e5s och accepteras i Sverige.<\/p>\n<h3 class=\"\" data-start=\"7140\" data-end=\"7175\">Hantverk och konst som ber\u00e4ttar<\/h3>\n<p class=\"\" data-start=\"7177\" data-end=\"7399\">Romers tradition av <a href=\"https:\/\/kultur.nu\/en\/konsthantverk\/\">hantverk<\/a> \u00e4r b\u00e5de praktisk och konstn\u00e4rlig. Det handlar om smide, korgbindning, silversl\u00f6jd och kopparslageri. Dessa yrken har varit en v\u00e4g till sj\u00e4lvf\u00f6rs\u00f6rjning, men ocks\u00e5 en form av kulturellt uttryck.<\/p>\n<p class=\"\" data-start=\"7401\" data-end=\"7594\">Rosa Taikon, en av Sveriges mest framst\u00e5ende romska <a href=\"https:\/\/kultur.nu\/en\/konst\/konstnarer\/\">konstn\u00e4rer<\/a>, f\u00f6rnyade silversmide genom att blanda traditionella tekniker med modern form. Hennes verk finns utst\u00e4llda p\u00e5 H\u00e4lsinglands <a href=\"https:\/\/kultur.nu\/en\/museer\/\">museum<\/a>.<\/p>\n<p class=\"\" data-start=\"7596\" data-end=\"7683\">Hantverk spelar fortfarande en viktig roll i romsk kultur \u2013 b\u00e5de som ekonomi och <a href=\"https:\/\/kultur.nu\/en\/konst\/\">konst<\/a>.<\/p>\n<h3 class=\"\" data-start=\"7685\" data-end=\"7731\">Romska minnesm\u00e4rken och historia i Sverige<\/h3>\n<p class=\"\" data-start=\"7733\" data-end=\"8040\">P\u00e5 flera platser i Sverige finns minnesm\u00e4rken \u00f6ver romers historia. I Flatens naturreservat i Stockholm har staden satt upp skyltar d\u00e4r gamla romska l\u00e4ger l\u00e5g under 1900-talet. I Sk\u00e5ne finns ber\u00e4ttelser fr\u00e5n \u00e4ldre romer som levde i t\u00e4lt. Bohusl\u00e4ns museum har kartlagt resandefolkets historia p\u00e5 olika orter.<\/p>\n<p class=\"\" data-start=\"8042\" data-end=\"8205\">Dessa platser ger inte bara historisk kontext, utan fungerar som utbildningsverktyg och p\u00e5minnelser om det motst\u00e5nd romer m\u00f6tt \u2013 men ocks\u00e5 om deras motst\u00e5ndskraft.<\/p>\n<h3 class=\"\" data-start=\"8207\" data-end=\"8246\">Romsk media ger egna r\u00f6ster utrymme<\/h3>\n<p class=\"\" data-start=\"8248\" data-end=\"8497\">Romsk media spelar en avg\u00f6rande roll f\u00f6r att synligg\u00f6ra kulturen. Sveriges Radios <em data-start=\"8330\" data-end=\"8344\"><a href=\"https:\/\/kultur.nu\/en\/massmedier\/radio\/\">Radio<\/a> Romano<\/em> s\u00e4nder dagligen nyheter p\u00e5 romani chib. Tidningen <em data-start=\"8395\" data-end=\"8406\">Drabbikan<\/em> fokuserar p\u00e5 resandefolkets historia och <em data-start=\"8448\" data-end=\"8455\">Dikko<\/em> bevakar nyheter ur ett romskt perspektiv.<\/p>\n<p class=\"\" data-start=\"8499\" data-end=\"8701\">Det finns \u00e4ven barnprogram, dokument\u00e4rer och radioprogram p\u00e5 SVT och UR d\u00e4r romska r\u00f6ster lyfts. Den h\u00e4r typen av representation g\u00f6r skillnad \u2013 s\u00e4rskilt f\u00f6r barn som f\u00e5r se och h\u00f6ra sin egen verklighet.<\/p>\n<p class=\"\" data-start=\"8703\" data-end=\"8875\">Genom musik, mat, spr\u00e5k, h\u00f6gtider, hantverk och media forts\u00e4tter romers ber\u00e4ttelser att leva och utvecklas \u2013 och d\u00e4rmed ocks\u00e5 hela den levande helheten som \u00e4r romsk kultur.<\/p>","protected":false},"excerpt":{"rendered":"<p>Romsk kultur \u00e4r levande, m\u00e5ngsidig och formad av \u00e5rhundraden av resor, traditioner och anpassningar. Den&hellip;<\/p>","protected":false},"author":1,"featured_media":560,"comment_status":"open","ping_status":"open","sticky":false,"template":"","format":"standard","meta":{"_yoast_wpseo_focuskw":"","_yoast_wpseo_title":"","_yoast_wpseo_metadesc":"","_yoast_wpseo_meta-robots-noindex":"","_yoast_wpseo_meta-robots-nofollow":"","_yoast_wpseo_canonical":"","_yoast_wpseo_opengraph-title":"","_yoast_wpseo_opengraph-description":"","_yoast_wpseo_twitter-title":"","_yoast_wpseo_twitter-description":"","footnotes":"","rank_math_description":"","rank_math_focus_keyword":"","rank_math_title":"","rank_math_canonical_url":"","rank_math_robots":"","rank_math_facebook_title":"","rank_math_facebook_description":"","rank_math_twitter_title":"","rank_math_twitter_description":""},"categories":[2],"tags":[],"class_list":["post-559","post","type-post","status-publish","format-standard","has-post-thumbnail","hentry","category-aktuellt"],"yoast_head":"<!-- This site is optimized with the Yoast SEO plugin v27.5 - https:\/\/yoast.com\/product\/yoast-seo-wordpress\/ -->\n<title>Uppt\u00e4ck den f\u00e4rgstarka m\u00e5ngfalden i romsk kultur - Kultur i Sverige<\/title>\n<meta name=\"robots\" content=\"index, follow, max-snippet:-1, max-image-preview:large, max-video-preview:-1\" \/>\n<link rel=\"canonical\" href=\"https:\/\/kultur.nu\/en\/romsk-kultur\/\" \/>\n<meta property=\"og:locale\" content=\"en_US\" \/>\n<meta property=\"og:type\" content=\"article\" \/>\n<meta property=\"og:title\" content=\"Uppt\u00e4ck den f\u00e4rgstarka m\u00e5ngfalden i romsk kultur - Kultur i Sverige\" \/>\n<meta property=\"og:description\" content=\"Romsk kultur \u00e4r levande, m\u00e5ngsidig och formad av \u00e5rhundraden av resor, traditioner och anpassningar. Den&hellip;\" \/>\n<meta property=\"og:url\" content=\"https:\/\/kultur.nu\/en\/romsk-kultur\/\" \/>\n<meta property=\"og:site_name\" content=\"Kultur i Sverige\" \/>\n<meta property=\"article:published_time\" content=\"2025-01-12T14:58:58+00:00\" \/>\n<meta property=\"article:modified_time\" content=\"2025-05-16T14:09:14+00:00\" \/>\n<meta property=\"og:image\" content=\"https:\/\/kultur.nu\/wp-content\/uploads\/2025\/05\/image61.webp\" \/>\n\t<meta property=\"og:image:width\" content=\"900\" \/>\n\t<meta property=\"og:image:height\" content=\"600\" \/>\n\t<meta property=\"og:image:type\" content=\"image\/webp\" \/>\n<meta name=\"author\" content=\"Annica\" \/>\n<meta name=\"twitter:card\" content=\"summary_large_image\" \/>\n<meta name=\"twitter:label1\" content=\"Written by\" \/>\n\t<meta name=\"twitter:data1\" content=\"Annica\" \/>\n\t<meta name=\"twitter:label2\" content=\"Est. reading time\" \/>\n\t<meta name=\"twitter:data2\" content=\"8 minutes\" \/>\n<script type=\"application\/ld+json\" class=\"yoast-schema-graph\">{\"@context\":\"https:\\\/\\\/schema.org\",\"@graph\":[{\"@type\":\"Article\",\"@id\":\"https:\\\/\\\/kultur.nu\\\/romsk-kultur\\\/#article\",\"isPartOf\":{\"@id\":\"https:\\\/\\\/kultur.nu\\\/romsk-kultur\\\/\"},\"author\":{\"name\":\"Annica\",\"@id\":\"https:\\\/\\\/kultur.nu\\\/#\\\/schema\\\/person\\\/cbafe9491d5ea09a25eace8883923b2c\"},\"headline\":\"Uppt\u00e4ck den f\u00e4rgstarka m\u00e5ngfalden i romsk kultur\",\"datePublished\":\"2025-01-12T14:58:58+00:00\",\"dateModified\":\"2025-05-16T14:09:14+00:00\",\"mainEntityOfPage\":{\"@id\":\"https:\\\/\\\/kultur.nu\\\/romsk-kultur\\\/\"},\"wordCount\":1611,\"commentCount\":0,\"publisher\":{\"@id\":\"https:\\\/\\\/kultur.nu\\\/#organization\"},\"image\":{\"@id\":\"https:\\\/\\\/kultur.nu\\\/romsk-kultur\\\/#primaryimage\"},\"thumbnailUrl\":\"https:\\\/\\\/kultur.nu\\\/wp-content\\\/uploads\\\/2025\\\/05\\\/image61.webp\",\"articleSection\":[\"Aktuellt\"],\"inLanguage\":\"en-US\",\"potentialAction\":[{\"@type\":\"CommentAction\",\"name\":\"Comment\",\"target\":[\"https:\\\/\\\/kultur.nu\\\/romsk-kultur\\\/#respond\"]}]},{\"@type\":\"WebPage\",\"@id\":\"https:\\\/\\\/kultur.nu\\\/romsk-kultur\\\/\",\"url\":\"https:\\\/\\\/kultur.nu\\\/romsk-kultur\\\/\",\"name\":\"Uppt\u00e4ck den f\u00e4rgstarka m\u00e5ngfalden i romsk kultur - Kultur i Sverige\",\"isPartOf\":{\"@id\":\"https:\\\/\\\/kultur.nu\\\/#website\"},\"primaryImageOfPage\":{\"@id\":\"https:\\\/\\\/kultur.nu\\\/romsk-kultur\\\/#primaryimage\"},\"image\":{\"@id\":\"https:\\\/\\\/kultur.nu\\\/romsk-kultur\\\/#primaryimage\"},\"thumbnailUrl\":\"https:\\\/\\\/kultur.nu\\\/wp-content\\\/uploads\\\/2025\\\/05\\\/image61.webp\",\"datePublished\":\"2025-01-12T14:58:58+00:00\",\"dateModified\":\"2025-05-16T14:09:14+00:00\",\"breadcrumb\":{\"@id\":\"https:\\\/\\\/kultur.nu\\\/romsk-kultur\\\/#breadcrumb\"},\"inLanguage\":\"en-US\",\"potentialAction\":[{\"@type\":\"ReadAction\",\"target\":[\"https:\\\/\\\/kultur.nu\\\/romsk-kultur\\\/\"]}]},{\"@type\":\"ImageObject\",\"inLanguage\":\"en-US\",\"@id\":\"https:\\\/\\\/kultur.nu\\\/romsk-kultur\\\/#primaryimage\",\"url\":\"https:\\\/\\\/kultur.nu\\\/wp-content\\\/uploads\\\/2025\\\/05\\\/image61.webp\",\"contentUrl\":\"https:\\\/\\\/kultur.nu\\\/wp-content\\\/uploads\\\/2025\\\/05\\\/image61.webp\",\"width\":900,\"height\":600,\"caption\":\"romsk kultur\"},{\"@type\":\"BreadcrumbList\",\"@id\":\"https:\\\/\\\/kultur.nu\\\/romsk-kultur\\\/#breadcrumb\",\"itemListElement\":[{\"@type\":\"ListItem\",\"position\":1,\"name\":\"Hem\",\"item\":\"https:\\\/\\\/kultur.nu\\\/\"},{\"@type\":\"ListItem\",\"position\":2,\"name\":\"Uppt\u00e4ck den f\u00e4rgstarka m\u00e5ngfalden i romsk kultur\"}]},{\"@type\":\"WebSite\",\"@id\":\"https:\\\/\\\/kultur.nu\\\/#website\",\"url\":\"https:\\\/\\\/kultur.nu\\\/\",\"name\":\"Kultur i Sverige\",\"description\":\"\",\"publisher\":{\"@id\":\"https:\\\/\\\/kultur.nu\\\/#organization\"},\"potentialAction\":[{\"@type\":\"SearchAction\",\"target\":{\"@type\":\"EntryPoint\",\"urlTemplate\":\"https:\\\/\\\/kultur.nu\\\/?s={search_term_string}\"},\"query-input\":{\"@type\":\"PropertyValueSpecification\",\"valueRequired\":true,\"valueName\":\"search_term_string\"}}],\"inLanguage\":\"en-US\"},{\"@type\":\"Organization\",\"@id\":\"https:\\\/\\\/kultur.nu\\\/#organization\",\"name\":\"Kultur i Sverige\",\"url\":\"https:\\\/\\\/kultur.nu\\\/\",\"logo\":{\"@type\":\"ImageObject\",\"inLanguage\":\"en-US\",\"@id\":\"https:\\\/\\\/kultur.nu\\\/#\\\/schema\\\/logo\\\/image\\\/\",\"url\":\"https:\\\/\\\/kultur.nu\\\/wp-content\\\/uploads\\\/2025\\\/10\\\/cropped-Kultur.nu-logo.webp\",\"contentUrl\":\"https:\\\/\\\/kultur.nu\\\/wp-content\\\/uploads\\\/2025\\\/10\\\/cropped-Kultur.nu-logo.webp\",\"width\":510,\"height\":95,\"caption\":\"Kultur i Sverige\"},\"image\":{\"@id\":\"https:\\\/\\\/kultur.nu\\\/#\\\/schema\\\/logo\\\/image\\\/\"}},{\"@type\":\"Person\",\"@id\":\"https:\\\/\\\/kultur.nu\\\/#\\\/schema\\\/person\\\/cbafe9491d5ea09a25eace8883923b2c\",\"name\":\"Annica\",\"image\":{\"@type\":\"ImageObject\",\"inLanguage\":\"en-US\",\"@id\":\"https:\\\/\\\/secure.gravatar.com\\\/avatar\\\/d78c2d842df13ded689c841d90a91fd72f6cc9e7250f7066a537c14f82302546?s=96&d=mm&r=g\",\"url\":\"https:\\\/\\\/secure.gravatar.com\\\/avatar\\\/d78c2d842df13ded689c841d90a91fd72f6cc9e7250f7066a537c14f82302546?s=96&d=mm&r=g\",\"contentUrl\":\"https:\\\/\\\/secure.gravatar.com\\\/avatar\\\/d78c2d842df13ded689c841d90a91fd72f6cc9e7250f7066a537c14f82302546?s=96&d=mm&r=g\",\"caption\":\"Annica\"},\"description\":\"Annika Axelsson \u00e4r kulturskribent p\u00e5 Kultur.nu, d\u00e4r hon skriver om litteratur, film, teater, konst och samtida kulturdebatt. Hon har ett s\u00e4rskilt intresse f\u00f6r hur kultur speglar samh\u00e4llsf\u00f6r\u00e4ndringar, identitet och vardagslivet. Annika har studerat litteraturvetenskap och kulturjournalistik vid Stockholms universitet. Hon har \u00e4ven l\u00e4st konstvetenskap och medievetenskap, vilket ger henne en bred grund n\u00e4r hon analyserar b\u00e5de klassiska verk och moderna kulturuttryck. P\u00e5 Kultur.nu skriver Annika fr\u00e4mst recensioner, f\u00f6rdjupande artiklar och personliga kr\u00f6nikor. Hon bevakar nya b\u00f6cker, uppm\u00e4rksammade teaterf\u00f6rest\u00e4llningar, filmfestivaler, utst\u00e4llningar och aktuella kulturh\u00e4ndelser. Hennes texter k\u00e4nnetecknas av ett nyfiket, kunnigt och tillg\u00e4ngligt spr\u00e5k, d\u00e4r hon vill g\u00f6ra kultur l\u00e4ttare att f\u00f6rst\u00e5 utan att f\u00f6renkla den. Hon har tidigare arbetat med redaktionellt inneh\u00e5ll, intervjuer och kulturbevakning f\u00f6r b\u00e5de digitala magasin och lokala publikationer. I sitt skrivande \u00e5terkommer hon ofta till fr\u00e5gor om ber\u00e4ttande, kreativitet, klass, k\u00f6nsroller och kulturens plats i det moderna samh\u00e4llet.\",\"sameAs\":[\"https:\\\/\\\/kultur.nu\"],\"url\":\"https:\\\/\\\/kultur.nu\\\/en\\\/author\\\/annica\\\/\"}]}<\/script>\n<!-- \/ Yoast SEO plugin. -->","yoast_head_json":{"title":"Uppt\u00e4ck den f\u00e4rgstarka m\u00e5ngfalden i romsk kultur - Kultur i Sverige","robots":{"index":"index","follow":"follow","max-snippet":"max-snippet:-1","max-image-preview":"max-image-preview:large","max-video-preview":"max-video-preview:-1"},"canonical":"https:\/\/kultur.nu\/en\/romsk-kultur\/","og_locale":"en_US","og_type":"article","og_title":"Uppt\u00e4ck den f\u00e4rgstarka m\u00e5ngfalden i romsk kultur - Kultur i Sverige","og_description":"Romsk kultur \u00e4r levande, m\u00e5ngsidig och formad av \u00e5rhundraden av resor, traditioner och anpassningar. Den&hellip;","og_url":"https:\/\/kultur.nu\/en\/romsk-kultur\/","og_site_name":"Kultur i Sverige","article_published_time":"2025-01-12T14:58:58+00:00","article_modified_time":"2025-05-16T14:09:14+00:00","og_image":[{"width":900,"height":600,"url":"https:\/\/kultur.nu\/wp-content\/uploads\/2025\/05\/image61.webp","type":"image\/webp"}],"author":"Annica","twitter_card":"summary_large_image","twitter_misc":{"Written by":"Annica","Est. reading time":"8 minutes"},"schema":{"@context":"https:\/\/schema.org","@graph":[{"@type":"Article","@id":"https:\/\/kultur.nu\/romsk-kultur\/#article","isPartOf":{"@id":"https:\/\/kultur.nu\/romsk-kultur\/"},"author":{"name":"Annica","@id":"https:\/\/kultur.nu\/#\/schema\/person\/cbafe9491d5ea09a25eace8883923b2c"},"headline":"Uppt\u00e4ck den f\u00e4rgstarka m\u00e5ngfalden i romsk kultur","datePublished":"2025-01-12T14:58:58+00:00","dateModified":"2025-05-16T14:09:14+00:00","mainEntityOfPage":{"@id":"https:\/\/kultur.nu\/romsk-kultur\/"},"wordCount":1611,"commentCount":0,"publisher":{"@id":"https:\/\/kultur.nu\/#organization"},"image":{"@id":"https:\/\/kultur.nu\/romsk-kultur\/#primaryimage"},"thumbnailUrl":"https:\/\/kultur.nu\/wp-content\/uploads\/2025\/05\/image61.webp","articleSection":["Aktuellt"],"inLanguage":"en-US","potentialAction":[{"@type":"CommentAction","name":"Comment","target":["https:\/\/kultur.nu\/romsk-kultur\/#respond"]}]},{"@type":"WebPage","@id":"https:\/\/kultur.nu\/romsk-kultur\/","url":"https:\/\/kultur.nu\/romsk-kultur\/","name":"Uppt\u00e4ck den f\u00e4rgstarka m\u00e5ngfalden i romsk kultur - Kultur i Sverige","isPartOf":{"@id":"https:\/\/kultur.nu\/#website"},"primaryImageOfPage":{"@id":"https:\/\/kultur.nu\/romsk-kultur\/#primaryimage"},"image":{"@id":"https:\/\/kultur.nu\/romsk-kultur\/#primaryimage"},"thumbnailUrl":"https:\/\/kultur.nu\/wp-content\/uploads\/2025\/05\/image61.webp","datePublished":"2025-01-12T14:58:58+00:00","dateModified":"2025-05-16T14:09:14+00:00","breadcrumb":{"@id":"https:\/\/kultur.nu\/romsk-kultur\/#breadcrumb"},"inLanguage":"en-US","potentialAction":[{"@type":"ReadAction","target":["https:\/\/kultur.nu\/romsk-kultur\/"]}]},{"@type":"ImageObject","inLanguage":"en-US","@id":"https:\/\/kultur.nu\/romsk-kultur\/#primaryimage","url":"https:\/\/kultur.nu\/wp-content\/uploads\/2025\/05\/image61.webp","contentUrl":"https:\/\/kultur.nu\/wp-content\/uploads\/2025\/05\/image61.webp","width":900,"height":600,"caption":"romsk kultur"},{"@type":"BreadcrumbList","@id":"https:\/\/kultur.nu\/romsk-kultur\/#breadcrumb","itemListElement":[{"@type":"ListItem","position":1,"name":"Hem","item":"https:\/\/kultur.nu\/"},{"@type":"ListItem","position":2,"name":"Uppt\u00e4ck den f\u00e4rgstarka m\u00e5ngfalden i romsk kultur"}]},{"@type":"WebSite","@id":"https:\/\/kultur.nu\/#website","url":"https:\/\/kultur.nu\/","name":"Kultur i Sverige","description":"","publisher":{"@id":"https:\/\/kultur.nu\/#organization"},"potentialAction":[{"@type":"SearchAction","target":{"@type":"EntryPoint","urlTemplate":"https:\/\/kultur.nu\/?s={search_term_string}"},"query-input":{"@type":"PropertyValueSpecification","valueRequired":true,"valueName":"search_term_string"}}],"inLanguage":"en-US"},{"@type":"Organization","@id":"https:\/\/kultur.nu\/#organization","name":"Kultur i Sverige","url":"https:\/\/kultur.nu\/","logo":{"@type":"ImageObject","inLanguage":"en-US","@id":"https:\/\/kultur.nu\/#\/schema\/logo\/image\/","url":"https:\/\/kultur.nu\/wp-content\/uploads\/2025\/10\/cropped-Kultur.nu-logo.webp","contentUrl":"https:\/\/kultur.nu\/wp-content\/uploads\/2025\/10\/cropped-Kultur.nu-logo.webp","width":510,"height":95,"caption":"Kultur i Sverige"},"image":{"@id":"https:\/\/kultur.nu\/#\/schema\/logo\/image\/"}},{"@type":"Person","@id":"https:\/\/kultur.nu\/#\/schema\/person\/cbafe9491d5ea09a25eace8883923b2c","name":"Annica","image":{"@type":"ImageObject","inLanguage":"en-US","@id":"https:\/\/secure.gravatar.com\/avatar\/d78c2d842df13ded689c841d90a91fd72f6cc9e7250f7066a537c14f82302546?s=96&d=mm&r=g","url":"https:\/\/secure.gravatar.com\/avatar\/d78c2d842df13ded689c841d90a91fd72f6cc9e7250f7066a537c14f82302546?s=96&d=mm&r=g","contentUrl":"https:\/\/secure.gravatar.com\/avatar\/d78c2d842df13ded689c841d90a91fd72f6cc9e7250f7066a537c14f82302546?s=96&d=mm&r=g","caption":"Annica"},"description":"Annika Axelsson \u00e4r kulturskribent p\u00e5 Kultur.nu, d\u00e4r hon skriver om litteratur, film, teater, konst och samtida kulturdebatt. Hon har ett s\u00e4rskilt intresse f\u00f6r hur kultur speglar samh\u00e4llsf\u00f6r\u00e4ndringar, identitet och vardagslivet. Annika har studerat litteraturvetenskap och kulturjournalistik vid Stockholms universitet. Hon har \u00e4ven l\u00e4st konstvetenskap och medievetenskap, vilket ger henne en bred grund n\u00e4r hon analyserar b\u00e5de klassiska verk och moderna kulturuttryck. P\u00e5 Kultur.nu skriver Annika fr\u00e4mst recensioner, f\u00f6rdjupande artiklar och personliga kr\u00f6nikor. Hon bevakar nya b\u00f6cker, uppm\u00e4rksammade teaterf\u00f6rest\u00e4llningar, filmfestivaler, utst\u00e4llningar och aktuella kulturh\u00e4ndelser. Hennes texter k\u00e4nnetecknas av ett nyfiket, kunnigt och tillg\u00e4ngligt spr\u00e5k, d\u00e4r hon vill g\u00f6ra kultur l\u00e4ttare att f\u00f6rst\u00e5 utan att f\u00f6renkla den. Hon har tidigare arbetat med redaktionellt inneh\u00e5ll, intervjuer och kulturbevakning f\u00f6r b\u00e5de digitala magasin och lokala publikationer. I sitt skrivande \u00e5terkommer hon ofta till fr\u00e5gor om ber\u00e4ttande, kreativitet, klass, k\u00f6nsroller och kulturens plats i det moderna samh\u00e4llet.","sameAs":["https:\/\/kultur.nu"],"url":"https:\/\/kultur.nu\/en\/author\/annica\/"}]}},"_links":{"self":[{"href":"https:\/\/kultur.nu\/en\/wp-json\/wp\/v2\/posts\/559","targetHints":{"allow":["GET"]}}],"collection":[{"href":"https:\/\/kultur.nu\/en\/wp-json\/wp\/v2\/posts"}],"about":[{"href":"https:\/\/kultur.nu\/en\/wp-json\/wp\/v2\/types\/post"}],"author":[{"embeddable":true,"href":"https:\/\/kultur.nu\/en\/wp-json\/wp\/v2\/users\/1"}],"replies":[{"embeddable":true,"href":"https:\/\/kultur.nu\/en\/wp-json\/wp\/v2\/comments?post=559"}],"version-history":[{"count":3,"href":"https:\/\/kultur.nu\/en\/wp-json\/wp\/v2\/posts\/559\/revisions"}],"predecessor-version":[{"id":565,"href":"https:\/\/kultur.nu\/en\/wp-json\/wp\/v2\/posts\/559\/revisions\/565"}],"wp:featuredmedia":[{"embeddable":true,"href":"https:\/\/kultur.nu\/en\/wp-json\/wp\/v2\/media\/560"}],"wp:attachment":[{"href":"https:\/\/kultur.nu\/en\/wp-json\/wp\/v2\/media?parent=559"}],"wp:term":[{"taxonomy":"category","embeddable":true,"href":"https:\/\/kultur.nu\/en\/wp-json\/wp\/v2\/categories?post=559"},{"taxonomy":"post_tag","embeddable":true,"href":"https:\/\/kultur.nu\/en\/wp-json\/wp\/v2\/tags?post=559"}],"curies":[{"name":"wp","href":"https:\/\/api.w.org\/{rel}","templated":true}]}}