{"id":573,"date":"2025-02-09T16:23:16","date_gmt":"2025-02-09T15:23:16","guid":{"rendered":"https:\/\/kultur.nu\/?p=573"},"modified":"2025-05-16T16:29:42","modified_gmt":"2025-05-16T14:29:42","slug":"sverigefinnar-kultur","status":"publish","type":"post","link":"https:\/\/kultur.nu\/en\/sverigefinnar-kultur\/","title":{"rendered":"Uppt\u00e4ck den levande sverigefinnar kulturen\u00a0"},"content":{"rendered":"<p class=\"\" data-start=\"90\" data-end=\"593\">Sverigefinnar utg\u00f6r en av Sveriges fem nationella minoriteter, och deras <a href=\"https:\/\/kultur.nu\/en\/\">kultur<\/a> \u00e4r n\u00e5got helt unikt \u2013 en livlig blandning av finskt ursprung och svensk vardag. Kanske har du h\u00f6rt n\u00e5gon prata finska i mataff\u00e4ren eller sjunga finska juls\u00e5nger i en kyrka n\u00e4ra dig. Kanske har du till och med smakat en karelska pirog utan att veta att det \u00e4r en del av en rik och f\u00e4rgstark kultur. H\u00e4r f\u00e5r du en inblick i vad sverigefinsk kultur inneb\u00e4r \u2013 och varf\u00f6r den \u00e4r v\u00e4rd att b\u00e5de bevara och utforska.<\/p>\n<h3 class=\"\" data-start=\"595\" data-end=\"627\">Finska r\u00f6tter i svensk mylla<\/h3>\n<p class=\"\" data-start=\"629\" data-end=\"1109\">Sverigefinnar har funnits i Sverige i m\u00e5nga hundra \u00e5r. De f\u00f6rsta stora grupperna kom under 1500-talet, inbjudna av Karl IX att bos\u00e4tta sig i skogarna i mellersta Sverige. De kallades skogsfinnar och levde p\u00e5 svedjebruk \u2013 en jordbruksmetod d\u00e4r man br\u00e4nner skog f\u00f6r att odla. Andra grupper kom som arbetskraftsinvandrare efter andra v\u00e4rldskriget, framf\u00f6r allt mellan 1945 och 1990. M\u00e5nga kom f\u00f6r att stanna, och deras barn och barnbarn \u00e4r idag viktiga b\u00e4rare av sverigefinsk kultur.<\/p>\n<p class=\"\" data-start=\"1111\" data-end=\"1355\">Trots att sverigefinnar bott i Sverige s\u00e5 l\u00e4nge har det inte alltid varit sj\u00e4lvklart att deras kultur har f\u00e5tt ta plats. Men sedan \u00e5r 2000 \u00e4r de erk\u00e4nda som nationell minoritet, och med det f\u00f6ljer r\u00e4ttigheter kring spr\u00e5k, utbildning och kultur.<\/p>\n<h3 class=\"\" data-start=\"1357\" data-end=\"1401\">Spr\u00e5ket \u00e4r hj\u00e4rtat i sverigefinsk kultur<\/h3>\n<p class=\"\" data-start=\"1403\" data-end=\"1660\">Finskan \u00e4r mer \u00e4n bara ett spr\u00e5k \u2013 det \u00e4r en identitet. Men i m\u00e5nga sverigefinska familjer har finskan f\u00f6rsvunnit genom generationerna. Det kan bero p\u00e5 tidigare negativa attityder fr\u00e5n samh\u00e4llet, d\u00e4r finskan ofta s\u00e5gs som ett problem snarare \u00e4n en tillg\u00e5ng.<\/p>\n<p class=\"\" data-start=\"1662\" data-end=\"1981\">Idag finns dock flera initiativ f\u00f6r att st\u00e4rka spr\u00e5ket. Sveriges <a href=\"https:\/\/kultur.nu\/en\/massmedier\/radio\/\">Radio<\/a> Finska och SVT:s finskspr\u00e5kiga redaktion producerar b\u00e5de nyheter och underh\u00e5llning p\u00e5 finska. Det finns \u00e4ven f\u00f6rskolor och skolor d\u00e4r barn f\u00e5r undervisning p\u00e5 finska, samt spr\u00e5kcaf\u00e9er, bokstartprojekt och tv\u00e5spr\u00e5kig teater som v\u00e4cker liv i spr\u00e5ket.<\/p>\n<h3 class=\"\" data-start=\"1983\" data-end=\"2027\">Kultur p\u00e5 scen, i bokhyllan och i \u00f6ronen<\/h3>\n<p class=\"\" data-start=\"2029\" data-end=\"2348\">Sverigefinsk kultur \u00e4r inte bara historia \u2013 den \u00e4r ocks\u00e5 h\u00f6gst levande. Det finns aktiva teatergrupper, som Uusi teatteri i Stockholm, och Pendeli som turnerar i landet. P\u00e5 musikscenen blandas schlagers med modern pop p\u00e5 finska, och traditionella instrument som dragspel och kantele h\u00f6rs p\u00e5 festivaler och \u00e4ldreboenden.<\/p>\n<p class=\"\" data-start=\"2350\" data-end=\"2636\">Litteraturen spelar ocks\u00e5 en viktig roll. Sedan 1970-talet har sverigefinska <a href=\"https:\/\/kultur.nu\/en\/litteratur_och_sprak\/forfattare\/\">f\u00f6rfattare<\/a> publicerat verk p\u00e5 b\u00e5de finska och svenska. F\u00f6reningen f\u00f6r sverigefinska skribenter delar ut litteraturpriset Kaisa Vilhuinen och arrangerar bokm\u00e4ssor f\u00f6r att st\u00e4rka det finska skrivandet i Sverige.<\/p>\n<p class=\"\" data-start=\"2638\" data-end=\"2874\">P\u00e5 <a href=\"https:\/\/kultur.nu\/en\/bibliotek\/\">biblioteken<\/a> finns idag ofta en s\u00e4rskild avdelning med finskspr\u00e5kig <a href=\"https:\/\/kultur.nu\/en\/litteratur_och_sprak\/\">litteratur<\/a>. Finlandsinstitutet i Stockholm fungerar dessutom som ett resursbibliotek och arrangerar turn\u00e9er d\u00e4r sverigefinska f\u00f6rfattare bes\u00f6ker olika orter i landet.<\/p>\n<h3 class=\"\" data-start=\"2876\" data-end=\"2935\">Vardagskulturen d\u00e4r bastun och maten spelar huvudrollen<\/h3>\n<p class=\"\" data-start=\"2937\" data-end=\"3271\">Du har s\u00e4kert h\u00f6rt att finnar \u00e4lskar bastu \u2013 och det st\u00e4mmer. F\u00f6r sverigefinnar \u00e4r bastun ett sj\u00e4lvklart inslag i vardagen, ofta lika viktig som vardagsrummet. Men vardagskulturen \u00e4r mer \u00e4n bara hetta och \u00e5nga. Den lever i doften av nygr\u00e4ddade karelska piroger, i smaken av \u00e4ggsm\u00f6r, och i traditionella drycker som sima under valborg.<\/p>\n<p class=\"\" data-start=\"3273\" data-end=\"3524\">Till jul dukas det upp med potatisl\u00e5da, morotsl\u00e5da och k\u00e5lrotsl\u00e5da \u2013 r\u00e4tter som h\u00f6r till varje sverigefinskt hem. Och designen spelar ocks\u00e5 roll: Marimekko-tyger, Iittalas Muminmuggar och Aaltos ikoniska vaser \u00e4r sj\u00e4lvklara inslag i sverigefinska hem.<\/p>\n<p class=\"\" data-start=\"3526\" data-end=\"3583\">H\u00e4r \u00e4r n\u00e5gra typiska inslag i sverigefinsk vardagskultur:<\/p>\n<ul>\n<li data-start=\"3586\" data-end=\"3624\">Bastubad \u00e5ret runt, g\u00e4rna n\u00e4ra naturen<\/li>\n<li data-start=\"3627\" data-end=\"3687\">Traditionella finska matr\u00e4tter vid h\u00f6gtider och till vardags<\/li>\n<li data-start=\"3690\" data-end=\"3740\">Finsk <a href=\"https:\/\/kultur.nu\/en\/design\/\">design<\/a> som en naturlig del av heminredningen<\/li>\n<\/ul>\n<p><img loading=\"lazy\" decoding=\"async\" class=\"alignnone size-full wp-image-575\" src=\"https:\/\/kultur.nu\/wp-content\/uploads\/2025\/05\/image71.webp\" alt=\"Vardagskulturen d\u00e4r bastun och maten spelar huvudrollen\" width=\"1024\" height=\"576\" srcset=\"https:\/\/kultur.nu\/wp-content\/uploads\/2025\/05\/image71.webp 1024w, https:\/\/kultur.nu\/wp-content\/uploads\/2025\/05\/image71-300x169.webp 300w, https:\/\/kultur.nu\/wp-content\/uploads\/2025\/05\/image71-768x432.webp 768w\" sizes=\"auto, (max-width: 1024px) 100vw, 1024px\" \/><\/p>\n<h3 class=\"\" data-start=\"3742\" data-end=\"3784\">F\u00f6reningslivet h\u00e5ller kulturen levande<\/h3>\n<p class=\"\" data-start=\"3786\" data-end=\"4073\">Sverigefinsk kultur skulle inte vara s\u00e5 levande som den \u00e4r idag utan det starka civilsamh\u00e4llet. Runtom i Sverige finns \u00f6ver hundra sverigefinska f\u00f6reningar, organiserade under Sverigefinska riksf\u00f6rbundet. De arrangerar barnkulturfestivaler, sportaktiviteter, seniorkaf\u00e9er och mycket mer.<\/p>\n<p class=\"\" data-start=\"4075\" data-end=\"4331\">F\u00f6reningarna \u00e4r ocks\u00e5 en viktig m\u00f6tesplats d\u00e4r b\u00e5de \u00e4ldre och yngre sverigefinnar kan hitta gemenskap, prata finska och l\u00e4ra sig mer om sin kultur. I sociala <a href=\"https:\/\/kultur.nu\/en\/massmedier\/\">medier<\/a> har nya n\u00e4tverk vuxit fram, d\u00e4r sverigefinnar delar allt fr\u00e5n recept till politiska fr\u00e5gor.<\/p>\n<h3 class=\"\" data-start=\"4333\" data-end=\"4395\">Teater, bildkonst och konstn\u00e4rskap med sverigefinsk profil<\/h3>\n<p class=\"\" data-start=\"4397\" data-end=\"4666\">Visste du att det varje \u00e5r utses en \u201d\u00e5rets sverigefinska konstn\u00e4r\u201d? Det g\u00f6rs av Suomiart \u2013 f\u00f6reningen f\u00f6r sverigefinska bildkonstn\u00e4rer. H\u00e4r ryms b\u00e5de etablerade <a href=\"https:\/\/kultur.nu\/en\/konst\/konstnarer\/\">konstn\u00e4rer<\/a> och amat\u00f6rer, och tillsammans bidrar de till att synligg\u00f6ra en viktig del av sverigefinsk kultur.<\/p>\n<p class=\"\" data-start=\"4668\" data-end=\"4899\">Inom scenkonst och <a href=\"https:\/\/kultur.nu\/en\/musik\/\">musik<\/a> finns ocks\u00e5 ett starkt inslag av b\u00e5de tradition och f\u00f6rnyelse. Svenska kyrkan ordnar konserter med finsk musik, och den popul\u00e4ra s\u00e5ngtraditionen &#8221;Kauneimmat joululaulut&#8221; samlar varje \u00e5r tusentals i k\u00f6rs\u00e5ng.<\/p>\n<h3 class=\"\" data-start=\"4901\" data-end=\"4947\">Media och film st\u00e4rker identitet och spr\u00e5k<\/h3>\n<p class=\"\" data-start=\"4949\" data-end=\"5167\">Under de senaste \u00e5ren har \u00e4ven <a href=\"https:\/\/kultur.nu\/en\/massmedier\/tv\/\">tv<\/a> och radio f\u00e5tt en mer sverigefinsk profil. Program som <em data-start=\"5038\" data-end=\"5052\">Marko &amp; Irma<\/em> (TV4), <em data-start=\"5060\" data-end=\"5066\">Brus<\/em> (SVT) och <em data-start=\"5077\" data-end=\"5087\">M\u00f6te med<\/em> ger en r\u00f6st \u00e5t sverigefinnar och visar hur kulturen utvecklas i dagens Sverige.<\/p>\n<p class=\"\" data-start=\"5169\" data-end=\"5503\">Tv\u00e5 finskspr\u00e5kiga veckotidningar \u2013 <em data-start=\"5204\" data-end=\"5225\">Ruotsin Suomalainen<\/em> och <em data-start=\"5230\" data-end=\"5250\">Suomen Uutisviikko<\/em> \u2013 rapporterar om kultur, politik och vardag fr\u00e5n ett sverigefinskt perspektiv. Och varje \u00e5r v\u00e4ljer Sveriges Radio Finska ett nytt \u201dsverigefinskt ord\u201d, som visar hur spr\u00e5k och kultur sm\u00e4lter samman. Ett av de mest \u00e4lskade exemplen? \u201dFiikata\u201d \u2013 att fika!<\/p>\n<h3 class=\"\" data-start=\"5505\" data-end=\"5549\">H\u00f6gtider och symboler med egen identitet<\/h3>\n<p class=\"\" data-start=\"5551\" data-end=\"5773\">Sverigefinnarnas dag firas den 24 februari till minne av Carl Axel Gottlund \u2013 en tidig f\u00f6respr\u00e5kare f\u00f6r skogsfinnarnas r\u00e4ttigheter. Dagen firas med kulturaktiviteter, flagghissning och utm\u00e4rkelser som \u201d\u00c5rets Sverigefinne\u201d.<\/p>\n<p class=\"\" data-start=\"5775\" data-end=\"6049\">Sverigefinnarnas flagga, designad av Andreas Ali Jonasson, \u00e4r en kombination av den svenska och finska flaggan \u2013 en tydlig symbol f\u00f6r dubbel tillh\u00f6righet. Och visst finns det till och med en flagga f\u00f6r skogsfinnar, ritad 2023, som hyllar de f\u00f6rsta sverigefinnarnas historia.<\/p>\n<h3 class=\"\" data-start=\"6051\" data-end=\"6094\">Skogsfinnarna \u2013 ett kulturarv i skuggan<\/h3>\n<p class=\"\" data-start=\"6096\" data-end=\"6356\">\u00c4ven om skogsfinnarna inte alltid r\u00e4knas till sverigefinnar som minoritet, b\u00e4r de p\u00e5 en egen kultur med bastur, r\u00f6kstugor, n\u00e4verhantverk och traditionell mat som n\u00e4vgr\u00f6t och peppo. M\u00e5nga av dessa <a href=\"https:\/\/kultur.nu\/en\/traditioner-i-sverige\/\">traditioner<\/a> lever kvar \u00e4n idag, s\u00e4rskilt i V\u00e4rmland och Dalarna.<\/p>\n<p class=\"\" data-start=\"6358\" data-end=\"6553\">Skogsfinnar \u00e4r ett exempel p\u00e5 hur brett och m\u00e5ngfacetterat sverigefinsk kultur faktiskt \u00e4r. Det handlar inte bara om spr\u00e5k eller ursprung \u2013 utan om levda liv, praktisk kunskap och lokal historia.<\/p>\n<h3 class=\"\" data-start=\"6555\" data-end=\"6593\">En kultur som forts\u00e4tter utvecklas<\/h3>\n<p class=\"\" data-start=\"6595\" data-end=\"6935\">Sverigefinsk kultur \u00e4r i st\u00e4ndig f\u00f6r\u00e4ndring. Fr\u00e5n traditionella folkdanser till TikTok-videor p\u00e5 finska, fr\u00e5n gamla bastur till modern scenkonst \u2013 allt h\u00f6r hemma i denna levande och m\u00e5ngsidiga kultur. Och oavsett om du sj\u00e4lv har finska r\u00f6tter eller bara \u00e4r nyfiken p\u00e5 grannlandet i \u00f6st, finns det mycket att uppt\u00e4cka i sverigefinnar kultur.<\/p>","protected":false},"excerpt":{"rendered":"<p>Sverigefinnar utg\u00f6r en av Sveriges fem nationella minoriteter, och deras kultur \u00e4r n\u00e5got helt unikt&hellip;<\/p>","protected":false},"author":1,"featured_media":574,"comment_status":"open","ping_status":"open","sticky":false,"template":"","format":"standard","meta":{"_yoast_wpseo_focuskw":"","_yoast_wpseo_title":"","_yoast_wpseo_metadesc":"","_yoast_wpseo_meta-robots-noindex":"","_yoast_wpseo_meta-robots-nofollow":"","_yoast_wpseo_canonical":"","_yoast_wpseo_opengraph-title":"","_yoast_wpseo_opengraph-description":"","_yoast_wpseo_twitter-title":"","_yoast_wpseo_twitter-description":"","footnotes":"","rank_math_description":"","rank_math_focus_keyword":"","rank_math_title":"","rank_math_canonical_url":"","rank_math_robots":"","rank_math_facebook_title":"","rank_math_facebook_description":"","rank_math_twitter_title":"","rank_math_twitter_description":""},"categories":[2],"tags":[],"class_list":["post-573","post","type-post","status-publish","format-standard","has-post-thumbnail","hentry","category-aktuellt"],"yoast_head":"<!-- This site is optimized with the Yoast SEO plugin v27.5 - https:\/\/yoast.com\/product\/yoast-seo-wordpress\/ -->\n<title>Uppt\u00e4ck den levande sverigefinnar kulturen\u00a0 - Kultur i Sverige<\/title>\n<meta name=\"robots\" content=\"index, follow, max-snippet:-1, max-image-preview:large, max-video-preview:-1\" \/>\n<link rel=\"canonical\" href=\"https:\/\/kultur.nu\/en\/sverigefinnar-kultur\/\" \/>\n<meta property=\"og:locale\" content=\"en_US\" \/>\n<meta property=\"og:type\" content=\"article\" \/>\n<meta property=\"og:title\" content=\"Uppt\u00e4ck den levande sverigefinnar kulturen\u00a0 - Kultur i Sverige\" \/>\n<meta property=\"og:description\" content=\"Sverigefinnar utg\u00f6r en av Sveriges fem nationella minoriteter, och deras kultur \u00e4r n\u00e5got helt unikt&hellip;\" \/>\n<meta property=\"og:url\" content=\"https:\/\/kultur.nu\/en\/sverigefinnar-kultur\/\" \/>\n<meta property=\"og:site_name\" content=\"Kultur i Sverige\" \/>\n<meta property=\"article:published_time\" content=\"2025-02-09T15:23:16+00:00\" \/>\n<meta property=\"article:modified_time\" content=\"2025-05-16T14:29:42+00:00\" \/>\n<meta property=\"og:image\" content=\"https:\/\/kultur.nu\/wp-content\/uploads\/2025\/05\/image70.webp\" \/>\n\t<meta property=\"og:image:width\" content=\"1200\" \/>\n\t<meta property=\"og:image:height\" content=\"675\" \/>\n\t<meta property=\"og:image:type\" content=\"image\/webp\" \/>\n<meta name=\"author\" content=\"Annica\" \/>\n<meta name=\"twitter:card\" content=\"summary_large_image\" \/>\n<meta name=\"twitter:label1\" content=\"Written by\" \/>\n\t<meta name=\"twitter:data1\" content=\"Annica\" \/>\n\t<meta name=\"twitter:label2\" content=\"Est. reading time\" \/>\n\t<meta name=\"twitter:data2\" content=\"6 minutes\" \/>\n<script type=\"application\/ld+json\" class=\"yoast-schema-graph\">{\"@context\":\"https:\\\/\\\/schema.org\",\"@graph\":[{\"@type\":\"Article\",\"@id\":\"https:\\\/\\\/kultur.nu\\\/sverigefinnar-kultur\\\/#article\",\"isPartOf\":{\"@id\":\"https:\\\/\\\/kultur.nu\\\/sverigefinnar-kultur\\\/\"},\"author\":{\"name\":\"Annica\",\"@id\":\"https:\\\/\\\/kultur.nu\\\/#\\\/schema\\\/person\\\/cbafe9491d5ea09a25eace8883923b2c\"},\"headline\":\"Uppt\u00e4ck den levande sverigefinnar kulturen\u00a0\",\"datePublished\":\"2025-02-09T15:23:16+00:00\",\"dateModified\":\"2025-05-16T14:29:42+00:00\",\"mainEntityOfPage\":{\"@id\":\"https:\\\/\\\/kultur.nu\\\/sverigefinnar-kultur\\\/\"},\"wordCount\":1176,\"commentCount\":0,\"publisher\":{\"@id\":\"https:\\\/\\\/kultur.nu\\\/#organization\"},\"image\":{\"@id\":\"https:\\\/\\\/kultur.nu\\\/sverigefinnar-kultur\\\/#primaryimage\"},\"thumbnailUrl\":\"https:\\\/\\\/kultur.nu\\\/wp-content\\\/uploads\\\/2025\\\/05\\\/image70.webp\",\"articleSection\":[\"Aktuellt\"],\"inLanguage\":\"en-US\",\"potentialAction\":[{\"@type\":\"CommentAction\",\"name\":\"Comment\",\"target\":[\"https:\\\/\\\/kultur.nu\\\/sverigefinnar-kultur\\\/#respond\"]}]},{\"@type\":\"WebPage\",\"@id\":\"https:\\\/\\\/kultur.nu\\\/sverigefinnar-kultur\\\/\",\"url\":\"https:\\\/\\\/kultur.nu\\\/sverigefinnar-kultur\\\/\",\"name\":\"Uppt\u00e4ck den levande sverigefinnar kulturen\u00a0 - Kultur i Sverige\",\"isPartOf\":{\"@id\":\"https:\\\/\\\/kultur.nu\\\/#website\"},\"primaryImageOfPage\":{\"@id\":\"https:\\\/\\\/kultur.nu\\\/sverigefinnar-kultur\\\/#primaryimage\"},\"image\":{\"@id\":\"https:\\\/\\\/kultur.nu\\\/sverigefinnar-kultur\\\/#primaryimage\"},\"thumbnailUrl\":\"https:\\\/\\\/kultur.nu\\\/wp-content\\\/uploads\\\/2025\\\/05\\\/image70.webp\",\"datePublished\":\"2025-02-09T15:23:16+00:00\",\"dateModified\":\"2025-05-16T14:29:42+00:00\",\"breadcrumb\":{\"@id\":\"https:\\\/\\\/kultur.nu\\\/sverigefinnar-kultur\\\/#breadcrumb\"},\"inLanguage\":\"en-US\",\"potentialAction\":[{\"@type\":\"ReadAction\",\"target\":[\"https:\\\/\\\/kultur.nu\\\/sverigefinnar-kultur\\\/\"]}]},{\"@type\":\"ImageObject\",\"inLanguage\":\"en-US\",\"@id\":\"https:\\\/\\\/kultur.nu\\\/sverigefinnar-kultur\\\/#primaryimage\",\"url\":\"https:\\\/\\\/kultur.nu\\\/wp-content\\\/uploads\\\/2025\\\/05\\\/image70.webp\",\"contentUrl\":\"https:\\\/\\\/kultur.nu\\\/wp-content\\\/uploads\\\/2025\\\/05\\\/image70.webp\",\"width\":1200,\"height\":675,\"caption\":\"Uppt\u00e4ck den levande sverigefinnar kultur \u2013 musik, mat och minoritetsr\u00f6tter i Sverige\"},{\"@type\":\"BreadcrumbList\",\"@id\":\"https:\\\/\\\/kultur.nu\\\/sverigefinnar-kultur\\\/#breadcrumb\",\"itemListElement\":[{\"@type\":\"ListItem\",\"position\":1,\"name\":\"Hem\",\"item\":\"https:\\\/\\\/kultur.nu\\\/\"},{\"@type\":\"ListItem\",\"position\":2,\"name\":\"Uppt\u00e4ck den levande sverigefinnar kulturen\u00a0\"}]},{\"@type\":\"WebSite\",\"@id\":\"https:\\\/\\\/kultur.nu\\\/#website\",\"url\":\"https:\\\/\\\/kultur.nu\\\/\",\"name\":\"Kultur i Sverige\",\"description\":\"\",\"publisher\":{\"@id\":\"https:\\\/\\\/kultur.nu\\\/#organization\"},\"potentialAction\":[{\"@type\":\"SearchAction\",\"target\":{\"@type\":\"EntryPoint\",\"urlTemplate\":\"https:\\\/\\\/kultur.nu\\\/?s={search_term_string}\"},\"query-input\":{\"@type\":\"PropertyValueSpecification\",\"valueRequired\":true,\"valueName\":\"search_term_string\"}}],\"inLanguage\":\"en-US\"},{\"@type\":\"Organization\",\"@id\":\"https:\\\/\\\/kultur.nu\\\/#organization\",\"name\":\"Kultur i Sverige\",\"url\":\"https:\\\/\\\/kultur.nu\\\/\",\"logo\":{\"@type\":\"ImageObject\",\"inLanguage\":\"en-US\",\"@id\":\"https:\\\/\\\/kultur.nu\\\/#\\\/schema\\\/logo\\\/image\\\/\",\"url\":\"https:\\\/\\\/kultur.nu\\\/wp-content\\\/uploads\\\/2025\\\/10\\\/cropped-Kultur.nu-logo.webp\",\"contentUrl\":\"https:\\\/\\\/kultur.nu\\\/wp-content\\\/uploads\\\/2025\\\/10\\\/cropped-Kultur.nu-logo.webp\",\"width\":510,\"height\":95,\"caption\":\"Kultur i Sverige\"},\"image\":{\"@id\":\"https:\\\/\\\/kultur.nu\\\/#\\\/schema\\\/logo\\\/image\\\/\"}},{\"@type\":\"Person\",\"@id\":\"https:\\\/\\\/kultur.nu\\\/#\\\/schema\\\/person\\\/cbafe9491d5ea09a25eace8883923b2c\",\"name\":\"Annica\",\"image\":{\"@type\":\"ImageObject\",\"inLanguage\":\"en-US\",\"@id\":\"https:\\\/\\\/secure.gravatar.com\\\/avatar\\\/d78c2d842df13ded689c841d90a91fd72f6cc9e7250f7066a537c14f82302546?s=96&d=mm&r=g\",\"url\":\"https:\\\/\\\/secure.gravatar.com\\\/avatar\\\/d78c2d842df13ded689c841d90a91fd72f6cc9e7250f7066a537c14f82302546?s=96&d=mm&r=g\",\"contentUrl\":\"https:\\\/\\\/secure.gravatar.com\\\/avatar\\\/d78c2d842df13ded689c841d90a91fd72f6cc9e7250f7066a537c14f82302546?s=96&d=mm&r=g\",\"caption\":\"Annica\"},\"description\":\"Annika Axelsson \u00e4r kulturskribent p\u00e5 Kultur.nu, d\u00e4r hon skriver om litteratur, film, teater, konst och samtida kulturdebatt. Hon har ett s\u00e4rskilt intresse f\u00f6r hur kultur speglar samh\u00e4llsf\u00f6r\u00e4ndringar, identitet och vardagslivet. Annika har studerat litteraturvetenskap och kulturjournalistik vid Stockholms universitet. Hon har \u00e4ven l\u00e4st konstvetenskap och medievetenskap, vilket ger henne en bred grund n\u00e4r hon analyserar b\u00e5de klassiska verk och moderna kulturuttryck. P\u00e5 Kultur.nu skriver Annika fr\u00e4mst recensioner, f\u00f6rdjupande artiklar och personliga kr\u00f6nikor. Hon bevakar nya b\u00f6cker, uppm\u00e4rksammade teaterf\u00f6rest\u00e4llningar, filmfestivaler, utst\u00e4llningar och aktuella kulturh\u00e4ndelser. Hennes texter k\u00e4nnetecknas av ett nyfiket, kunnigt och tillg\u00e4ngligt spr\u00e5k, d\u00e4r hon vill g\u00f6ra kultur l\u00e4ttare att f\u00f6rst\u00e5 utan att f\u00f6renkla den. Hon har tidigare arbetat med redaktionellt inneh\u00e5ll, intervjuer och kulturbevakning f\u00f6r b\u00e5de digitala magasin och lokala publikationer. I sitt skrivande \u00e5terkommer hon ofta till fr\u00e5gor om ber\u00e4ttande, kreativitet, klass, k\u00f6nsroller och kulturens plats i det moderna samh\u00e4llet.\",\"sameAs\":[\"https:\\\/\\\/kultur.nu\"],\"url\":\"https:\\\/\\\/kultur.nu\\\/en\\\/author\\\/annica\\\/\"}]}<\/script>\n<!-- \/ Yoast SEO plugin. -->","yoast_head_json":{"title":"Uppt\u00e4ck den levande sverigefinnar kulturen\u00a0 - Kultur i Sverige","robots":{"index":"index","follow":"follow","max-snippet":"max-snippet:-1","max-image-preview":"max-image-preview:large","max-video-preview":"max-video-preview:-1"},"canonical":"https:\/\/kultur.nu\/en\/sverigefinnar-kultur\/","og_locale":"en_US","og_type":"article","og_title":"Uppt\u00e4ck den levande sverigefinnar kulturen\u00a0 - Kultur i Sverige","og_description":"Sverigefinnar utg\u00f6r en av Sveriges fem nationella minoriteter, och deras kultur \u00e4r n\u00e5got helt unikt&hellip;","og_url":"https:\/\/kultur.nu\/en\/sverigefinnar-kultur\/","og_site_name":"Kultur i Sverige","article_published_time":"2025-02-09T15:23:16+00:00","article_modified_time":"2025-05-16T14:29:42+00:00","og_image":[{"width":1200,"height":675,"url":"https:\/\/kultur.nu\/wp-content\/uploads\/2025\/05\/image70.webp","type":"image\/webp"}],"author":"Annica","twitter_card":"summary_large_image","twitter_misc":{"Written by":"Annica","Est. reading time":"6 minutes"},"schema":{"@context":"https:\/\/schema.org","@graph":[{"@type":"Article","@id":"https:\/\/kultur.nu\/sverigefinnar-kultur\/#article","isPartOf":{"@id":"https:\/\/kultur.nu\/sverigefinnar-kultur\/"},"author":{"name":"Annica","@id":"https:\/\/kultur.nu\/#\/schema\/person\/cbafe9491d5ea09a25eace8883923b2c"},"headline":"Uppt\u00e4ck den levande sverigefinnar kulturen\u00a0","datePublished":"2025-02-09T15:23:16+00:00","dateModified":"2025-05-16T14:29:42+00:00","mainEntityOfPage":{"@id":"https:\/\/kultur.nu\/sverigefinnar-kultur\/"},"wordCount":1176,"commentCount":0,"publisher":{"@id":"https:\/\/kultur.nu\/#organization"},"image":{"@id":"https:\/\/kultur.nu\/sverigefinnar-kultur\/#primaryimage"},"thumbnailUrl":"https:\/\/kultur.nu\/wp-content\/uploads\/2025\/05\/image70.webp","articleSection":["Aktuellt"],"inLanguage":"en-US","potentialAction":[{"@type":"CommentAction","name":"Comment","target":["https:\/\/kultur.nu\/sverigefinnar-kultur\/#respond"]}]},{"@type":"WebPage","@id":"https:\/\/kultur.nu\/sverigefinnar-kultur\/","url":"https:\/\/kultur.nu\/sverigefinnar-kultur\/","name":"Uppt\u00e4ck den levande sverigefinnar kulturen\u00a0 - Kultur i Sverige","isPartOf":{"@id":"https:\/\/kultur.nu\/#website"},"primaryImageOfPage":{"@id":"https:\/\/kultur.nu\/sverigefinnar-kultur\/#primaryimage"},"image":{"@id":"https:\/\/kultur.nu\/sverigefinnar-kultur\/#primaryimage"},"thumbnailUrl":"https:\/\/kultur.nu\/wp-content\/uploads\/2025\/05\/image70.webp","datePublished":"2025-02-09T15:23:16+00:00","dateModified":"2025-05-16T14:29:42+00:00","breadcrumb":{"@id":"https:\/\/kultur.nu\/sverigefinnar-kultur\/#breadcrumb"},"inLanguage":"en-US","potentialAction":[{"@type":"ReadAction","target":["https:\/\/kultur.nu\/sverigefinnar-kultur\/"]}]},{"@type":"ImageObject","inLanguage":"en-US","@id":"https:\/\/kultur.nu\/sverigefinnar-kultur\/#primaryimage","url":"https:\/\/kultur.nu\/wp-content\/uploads\/2025\/05\/image70.webp","contentUrl":"https:\/\/kultur.nu\/wp-content\/uploads\/2025\/05\/image70.webp","width":1200,"height":675,"caption":"Uppt\u00e4ck den levande sverigefinnar kultur \u2013 musik, mat och minoritetsr\u00f6tter i Sverige"},{"@type":"BreadcrumbList","@id":"https:\/\/kultur.nu\/sverigefinnar-kultur\/#breadcrumb","itemListElement":[{"@type":"ListItem","position":1,"name":"Hem","item":"https:\/\/kultur.nu\/"},{"@type":"ListItem","position":2,"name":"Uppt\u00e4ck den levande sverigefinnar kulturen\u00a0"}]},{"@type":"WebSite","@id":"https:\/\/kultur.nu\/#website","url":"https:\/\/kultur.nu\/","name":"Kultur i Sverige","description":"","publisher":{"@id":"https:\/\/kultur.nu\/#organization"},"potentialAction":[{"@type":"SearchAction","target":{"@type":"EntryPoint","urlTemplate":"https:\/\/kultur.nu\/?s={search_term_string}"},"query-input":{"@type":"PropertyValueSpecification","valueRequired":true,"valueName":"search_term_string"}}],"inLanguage":"en-US"},{"@type":"Organization","@id":"https:\/\/kultur.nu\/#organization","name":"Kultur i Sverige","url":"https:\/\/kultur.nu\/","logo":{"@type":"ImageObject","inLanguage":"en-US","@id":"https:\/\/kultur.nu\/#\/schema\/logo\/image\/","url":"https:\/\/kultur.nu\/wp-content\/uploads\/2025\/10\/cropped-Kultur.nu-logo.webp","contentUrl":"https:\/\/kultur.nu\/wp-content\/uploads\/2025\/10\/cropped-Kultur.nu-logo.webp","width":510,"height":95,"caption":"Kultur i Sverige"},"image":{"@id":"https:\/\/kultur.nu\/#\/schema\/logo\/image\/"}},{"@type":"Person","@id":"https:\/\/kultur.nu\/#\/schema\/person\/cbafe9491d5ea09a25eace8883923b2c","name":"Annica","image":{"@type":"ImageObject","inLanguage":"en-US","@id":"https:\/\/secure.gravatar.com\/avatar\/d78c2d842df13ded689c841d90a91fd72f6cc9e7250f7066a537c14f82302546?s=96&d=mm&r=g","url":"https:\/\/secure.gravatar.com\/avatar\/d78c2d842df13ded689c841d90a91fd72f6cc9e7250f7066a537c14f82302546?s=96&d=mm&r=g","contentUrl":"https:\/\/secure.gravatar.com\/avatar\/d78c2d842df13ded689c841d90a91fd72f6cc9e7250f7066a537c14f82302546?s=96&d=mm&r=g","caption":"Annica"},"description":"Annika Axelsson \u00e4r kulturskribent p\u00e5 Kultur.nu, d\u00e4r hon skriver om litteratur, film, teater, konst och samtida kulturdebatt. Hon har ett s\u00e4rskilt intresse f\u00f6r hur kultur speglar samh\u00e4llsf\u00f6r\u00e4ndringar, identitet och vardagslivet. Annika har studerat litteraturvetenskap och kulturjournalistik vid Stockholms universitet. Hon har \u00e4ven l\u00e4st konstvetenskap och medievetenskap, vilket ger henne en bred grund n\u00e4r hon analyserar b\u00e5de klassiska verk och moderna kulturuttryck. P\u00e5 Kultur.nu skriver Annika fr\u00e4mst recensioner, f\u00f6rdjupande artiklar och personliga kr\u00f6nikor. Hon bevakar nya b\u00f6cker, uppm\u00e4rksammade teaterf\u00f6rest\u00e4llningar, filmfestivaler, utst\u00e4llningar och aktuella kulturh\u00e4ndelser. Hennes texter k\u00e4nnetecknas av ett nyfiket, kunnigt och tillg\u00e4ngligt spr\u00e5k, d\u00e4r hon vill g\u00f6ra kultur l\u00e4ttare att f\u00f6rst\u00e5 utan att f\u00f6renkla den. Hon har tidigare arbetat med redaktionellt inneh\u00e5ll, intervjuer och kulturbevakning f\u00f6r b\u00e5de digitala magasin och lokala publikationer. I sitt skrivande \u00e5terkommer hon ofta till fr\u00e5gor om ber\u00e4ttande, kreativitet, klass, k\u00f6nsroller och kulturens plats i det moderna samh\u00e4llet.","sameAs":["https:\/\/kultur.nu"],"url":"https:\/\/kultur.nu\/en\/author\/annica\/"}]}},"_links":{"self":[{"href":"https:\/\/kultur.nu\/en\/wp-json\/wp\/v2\/posts\/573","targetHints":{"allow":["GET"]}}],"collection":[{"href":"https:\/\/kultur.nu\/en\/wp-json\/wp\/v2\/posts"}],"about":[{"href":"https:\/\/kultur.nu\/en\/wp-json\/wp\/v2\/types\/post"}],"author":[{"embeddable":true,"href":"https:\/\/kultur.nu\/en\/wp-json\/wp\/v2\/users\/1"}],"replies":[{"embeddable":true,"href":"https:\/\/kultur.nu\/en\/wp-json\/wp\/v2\/comments?post=573"}],"version-history":[{"count":2,"href":"https:\/\/kultur.nu\/en\/wp-json\/wp\/v2\/posts\/573\/revisions"}],"predecessor-version":[{"id":577,"href":"https:\/\/kultur.nu\/en\/wp-json\/wp\/v2\/posts\/573\/revisions\/577"}],"wp:featuredmedia":[{"embeddable":true,"href":"https:\/\/kultur.nu\/en\/wp-json\/wp\/v2\/media\/574"}],"wp:attachment":[{"href":"https:\/\/kultur.nu\/en\/wp-json\/wp\/v2\/media?parent=573"}],"wp:term":[{"taxonomy":"category","embeddable":true,"href":"https:\/\/kultur.nu\/en\/wp-json\/wp\/v2\/categories?post=573"},{"taxonomy":"post_tag","embeddable":true,"href":"https:\/\/kultur.nu\/en\/wp-json\/wp\/v2\/tags?post=573"}],"curies":[{"name":"wp","href":"https:\/\/api.w.org\/{rel}","templated":true}]}}