{"id":578,"date":"2025-02-22T16:31:21","date_gmt":"2025-02-22T15:31:21","guid":{"rendered":"https:\/\/kultur.nu\/?p=578"},"modified":"2025-05-16T16:39:51","modified_gmt":"2025-05-16T14:39:51","slug":"tornedalingar-kultur","status":"publish","type":"post","link":"https:\/\/kultur.nu\/en\/tornedalingar-kultur\/","title":{"rendered":"Tornedalingars kultur \u2013 En levande skatt fr\u00e5n \u00e4lven, skogen och spr\u00e5ket"},"content":{"rendered":"<p class=\"\" data-start=\"77\" data-end=\"381\">Tornedalingars <a href=\"https:\/\/kultur.nu\/en\/\">kultur<\/a> \u00e4r n\u00e5got alldeles unikt. Det handlar inte bara om ett spr\u00e5k eller ett omr\u00e5de \u2013 det \u00e4r en hel livsstil formad av \u00e4lven, naturen, ber\u00e4ttelserna, maten och musiken. Tornedalingars kultur sjuder av liv och stolthet, trots en l\u00e5ng historia av motst\u00e5nd och osynligg\u00f6rande.<\/p>\n<p class=\"\" data-start=\"383\" data-end=\"629\">Den tornedalska kulturen b\u00e4r sp\u00e5r av Finland, Sverige, S\u00e1pmi och Ryssland. I generationer har dessa influenser fl\u00e4tats samman och skapat en s\u00e4rpr\u00e4glad identitet. Mitt i allt detta finns ett folk som inte l\u00e5ter sin historia g\u00e5 f\u00f6rlorad.<\/p>\n<h3 class=\"\" data-start=\"631\" data-end=\"684\">Me\u00e4nkieli \u2013 Ett spr\u00e5k fullt av sj\u00e4l och identitet<\/h3>\n<p class=\"\" data-start=\"686\" data-end=\"1038\">Spr\u00e5ket <a href=\"https:\/\/kultur.nu\/en\/meankieli-kultur\/\">me\u00e4nkieli<\/a> \u00e4r hj\u00e4rtat i tornedalingars kultur. Det \u00e4r mer \u00e4n bara ett kommunikationsmedel \u2013 det \u00e4r en del av sj\u00e4len, ett arv fr\u00e5n tidigare generationer och en b\u00e4rande del av identiteten. Me\u00e4nkieli har sina r\u00f6tter i finskan, men har p\u00e5 grund av historiska och geografiska sk\u00e4l utvecklats till ett eget spr\u00e5k, med egna uttryck, idiom och nyanser.<\/p>\n<p class=\"\" data-start=\"1040\" data-end=\"1489\">Under 1900-talet utsattes me\u00e4nkieli f\u00f6r f\u00f6rtryck genom statens f\u00f6rsvenskningspolitik. Det var f\u00f6rbjudet att tala spr\u00e5ket i skolor, och m\u00e5nga f\u00f6rlorade stoltheten \u00f6ver sitt modersm\u00e5l. Men idag ser vi ett uppsving: spr\u00e5ket undervisas i vissa skolor, anv\u00e4nds i offentliga sammanhang och lyfts fram i media. SVT har till och med en s\u00e4rskild avdelning f\u00f6r me\u00e4nkielimaterial, och radioprogram som <em data-start=\"1431\" data-end=\"1440\">Finnmix<\/em> har h\u00e5llit spr\u00e5ket levande i \u00f6ver tre decennier.<\/p>\n<p class=\"\" data-start=\"1491\" data-end=\"1697\">F\u00f6r m\u00e5nga \u00e4ldre \u00e4r me\u00e4nkieli fortfarande vardagsspr\u00e5ket, medan yngre ofta blandar svenska och me\u00e4nkieli i en naturlig randning. Det \u00e4r just i detta blandade spr\u00e5klandskap som kulturen blir som mest levande.<\/p>\n<p data-start=\"1491\" data-end=\"1697\"><img loading=\"lazy\" decoding=\"async\" class=\"alignnone size-full wp-image-580\" src=\"https:\/\/kultur.nu\/wp-content\/uploads\/2025\/05\/image73.webp\" alt=\"Me\u00e4nkieli \u2013 Ett spr\u00e5k fullt av sj\u00e4l och identitet\" width=\"1200\" height=\"1110\" srcset=\"https:\/\/kultur.nu\/wp-content\/uploads\/2025\/05\/image73.webp 1200w, https:\/\/kultur.nu\/wp-content\/uploads\/2025\/05\/image73-300x278.webp 300w, https:\/\/kultur.nu\/wp-content\/uploads\/2025\/05\/image73-1024x947.webp 1024w, https:\/\/kultur.nu\/wp-content\/uploads\/2025\/05\/image73-768x710.webp 768w\" sizes=\"auto, (max-width: 1200px) 100vw, 1200px\" \/><\/p>\n<h3 class=\"\" data-start=\"1699\" data-end=\"1757\">Mat som ber\u00e4ttar om historia, \u00f6verlevnad och gemenskap<\/h3>\n<p class=\"\" data-start=\"1759\" data-end=\"2032\">Mat \u00e4r en viktig b\u00e4rare av <a href=\"https:\/\/kultur.nu\/en\/traditioner-i-sverige\/\">traditioner<\/a>, och i Tornedalen \u00e4r matkulturen djupt rotad i historia, klimat och naturresurser. Den bygger p\u00e5 det som funnits tillg\u00e4ngligt \u2013 fisk fr\u00e5n \u00e4lven, k\u00f6tt fr\u00e5n jakt, b\u00e4r fr\u00e5n myrarna och br\u00f6d som bakats efter familjerecept i generationer.<\/p>\n<p class=\"\" data-start=\"2034\" data-end=\"2149\">En m\u00e5ltid i Tornedalen \u00e4r inte bara n\u00e5got du \u00e4ter \u2013 det \u00e4r ett arv du f\u00e5r smaka p\u00e5. H\u00e4r \u00e4r n\u00e5gra typiska favoriter:<\/p>\n<ul>\n<li data-start=\"2153\" data-end=\"2221\">Rieska-br\u00f6d i olika varianter, ofta bakat p\u00e5 mj\u00f6lk, potatis och korn<\/li>\n<li data-start=\"2224\" data-end=\"2287\">Karjalanpiirakka \u2013 en \u00f6stfinsk klassiker fylld med risgrynsgr\u00f6t<\/li>\n<li data-start=\"2290\" data-end=\"2344\">R\u00f6kt sik, gravad lax och laxsoppa \u2013 \u00e4lvmat p\u00e5 h\u00f6g niv\u00e5<\/li>\n<li data-start=\"2347\" data-end=\"2418\">Kaffeost med hjortron \u2013 en oslagbar dessert eller tillbeh\u00f6r till kaffet<\/li>\n<li data-start=\"2421\" data-end=\"2537\">Muurikkamat \u2013 m\u00e5ltider tillagade utomhus p\u00e5 muurikka, som g\u00f6r det sociala kring matlagningen lika viktigt som smaken<\/li>\n<\/ul>\n<p class=\"\" data-start=\"2539\" data-end=\"2779\">Maten visar hur kulturen anpassat sig till naturen. Att salta, torka och r\u00f6ka k\u00f6tt och fisk har varit n\u00f6dv\u00e4ndigt i ett klimat d\u00e4r f\u00e4rsk mat inte alltid var tillg\u00e4nglig. Idag lever de h\u00e4r traditionerna kvar som en stolthet och en delikatess.<\/p>\n<h3 class=\"\" data-start=\"2781\" data-end=\"2824\">\u00c4lven V\u00e4yl\u00e4 \u2013 kulturb\u00e4rare och livsnerv<\/h3>\n<p class=\"\" data-start=\"2826\" data-end=\"3153\">Torne\u00e4lven \u2013 V\u00e4yl\u00e4 \u2013 \u00e4r mycket mer \u00e4n ett geografiskt inslag. Den \u00e4r sj\u00e4lvaste livsnerven i tornedalingars kultur. Den har i alla tider varit ett f\u00e4rdmedel, en n\u00e4ringsk\u00e4lla, ett gr\u00e4nsland och ett inspirationsfl\u00f6de. Det \u00e4r inte ovanligt att \u00e4lven n\u00e4mns i poesi, teater och s\u00e5nger \u2013 den symboliserar b\u00e5de samh\u00f6righet och r\u00f6relse.<\/p>\n<p class=\"\" data-start=\"3155\" data-end=\"3546\">Historiskt har V\u00e4yl\u00e4 anv\u00e4nts f\u00f6r flottning av timmer, transport av j\u00e4rn och som v\u00e4g f\u00f6r smuggling under krigstid. I Kukkolaforsen finns fortfarande den unika h\u00e5vfiskekulturen kvar \u2013 d\u00e4r m\u00e4nniskor med hj\u00e4lp av stora h\u00e5var f\u00e5ngar sik p\u00e5 traditionellt vis. Den h\u00e4r formen av fiske \u00e4r inte bara en livsstil utan ett <a href=\"https:\/\/kultur.nu\/en\/kulturarv\/\">kulturarv<\/a>, och nominerades 2023 till Unescos lista \u00f6ver immateriella kulturarv.<\/p>\n<p class=\"\" data-start=\"3548\" data-end=\"3764\">\u00c4lven spelar ocks\u00e5 en andlig roll. Vatten \u00e4r heligt i m\u00e5nga ber\u00e4ttelser, och k\u00e4nslan av respekt f\u00f6r naturens kraft g\u00e5r inte att ta miste p\u00e5 i Tornedalen. Att bo n\u00e4ra \u00e4lven \u00e4r att st\u00e4ndigt ha naturens rytm i n\u00e4rheten.<\/p>\n<h3 class=\"\" data-start=\"3766\" data-end=\"3825\">Tornedalingars kultur i musik, litteratur och scenkonst<\/h3>\n<p class=\"\" data-start=\"3827\" data-end=\"4112\">Ber\u00e4ttandet \u00e4r centralt i tornedalsk kultur. I <a href=\"https:\/\/kultur.nu\/en\/musik\/\">musik<\/a>, poesi och teater kommer m\u00e4nniskors livs\u00f6den till liv p\u00e5 s\u00e4tt som ber\u00f6r l\u00e5ngt in i sj\u00e4len. Tornedalsteatern har sedan 1986 satt upp f\u00f6rest\u00e4llningar d\u00e4r svenska och me\u00e4nkieli varvas, vilket ger en unik spr\u00e5klig och kulturell n\u00e4rvaro.<\/p>\n<p class=\"\" data-start=\"4114\" data-end=\"4425\"><a href=\"https:\/\/kultur.nu\/en\/litteratur_och_sprak\/forfattare\/\">F\u00f6rfattare<\/a> som Hilja Bystr\u00f6m, Bengt Pohjanen och Mikael Niemi har satt Tornedalen p\u00e5 litteraturkartan. Ber\u00e4ttelser om livet i norr, om tystnad, k\u00e4rlek, tro och motst\u00e5nd har lockat b\u00e5de svenska och internationella l\u00e4sare. I deras verk blandas ofta det vardagliga med det poetiska, och kulturen f\u00e5r st\u00e5 i centrum.<\/p>\n<p class=\"\" data-start=\"4427\" data-end=\"4751\">Musik \u00e4r ocks\u00e5 en stark kulturuttrycksform. Fr\u00e5n dragspel till modern pop, reggae och jazz \u2013 p\u00e5 b\u00e5de svenska och me\u00e4nkieli \u2013 h\u00f6rs tonerna fr\u00e5n Tornedalen i nya sammanhang. Flera unga artister anv\u00e4nder me\u00e4nkieli i sina texter, och m\u00e5nga kulturella projekt arbetar aktivt med att f\u00e5 in spr\u00e5ket i nya genrer och uttrycksformer.<\/p>\n<p data-start=\"4427\" data-end=\"4751\"><img loading=\"lazy\" decoding=\"async\" class=\"alignnone size-full wp-image-581\" src=\"https:\/\/kultur.nu\/wp-content\/uploads\/2025\/05\/image75.webp\" alt=\"Tornedalingars kultur i musik, litteratur och scenkonst\" width=\"800\" height=\"533\" srcset=\"https:\/\/kultur.nu\/wp-content\/uploads\/2025\/05\/image75.webp 800w, https:\/\/kultur.nu\/wp-content\/uploads\/2025\/05\/image75-300x200.webp 300w, https:\/\/kultur.nu\/wp-content\/uploads\/2025\/05\/image75-768x512.webp 768w\" sizes=\"auto, (max-width: 800px) 100vw, 800px\" \/><\/p>\n<h3 class=\"\" data-start=\"4753\" data-end=\"4807\">Traditioner och evenemang som h\u00e5ller arvet levande<\/h3>\n<p class=\"\" data-start=\"4809\" data-end=\"5123\">Tornedalingar har flera viktiga h\u00f6gtider och evenemang som f\u00f6r samman m\u00e4nniskor och lyfter kulturen. Den 15 juli firas tornedalingarnas dag \u2013 me\u00e4nflaku-p\u00e4iv\u00e4 \u2013 med flagghissning, s\u00e5ng och kulturella aktiviteter. \u00c4ven me\u00e4nkielidagen, som infaller den 27 februari, \u00e4r viktig f\u00f6r att synligg\u00f6ra spr\u00e5ket och historien.<\/p>\n<p class=\"\" data-start=\"5125\" data-end=\"5464\">Andra viktiga evenemang \u00e4r marknaderna i Pajala och \u00d6vertorne\u00e5 samt den internationella Nattfestivalen i Korpilombolo, d\u00e4r <a href=\"https:\/\/kultur.nu\/en\/konst\/konstnarer\/\">konstn\u00e4rer<\/a>, <a href=\"https:\/\/kultur.nu\/en\/musik\/musiker_och_musikgrupper\/\">musiker<\/a> och f\u00f6rfattare fr\u00e5n hela Europa m\u00f6ts under decemberm\u00f6rkret. Dessa festivaler inneh\u00e5ller allt fr\u00e5n filmvisningar till hantverksm\u00e4ssor och ber\u00e4ttarstunder, d\u00e4r kultur blir till samtal och nya m\u00f6ten.<\/p>\n<p class=\"\" data-start=\"5466\" data-end=\"5636\">Det \u00e4r inte bara h\u00f6gtider som bygger identitet \u2013 det \u00e4r den \u00e5terkommande gemenskapen, k\u00e4nslan av tillh\u00f6righet, att f\u00e5 fira sin egen bakgrund utan att beh\u00f6va f\u00f6rklara den.<\/p>\n<h3 class=\"\" data-start=\"5638\" data-end=\"5687\">Hantverkets roll i det vardagliga kulturlivet<\/h3>\n<p class=\"\" data-start=\"5689\" data-end=\"6004\">I Tornedalen \u00e4r <a href=\"https:\/\/kultur.nu\/en\/konsthantverk\/\">hantverk<\/a> b\u00e5de <a href=\"https:\/\/kultur.nu\/en\/konst\/\">konst<\/a> och funktion. Det handlar inte om prydnadssaker f\u00f6r turister, utan om levande kunskaper som f\u00f6rs vidare inom familjen. Allmogem\u00e5lning, v\u00e4vning, knivsmide, b\u00e5tbygge och inte minst stickning \u00e4r centrala delar av vardagslivet \u2013 ofta med inslag av traditionella m\u00f6nster och symbolik.<\/p>\n<p class=\"\" data-start=\"6006\" data-end=\"6290\">Ett exempel \u00e4r Lovikkavanten \u2013 kanske Sveriges mest k\u00e4nda stickade plagg \u2013 som har sitt ursprung i byn Lovikka. Den stickades f\u00f6rsta g\u00e5ngen 1892 av Erika &#8221;Riiga&#8221; Aittamaa. Vanten \u00e4r b\u00e5de en symbol f\u00f6r hantverksskicklighet och en p\u00e5minnelse om kvinnors roll i att b\u00e4ra kulturen vidare.<\/p>\n<p class=\"\" data-start=\"6292\" data-end=\"6486\">M\u00e5nga hantverkare anv\u00e4nder lokalt producerade material och arbetar i n\u00e4ra samspel med naturen. Det skapar inte bara h\u00e5llbara produkter utan ocks\u00e5 en djupt rotad stolthet \u00f6ver det egna kunnandet.<\/p>\n<h3 class=\"\" data-start=\"6488\" data-end=\"6529\">Naturen som livsmilj\u00f6 och inspiration<\/h3>\n<p class=\"\" data-start=\"6531\" data-end=\"6835\">Tornedalingars vardag \u00e4r t\u00e4tt sammanfl\u00e4tad med naturen. Det handlar inte bara om att leva n\u00e4ra skog och \u00e4lv \u2013 det \u00e4r ocks\u00e5 en kulturell relation. Ortsnamn som S\u00e4rkij\u00e4rvi, Isovaara och Puostij\u00e4rvi b\u00e4r p\u00e5 ber\u00e4ttelser om fiskevatten, utsiktsplatser och myrar d\u00e4r hjortronen lyser som guld under sensommaren.<\/p>\n<p class=\"\" data-start=\"6837\" data-end=\"7171\">Naturen i Tornedalen bjuder p\u00e5 berg, dalar och midnattssol \u2013 en milj\u00f6 som inspirerar b\u00e5de till eftertanke och kreativitet. V\u00e4g 99, kallad Norrskensv\u00e4gen, slingrar sig genom landskapet och ger en k\u00e4nsla av att vara en del av n\u00e5got st\u00f6rre. H\u00e4r \u00e4r du aldrig riktigt ensam \u2013 vare sig du st\u00e5r vid \u00e4lvens kant eller blickar ut \u00f6ver fj\u00e4llen.<\/p>\n<p data-start=\"6837\" data-end=\"7171\"><img loading=\"lazy\" decoding=\"async\" class=\"alignnone size-full wp-image-582\" src=\"https:\/\/kultur.nu\/wp-content\/uploads\/2025\/05\/image77.webp\" alt=\"Naturen som livsmilj\u00f6 och inspiration\" width=\"1200\" height=\"674\" srcset=\"https:\/\/kultur.nu\/wp-content\/uploads\/2025\/05\/image77.webp 1200w, https:\/\/kultur.nu\/wp-content\/uploads\/2025\/05\/image77-300x169.webp 300w, https:\/\/kultur.nu\/wp-content\/uploads\/2025\/05\/image77-1024x575.webp 1024w, https:\/\/kultur.nu\/wp-content\/uploads\/2025\/05\/image77-768x431.webp 768w\" sizes=\"auto, (max-width: 1200px) 100vw, 1200px\" \/><\/p>\n<h3 class=\"\" data-start=\"7173\" data-end=\"7217\">Tornedalingars organisering och stolthet<\/h3>\n<p class=\"\" data-start=\"7219\" data-end=\"7609\">Det var f\u00f6rst p\u00e5 1980-talet som tornedalingarna b\u00f6rjade organisera sig i st\u00f6rre skala. Svenska Tornedalingars Riksf\u00f6rbund (STR-T) bildades 1981 med syfte att skydda och utveckla spr\u00e5ket, kulturen och r\u00e4ttigheterna. Organisationen har bland annat drivit fram erk\u00e4nnandet av me\u00e4nkieli som minoritetsspr\u00e5k och bidragit till att me\u00e4nflaku \u2013 flaggan \u2013 nu vajar varje sommar \u00f6ver hela Tornedalen.<\/p>\n<p class=\"\" data-start=\"7611\" data-end=\"7871\">De senaste \u00e5ren har STR-T lyckats f\u00e5 till en statlig sannings- och f\u00f6rsoningskommission som utrett \u00f6vergrepp mot tornedalingar. Kommissionen har visat hur spr\u00e5ket och identiteten f\u00f6rtryckts systematiskt, och pekar p\u00e5 behovet av fortsatt arbete f\u00f6r uppr\u00e4ttelse.<\/p>\n<p class=\"\" data-start=\"7873\" data-end=\"8074\">F\u00f6reningar som Met Nuoret och Svenska Kv\u00e4ner\u2013Lantalaiset jobbar ocks\u00e5 med att synligg\u00f6ra den bredd som finns inom kulturen \u2013 fr\u00e5n ungdomars perspektiv till historiska r\u00f6tter i Kv\u00e4nland och Per\u00e4pohjola.<\/p>\n<p class=\"\" data-start=\"8076\" data-end=\"8233\">Tornedalingars kultur \u00e4r levande, stark och full av ber\u00e4ttelser \u2013 och det \u00e4r precis d\u00e4rf\u00f6r det \u00e4r s\u00e5 viktigt att vi forts\u00e4tter prata om tornedalingar kultur.<\/p>","protected":false},"excerpt":{"rendered":"<p>Tornedalingars kultur \u00e4r n\u00e5got alldeles unikt. Det handlar inte bara om ett spr\u00e5k eller ett&hellip;<\/p>","protected":false},"author":1,"featured_media":579,"comment_status":"open","ping_status":"open","sticky":false,"template":"","format":"standard","meta":{"_yoast_wpseo_focuskw":"","_yoast_wpseo_title":"","_yoast_wpseo_metadesc":"","_yoast_wpseo_meta-robots-noindex":"","_yoast_wpseo_meta-robots-nofollow":"","_yoast_wpseo_canonical":"","_yoast_wpseo_opengraph-title":"","_yoast_wpseo_opengraph-description":"","_yoast_wpseo_twitter-title":"","_yoast_wpseo_twitter-description":"","footnotes":"","rank_math_description":"","rank_math_focus_keyword":"","rank_math_title":"","rank_math_canonical_url":"","rank_math_robots":"","rank_math_facebook_title":"","rank_math_facebook_description":"","rank_math_twitter_title":"","rank_math_twitter_description":""},"categories":[2],"tags":[],"class_list":["post-578","post","type-post","status-publish","format-standard","has-post-thumbnail","hentry","category-aktuellt"],"yoast_head":"<!-- This site is optimized with the Yoast SEO plugin v27.5 - https:\/\/yoast.com\/product\/yoast-seo-wordpress\/ -->\n<title>Tornedalingars kultur \u2013 En levande skatt fr\u00e5n \u00e4lven, skogen och spr\u00e5ket - Kultur i Sverige<\/title>\n<meta name=\"robots\" content=\"index, follow, max-snippet:-1, max-image-preview:large, max-video-preview:-1\" \/>\n<link rel=\"canonical\" href=\"https:\/\/kultur.nu\/en\/tornedalingar-kultur\/\" \/>\n<meta property=\"og:locale\" content=\"en_US\" \/>\n<meta property=\"og:type\" content=\"article\" \/>\n<meta property=\"og:title\" content=\"Tornedalingars kultur \u2013 En levande skatt fr\u00e5n \u00e4lven, skogen och spr\u00e5ket - Kultur i Sverige\" \/>\n<meta property=\"og:description\" content=\"Tornedalingars kultur \u00e4r n\u00e5got alldeles unikt. Det handlar inte bara om ett spr\u00e5k eller ett&hellip;\" \/>\n<meta property=\"og:url\" content=\"https:\/\/kultur.nu\/en\/tornedalingar-kultur\/\" \/>\n<meta property=\"og:site_name\" content=\"Kultur i Sverige\" \/>\n<meta property=\"article:published_time\" content=\"2025-02-22T15:31:21+00:00\" \/>\n<meta property=\"article:modified_time\" content=\"2025-05-16T14:39:51+00:00\" \/>\n<meta property=\"og:image\" content=\"https:\/\/kultur.nu\/wp-content\/uploads\/2025\/05\/image78.webp\" \/>\n\t<meta property=\"og:image:width\" content=\"900\" \/>\n\t<meta property=\"og:image:height\" content=\"600\" \/>\n\t<meta property=\"og:image:type\" content=\"image\/webp\" \/>\n<meta name=\"author\" content=\"Annica\" \/>\n<meta name=\"twitter:card\" content=\"summary_large_image\" \/>\n<meta name=\"twitter:label1\" content=\"Written by\" \/>\n\t<meta name=\"twitter:data1\" content=\"Annica\" \/>\n\t<meta name=\"twitter:label2\" content=\"Est. reading time\" \/>\n\t<meta name=\"twitter:data2\" content=\"7 minutes\" \/>\n<script type=\"application\/ld+json\" class=\"yoast-schema-graph\">{\"@context\":\"https:\\\/\\\/schema.org\",\"@graph\":[{\"@type\":\"Article\",\"@id\":\"https:\\\/\\\/kultur.nu\\\/tornedalingar-kultur\\\/#article\",\"isPartOf\":{\"@id\":\"https:\\\/\\\/kultur.nu\\\/tornedalingar-kultur\\\/\"},\"author\":{\"name\":\"Annica\",\"@id\":\"https:\\\/\\\/kultur.nu\\\/#\\\/schema\\\/person\\\/cbafe9491d5ea09a25eace8883923b2c\"},\"headline\":\"Tornedalingars kultur \u2013 En levande skatt fr\u00e5n \u00e4lven, skogen och spr\u00e5ket\",\"datePublished\":\"2025-02-22T15:31:21+00:00\",\"dateModified\":\"2025-05-16T14:39:51+00:00\",\"mainEntityOfPage\":{\"@id\":\"https:\\\/\\\/kultur.nu\\\/tornedalingar-kultur\\\/\"},\"wordCount\":1452,\"commentCount\":0,\"publisher\":{\"@id\":\"https:\\\/\\\/kultur.nu\\\/#organization\"},\"image\":{\"@id\":\"https:\\\/\\\/kultur.nu\\\/tornedalingar-kultur\\\/#primaryimage\"},\"thumbnailUrl\":\"https:\\\/\\\/kultur.nu\\\/wp-content\\\/uploads\\\/2025\\\/05\\\/image78.webp\",\"articleSection\":[\"Aktuellt\"],\"inLanguage\":\"en-US\",\"potentialAction\":[{\"@type\":\"CommentAction\",\"name\":\"Comment\",\"target\":[\"https:\\\/\\\/kultur.nu\\\/tornedalingar-kultur\\\/#respond\"]}]},{\"@type\":\"WebPage\",\"@id\":\"https:\\\/\\\/kultur.nu\\\/tornedalingar-kultur\\\/\",\"url\":\"https:\\\/\\\/kultur.nu\\\/tornedalingar-kultur\\\/\",\"name\":\"Tornedalingars kultur \u2013 En levande skatt fr\u00e5n \u00e4lven, skogen och spr\u00e5ket - Kultur i Sverige\",\"isPartOf\":{\"@id\":\"https:\\\/\\\/kultur.nu\\\/#website\"},\"primaryImageOfPage\":{\"@id\":\"https:\\\/\\\/kultur.nu\\\/tornedalingar-kultur\\\/#primaryimage\"},\"image\":{\"@id\":\"https:\\\/\\\/kultur.nu\\\/tornedalingar-kultur\\\/#primaryimage\"},\"thumbnailUrl\":\"https:\\\/\\\/kultur.nu\\\/wp-content\\\/uploads\\\/2025\\\/05\\\/image78.webp\",\"datePublished\":\"2025-02-22T15:31:21+00:00\",\"dateModified\":\"2025-05-16T14:39:51+00:00\",\"breadcrumb\":{\"@id\":\"https:\\\/\\\/kultur.nu\\\/tornedalingar-kultur\\\/#breadcrumb\"},\"inLanguage\":\"en-US\",\"potentialAction\":[{\"@type\":\"ReadAction\",\"target\":[\"https:\\\/\\\/kultur.nu\\\/tornedalingar-kultur\\\/\"]}]},{\"@type\":\"ImageObject\",\"inLanguage\":\"en-US\",\"@id\":\"https:\\\/\\\/kultur.nu\\\/tornedalingar-kultur\\\/#primaryimage\",\"url\":\"https:\\\/\\\/kultur.nu\\\/wp-content\\\/uploads\\\/2025\\\/05\\\/image78.webp\",\"contentUrl\":\"https:\\\/\\\/kultur.nu\\\/wp-content\\\/uploads\\\/2025\\\/05\\\/image78.webp\",\"width\":900,\"height\":600,\"caption\":\"tornedalingar kultur\"},{\"@type\":\"BreadcrumbList\",\"@id\":\"https:\\\/\\\/kultur.nu\\\/tornedalingar-kultur\\\/#breadcrumb\",\"itemListElement\":[{\"@type\":\"ListItem\",\"position\":1,\"name\":\"Hem\",\"item\":\"https:\\\/\\\/kultur.nu\\\/\"},{\"@type\":\"ListItem\",\"position\":2,\"name\":\"Tornedalingars kultur \u2013 En levande skatt fr\u00e5n \u00e4lven, skogen och spr\u00e5ket\"}]},{\"@type\":\"WebSite\",\"@id\":\"https:\\\/\\\/kultur.nu\\\/#website\",\"url\":\"https:\\\/\\\/kultur.nu\\\/\",\"name\":\"Kultur i Sverige\",\"description\":\"\",\"publisher\":{\"@id\":\"https:\\\/\\\/kultur.nu\\\/#organization\"},\"potentialAction\":[{\"@type\":\"SearchAction\",\"target\":{\"@type\":\"EntryPoint\",\"urlTemplate\":\"https:\\\/\\\/kultur.nu\\\/?s={search_term_string}\"},\"query-input\":{\"@type\":\"PropertyValueSpecification\",\"valueRequired\":true,\"valueName\":\"search_term_string\"}}],\"inLanguage\":\"en-US\"},{\"@type\":\"Organization\",\"@id\":\"https:\\\/\\\/kultur.nu\\\/#organization\",\"name\":\"Kultur i Sverige\",\"url\":\"https:\\\/\\\/kultur.nu\\\/\",\"logo\":{\"@type\":\"ImageObject\",\"inLanguage\":\"en-US\",\"@id\":\"https:\\\/\\\/kultur.nu\\\/#\\\/schema\\\/logo\\\/image\\\/\",\"url\":\"https:\\\/\\\/kultur.nu\\\/wp-content\\\/uploads\\\/2025\\\/10\\\/cropped-Kultur.nu-logo.webp\",\"contentUrl\":\"https:\\\/\\\/kultur.nu\\\/wp-content\\\/uploads\\\/2025\\\/10\\\/cropped-Kultur.nu-logo.webp\",\"width\":510,\"height\":95,\"caption\":\"Kultur i Sverige\"},\"image\":{\"@id\":\"https:\\\/\\\/kultur.nu\\\/#\\\/schema\\\/logo\\\/image\\\/\"}},{\"@type\":\"Person\",\"@id\":\"https:\\\/\\\/kultur.nu\\\/#\\\/schema\\\/person\\\/cbafe9491d5ea09a25eace8883923b2c\",\"name\":\"Annica\",\"image\":{\"@type\":\"ImageObject\",\"inLanguage\":\"en-US\",\"@id\":\"https:\\\/\\\/secure.gravatar.com\\\/avatar\\\/d78c2d842df13ded689c841d90a91fd72f6cc9e7250f7066a537c14f82302546?s=96&d=mm&r=g\",\"url\":\"https:\\\/\\\/secure.gravatar.com\\\/avatar\\\/d78c2d842df13ded689c841d90a91fd72f6cc9e7250f7066a537c14f82302546?s=96&d=mm&r=g\",\"contentUrl\":\"https:\\\/\\\/secure.gravatar.com\\\/avatar\\\/d78c2d842df13ded689c841d90a91fd72f6cc9e7250f7066a537c14f82302546?s=96&d=mm&r=g\",\"caption\":\"Annica\"},\"description\":\"Annika Axelsson \u00e4r kulturskribent p\u00e5 Kultur.nu, d\u00e4r hon skriver om litteratur, film, teater, konst och samtida kulturdebatt. Hon har ett s\u00e4rskilt intresse f\u00f6r hur kultur speglar samh\u00e4llsf\u00f6r\u00e4ndringar, identitet och vardagslivet. Annika har studerat litteraturvetenskap och kulturjournalistik vid Stockholms universitet. Hon har \u00e4ven l\u00e4st konstvetenskap och medievetenskap, vilket ger henne en bred grund n\u00e4r hon analyserar b\u00e5de klassiska verk och moderna kulturuttryck. P\u00e5 Kultur.nu skriver Annika fr\u00e4mst recensioner, f\u00f6rdjupande artiklar och personliga kr\u00f6nikor. Hon bevakar nya b\u00f6cker, uppm\u00e4rksammade teaterf\u00f6rest\u00e4llningar, filmfestivaler, utst\u00e4llningar och aktuella kulturh\u00e4ndelser. Hennes texter k\u00e4nnetecknas av ett nyfiket, kunnigt och tillg\u00e4ngligt spr\u00e5k, d\u00e4r hon vill g\u00f6ra kultur l\u00e4ttare att f\u00f6rst\u00e5 utan att f\u00f6renkla den. Hon har tidigare arbetat med redaktionellt inneh\u00e5ll, intervjuer och kulturbevakning f\u00f6r b\u00e5de digitala magasin och lokala publikationer. I sitt skrivande \u00e5terkommer hon ofta till fr\u00e5gor om ber\u00e4ttande, kreativitet, klass, k\u00f6nsroller och kulturens plats i det moderna samh\u00e4llet.\",\"sameAs\":[\"https:\\\/\\\/kultur.nu\"],\"url\":\"https:\\\/\\\/kultur.nu\\\/en\\\/author\\\/annica\\\/\"}]}<\/script>\n<!-- \/ Yoast SEO plugin. -->","yoast_head_json":{"title":"Tornedalingars kultur \u2013 En levande skatt fr\u00e5n \u00e4lven, skogen och spr\u00e5ket - Kultur i Sverige","robots":{"index":"index","follow":"follow","max-snippet":"max-snippet:-1","max-image-preview":"max-image-preview:large","max-video-preview":"max-video-preview:-1"},"canonical":"https:\/\/kultur.nu\/en\/tornedalingar-kultur\/","og_locale":"en_US","og_type":"article","og_title":"Tornedalingars kultur \u2013 En levande skatt fr\u00e5n \u00e4lven, skogen och spr\u00e5ket - Kultur i Sverige","og_description":"Tornedalingars kultur \u00e4r n\u00e5got alldeles unikt. Det handlar inte bara om ett spr\u00e5k eller ett&hellip;","og_url":"https:\/\/kultur.nu\/en\/tornedalingar-kultur\/","og_site_name":"Kultur i Sverige","article_published_time":"2025-02-22T15:31:21+00:00","article_modified_time":"2025-05-16T14:39:51+00:00","og_image":[{"width":900,"height":600,"url":"https:\/\/kultur.nu\/wp-content\/uploads\/2025\/05\/image78.webp","type":"image\/webp"}],"author":"Annica","twitter_card":"summary_large_image","twitter_misc":{"Written by":"Annica","Est. reading time":"7 minutes"},"schema":{"@context":"https:\/\/schema.org","@graph":[{"@type":"Article","@id":"https:\/\/kultur.nu\/tornedalingar-kultur\/#article","isPartOf":{"@id":"https:\/\/kultur.nu\/tornedalingar-kultur\/"},"author":{"name":"Annica","@id":"https:\/\/kultur.nu\/#\/schema\/person\/cbafe9491d5ea09a25eace8883923b2c"},"headline":"Tornedalingars kultur \u2013 En levande skatt fr\u00e5n \u00e4lven, skogen och spr\u00e5ket","datePublished":"2025-02-22T15:31:21+00:00","dateModified":"2025-05-16T14:39:51+00:00","mainEntityOfPage":{"@id":"https:\/\/kultur.nu\/tornedalingar-kultur\/"},"wordCount":1452,"commentCount":0,"publisher":{"@id":"https:\/\/kultur.nu\/#organization"},"image":{"@id":"https:\/\/kultur.nu\/tornedalingar-kultur\/#primaryimage"},"thumbnailUrl":"https:\/\/kultur.nu\/wp-content\/uploads\/2025\/05\/image78.webp","articleSection":["Aktuellt"],"inLanguage":"en-US","potentialAction":[{"@type":"CommentAction","name":"Comment","target":["https:\/\/kultur.nu\/tornedalingar-kultur\/#respond"]}]},{"@type":"WebPage","@id":"https:\/\/kultur.nu\/tornedalingar-kultur\/","url":"https:\/\/kultur.nu\/tornedalingar-kultur\/","name":"Tornedalingars kultur \u2013 En levande skatt fr\u00e5n \u00e4lven, skogen och spr\u00e5ket - Kultur i Sverige","isPartOf":{"@id":"https:\/\/kultur.nu\/#website"},"primaryImageOfPage":{"@id":"https:\/\/kultur.nu\/tornedalingar-kultur\/#primaryimage"},"image":{"@id":"https:\/\/kultur.nu\/tornedalingar-kultur\/#primaryimage"},"thumbnailUrl":"https:\/\/kultur.nu\/wp-content\/uploads\/2025\/05\/image78.webp","datePublished":"2025-02-22T15:31:21+00:00","dateModified":"2025-05-16T14:39:51+00:00","breadcrumb":{"@id":"https:\/\/kultur.nu\/tornedalingar-kultur\/#breadcrumb"},"inLanguage":"en-US","potentialAction":[{"@type":"ReadAction","target":["https:\/\/kultur.nu\/tornedalingar-kultur\/"]}]},{"@type":"ImageObject","inLanguage":"en-US","@id":"https:\/\/kultur.nu\/tornedalingar-kultur\/#primaryimage","url":"https:\/\/kultur.nu\/wp-content\/uploads\/2025\/05\/image78.webp","contentUrl":"https:\/\/kultur.nu\/wp-content\/uploads\/2025\/05\/image78.webp","width":900,"height":600,"caption":"tornedalingar kultur"},{"@type":"BreadcrumbList","@id":"https:\/\/kultur.nu\/tornedalingar-kultur\/#breadcrumb","itemListElement":[{"@type":"ListItem","position":1,"name":"Hem","item":"https:\/\/kultur.nu\/"},{"@type":"ListItem","position":2,"name":"Tornedalingars kultur \u2013 En levande skatt fr\u00e5n \u00e4lven, skogen och spr\u00e5ket"}]},{"@type":"WebSite","@id":"https:\/\/kultur.nu\/#website","url":"https:\/\/kultur.nu\/","name":"Kultur i Sverige","description":"","publisher":{"@id":"https:\/\/kultur.nu\/#organization"},"potentialAction":[{"@type":"SearchAction","target":{"@type":"EntryPoint","urlTemplate":"https:\/\/kultur.nu\/?s={search_term_string}"},"query-input":{"@type":"PropertyValueSpecification","valueRequired":true,"valueName":"search_term_string"}}],"inLanguage":"en-US"},{"@type":"Organization","@id":"https:\/\/kultur.nu\/#organization","name":"Kultur i Sverige","url":"https:\/\/kultur.nu\/","logo":{"@type":"ImageObject","inLanguage":"en-US","@id":"https:\/\/kultur.nu\/#\/schema\/logo\/image\/","url":"https:\/\/kultur.nu\/wp-content\/uploads\/2025\/10\/cropped-Kultur.nu-logo.webp","contentUrl":"https:\/\/kultur.nu\/wp-content\/uploads\/2025\/10\/cropped-Kultur.nu-logo.webp","width":510,"height":95,"caption":"Kultur i Sverige"},"image":{"@id":"https:\/\/kultur.nu\/#\/schema\/logo\/image\/"}},{"@type":"Person","@id":"https:\/\/kultur.nu\/#\/schema\/person\/cbafe9491d5ea09a25eace8883923b2c","name":"Annica","image":{"@type":"ImageObject","inLanguage":"en-US","@id":"https:\/\/secure.gravatar.com\/avatar\/d78c2d842df13ded689c841d90a91fd72f6cc9e7250f7066a537c14f82302546?s=96&d=mm&r=g","url":"https:\/\/secure.gravatar.com\/avatar\/d78c2d842df13ded689c841d90a91fd72f6cc9e7250f7066a537c14f82302546?s=96&d=mm&r=g","contentUrl":"https:\/\/secure.gravatar.com\/avatar\/d78c2d842df13ded689c841d90a91fd72f6cc9e7250f7066a537c14f82302546?s=96&d=mm&r=g","caption":"Annica"},"description":"Annika Axelsson \u00e4r kulturskribent p\u00e5 Kultur.nu, d\u00e4r hon skriver om litteratur, film, teater, konst och samtida kulturdebatt. Hon har ett s\u00e4rskilt intresse f\u00f6r hur kultur speglar samh\u00e4llsf\u00f6r\u00e4ndringar, identitet och vardagslivet. Annika har studerat litteraturvetenskap och kulturjournalistik vid Stockholms universitet. Hon har \u00e4ven l\u00e4st konstvetenskap och medievetenskap, vilket ger henne en bred grund n\u00e4r hon analyserar b\u00e5de klassiska verk och moderna kulturuttryck. P\u00e5 Kultur.nu skriver Annika fr\u00e4mst recensioner, f\u00f6rdjupande artiklar och personliga kr\u00f6nikor. Hon bevakar nya b\u00f6cker, uppm\u00e4rksammade teaterf\u00f6rest\u00e4llningar, filmfestivaler, utst\u00e4llningar och aktuella kulturh\u00e4ndelser. Hennes texter k\u00e4nnetecknas av ett nyfiket, kunnigt och tillg\u00e4ngligt spr\u00e5k, d\u00e4r hon vill g\u00f6ra kultur l\u00e4ttare att f\u00f6rst\u00e5 utan att f\u00f6renkla den. Hon har tidigare arbetat med redaktionellt inneh\u00e5ll, intervjuer och kulturbevakning f\u00f6r b\u00e5de digitala magasin och lokala publikationer. I sitt skrivande \u00e5terkommer hon ofta till fr\u00e5gor om ber\u00e4ttande, kreativitet, klass, k\u00f6nsroller och kulturens plats i det moderna samh\u00e4llet.","sameAs":["https:\/\/kultur.nu"],"url":"https:\/\/kultur.nu\/en\/author\/annica\/"}]}},"_links":{"self":[{"href":"https:\/\/kultur.nu\/en\/wp-json\/wp\/v2\/posts\/578","targetHints":{"allow":["GET"]}}],"collection":[{"href":"https:\/\/kultur.nu\/en\/wp-json\/wp\/v2\/posts"}],"about":[{"href":"https:\/\/kultur.nu\/en\/wp-json\/wp\/v2\/types\/post"}],"author":[{"embeddable":true,"href":"https:\/\/kultur.nu\/en\/wp-json\/wp\/v2\/users\/1"}],"replies":[{"embeddable":true,"href":"https:\/\/kultur.nu\/en\/wp-json\/wp\/v2\/comments?post=578"}],"version-history":[{"count":3,"href":"https:\/\/kultur.nu\/en\/wp-json\/wp\/v2\/posts\/578\/revisions"}],"predecessor-version":[{"id":585,"href":"https:\/\/kultur.nu\/en\/wp-json\/wp\/v2\/posts\/578\/revisions\/585"}],"wp:featuredmedia":[{"embeddable":true,"href":"https:\/\/kultur.nu\/en\/wp-json\/wp\/v2\/media\/579"}],"wp:attachment":[{"href":"https:\/\/kultur.nu\/en\/wp-json\/wp\/v2\/media?parent=578"}],"wp:term":[{"taxonomy":"category","embeddable":true,"href":"https:\/\/kultur.nu\/en\/wp-json\/wp\/v2\/categories?post=578"},{"taxonomy":"post_tag","embeddable":true,"href":"https:\/\/kultur.nu\/en\/wp-json\/wp\/v2\/tags?post=578"}],"curies":[{"name":"wp","href":"https:\/\/api.w.org\/{rel}","templated":true}]}}