{"id":586,"date":"2025-03-10T16:43:10","date_gmt":"2025-03-10T15:43:10","guid":{"rendered":"https:\/\/kultur.nu\/?p=586"},"modified":"2025-05-16T16:51:17","modified_gmt":"2025-05-16T14:51:17","slug":"aboriginer-kultur","status":"publish","type":"post","link":"https:\/\/kultur.nu\/en\/aboriginer-kultur\/","title":{"rendered":"Uppt\u00e4ck aboriginernas kultur \u2013 En fascinerande v\u00e4rld av tradition och historia"},"content":{"rendered":"<p class=\"\" data-start=\"81\" data-end=\"631\">Australiens aboriginer har en <a href=\"https:\/\/kultur.nu\/en\/\">kultur<\/a> som \u00e4r b\u00e5de ur\u00e5ldrig och levande, fylld av ritualer, spr\u00e5k, <a href=\"https:\/\/kultur.nu\/en\/konst\/\">konst<\/a> och unika <a href=\"https:\/\/kultur.nu\/en\/traditioner-i-sverige\/\">traditioner<\/a>. Det \u00e4r en v\u00e4rld som str\u00e4cker sig tiotusentals \u00e5r bak\u00e5t i tiden, l\u00e5ngt innan europ\u00e9erna satte sin fot p\u00e5 den australiska kontinenten. I dag lever m\u00e5nga aboriginer kvar med stark koppling till sitt <a href=\"https:\/\/kultur.nu\/en\/kulturarv\/\">kulturarv<\/a>, trots att deras historia pr\u00e4glats av utanf\u00f6rskap, diskriminering och f\u00f6rlorade r\u00e4ttigheter.<\/p>\n<h3 class=\"\" data-start=\"633\" data-end=\"690\">Ursprung och historia som str\u00e4cker sig \u00f6ver 50 000 \u00e5r<\/h3>\n<p class=\"\" data-start=\"692\" data-end=\"1137\">Aboriginerna tros ha kommit till Australien f\u00f6r cirka 50 000 \u00e5r sedan, vilket g\u00f6r deras kultur till en av de \u00e4ldsta kontinuerligt levande kulturerna i v\u00e4rlden. Vid den tiden var Australiens kontinent sammanbunden med Nya Guinea, och migrationen dit skedde via enkla farkoster fr\u00e5n Sydostasien. Att t\u00e4nka sig m\u00e4nniskor f\u00e4rdas till havs f\u00f6r s\u00e5 m\u00e5nga tusen \u00e5r sedan ger ett starkt perspektiv p\u00e5 deras innovationsf\u00f6rm\u00e5ga och anpassning till naturen.<\/p>\n<p class=\"\" data-start=\"1139\" data-end=\"1544\">Under tusentals \u00e5r utvecklades ett samh\u00e4lle d\u00e4r balans med naturen var grundl\u00e4ggande. Deras s\u00e4tt att leva var cirkul\u00e4rt, inte linj\u00e4rt \u2013 de str\u00e4vade inte efter st\u00e4ndig f\u00f6r\u00e4ndring, utan efter att bevara balansen mellan m\u00e4nniskor, djur, natur och andev\u00e4rlden. Deras historia f\u00f6rdes vidare muntligt, genom ber\u00e4ttelser, s\u00e5nger och danser som beskrev v\u00e4rldens skapelse, stammens uppkomst och viktiga h\u00e4ndelser.<\/p>\n<p class=\"\" data-start=\"1546\" data-end=\"1930\">N\u00e4r britterna b\u00f6rjade kolonisera Australien p\u00e5 1700-talet f\u00f6r\u00e4ndrades allt. Aboriginerna hade ingen chans att f\u00f6rsvara sig mot sjukdomar som britterna f\u00f6rde med sig, som influensa och lunginflammation. Hundratusentals dog, och m\u00e5nga f\u00f6rdrevs fr\u00e5n sina hem. Det var ocks\u00e5 vanligt att de blev f\u00f6rslavade eller m\u00f6rdade, och m\u00e5nga omr\u00e5den rensades helt fr\u00e5n den ursprungliga befolkningen.<\/p>\n<h3 class=\"\" data-start=\"1932\" data-end=\"1965\">Ett liv i harmoni med naturen<\/h3>\n<p class=\"\" data-start=\"1967\" data-end=\"2326\">Aboriginerna levde som nomader, vilket innebar att de f\u00f6ljde naturens rytm och r\u00f6rde sig beroende p\u00e5 tillg\u00e5ngen till mat och vatten. Till skillnad fr\u00e5n v\u00e4sterl\u00e4ndska samh\u00e4llen, d\u00e4r m\u00e4nniskor ofta samlade p\u00e5 sig och \u00e4gde resurser, byggde det aboriginska samh\u00e4llet p\u00e5 delning och kollektivt ansvar. Allt man f\u00e5ngade, samlade eller tillverkade tillh\u00f6rde gruppen.<\/p>\n<p class=\"\" data-start=\"2328\" data-end=\"2642\">Deras livsstil var starkt k\u00f6nsseparerad men ocks\u00e5 balanserad. Kvinnorna samlade \u00e4tbara v\u00e4xter, fr\u00f6n och r\u00f6tter, och ansvarade f\u00f6r att tillverka redskap och kl\u00e4der. M\u00e4nnen jagade med bumeranger, spjut och andra vapen. I varje samh\u00e4lle fanns \u00e4ldste som f\u00f6rdelade resurser n\u00e4r det beh\u00f6vdes och som var kunskapsb\u00e4rare.<\/p>\n<p class=\"\" data-start=\"2644\" data-end=\"2967\">De hade ocks\u00e5 en stark andlig relation till naturen. M\u00e5nga stammar s\u00e5g sig sj\u00e4lva som <a href=\"https:\/\/kultur.nu\/en\/slaktforskning\/\">sl\u00e4kt<\/a> med ett visst djur \u2013 till exempel k\u00e4nguru, emu eller \u00f6dla \u2013 vilket blev en totem eller andlig symbol f\u00f6r stammen. Dessa djur dyrkades i ceremonier som skulle s\u00e4kerst\u00e4lla att de f\u00f6r\u00f6kade sig och fanns kvar f\u00f6r framtida generationer.<\/p>\n<p data-start=\"2644\" data-end=\"2967\"><img loading=\"lazy\" decoding=\"async\" class=\"alignnone size-full wp-image-588\" src=\"https:\/\/kultur.nu\/wp-content\/uploads\/2025\/05\/image82.webp\" alt=\"Ett liv i harmoni med naturen\" width=\"900\" height=\"506\" srcset=\"https:\/\/kultur.nu\/wp-content\/uploads\/2025\/05\/image82.webp 900w, https:\/\/kultur.nu\/wp-content\/uploads\/2025\/05\/image82-300x169.webp 300w, https:\/\/kultur.nu\/wp-content\/uploads\/2025\/05\/image82-768x432.webp 768w\" sizes=\"auto, (max-width: 900px) 100vw, 900px\" \/><\/p>\n<h3 class=\"\" data-start=\"2969\" data-end=\"3025\">Bumeranger, s\u00e5nger och spr\u00e5k \u2013 uttryck f\u00f6r identitet<\/h3>\n<p class=\"\" data-start=\"3027\" data-end=\"3360\">Kulturella uttryck som <a href=\"https:\/\/kultur.nu\/en\/musik\/\">musik<\/a>, <a href=\"https:\/\/kultur.nu\/en\/dans\/\">dans<\/a> och spr\u00e5k var inte bara underh\u00e5llning \u2013 de var fundamentala delar av livet. Musikinstrumentet didjeridu \u00e4r k\u00e4nt v\u00e4rlden \u00f6ver f\u00f6r sitt dova, hypnotiska ljud, och anv\u00e4ndes ofta vid ceremoniella tillf\u00e4llen. Tillsammans med s\u00e5ng och dans f\u00f6rmedlade det kunskap om jorden, andarna och stammens historia.<\/p>\n<p class=\"\" data-start=\"3362\" data-end=\"3610\">Bumerangen, som ofta f\u00f6rknippas med aboriginerna, var ett m\u00e5ngsidigt redskap som kunde anv\u00e4ndas b\u00e5de f\u00f6r jakt och lek. Men det var ocks\u00e5 ett symboliskt f\u00f6rem\u00e5l. En bumerang som alltid \u00e5terv\u00e4nder symboliserar naturens kretslopp och balansen i livet.<\/p>\n<p class=\"\" data-start=\"3612\" data-end=\"3890\">Varje stam hade sitt eget spr\u00e5k, och det fanns \u00f6ver 250 olika spr\u00e5k i Australien f\u00f6re kolonisationen. Dessa spr\u00e5k b\u00e4r med sig en hel v\u00e4rld av id\u00e9er, tankes\u00e4tt och identitet. Tyv\u00e4rr har m\u00e5nga av spr\u00e5ken f\u00f6rsvunnit, men det finns idag r\u00f6relser som arbetar med att \u00e5teruppliva dem.<\/p>\n<p class=\"\" data-start=\"3892\" data-end=\"3954\">H\u00e4r \u00e4r n\u00e5gra nyckelelement i aboriginernas kulturella uttryck:<\/p>\n<ul>\n<li data-start=\"3958\" data-end=\"4054\"><strong data-start=\"3958\" data-end=\"3988\">Ber\u00e4ttelser fr\u00e5n dr\u00f6mtiden<\/strong> \u2013 skapelsemyter som f\u00f6rklarar naturen och m\u00e4nniskans plats i den.<\/li>\n<li data-start=\"4057\" data-end=\"4156\"><strong data-start=\"4057\" data-end=\"4084\">Kroppsm\u00e5lning och konst<\/strong> \u2013 anv\u00e4nds i ceremonier, ofta med symboler f\u00f6r land, djur och andev\u00e4sen.<\/li>\n<li data-start=\"4159\" data-end=\"4262\"><strong data-start=\"4159\" data-end=\"4173\">S\u00e5nglinjer<\/strong> \u2013 musikaliska v\u00e4gar genom landskapet som kombinerar geografi med mytologi och andlighet.<\/li>\n<\/ul>\n<h3 class=\"\" data-start=\"4264\" data-end=\"4298\">Aboriginer kultur i f\u00f6r\u00e4ndring<\/h3>\n<p class=\"\" data-start=\"4300\" data-end=\"4630\">Kolonisationens konsekvenser f\u00f6r aboriginerna har varit l\u00e5ngvariga. Under flera decennier tvingades barn bort fr\u00e5n sina familjer, ett fenomen som idag kallas &#8221;den stulna generationen&#8221;. Staten trodde att aboriginska barn beh\u00f6vde &#8221;civiliseras&#8221; och placerade dem i fosterhem d\u00e4r de f\u00f6rlorade sitt spr\u00e5k, sin kultur och sin identitet.<\/p>\n<p class=\"\" data-start=\"4632\" data-end=\"4829\">Det dr\u00f6jde \u00e4nda till 1967 innan aboriginerna fick samma sociala r\u00e4ttigheter som andra australiensare. R\u00f6str\u00e4tt fick de 1963, vilket inneb\u00e4r att de l\u00e4nge stod helt utanf\u00f6r det demokratiska systemet.<\/p>\n<p class=\"\" data-start=\"4831\" data-end=\"5048\">Men det har ocks\u00e5 skett positiva f\u00f6r\u00e4ndringar. Idag finns fler utbildningsm\u00f6jligheter f\u00f6r aboriginska ungdomar, och det finns ett v\u00e4xande intresse f\u00f6r traditionell kunskap inom exempelvis milj\u00f6v\u00e5rd, botanik och h\u00e4lsa.<\/p>\n<h3 class=\"\" data-start=\"5050\" data-end=\"5090\">Sv\u00e5ra utmaningar i dagens Australien<\/h3>\n<p class=\"\" data-start=\"5092\" data-end=\"5395\">Trots vissa framsteg \u00e4r verkligheten f\u00f6r m\u00e5nga aboriginer fortfarande sv\u00e5r. Arbetsl\u00f6sheten \u00e4r mycket h\u00f6g \u2013 omkring 30 procent \u2013 och levnadsstandarden \u00e4r ofta l\u00e5g. M\u00e5nga bor i utsatta omr\u00e5den med d\u00e5lig tillg\u00e5ng till utbildning och sjukv\u00e5rd, vilket skapar en ond cirkel av utanf\u00f6rskap och sociala problem.<\/p>\n<p class=\"\" data-start=\"5397\" data-end=\"5628\">Droganv\u00e4ndning och alkoholmissbruk \u00e4r utbrett, och sniffning av bensin har i vissa samh\u00e4llen blivit ett s\u00e5 allvarligt problem att myndigheterna startat s\u00e4rskilda insatser. Samtidigt \u00e4r andelen aboriginer i f\u00e4ngelse skr\u00e4mmande h\u00f6g.<\/p>\n<p class=\"\" data-start=\"5630\" data-end=\"5838\">M\u00e5nga upplever fortfarande diskriminering i vardagen. Det finns politiska partier som vill begr\u00e4nsa deras r\u00e4ttigheter ytterligare, vilket visar att f\u00f6rdomar och rasism fortfarande \u00e4r en realitet i Australien.<\/p>\n<p data-start=\"5630\" data-end=\"5838\"><img loading=\"lazy\" decoding=\"async\" class=\"alignnone size-full wp-image-589\" src=\"https:\/\/kultur.nu\/wp-content\/uploads\/2025\/05\/image84.webp\" alt=\"Sv\u00e5ra utmaningar i dagens Australien\" width=\"900\" height=\"500\" srcset=\"https:\/\/kultur.nu\/wp-content\/uploads\/2025\/05\/image84.webp 900w, https:\/\/kultur.nu\/wp-content\/uploads\/2025\/05\/image84-300x167.webp 300w, https:\/\/kultur.nu\/wp-content\/uploads\/2025\/05\/image84-768x427.webp 768w\" sizes=\"auto, (max-width: 900px) 100vw, 900px\" \/><\/p>\n<h3 class=\"\" data-start=\"5840\" data-end=\"5879\">Ceremonier, djurandar och dr\u00f6mtiden<\/h3>\n<p class=\"\" data-start=\"5881\" data-end=\"6172\">Dr\u00f6mtiden \u2013 eller \u201cDreamtime\u201d \u2013 \u00e4r en central id\u00e9 i aboriginer kultur. Den beskriver en urtid d\u00e5 skapelsev\u00e4sen formade landskapet, gav namn \u00e5t platser och skapade lagar f\u00f6r hur man ska leva. Dessa v\u00e4sen lever kvar som andar i naturen, och genom ceremonier h\u00e5ller m\u00e4nniskorna kontakt med dem.<\/p>\n<p class=\"\" data-start=\"6174\" data-end=\"6474\">Varje stam har sina egna ber\u00e4ttelser om hur v\u00e4rlden blev till. Dessa ber\u00e4ttelser \u00e4r ofta kopplade till s\u00e4rskilda platser i naturen, som klippor, floder eller grottor. Genom s\u00e5nglinjer och ber\u00e4ttelser h\u00e5ller man kunskapen vid liv och bevarar en karta \u00f6ver landskapet som \u00e4r b\u00e5de andlig och geografisk.<\/p>\n<p class=\"\" data-start=\"6476\" data-end=\"6671\">Ceremonier \u00e4r viktiga f\u00f6r att hedra f\u00f6rf\u00e4der, markera \u00f6verg\u00e5ngar i livet och bevara den sociala gemenskapen. De kan p\u00e5g\u00e5 i flera dagar och inneh\u00e5lla s\u00e5ng, dans, m\u00e5lning, mat och andliga ritualer.<\/p>\n<h3 class=\"\" data-start=\"6673\" data-end=\"6702\">S\u00e5 lever aboriginer i dag<\/h3>\n<p class=\"\" data-start=\"6704\" data-end=\"7100\">Idag lever cirka 60 % av aboriginerna i eller n\u00e4ra storst\u00e4der, men deras vardag ser ofta annorlunda ut j\u00e4mf\u00f6rt med resten av befolkningen. M\u00e5nga f\u00f6rs\u00f6ker hitta en balans mellan den v\u00e4sterl\u00e4ndska livsstilen och den traditionella kulturen. Det finns exempel p\u00e5 <a href=\"https:\/\/kultur.nu\/en\/konst\/konstnarer\/\">konstn\u00e4rer<\/a>, <a href=\"https:\/\/kultur.nu\/en\/litteratur_och_sprak\/forfattare\/\">f\u00f6rfattare<\/a> och politiska aktivister som g\u00f6r stort avtryck i det moderna Australien och samtidigt b\u00e4r sin kultur med stolthet.<\/p>\n<p class=\"\" data-start=\"7102\" data-end=\"7330\">Skolor och universitet arbetar f\u00f6r att bevara spr\u00e5ken och f\u00f6ra vidare traditionell kunskap. Det finns ocks\u00e5 m\u00e5nga turistevenemang och kulturella initiativ d\u00e4r du kan ta del av aboriginsk konst, musik, ber\u00e4ttelser och matlagning.<\/p>\n<p class=\"\" data-start=\"7332\" data-end=\"7605\">Men kanske viktigast av allt: det p\u00e5g\u00e5r ett uppvaknande. Fler r\u00f6ster h\u00f6rs som kr\u00e4ver r\u00e4ttvisa, respekt och att det aboriginska perspektivet f\u00e5r ta plats i den nationella ber\u00e4ttelsen. F\u00f6r att hela Australien ska kunna l\u00e4ka, m\u00e5ste landet f\u00f6rst\u00e5 och erk\u00e4nna aboriginer kultur.<\/p>","protected":false},"excerpt":{"rendered":"<p>Australiens aboriginer har en kultur som \u00e4r b\u00e5de ur\u00e5ldrig och levande, fylld av ritualer, spr\u00e5k,&hellip;<\/p>","protected":false},"author":1,"featured_media":587,"comment_status":"open","ping_status":"open","sticky":false,"template":"","format":"standard","meta":{"_yoast_wpseo_focuskw":"","_yoast_wpseo_title":"","_yoast_wpseo_metadesc":"","_yoast_wpseo_meta-robots-noindex":"","_yoast_wpseo_meta-robots-nofollow":"","_yoast_wpseo_canonical":"","_yoast_wpseo_opengraph-title":"","_yoast_wpseo_opengraph-description":"","_yoast_wpseo_twitter-title":"","_yoast_wpseo_twitter-description":"","footnotes":"","rank_math_description":"","rank_math_focus_keyword":"","rank_math_title":"","rank_math_canonical_url":"","rank_math_robots":"","rank_math_facebook_title":"","rank_math_facebook_description":"","rank_math_twitter_title":"","rank_math_twitter_description":""},"categories":[2],"tags":[],"class_list":["post-586","post","type-post","status-publish","format-standard","has-post-thumbnail","hentry","category-aktuellt"],"yoast_head":"<!-- This site is optimized with the Yoast SEO plugin v27.5 - https:\/\/yoast.com\/product\/yoast-seo-wordpress\/ -->\n<title>Uppt\u00e4ck aboriginernas kultur \u2013 En fascinerande v\u00e4rld av tradition och historia - Kultur i Sverige<\/title>\n<meta name=\"robots\" content=\"index, follow, max-snippet:-1, max-image-preview:large, max-video-preview:-1\" \/>\n<link rel=\"canonical\" href=\"https:\/\/kultur.nu\/en\/aboriginer-kultur\/\" \/>\n<meta property=\"og:locale\" content=\"en_US\" \/>\n<meta property=\"og:type\" content=\"article\" \/>\n<meta property=\"og:title\" content=\"Uppt\u00e4ck aboriginernas kultur \u2013 En fascinerande v\u00e4rld av tradition och historia - Kultur i Sverige\" \/>\n<meta property=\"og:description\" content=\"Australiens aboriginer har en kultur som \u00e4r b\u00e5de ur\u00e5ldrig och levande, fylld av ritualer, spr\u00e5k,&hellip;\" \/>\n<meta property=\"og:url\" content=\"https:\/\/kultur.nu\/en\/aboriginer-kultur\/\" \/>\n<meta property=\"og:site_name\" content=\"Kultur i Sverige\" \/>\n<meta property=\"article:published_time\" content=\"2025-03-10T15:43:10+00:00\" \/>\n<meta property=\"article:modified_time\" content=\"2025-05-16T14:51:17+00:00\" \/>\n<meta property=\"og:image\" content=\"https:\/\/kultur.nu\/wp-content\/uploads\/2025\/05\/image80.webp\" \/>\n\t<meta property=\"og:image:width\" content=\"1200\" \/>\n\t<meta property=\"og:image:height\" content=\"600\" \/>\n\t<meta property=\"og:image:type\" content=\"image\/webp\" \/>\n<meta name=\"author\" content=\"Annica\" \/>\n<meta name=\"twitter:card\" content=\"summary_large_image\" \/>\n<meta name=\"twitter:label1\" content=\"Written by\" \/>\n\t<meta name=\"twitter:data1\" content=\"Annica\" \/>\n\t<meta name=\"twitter:label2\" content=\"Est. reading time\" \/>\n\t<meta name=\"twitter:data2\" content=\"7 minutes\" \/>\n<script type=\"application\/ld+json\" class=\"yoast-schema-graph\">{\"@context\":\"https:\\\/\\\/schema.org\",\"@graph\":[{\"@type\":\"Article\",\"@id\":\"https:\\\/\\\/kultur.nu\\\/aboriginer-kultur\\\/#article\",\"isPartOf\":{\"@id\":\"https:\\\/\\\/kultur.nu\\\/aboriginer-kultur\\\/\"},\"author\":{\"name\":\"Annica\",\"@id\":\"https:\\\/\\\/kultur.nu\\\/#\\\/schema\\\/person\\\/cbafe9491d5ea09a25eace8883923b2c\"},\"headline\":\"Uppt\u00e4ck aboriginernas kultur \u2013 En fascinerande v\u00e4rld av tradition och historia\",\"datePublished\":\"2025-03-10T15:43:10+00:00\",\"dateModified\":\"2025-05-16T14:51:17+00:00\",\"mainEntityOfPage\":{\"@id\":\"https:\\\/\\\/kultur.nu\\\/aboriginer-kultur\\\/\"},\"wordCount\":1321,\"commentCount\":0,\"publisher\":{\"@id\":\"https:\\\/\\\/kultur.nu\\\/#organization\"},\"image\":{\"@id\":\"https:\\\/\\\/kultur.nu\\\/aboriginer-kultur\\\/#primaryimage\"},\"thumbnailUrl\":\"https:\\\/\\\/kultur.nu\\\/wp-content\\\/uploads\\\/2025\\\/05\\\/image80.webp\",\"articleSection\":[\"Aktuellt\"],\"inLanguage\":\"en-US\",\"potentialAction\":[{\"@type\":\"CommentAction\",\"name\":\"Comment\",\"target\":[\"https:\\\/\\\/kultur.nu\\\/aboriginer-kultur\\\/#respond\"]}]},{\"@type\":\"WebPage\",\"@id\":\"https:\\\/\\\/kultur.nu\\\/aboriginer-kultur\\\/\",\"url\":\"https:\\\/\\\/kultur.nu\\\/aboriginer-kultur\\\/\",\"name\":\"Uppt\u00e4ck aboriginernas kultur \u2013 En fascinerande v\u00e4rld av tradition och historia - Kultur i Sverige\",\"isPartOf\":{\"@id\":\"https:\\\/\\\/kultur.nu\\\/#website\"},\"primaryImageOfPage\":{\"@id\":\"https:\\\/\\\/kultur.nu\\\/aboriginer-kultur\\\/#primaryimage\"},\"image\":{\"@id\":\"https:\\\/\\\/kultur.nu\\\/aboriginer-kultur\\\/#primaryimage\"},\"thumbnailUrl\":\"https:\\\/\\\/kultur.nu\\\/wp-content\\\/uploads\\\/2025\\\/05\\\/image80.webp\",\"datePublished\":\"2025-03-10T15:43:10+00:00\",\"dateModified\":\"2025-05-16T14:51:17+00:00\",\"breadcrumb\":{\"@id\":\"https:\\\/\\\/kultur.nu\\\/aboriginer-kultur\\\/#breadcrumb\"},\"inLanguage\":\"en-US\",\"potentialAction\":[{\"@type\":\"ReadAction\",\"target\":[\"https:\\\/\\\/kultur.nu\\\/aboriginer-kultur\\\/\"]}]},{\"@type\":\"ImageObject\",\"inLanguage\":\"en-US\",\"@id\":\"https:\\\/\\\/kultur.nu\\\/aboriginer-kultur\\\/#primaryimage\",\"url\":\"https:\\\/\\\/kultur.nu\\\/wp-content\\\/uploads\\\/2025\\\/05\\\/image80.webp\",\"contentUrl\":\"https:\\\/\\\/kultur.nu\\\/wp-content\\\/uploads\\\/2025\\\/05\\\/image80.webp\",\"width\":1200,\"height\":600,\"caption\":\"aboriginer kultur\"},{\"@type\":\"BreadcrumbList\",\"@id\":\"https:\\\/\\\/kultur.nu\\\/aboriginer-kultur\\\/#breadcrumb\",\"itemListElement\":[{\"@type\":\"ListItem\",\"position\":1,\"name\":\"Hem\",\"item\":\"https:\\\/\\\/kultur.nu\\\/\"},{\"@type\":\"ListItem\",\"position\":2,\"name\":\"Uppt\u00e4ck aboriginernas kultur \u2013 En fascinerande v\u00e4rld av tradition och historia\"}]},{\"@type\":\"WebSite\",\"@id\":\"https:\\\/\\\/kultur.nu\\\/#website\",\"url\":\"https:\\\/\\\/kultur.nu\\\/\",\"name\":\"Kultur i Sverige\",\"description\":\"\",\"publisher\":{\"@id\":\"https:\\\/\\\/kultur.nu\\\/#organization\"},\"potentialAction\":[{\"@type\":\"SearchAction\",\"target\":{\"@type\":\"EntryPoint\",\"urlTemplate\":\"https:\\\/\\\/kultur.nu\\\/?s={search_term_string}\"},\"query-input\":{\"@type\":\"PropertyValueSpecification\",\"valueRequired\":true,\"valueName\":\"search_term_string\"}}],\"inLanguage\":\"en-US\"},{\"@type\":\"Organization\",\"@id\":\"https:\\\/\\\/kultur.nu\\\/#organization\",\"name\":\"Kultur i Sverige\",\"url\":\"https:\\\/\\\/kultur.nu\\\/\",\"logo\":{\"@type\":\"ImageObject\",\"inLanguage\":\"en-US\",\"@id\":\"https:\\\/\\\/kultur.nu\\\/#\\\/schema\\\/logo\\\/image\\\/\",\"url\":\"https:\\\/\\\/kultur.nu\\\/wp-content\\\/uploads\\\/2025\\\/10\\\/cropped-Kultur.nu-logo.webp\",\"contentUrl\":\"https:\\\/\\\/kultur.nu\\\/wp-content\\\/uploads\\\/2025\\\/10\\\/cropped-Kultur.nu-logo.webp\",\"width\":510,\"height\":95,\"caption\":\"Kultur i Sverige\"},\"image\":{\"@id\":\"https:\\\/\\\/kultur.nu\\\/#\\\/schema\\\/logo\\\/image\\\/\"}},{\"@type\":\"Person\",\"@id\":\"https:\\\/\\\/kultur.nu\\\/#\\\/schema\\\/person\\\/cbafe9491d5ea09a25eace8883923b2c\",\"name\":\"Annica\",\"image\":{\"@type\":\"ImageObject\",\"inLanguage\":\"en-US\",\"@id\":\"https:\\\/\\\/secure.gravatar.com\\\/avatar\\\/d78c2d842df13ded689c841d90a91fd72f6cc9e7250f7066a537c14f82302546?s=96&d=mm&r=g\",\"url\":\"https:\\\/\\\/secure.gravatar.com\\\/avatar\\\/d78c2d842df13ded689c841d90a91fd72f6cc9e7250f7066a537c14f82302546?s=96&d=mm&r=g\",\"contentUrl\":\"https:\\\/\\\/secure.gravatar.com\\\/avatar\\\/d78c2d842df13ded689c841d90a91fd72f6cc9e7250f7066a537c14f82302546?s=96&d=mm&r=g\",\"caption\":\"Annica\"},\"description\":\"Annika Axelsson \u00e4r kulturskribent p\u00e5 Kultur.nu, d\u00e4r hon skriver om litteratur, film, teater, konst och samtida kulturdebatt. Hon har ett s\u00e4rskilt intresse f\u00f6r hur kultur speglar samh\u00e4llsf\u00f6r\u00e4ndringar, identitet och vardagslivet. Annika har studerat litteraturvetenskap och kulturjournalistik vid Stockholms universitet. Hon har \u00e4ven l\u00e4st konstvetenskap och medievetenskap, vilket ger henne en bred grund n\u00e4r hon analyserar b\u00e5de klassiska verk och moderna kulturuttryck. P\u00e5 Kultur.nu skriver Annika fr\u00e4mst recensioner, f\u00f6rdjupande artiklar och personliga kr\u00f6nikor. Hon bevakar nya b\u00f6cker, uppm\u00e4rksammade teaterf\u00f6rest\u00e4llningar, filmfestivaler, utst\u00e4llningar och aktuella kulturh\u00e4ndelser. Hennes texter k\u00e4nnetecknas av ett nyfiket, kunnigt och tillg\u00e4ngligt spr\u00e5k, d\u00e4r hon vill g\u00f6ra kultur l\u00e4ttare att f\u00f6rst\u00e5 utan att f\u00f6renkla den. Hon har tidigare arbetat med redaktionellt inneh\u00e5ll, intervjuer och kulturbevakning f\u00f6r b\u00e5de digitala magasin och lokala publikationer. I sitt skrivande \u00e5terkommer hon ofta till fr\u00e5gor om ber\u00e4ttande, kreativitet, klass, k\u00f6nsroller och kulturens plats i det moderna samh\u00e4llet.\",\"sameAs\":[\"https:\\\/\\\/kultur.nu\"],\"url\":\"https:\\\/\\\/kultur.nu\\\/en\\\/author\\\/annica\\\/\"}]}<\/script>\n<!-- \/ Yoast SEO plugin. -->","yoast_head_json":{"title":"Uppt\u00e4ck aboriginernas kultur \u2013 En fascinerande v\u00e4rld av tradition och historia - Kultur i Sverige","robots":{"index":"index","follow":"follow","max-snippet":"max-snippet:-1","max-image-preview":"max-image-preview:large","max-video-preview":"max-video-preview:-1"},"canonical":"https:\/\/kultur.nu\/en\/aboriginer-kultur\/","og_locale":"en_US","og_type":"article","og_title":"Uppt\u00e4ck aboriginernas kultur \u2013 En fascinerande v\u00e4rld av tradition och historia - Kultur i Sverige","og_description":"Australiens aboriginer har en kultur som \u00e4r b\u00e5de ur\u00e5ldrig och levande, fylld av ritualer, spr\u00e5k,&hellip;","og_url":"https:\/\/kultur.nu\/en\/aboriginer-kultur\/","og_site_name":"Kultur i Sverige","article_published_time":"2025-03-10T15:43:10+00:00","article_modified_time":"2025-05-16T14:51:17+00:00","og_image":[{"width":1200,"height":600,"url":"https:\/\/kultur.nu\/wp-content\/uploads\/2025\/05\/image80.webp","type":"image\/webp"}],"author":"Annica","twitter_card":"summary_large_image","twitter_misc":{"Written by":"Annica","Est. reading time":"7 minutes"},"schema":{"@context":"https:\/\/schema.org","@graph":[{"@type":"Article","@id":"https:\/\/kultur.nu\/aboriginer-kultur\/#article","isPartOf":{"@id":"https:\/\/kultur.nu\/aboriginer-kultur\/"},"author":{"name":"Annica","@id":"https:\/\/kultur.nu\/#\/schema\/person\/cbafe9491d5ea09a25eace8883923b2c"},"headline":"Uppt\u00e4ck aboriginernas kultur \u2013 En fascinerande v\u00e4rld av tradition och historia","datePublished":"2025-03-10T15:43:10+00:00","dateModified":"2025-05-16T14:51:17+00:00","mainEntityOfPage":{"@id":"https:\/\/kultur.nu\/aboriginer-kultur\/"},"wordCount":1321,"commentCount":0,"publisher":{"@id":"https:\/\/kultur.nu\/#organization"},"image":{"@id":"https:\/\/kultur.nu\/aboriginer-kultur\/#primaryimage"},"thumbnailUrl":"https:\/\/kultur.nu\/wp-content\/uploads\/2025\/05\/image80.webp","articleSection":["Aktuellt"],"inLanguage":"en-US","potentialAction":[{"@type":"CommentAction","name":"Comment","target":["https:\/\/kultur.nu\/aboriginer-kultur\/#respond"]}]},{"@type":"WebPage","@id":"https:\/\/kultur.nu\/aboriginer-kultur\/","url":"https:\/\/kultur.nu\/aboriginer-kultur\/","name":"Uppt\u00e4ck aboriginernas kultur \u2013 En fascinerande v\u00e4rld av tradition och historia - Kultur i Sverige","isPartOf":{"@id":"https:\/\/kultur.nu\/#website"},"primaryImageOfPage":{"@id":"https:\/\/kultur.nu\/aboriginer-kultur\/#primaryimage"},"image":{"@id":"https:\/\/kultur.nu\/aboriginer-kultur\/#primaryimage"},"thumbnailUrl":"https:\/\/kultur.nu\/wp-content\/uploads\/2025\/05\/image80.webp","datePublished":"2025-03-10T15:43:10+00:00","dateModified":"2025-05-16T14:51:17+00:00","breadcrumb":{"@id":"https:\/\/kultur.nu\/aboriginer-kultur\/#breadcrumb"},"inLanguage":"en-US","potentialAction":[{"@type":"ReadAction","target":["https:\/\/kultur.nu\/aboriginer-kultur\/"]}]},{"@type":"ImageObject","inLanguage":"en-US","@id":"https:\/\/kultur.nu\/aboriginer-kultur\/#primaryimage","url":"https:\/\/kultur.nu\/wp-content\/uploads\/2025\/05\/image80.webp","contentUrl":"https:\/\/kultur.nu\/wp-content\/uploads\/2025\/05\/image80.webp","width":1200,"height":600,"caption":"aboriginer kultur"},{"@type":"BreadcrumbList","@id":"https:\/\/kultur.nu\/aboriginer-kultur\/#breadcrumb","itemListElement":[{"@type":"ListItem","position":1,"name":"Hem","item":"https:\/\/kultur.nu\/"},{"@type":"ListItem","position":2,"name":"Uppt\u00e4ck aboriginernas kultur \u2013 En fascinerande v\u00e4rld av tradition och historia"}]},{"@type":"WebSite","@id":"https:\/\/kultur.nu\/#website","url":"https:\/\/kultur.nu\/","name":"Kultur i Sverige","description":"","publisher":{"@id":"https:\/\/kultur.nu\/#organization"},"potentialAction":[{"@type":"SearchAction","target":{"@type":"EntryPoint","urlTemplate":"https:\/\/kultur.nu\/?s={search_term_string}"},"query-input":{"@type":"PropertyValueSpecification","valueRequired":true,"valueName":"search_term_string"}}],"inLanguage":"en-US"},{"@type":"Organization","@id":"https:\/\/kultur.nu\/#organization","name":"Kultur i Sverige","url":"https:\/\/kultur.nu\/","logo":{"@type":"ImageObject","inLanguage":"en-US","@id":"https:\/\/kultur.nu\/#\/schema\/logo\/image\/","url":"https:\/\/kultur.nu\/wp-content\/uploads\/2025\/10\/cropped-Kultur.nu-logo.webp","contentUrl":"https:\/\/kultur.nu\/wp-content\/uploads\/2025\/10\/cropped-Kultur.nu-logo.webp","width":510,"height":95,"caption":"Kultur i Sverige"},"image":{"@id":"https:\/\/kultur.nu\/#\/schema\/logo\/image\/"}},{"@type":"Person","@id":"https:\/\/kultur.nu\/#\/schema\/person\/cbafe9491d5ea09a25eace8883923b2c","name":"Annica","image":{"@type":"ImageObject","inLanguage":"en-US","@id":"https:\/\/secure.gravatar.com\/avatar\/d78c2d842df13ded689c841d90a91fd72f6cc9e7250f7066a537c14f82302546?s=96&d=mm&r=g","url":"https:\/\/secure.gravatar.com\/avatar\/d78c2d842df13ded689c841d90a91fd72f6cc9e7250f7066a537c14f82302546?s=96&d=mm&r=g","contentUrl":"https:\/\/secure.gravatar.com\/avatar\/d78c2d842df13ded689c841d90a91fd72f6cc9e7250f7066a537c14f82302546?s=96&d=mm&r=g","caption":"Annica"},"description":"Annika Axelsson \u00e4r kulturskribent p\u00e5 Kultur.nu, d\u00e4r hon skriver om litteratur, film, teater, konst och samtida kulturdebatt. Hon har ett s\u00e4rskilt intresse f\u00f6r hur kultur speglar samh\u00e4llsf\u00f6r\u00e4ndringar, identitet och vardagslivet. Annika har studerat litteraturvetenskap och kulturjournalistik vid Stockholms universitet. Hon har \u00e4ven l\u00e4st konstvetenskap och medievetenskap, vilket ger henne en bred grund n\u00e4r hon analyserar b\u00e5de klassiska verk och moderna kulturuttryck. P\u00e5 Kultur.nu skriver Annika fr\u00e4mst recensioner, f\u00f6rdjupande artiklar och personliga kr\u00f6nikor. Hon bevakar nya b\u00f6cker, uppm\u00e4rksammade teaterf\u00f6rest\u00e4llningar, filmfestivaler, utst\u00e4llningar och aktuella kulturh\u00e4ndelser. Hennes texter k\u00e4nnetecknas av ett nyfiket, kunnigt och tillg\u00e4ngligt spr\u00e5k, d\u00e4r hon vill g\u00f6ra kultur l\u00e4ttare att f\u00f6rst\u00e5 utan att f\u00f6renkla den. Hon har tidigare arbetat med redaktionellt inneh\u00e5ll, intervjuer och kulturbevakning f\u00f6r b\u00e5de digitala magasin och lokala publikationer. I sitt skrivande \u00e5terkommer hon ofta till fr\u00e5gor om ber\u00e4ttande, kreativitet, klass, k\u00f6nsroller och kulturens plats i det moderna samh\u00e4llet.","sameAs":["https:\/\/kultur.nu"],"url":"https:\/\/kultur.nu\/en\/author\/annica\/"}]}},"_links":{"self":[{"href":"https:\/\/kultur.nu\/en\/wp-json\/wp\/v2\/posts\/586","targetHints":{"allow":["GET"]}}],"collection":[{"href":"https:\/\/kultur.nu\/en\/wp-json\/wp\/v2\/posts"}],"about":[{"href":"https:\/\/kultur.nu\/en\/wp-json\/wp\/v2\/types\/post"}],"author":[{"embeddable":true,"href":"https:\/\/kultur.nu\/en\/wp-json\/wp\/v2\/users\/1"}],"replies":[{"embeddable":true,"href":"https:\/\/kultur.nu\/en\/wp-json\/wp\/v2\/comments?post=586"}],"version-history":[{"count":2,"href":"https:\/\/kultur.nu\/en\/wp-json\/wp\/v2\/posts\/586\/revisions"}],"predecessor-version":[{"id":591,"href":"https:\/\/kultur.nu\/en\/wp-json\/wp\/v2\/posts\/586\/revisions\/591"}],"wp:featuredmedia":[{"embeddable":true,"href":"https:\/\/kultur.nu\/en\/wp-json\/wp\/v2\/media\/587"}],"wp:attachment":[{"href":"https:\/\/kultur.nu\/en\/wp-json\/wp\/v2\/media?parent=586"}],"wp:term":[{"taxonomy":"category","embeddable":true,"href":"https:\/\/kultur.nu\/en\/wp-json\/wp\/v2\/categories?post=586"},{"taxonomy":"post_tag","embeddable":true,"href":"https:\/\/kultur.nu\/en\/wp-json\/wp\/v2\/tags?post=586"}],"curies":[{"name":"wp","href":"https:\/\/api.w.org\/{rel}","templated":true}]}}