{"id":628,"date":"2025-08-19T09:34:13","date_gmt":"2025-08-19T07:34:13","guid":{"rendered":"https:\/\/kultur.nu\/?p=628"},"modified":"2025-08-19T10:05:32","modified_gmt":"2025-08-19T08:05:32","slug":"popularkultur","status":"publish","type":"post","link":"https:\/\/kultur.nu\/en\/popularkultur\/","title":{"rendered":"Popul\u00e4rkultur \u2013 v\u00e5r tids spegel och gemensamma spr\u00e5k"},"content":{"rendered":"<p><strong>Popul\u00e4rkultur<\/strong> \u00e4r mer \u00e4n bara underh\u00e5llning. Det \u00e4r i m\u00e5ngt och mycket v\u00e5rt vardagliga <a href=\"https:\/\/kultur.nu\/en\/kulturarv\/\">kulturarv<\/a> som f\u00f6r\u00e4ndras i takt med tiden. Den samlar tonkonst, filmer, serier, spel, mode och sport under samma tak och blir d\u00e4rmed ett uttryck f\u00f6r vilka vi \u00e4r och vad vi engageras av i nuet. Till skillnad fr\u00e5n finkultur, som ofta uppfattas som mer exklusiv och akademiskt betonad, har popul\u00e4rkulturen sin styrka i att vara tillg\u00e4nglig f\u00f6r alla \u2013 och i att snabbt kunna spridas \u00f6ver hela v\u00e4rlden.<\/p>\n<p>Popul\u00e4rkultur fungerar d\u00e4rf\u00f6r som en spegel av samh\u00e4llet. Den visar v\u00e5ra dr\u00f6mmar, v\u00e5ra intressen och v\u00e5ra konflikter. Samtidigt \u00e4r den ett spr\u00e5k som f\u00f6r m\u00e4nniskor samman, oavsett bakgrund.<\/p>\n<h3>Hur den tar uttryck i film, serier och digitala v\u00e4rldar<\/h3>\n<p>Popul\u00e4rkulturens styrka syns tydligt i filmv\u00e4rlden och tv-serier. Superhj\u00e4ltefilmer fr\u00e5n Marvel eller DC fyller biografer v\u00e4rlden \u00f6ver och skapar enorma fanskaror. Netflix och andra streamingtj\u00e4nster har \u00f6ppnat d\u00f6rren f\u00f6r serier som <em>Stranger Things<\/em>, <em>Squid Game<\/em> och <em>Bridgerton<\/em>, d\u00e4r allt fr\u00e5n kl\u00e4dstil till repliker blir popul\u00e4ra uttryck i v\u00e5r vardag.<\/p>\n<p><img loading=\"lazy\" decoding=\"async\" class=\"alignnone wp-image-648 size-full\" src=\"https:\/\/kultur.nu\/wp-content\/uploads\/2025\/08\/Film-serier-och-digitala-varldar.webp\" alt=\"Film, serier och digitala v\u00e4rldar\" width=\"800\" height=\"507\" srcset=\"https:\/\/kultur.nu\/wp-content\/uploads\/2025\/08\/Film-serier-och-digitala-varldar.webp 800w, https:\/\/kultur.nu\/wp-content\/uploads\/2025\/08\/Film-serier-och-digitala-varldar-300x190.webp 300w, https:\/\/kultur.nu\/wp-content\/uploads\/2025\/08\/Film-serier-och-digitala-varldar-768x487.webp 768w\" sizes=\"auto, (max-width: 800px) 100vw, 800px\" \/><\/p>\n<p>\u00c4ven spelv\u00e4rlden \u00e4r idag en av de st\u00f6rsta arenorna f\u00f6r popul\u00e4rkultur. Miljoner m\u00e4nniskor f\u00f6ljer e-sportmatcher, bygger communities online och tar del av digitala v\u00e4rldar som blir lika viktiga som det verkliga livet. H\u00e4r ryms ocks\u00e5 fenomen som onlinecasinon, d\u00e4r samh\u00e4llsregleringar p\u00e5verkar trender och spelvanor.<\/p>\n<p>Diskussionen om svenska spelbegr\u00e4nsningar har exempelvis lett till att m\u00e5nga v\u00e4nder sig till alternativ som <a href=\"https:\/\/www.casino-utan-svensk-licens.net\/\">casino utan Spelpaus<\/a>, vilket visar hur popul\u00e4rkultur kan kopplas till b\u00e5de samh\u00e4llsfr\u00e5gor och n\u00f6jestrender.<\/p>\n<h3>Exempel p\u00e5 musik som f\u00f6renar och formar generationer<\/h3>\n<p>Melodier \u00e4r kanske den starkaste symbolen f\u00f6r popul\u00e4rkultur. Det handlar inte bara om topplistorna, utan ocks\u00e5 om hur musikaliska verk p\u00e5verkar v\u00e5rt spr\u00e5k, v\u00e5r stil och v\u00e5rt s\u00e4tt att vara. Artister som Beyonc\u00e9, Ed Sheeran och svenska namn som H\u00e5kan Hellstr\u00f6m eller Veronica Maggio har blivit r\u00f6stb\u00e4rare f\u00f6r generationer.<\/p>\n<p>Konserter, festivaler och virala klipp skapar gemensamma upplevelser. N\u00e4r en l\u00e5t sprids globalt genom TikTok-danser eller Instagram-reels kan den p\u00e5 bara n\u00e5gra dagar bli en del av allas vardag \u2013 och d\u00e4rmed ocks\u00e5 en del av v\u00e5r gemensamma kulturform.<\/p>\n<h3>Sport kan ocks\u00e5 anses vara en global kulturh\u00e4ndelse<\/h3>\n<p>Sport \u00e4r inte bara idrott \u2013 det \u00e4r ocks\u00e5 kulturliv. Fotbolls-VM, OS eller Champions League skapar \u00f6gonblick som engagerar m\u00e4nniskor p\u00e5 alla kontinenter. Dessa evenemang \u00e4r inte bara t\u00e4vlingar, utan ocks\u00e5 symboler f\u00f6r samh\u00f6righet, nationell stolthet och ibland \u00e4ven politiska budskap.<\/p>\n<p>Stj\u00e4rnor som Lionel Messi, Serena Williams eller Zlatan Ibrahimovi\u0107 blir inte bara idrottare, utan ocks\u00e5 kulturikoner. Deras stil, uttalanden och prestationer inspirerar miljoner m\u00e4nniskor och l\u00e4mnar avtryck l\u00e5ngt utanf\u00f6r sportens v\u00e4rld.<\/p>\n<h3>Mode, trender och sociala medier formar v\u00e5r kulturella identitet<\/h3>\n<p><img loading=\"lazy\" decoding=\"async\" class=\"alignnone wp-image-647 size-full\" src=\"https:\/\/kultur.nu\/wp-content\/uploads\/2025\/08\/Mode-trender-och-sociala-medier.webp\" alt=\"Mode, trender och sociala medier\" width=\"800\" height=\"513\" srcset=\"https:\/\/kultur.nu\/wp-content\/uploads\/2025\/08\/Mode-trender-och-sociala-medier.webp 800w, https:\/\/kultur.nu\/wp-content\/uploads\/2025\/08\/Mode-trender-och-sociala-medier-300x192.webp 300w, https:\/\/kultur.nu\/wp-content\/uploads\/2025\/08\/Mode-trender-och-sociala-medier-768x492.webp 768w\" sizes=\"auto, (max-width: 800px) 100vw, 800px\" \/><\/p>\n<p>\u00c4ven mode \u00e4r en central del. Fr\u00e5n jeansens int\u00e5g p\u00e5 50-talet till dagens streetwear och second hand-kultur visar kl\u00e4der hur tidens ideal och identitet speglas.<\/p>\n<p>I dag har sociala medieplattformar en avg\u00f6rande roll. Plattformar som Instagram, TikTok och YouTube g\u00f6r det m\u00f6jligt f\u00f6r vem som helst att bli en trendb\u00e4rare. Influencers har ersatt m\u00e5nga traditionella alternativ som kulturf\u00f6rmedlare och kan p\u00e5 kort tid skapa internationella trender.<\/p>\n<h3>Varf\u00f6r popul\u00e4rkultur betyder mer \u00e4n vi tror<\/h3>\n<p>Det \u00e4r l\u00e4tt att avf\u00e4rda popul\u00e4rkultur som \u201dbara underh\u00e5llning\u201d, men den har djupare betydelse. Genom filmer, l\u00e5tar eller trender f\u00e5r vi gemensamma referenser som st\u00e4rker v\u00e5r sociala gemenskap. Det \u00e4r inte ovanligt att en filmreplik, ett viralt klipp eller en popul\u00e4r s\u00e5ng blir n\u00e5got som alla kan k\u00e4nna igen sig i \u2013 och d\u00e4rmed ocks\u00e5 en del av v\u00e5r identitet.<\/p>\n<p>Popul\u00e4rkultur kan ocks\u00e5 fungera som ett verktyg f\u00f6r att lyfta viktiga fr\u00e5gor. Musikaliska verk kan handla om social r\u00e4ttvisa, filmer kan problematisera samh\u00e4llsstrukturer och influencers kan inspirera till h\u00e5llbara livsstilar. P\u00e5 s\u00e5 s\u00e4tt blir popul\u00e4rkulturen inte bara en spegel av samh\u00e4llet, utan ocks\u00e5 en motor f\u00f6r f\u00f6r\u00e4ndring.<\/p>\n<p>Slutligen handlar det om det vardagliga br\u00e4nslet i v\u00e5rt gemensamma arv. Den f\u00f6renar, underh\u00e5ller och utmanar oss, samtidigt som den ger oss ett gemensamt spr\u00e5k. Genom toner, filmer, sport, mode och digitala trender skapas en uppfostran som \u00e4r b\u00e5de lokal och global, snabbf\u00f6r\u00e4nderlig men \u00e4nd\u00e5 st\u00e4ndigt n\u00e4rvarande.<\/p>\n<p>Att f\u00f6rst\u00e5 popul\u00e4rkultur \u00e4r d\u00e4rf\u00f6r att f\u00f6rst\u00e5 v\u00e5r samtid. Den ber\u00e4ttar vilka vi \u00e4r just nu \u2013 och kanske ocks\u00e5 vart vi \u00e4r p\u00e5 v\u00e4g.<\/p>\n<h3>Vanliga fr\u00e5gor<\/h3>\n<p><strong>Vad betyder popkultur?<\/strong><\/p>\n<p>Popkultur betyder samma sak som popul\u00e4rkultur, det \u00e4r bara ett annat namn. Popul\u00e4rkultur \u00e4r den del som \u00e4r mest spridd, uppskattad och l\u00e4ttillg\u00e4nglig f\u00f6r en bred publik. Den speglar v\u00e5r samtid och visar vad m\u00e4nniskor engagerar sig i just nu.<\/p>\n<p><strong>Vilka fyra k\u00e4nnetecken definierar popul\u00e4rkultur?<\/strong><\/p>\n<p>De k\u00e4nnetecken som ofta lyfts fram \u00e4r tillg\u00e4nglighet, masspridning, underh\u00e5llningsfokus och f\u00f6r\u00e4nderlighet. Popul\u00e4rkultur \u00e4r enkel att ta del av, sprids snabbt genom sociala n\u00e4tverk och internet, fokuserar p\u00e5 att engagera och roa samt f\u00f6r\u00e4ndras i takt med att nya trender v\u00e4xer fram.<\/p>\n<p><strong>Vilka exempel finns p\u00e5 popul\u00e4rkultur i vardagen?<\/strong><\/p>\n<p>Exempel kan vara popul\u00e4ra Netflix-serier, virala TikTok-trender, stora sportevenemang som VM eller OS, samt modetrender som sprids via influencers. Dessa element blir snabbt en del av m\u00e4nniskors gemensamma referenser och samtal.<\/p>\n<p><strong>Hur skiljer sig popul\u00e4rkultur fr\u00e5n finkultur?<\/strong><\/p>\n<p>Finkultur f\u00f6rknippas ofta med exempelvis teater, medan popul\u00e4rkultur \u00e4r mer l\u00e4ttillg\u00e4nglig och vardagsn\u00e4ra. Popul\u00e4rkulturen \u00e4r i st\u00e4ndig f\u00f6r\u00e4ndring och speglar samtidens trender, medan finkultur ofta betraktas som tidl\u00f6s och traditionsbunden.<\/p>\n<p><strong>Varf\u00f6r \u00e4r popul\u00e4rkultur viktig f\u00f6r samh\u00e4llet?<\/strong><\/p>\n<p>Eftersom den skapar gemensamma upplevelser och referenser som binder m\u00e4nniskor samman. Den kan ocks\u00e5 fungera som en kanal f\u00f6r samh\u00e4llsdebatt och p\u00e5verkansarbete, genom att belysa fr\u00e5gor om exempelvis h\u00e5llbarhet, politik eller social r\u00e4ttvisa p\u00e5 ett s\u00e4tt som n\u00e5r ut till en bred publik.<\/p>","protected":false},"excerpt":{"rendered":"<p>Popul\u00e4rkultur \u00e4r mer \u00e4n bara underh\u00e5llning. Det \u00e4r i m\u00e5ngt och mycket v\u00e5rt vardagliga kulturarv&hellip;<\/p>","protected":false},"author":1,"featured_media":629,"comment_status":"open","ping_status":"open","sticky":false,"template":"","format":"standard","meta":{"_yoast_wpseo_focuskw":"","_yoast_wpseo_title":"","_yoast_wpseo_metadesc":"","_yoast_wpseo_meta-robots-noindex":"","_yoast_wpseo_meta-robots-nofollow":"","_yoast_wpseo_canonical":"","_yoast_wpseo_opengraph-title":"","_yoast_wpseo_opengraph-description":"","_yoast_wpseo_twitter-title":"","_yoast_wpseo_twitter-description":"","footnotes":"","rank_math_description":"","rank_math_focus_keyword":"","rank_math_title":"","rank_math_canonical_url":"","rank_math_robots":"","rank_math_facebook_title":"","rank_math_facebook_description":"","rank_math_twitter_title":"","rank_math_twitter_description":""},"categories":[2],"tags":[],"class_list":["post-628","post","type-post","status-publish","format-standard","has-post-thumbnail","hentry","category-aktuellt"],"yoast_head":"<!-- This site is optimized with the Yoast SEO plugin v27.5 - https:\/\/yoast.com\/product\/yoast-seo-wordpress\/ -->\n<title>Popul\u00e4rkultur \u2013 v\u00e5r tids spegel och gemensamma spr\u00e5k - Kultur i Sverige<\/title>\n<meta name=\"robots\" content=\"index, follow, max-snippet:-1, max-image-preview:large, max-video-preview:-1\" \/>\n<link rel=\"canonical\" href=\"https:\/\/kultur.nu\/en\/popularkultur\/\" \/>\n<meta property=\"og:locale\" content=\"en_US\" \/>\n<meta property=\"og:type\" content=\"article\" \/>\n<meta property=\"og:title\" content=\"Popul\u00e4rkultur \u2013 v\u00e5r tids spegel och gemensamma spr\u00e5k - Kultur i Sverige\" \/>\n<meta property=\"og:description\" content=\"Popul\u00e4rkultur \u00e4r mer \u00e4n bara underh\u00e5llning. Det \u00e4r i m\u00e5ngt och mycket v\u00e5rt vardagliga kulturarv&hellip;\" \/>\n<meta property=\"og:url\" content=\"https:\/\/kultur.nu\/en\/popularkultur\/\" \/>\n<meta property=\"og:site_name\" content=\"Kultur i Sverige\" \/>\n<meta property=\"article:published_time\" content=\"2025-08-19T07:34:13+00:00\" \/>\n<meta property=\"article:modified_time\" content=\"2025-08-19T08:05:32+00:00\" \/>\n<meta property=\"og:image\" content=\"https:\/\/kultur.nu\/wp-content\/uploads\/2025\/08\/Popularkultur-\u2013-var-tids-spegel-och-gemensamma-sprak.webp\" \/>\n\t<meta property=\"og:image:width\" content=\"800\" \/>\n\t<meta property=\"og:image:height\" content=\"513\" \/>\n\t<meta property=\"og:image:type\" content=\"image\/webp\" \/>\n<meta name=\"author\" content=\"Annica\" \/>\n<meta name=\"twitter:card\" content=\"summary_large_image\" \/>\n<meta name=\"twitter:label1\" content=\"Written by\" \/>\n\t<meta name=\"twitter:data1\" content=\"Annica\" \/>\n\t<meta name=\"twitter:label2\" content=\"Est. reading time\" \/>\n\t<meta name=\"twitter:data2\" content=\"5 minutes\" \/>\n<script type=\"application\/ld+json\" class=\"yoast-schema-graph\">{\"@context\":\"https:\\\/\\\/schema.org\",\"@graph\":[{\"@type\":\"Article\",\"@id\":\"https:\\\/\\\/kultur.nu\\\/popularkultur\\\/#article\",\"isPartOf\":{\"@id\":\"https:\\\/\\\/kultur.nu\\\/popularkultur\\\/\"},\"author\":{\"name\":\"Annica\",\"@id\":\"https:\\\/\\\/kultur.nu\\\/#\\\/schema\\\/person\\\/cbafe9491d5ea09a25eace8883923b2c\"},\"headline\":\"Popul\u00e4rkultur \u2013 v\u00e5r tids spegel och gemensamma spr\u00e5k\",\"datePublished\":\"2025-08-19T07:34:13+00:00\",\"dateModified\":\"2025-08-19T08:05:32+00:00\",\"mainEntityOfPage\":{\"@id\":\"https:\\\/\\\/kultur.nu\\\/popularkultur\\\/\"},\"wordCount\":1091,\"commentCount\":0,\"publisher\":{\"@id\":\"https:\\\/\\\/kultur.nu\\\/#organization\"},\"image\":{\"@id\":\"https:\\\/\\\/kultur.nu\\\/popularkultur\\\/#primaryimage\"},\"thumbnailUrl\":\"https:\\\/\\\/kultur.nu\\\/wp-content\\\/uploads\\\/2025\\\/08\\\/Popularkultur-\u2013-var-tids-spegel-och-gemensamma-sprak.webp\",\"articleSection\":[\"Aktuellt\"],\"inLanguage\":\"en-US\",\"potentialAction\":[{\"@type\":\"CommentAction\",\"name\":\"Comment\",\"target\":[\"https:\\\/\\\/kultur.nu\\\/popularkultur\\\/#respond\"]}]},{\"@type\":\"WebPage\",\"@id\":\"https:\\\/\\\/kultur.nu\\\/popularkultur\\\/\",\"url\":\"https:\\\/\\\/kultur.nu\\\/popularkultur\\\/\",\"name\":\"Popul\u00e4rkultur \u2013 v\u00e5r tids spegel och gemensamma spr\u00e5k - Kultur i Sverige\",\"isPartOf\":{\"@id\":\"https:\\\/\\\/kultur.nu\\\/#website\"},\"primaryImageOfPage\":{\"@id\":\"https:\\\/\\\/kultur.nu\\\/popularkultur\\\/#primaryimage\"},\"image\":{\"@id\":\"https:\\\/\\\/kultur.nu\\\/popularkultur\\\/#primaryimage\"},\"thumbnailUrl\":\"https:\\\/\\\/kultur.nu\\\/wp-content\\\/uploads\\\/2025\\\/08\\\/Popularkultur-\u2013-var-tids-spegel-och-gemensamma-sprak.webp\",\"datePublished\":\"2025-08-19T07:34:13+00:00\",\"dateModified\":\"2025-08-19T08:05:32+00:00\",\"breadcrumb\":{\"@id\":\"https:\\\/\\\/kultur.nu\\\/popularkultur\\\/#breadcrumb\"},\"inLanguage\":\"en-US\",\"potentialAction\":[{\"@type\":\"ReadAction\",\"target\":[\"https:\\\/\\\/kultur.nu\\\/popularkultur\\\/\"]}]},{\"@type\":\"ImageObject\",\"inLanguage\":\"en-US\",\"@id\":\"https:\\\/\\\/kultur.nu\\\/popularkultur\\\/#primaryimage\",\"url\":\"https:\\\/\\\/kultur.nu\\\/wp-content\\\/uploads\\\/2025\\\/08\\\/Popularkultur-\u2013-var-tids-spegel-och-gemensamma-sprak.webp\",\"contentUrl\":\"https:\\\/\\\/kultur.nu\\\/wp-content\\\/uploads\\\/2025\\\/08\\\/Popularkultur-\u2013-var-tids-spegel-och-gemensamma-sprak.webp\",\"width\":800,\"height\":513,\"caption\":\"Popul\u00e4rkultur \u2013 v\u00e5r tids spegel och gemensamma spr\u00e5k\"},{\"@type\":\"BreadcrumbList\",\"@id\":\"https:\\\/\\\/kultur.nu\\\/popularkultur\\\/#breadcrumb\",\"itemListElement\":[{\"@type\":\"ListItem\",\"position\":1,\"name\":\"Hem\",\"item\":\"https:\\\/\\\/kultur.nu\\\/\"},{\"@type\":\"ListItem\",\"position\":2,\"name\":\"Popul\u00e4rkultur \u2013 v\u00e5r tids spegel och gemensamma spr\u00e5k\"}]},{\"@type\":\"WebSite\",\"@id\":\"https:\\\/\\\/kultur.nu\\\/#website\",\"url\":\"https:\\\/\\\/kultur.nu\\\/\",\"name\":\"Kultur i Sverige\",\"description\":\"\",\"publisher\":{\"@id\":\"https:\\\/\\\/kultur.nu\\\/#organization\"},\"potentialAction\":[{\"@type\":\"SearchAction\",\"target\":{\"@type\":\"EntryPoint\",\"urlTemplate\":\"https:\\\/\\\/kultur.nu\\\/?s={search_term_string}\"},\"query-input\":{\"@type\":\"PropertyValueSpecification\",\"valueRequired\":true,\"valueName\":\"search_term_string\"}}],\"inLanguage\":\"en-US\"},{\"@type\":\"Organization\",\"@id\":\"https:\\\/\\\/kultur.nu\\\/#organization\",\"name\":\"Kultur i Sverige\",\"url\":\"https:\\\/\\\/kultur.nu\\\/\",\"logo\":{\"@type\":\"ImageObject\",\"inLanguage\":\"en-US\",\"@id\":\"https:\\\/\\\/kultur.nu\\\/#\\\/schema\\\/logo\\\/image\\\/\",\"url\":\"https:\\\/\\\/kultur.nu\\\/wp-content\\\/uploads\\\/2025\\\/10\\\/cropped-Kultur.nu-logo.webp\",\"contentUrl\":\"https:\\\/\\\/kultur.nu\\\/wp-content\\\/uploads\\\/2025\\\/10\\\/cropped-Kultur.nu-logo.webp\",\"width\":510,\"height\":95,\"caption\":\"Kultur i Sverige\"},\"image\":{\"@id\":\"https:\\\/\\\/kultur.nu\\\/#\\\/schema\\\/logo\\\/image\\\/\"}},{\"@type\":\"Person\",\"@id\":\"https:\\\/\\\/kultur.nu\\\/#\\\/schema\\\/person\\\/cbafe9491d5ea09a25eace8883923b2c\",\"name\":\"Annica\",\"image\":{\"@type\":\"ImageObject\",\"inLanguage\":\"en-US\",\"@id\":\"https:\\\/\\\/secure.gravatar.com\\\/avatar\\\/d78c2d842df13ded689c841d90a91fd72f6cc9e7250f7066a537c14f82302546?s=96&d=mm&r=g\",\"url\":\"https:\\\/\\\/secure.gravatar.com\\\/avatar\\\/d78c2d842df13ded689c841d90a91fd72f6cc9e7250f7066a537c14f82302546?s=96&d=mm&r=g\",\"contentUrl\":\"https:\\\/\\\/secure.gravatar.com\\\/avatar\\\/d78c2d842df13ded689c841d90a91fd72f6cc9e7250f7066a537c14f82302546?s=96&d=mm&r=g\",\"caption\":\"Annica\"},\"description\":\"Annika Axelsson \u00e4r kulturskribent p\u00e5 Kultur.nu, d\u00e4r hon skriver om litteratur, film, teater, konst och samtida kulturdebatt. Hon har ett s\u00e4rskilt intresse f\u00f6r hur kultur speglar samh\u00e4llsf\u00f6r\u00e4ndringar, identitet och vardagslivet. Annika har studerat litteraturvetenskap och kulturjournalistik vid Stockholms universitet. Hon har \u00e4ven l\u00e4st konstvetenskap och medievetenskap, vilket ger henne en bred grund n\u00e4r hon analyserar b\u00e5de klassiska verk och moderna kulturuttryck. P\u00e5 Kultur.nu skriver Annika fr\u00e4mst recensioner, f\u00f6rdjupande artiklar och personliga kr\u00f6nikor. Hon bevakar nya b\u00f6cker, uppm\u00e4rksammade teaterf\u00f6rest\u00e4llningar, filmfestivaler, utst\u00e4llningar och aktuella kulturh\u00e4ndelser. Hennes texter k\u00e4nnetecknas av ett nyfiket, kunnigt och tillg\u00e4ngligt spr\u00e5k, d\u00e4r hon vill g\u00f6ra kultur l\u00e4ttare att f\u00f6rst\u00e5 utan att f\u00f6renkla den. Hon har tidigare arbetat med redaktionellt inneh\u00e5ll, intervjuer och kulturbevakning f\u00f6r b\u00e5de digitala magasin och lokala publikationer. I sitt skrivande \u00e5terkommer hon ofta till fr\u00e5gor om ber\u00e4ttande, kreativitet, klass, k\u00f6nsroller och kulturens plats i det moderna samh\u00e4llet.\",\"sameAs\":[\"https:\\\/\\\/kultur.nu\"],\"url\":\"https:\\\/\\\/kultur.nu\\\/en\\\/author\\\/annica\\\/\"}]}<\/script>\n<!-- \/ Yoast SEO plugin. -->","yoast_head_json":{"title":"Popul\u00e4rkultur \u2013 v\u00e5r tids spegel och gemensamma spr\u00e5k - Kultur i Sverige","robots":{"index":"index","follow":"follow","max-snippet":"max-snippet:-1","max-image-preview":"max-image-preview:large","max-video-preview":"max-video-preview:-1"},"canonical":"https:\/\/kultur.nu\/en\/popularkultur\/","og_locale":"en_US","og_type":"article","og_title":"Popul\u00e4rkultur \u2013 v\u00e5r tids spegel och gemensamma spr\u00e5k - Kultur i Sverige","og_description":"Popul\u00e4rkultur \u00e4r mer \u00e4n bara underh\u00e5llning. Det \u00e4r i m\u00e5ngt och mycket v\u00e5rt vardagliga kulturarv&hellip;","og_url":"https:\/\/kultur.nu\/en\/popularkultur\/","og_site_name":"Kultur i Sverige","article_published_time":"2025-08-19T07:34:13+00:00","article_modified_time":"2025-08-19T08:05:32+00:00","og_image":[{"width":800,"height":513,"url":"https:\/\/kultur.nu\/wp-content\/uploads\/2025\/08\/Popularkultur-\u2013-var-tids-spegel-och-gemensamma-sprak.webp","type":"image\/webp"}],"author":"Annica","twitter_card":"summary_large_image","twitter_misc":{"Written by":"Annica","Est. reading time":"5 minutes"},"schema":{"@context":"https:\/\/schema.org","@graph":[{"@type":"Article","@id":"https:\/\/kultur.nu\/popularkultur\/#article","isPartOf":{"@id":"https:\/\/kultur.nu\/popularkultur\/"},"author":{"name":"Annica","@id":"https:\/\/kultur.nu\/#\/schema\/person\/cbafe9491d5ea09a25eace8883923b2c"},"headline":"Popul\u00e4rkultur \u2013 v\u00e5r tids spegel och gemensamma spr\u00e5k","datePublished":"2025-08-19T07:34:13+00:00","dateModified":"2025-08-19T08:05:32+00:00","mainEntityOfPage":{"@id":"https:\/\/kultur.nu\/popularkultur\/"},"wordCount":1091,"commentCount":0,"publisher":{"@id":"https:\/\/kultur.nu\/#organization"},"image":{"@id":"https:\/\/kultur.nu\/popularkultur\/#primaryimage"},"thumbnailUrl":"https:\/\/kultur.nu\/wp-content\/uploads\/2025\/08\/Popularkultur-\u2013-var-tids-spegel-och-gemensamma-sprak.webp","articleSection":["Aktuellt"],"inLanguage":"en-US","potentialAction":[{"@type":"CommentAction","name":"Comment","target":["https:\/\/kultur.nu\/popularkultur\/#respond"]}]},{"@type":"WebPage","@id":"https:\/\/kultur.nu\/popularkultur\/","url":"https:\/\/kultur.nu\/popularkultur\/","name":"Popul\u00e4rkultur \u2013 v\u00e5r tids spegel och gemensamma spr\u00e5k - Kultur i Sverige","isPartOf":{"@id":"https:\/\/kultur.nu\/#website"},"primaryImageOfPage":{"@id":"https:\/\/kultur.nu\/popularkultur\/#primaryimage"},"image":{"@id":"https:\/\/kultur.nu\/popularkultur\/#primaryimage"},"thumbnailUrl":"https:\/\/kultur.nu\/wp-content\/uploads\/2025\/08\/Popularkultur-\u2013-var-tids-spegel-och-gemensamma-sprak.webp","datePublished":"2025-08-19T07:34:13+00:00","dateModified":"2025-08-19T08:05:32+00:00","breadcrumb":{"@id":"https:\/\/kultur.nu\/popularkultur\/#breadcrumb"},"inLanguage":"en-US","potentialAction":[{"@type":"ReadAction","target":["https:\/\/kultur.nu\/popularkultur\/"]}]},{"@type":"ImageObject","inLanguage":"en-US","@id":"https:\/\/kultur.nu\/popularkultur\/#primaryimage","url":"https:\/\/kultur.nu\/wp-content\/uploads\/2025\/08\/Popularkultur-\u2013-var-tids-spegel-och-gemensamma-sprak.webp","contentUrl":"https:\/\/kultur.nu\/wp-content\/uploads\/2025\/08\/Popularkultur-\u2013-var-tids-spegel-och-gemensamma-sprak.webp","width":800,"height":513,"caption":"Popul\u00e4rkultur \u2013 v\u00e5r tids spegel och gemensamma spr\u00e5k"},{"@type":"BreadcrumbList","@id":"https:\/\/kultur.nu\/popularkultur\/#breadcrumb","itemListElement":[{"@type":"ListItem","position":1,"name":"Hem","item":"https:\/\/kultur.nu\/"},{"@type":"ListItem","position":2,"name":"Popul\u00e4rkultur \u2013 v\u00e5r tids spegel och gemensamma spr\u00e5k"}]},{"@type":"WebSite","@id":"https:\/\/kultur.nu\/#website","url":"https:\/\/kultur.nu\/","name":"Kultur i Sverige","description":"","publisher":{"@id":"https:\/\/kultur.nu\/#organization"},"potentialAction":[{"@type":"SearchAction","target":{"@type":"EntryPoint","urlTemplate":"https:\/\/kultur.nu\/?s={search_term_string}"},"query-input":{"@type":"PropertyValueSpecification","valueRequired":true,"valueName":"search_term_string"}}],"inLanguage":"en-US"},{"@type":"Organization","@id":"https:\/\/kultur.nu\/#organization","name":"Kultur i Sverige","url":"https:\/\/kultur.nu\/","logo":{"@type":"ImageObject","inLanguage":"en-US","@id":"https:\/\/kultur.nu\/#\/schema\/logo\/image\/","url":"https:\/\/kultur.nu\/wp-content\/uploads\/2025\/10\/cropped-Kultur.nu-logo.webp","contentUrl":"https:\/\/kultur.nu\/wp-content\/uploads\/2025\/10\/cropped-Kultur.nu-logo.webp","width":510,"height":95,"caption":"Kultur i Sverige"},"image":{"@id":"https:\/\/kultur.nu\/#\/schema\/logo\/image\/"}},{"@type":"Person","@id":"https:\/\/kultur.nu\/#\/schema\/person\/cbafe9491d5ea09a25eace8883923b2c","name":"Annica","image":{"@type":"ImageObject","inLanguage":"en-US","@id":"https:\/\/secure.gravatar.com\/avatar\/d78c2d842df13ded689c841d90a91fd72f6cc9e7250f7066a537c14f82302546?s=96&d=mm&r=g","url":"https:\/\/secure.gravatar.com\/avatar\/d78c2d842df13ded689c841d90a91fd72f6cc9e7250f7066a537c14f82302546?s=96&d=mm&r=g","contentUrl":"https:\/\/secure.gravatar.com\/avatar\/d78c2d842df13ded689c841d90a91fd72f6cc9e7250f7066a537c14f82302546?s=96&d=mm&r=g","caption":"Annica"},"description":"Annika Axelsson \u00e4r kulturskribent p\u00e5 Kultur.nu, d\u00e4r hon skriver om litteratur, film, teater, konst och samtida kulturdebatt. Hon har ett s\u00e4rskilt intresse f\u00f6r hur kultur speglar samh\u00e4llsf\u00f6r\u00e4ndringar, identitet och vardagslivet. Annika har studerat litteraturvetenskap och kulturjournalistik vid Stockholms universitet. Hon har \u00e4ven l\u00e4st konstvetenskap och medievetenskap, vilket ger henne en bred grund n\u00e4r hon analyserar b\u00e5de klassiska verk och moderna kulturuttryck. P\u00e5 Kultur.nu skriver Annika fr\u00e4mst recensioner, f\u00f6rdjupande artiklar och personliga kr\u00f6nikor. Hon bevakar nya b\u00f6cker, uppm\u00e4rksammade teaterf\u00f6rest\u00e4llningar, filmfestivaler, utst\u00e4llningar och aktuella kulturh\u00e4ndelser. Hennes texter k\u00e4nnetecknas av ett nyfiket, kunnigt och tillg\u00e4ngligt spr\u00e5k, d\u00e4r hon vill g\u00f6ra kultur l\u00e4ttare att f\u00f6rst\u00e5 utan att f\u00f6renkla den. Hon har tidigare arbetat med redaktionellt inneh\u00e5ll, intervjuer och kulturbevakning f\u00f6r b\u00e5de digitala magasin och lokala publikationer. I sitt skrivande \u00e5terkommer hon ofta till fr\u00e5gor om ber\u00e4ttande, kreativitet, klass, k\u00f6nsroller och kulturens plats i det moderna samh\u00e4llet.","sameAs":["https:\/\/kultur.nu"],"url":"https:\/\/kultur.nu\/en\/author\/annica\/"}]}},"_links":{"self":[{"href":"https:\/\/kultur.nu\/en\/wp-json\/wp\/v2\/posts\/628","targetHints":{"allow":["GET"]}}],"collection":[{"href":"https:\/\/kultur.nu\/en\/wp-json\/wp\/v2\/posts"}],"about":[{"href":"https:\/\/kultur.nu\/en\/wp-json\/wp\/v2\/types\/post"}],"author":[{"embeddable":true,"href":"https:\/\/kultur.nu\/en\/wp-json\/wp\/v2\/users\/1"}],"replies":[{"embeddable":true,"href":"https:\/\/kultur.nu\/en\/wp-json\/wp\/v2\/comments?post=628"}],"version-history":[{"count":23,"href":"https:\/\/kultur.nu\/en\/wp-json\/wp\/v2\/posts\/628\/revisions"}],"predecessor-version":[{"id":654,"href":"https:\/\/kultur.nu\/en\/wp-json\/wp\/v2\/posts\/628\/revisions\/654"}],"wp:featuredmedia":[{"embeddable":true,"href":"https:\/\/kultur.nu\/en\/wp-json\/wp\/v2\/media\/629"}],"wp:attachment":[{"href":"https:\/\/kultur.nu\/en\/wp-json\/wp\/v2\/media?parent=628"}],"wp:term":[{"taxonomy":"category","embeddable":true,"href":"https:\/\/kultur.nu\/en\/wp-json\/wp\/v2\/categories?post=628"},{"taxonomy":"post_tag","embeddable":true,"href":"https:\/\/kultur.nu\/en\/wp-json\/wp\/v2\/tags?post=628"}],"curies":[{"name":"wp","href":"https:\/\/api.w.org\/{rel}","templated":true}]}}