{"id":656,"date":"2025-07-10T11:54:17","date_gmt":"2025-07-10T09:54:17","guid":{"rendered":"https:\/\/kultur.nu\/?p=656"},"modified":"2025-08-25T12:02:54","modified_gmt":"2025-08-25T10:02:54","slug":"kvinnliga-regissorer","status":"publish","type":"post","link":"https:\/\/kultur.nu\/en\/kvinnliga-regissorer\/","title":{"rendered":"Kvinnliga regiss\u00f6rer som f\u00f6r\u00e4ndrat filmhistorien"},"content":{"rendered":"<p>Filmv\u00e4rlden har l\u00e4nge dominerats av m\u00e4n, men kvinnliga regiss\u00f6rer har g\u00e5ng p\u00e5 g\u00e5ng visat sin styrka, kreativitet och f\u00f6rm\u00e5ga att skapa of\u00f6rgl\u00f6mliga filmer. Fr\u00e5n de tidiga pionj\u00e4rerna i b\u00f6rjan av 1900-talet till dagens internationella storregiss\u00f6rer har kvinnor brutit barri\u00e4rer och format filmhistorien p\u00e5 avg\u00f6rande s\u00e4tt. H\u00e4r f\u00e5r du l\u00e4sa om de mest betydelsefulla namnen, utvecklingen i Sverige och internationella framg\u00e5ngar som satt kvinnliga filmskapare p\u00e5 kartan.<\/p>\n<h2>Pionj\u00e4rerna som banade v\u00e4g<\/h2>\n<p>N\u00e4r filmen slog igenom i Sverige i b\u00f6rjan av 1900-talet var det f\u00e5 kvinnor som fick chansen att regissera, men n\u00e5gra gjorde historiska avtryck. En av de f\u00f6rsta var <strong>Anna Hofman-Uddgren<\/strong>, som redan 1911 regisserade sex filmer, d\u00e4ribland <em>Systrarna<\/em> och filmatiseringar av Strindbergs <em>Fadren<\/em> och <em>Fr\u00f6ken Julie<\/em>. Hon blev Sveriges f\u00f6rsta kvinnliga filmregiss\u00f6r och \u00f6ppnade d\u00f6rren f\u00f6r kommande generationer.<\/p>\n<p>Under 1920-talet gjorde <strong>Karin Swanstr\u00f6m<\/strong> fyra filmer, bland annat <em>Flickan i frack<\/em>, och var en central figur i Svensk Filmindustris framv\u00e4xt. \u00c4ven <strong>Pauline Brunius<\/strong> bidrog starkt under samma period med sex stumfilmer och blev senare chef f\u00f6r Dramaten. Trots dessa framg\u00e5ngar minskade kvinnors inflytande kraftigt n\u00e4r ljudfilmen introducerades p\u00e5 1930-talet, och n\u00e4stan alla st\u00f6rre filmprojekt gick till m\u00e4n under flera decennier.<\/p>\n<figure id=\"attachment_658\" aria-describedby=\"caption-attachment-658\" style=\"width: 783px\" class=\"wp-caption alignnone\"><img loading=\"lazy\" decoding=\"async\" class=\"size-full wp-image-658\" src=\"https:\/\/kultur.nu\/wp-content\/uploads\/2025\/08\/image52.webp\" alt=\"Anna Hofman-Uddgren\" width=\"783\" height=\"542\" srcset=\"https:\/\/kultur.nu\/wp-content\/uploads\/2025\/08\/image52.webp 783w, https:\/\/kultur.nu\/wp-content\/uploads\/2025\/08\/image52-300x208.webp 300w, https:\/\/kultur.nu\/wp-content\/uploads\/2025\/08\/image52-768x532.webp 768w\" sizes=\"auto, (max-width: 783px) 100vw, 783px\" \/><figcaption id=\"caption-attachment-658\" class=\"wp-caption-text\">Anna Hofman-Uddgren<\/figcaption><\/figure>\n<h2>Svensk film och kampen f\u00f6r j\u00e4mst\u00e4lldhet<\/h2>\n<p>Sverige har haft flera betydelsefulla kvinnliga regiss\u00f6rer, men representationen har l\u00e4nge varit oj\u00e4mn. Under 1960-talet gjorde <strong>Mai Zetterling<\/strong> en uppm\u00e4rksammad debut med <em>\u00c4lskande par<\/em> och etablerade sig som en av landets mest inflytelserika filmskapare. Hon f\u00f6ljde upp med filmer som <em>Nattlek<\/em> och <em>Flickorna<\/em>, vilka ofta v\u00e4ckte debatt p\u00e5 grund av sina starka feministiska teman.<\/p>\n<p>Under 1970- och 80-talen b\u00f6rjade fler kvinnor ta plats, s\u00e4rskilt inom dokument\u00e4rfilm. Namn som <strong>Christina Olofson<\/strong>, <strong>Suzanne Osten<\/strong> och <strong>Gunnel Lindblom<\/strong> blev centrala f\u00f6r utvecklingen av en mer inkluderande svensk filmkultur. Suzanne Osten, k\u00e4nd f\u00f6r sin teaterbakgrund, har regisserat filmer som <em>Br\u00f6derna Mozart<\/em> och <em>Mamma<\/em>, och hon har hyllats f\u00f6r sitt s\u00e4tt att kombinera konstn\u00e4rliga uttryck med samh\u00e4llsfr\u00e5gor.<\/p>\n<p>I b\u00f6rjan av 2000-talet inf\u00f6rdes nya m\u00e5l f\u00f6r j\u00e4mst\u00e4lldhet inom <a href=\"https:\/\/kultur.nu\/en\/film\/\">svensk film<\/a>, d\u00e4r <strong>Svenska Filminstitutet<\/strong> satte upp riktlinjer om att minst 40 procent av filmst\u00f6det skulle g\u00e5 till kvinnor. Trots det visade rapporter att l\u00e5ngt fler filmer fortfarande regisserades av m\u00e4n, vilket ledde till fortsatta diskussioner om representation och r\u00e4ttvisa i branschen.<\/p>\n<h2>Internationella framg\u00e5ngar och historiska vinster<\/h2>\n<p>Internationellt har kvinnliga regiss\u00f6rer k\u00e4mpat mot samma hinder, men flera har lyckats skapa banbrytande verk som f\u00f6r\u00e4ndrat filmv\u00e4rlden. En av de mest betydelsefulla \u00e4r <strong>Kathryn Bigelow<\/strong>, som 2010 blev den f\u00f6rsta kvinnan n\u00e5gonsin att vinna en Oscar f\u00f6r b\u00e4sta regi med krigsfilmen <em>The Hurt Locker<\/em>.<\/p>\n<h3>Tre historiska Oscarsvinster<\/h3>\n<ul>\n<li><strong>Kathryn Bigelow<\/strong> \u2013 <em>The Hurt Locker<\/em> (2010)<\/li>\n<li><strong>Chlo\u00e9 Zhao<\/strong> \u2013 <em>Nomadland<\/em> (2021)<\/li>\n<li><strong>Jane Campion<\/strong> \u2013 <em>The Power of the Dog<\/em> (2022)<\/li>\n<\/ul>\n<p>Trots att Oscarsgalan h\u00e5llits sedan 1927 har endast sju kvinnor nominerats f\u00f6r b\u00e4sta regi. Bland dem finns ocks\u00e5 <strong>Sofia Coppola<\/strong>, som med <em>Lost in Translation<\/em> blev den f\u00f6rsta amerikanska kvinnan att nomineras f\u00f6r b\u00e4sta regi, samt <strong>Greta Gerwig<\/strong>, som hyllats f\u00f6r filmer som <em>Lady Bird<\/em> och <em>Little Women<\/em>.<\/p>\n<figure id=\"attachment_659\" aria-describedby=\"caption-attachment-659\" style=\"width: 1200px\" class=\"wp-caption alignnone\"><img loading=\"lazy\" decoding=\"async\" class=\"size-full wp-image-659\" src=\"https:\/\/kultur.nu\/wp-content\/uploads\/2025\/08\/image53.webp\" alt=\"Kathryn Bigelow\" width=\"1200\" height=\"800\" srcset=\"https:\/\/kultur.nu\/wp-content\/uploads\/2025\/08\/image53.webp 1200w, https:\/\/kultur.nu\/wp-content\/uploads\/2025\/08\/image53-300x200.webp 300w, https:\/\/kultur.nu\/wp-content\/uploads\/2025\/08\/image53-1024x683.webp 1024w, https:\/\/kultur.nu\/wp-content\/uploads\/2025\/08\/image53-768x512.webp 768w\" sizes=\"auto, (max-width: 1200px) 100vw, 1200px\" \/><figcaption id=\"caption-attachment-659\" class=\"wp-caption-text\">Kathryn Bigelow<\/figcaption><\/figure>\n<h2>Ikoniska kvinnliga regiss\u00f6rer i modern tid<\/h2>\n<p>Flera regiss\u00f6rer har under de senaste decennierna visat att kvinnliga filmskapare kan kombinera konstn\u00e4rlig kvalitet med stora publiksucc\u00e9er. H\u00e4r \u00e4r n\u00e5gra exempel p\u00e5 starka r\u00f6ster inom dagens filmv\u00e4rld:<\/p>\n<ul>\n<li><strong>Sofia Coppola<\/strong> \u2013 Skaparen bakom <em>Virgin Suicides<\/em> och <em>Lost in Translation<\/em>, k\u00e4nd f\u00f6r sin k\u00e4nsla f\u00f6r st\u00e4mningar och ber\u00e4ttelser om utanf\u00f6rskap.<\/li>\n<li><strong>Susanne Bier<\/strong> \u2013 Den danska regiss\u00f6ren som vann en Oscar f\u00f6r <em>H\u00e4mnden<\/em> och som skapat starka dramer som <em>Efter br\u00f6llopet<\/em> och <em>Br\u00f6der<\/em>.<\/li>\n<li><strong>Greta Gerwig<\/strong> \u2013 En av de mest inflytelserika regiss\u00f6rerna just nu, som skapat stor succ\u00e9 med <em>Barbie<\/em>, trots att hon kontroversiellt blev f\u00f6rbisedd vid Oscarsnomineringarna.<\/li>\n<li><strong>Ava DuVernay<\/strong> \u2013 K\u00e4nd f\u00f6r filmer som <em>Selma<\/em> och dokument\u00e4ren <em>13th<\/em>, d\u00e4r hon lyfter fram fr\u00e5gor om rasism och social r\u00e4ttvisa.<\/li>\n<\/ul>\n<h2>Svensk nutid: nya namn p\u00e5 v\u00e4g upp<\/h2>\n<p>Den svenska filmbranschen har under de senaste \u00e5ren sett en ny v\u00e5g av kvinnliga regiss\u00f6rer som g\u00f6r avtryck. <strong>Lisa Langseth<\/strong> har hyllats f\u00f6r filmer som <em>Till det som \u00e4r vackert<\/em> och <em>Hotell<\/em>, d\u00e4r hon skildrar existentiella fr\u00e5gor med unik ber\u00e4ttarstil. <strong>Gabriela Pichler<\/strong> fick ett genombrott med <em>\u00c4ta sova d\u00f6<\/em> och har etablerat sig som en av landets mest intressanta r\u00f6ster.<\/p>\n<p>Under samma period har <strong>Pernilla August<\/strong> imponerat med Guldbaggebel\u00f6nade <em>Svinal\u00e4ngorna<\/em>, medan <strong>Lisa Siwe<\/strong> blev uppm\u00e4rksammad f\u00f6r ungdomsdramat <em>I taket lyser stj\u00e4rnorna<\/em>. Dessa filmskapare visar hur bredden och variationen inom svensk film har st\u00e4rkts.<\/p>\n<h2>Kvinnliga regiss\u00f6rers roll i framtidens film<\/h2>\n<p>Framtiden f\u00f6r kvinnliga regiss\u00f6rer ser ljusare ut \u00e4n n\u00e5gonsin, \u00e4ven om utmaningar kvarst\u00e5r. Streamingplattformar som Netflix, HBO och Viaplay har \u00f6ppnat d\u00f6rrar f\u00f6r fler produktioner d\u00e4r kvinnor tar ledande roller b\u00e5de framf\u00f6r och bakom kameran. Samtidigt \u00f6kar kraven p\u00e5 j\u00e4mst\u00e4lldhet, och flera <a href=\"https:\/\/kultur.nu\/en\/film\/filmfestivaler\/\">filmfestivaler<\/a> runt om i v\u00e4rlden premierar aktivt kvinnliga filmskapare.<\/p>\n<h2>Utvecklingen i Sverige<\/h2>\n<h3>Nya initiativ f\u00f6r j\u00e4mst\u00e4lldhet<\/h3>\n<p>Svenska Filminstitutet arbetar kontinuerligt med att st\u00e4rka representationen och har satt upp m\u00e5l f\u00f6r att fler kvinnor ska f\u00e5 finansiering och st\u00f6rre produktionsst\u00f6d.<\/p>\n<h3>Festivaler som lyfter kvinnliga filmskapare<\/h3>\n<p>Stockholms filmfestival delar \u00e5rligen ut ett stipendium p\u00e5 fem miljoner kronor till kvinnliga filmskapare, vilket har bidragit till att fler debutanter f\u00e5r m\u00f6jlighet att f\u00f6rverkliga sina id\u00e9er.<\/p>\n<h2>Fr\u00e5n osynligg\u00f6rande till erk\u00e4nnande<\/h2>\n<p>Trots historiska hinder ser vi idag en tydlig f\u00f6r\u00e4ndring. Fr\u00e5n de tidiga pionj\u00e4rerna som Anna Hofman-Uddgren till moderna storregiss\u00f6rer som Kathryn Bigelow och Greta Gerwig har kvinnliga regiss\u00f6rer g\u00e5ng p\u00e5 g\u00e5ng bevisat sin f\u00f6rm\u00e5ga att forma filmhistorien och framtidens ber\u00e4ttelser. Det \u00e4r tydligt att filmv\u00e4rlden bara kommer att v\u00e4xa i m\u00e5ngfald och styrka i takt med att fler kvinnliga regiss\u00f6rer f\u00e5r den plats de f\u00f6rtj\u00e4nar.<\/p>","protected":false},"excerpt":{"rendered":"<p>Filmv\u00e4rlden har l\u00e4nge dominerats av m\u00e4n, men kvinnliga regiss\u00f6rer har g\u00e5ng p\u00e5 g\u00e5ng visat sin&hellip;<\/p>","protected":false},"author":1,"featured_media":657,"comment_status":"open","ping_status":"open","sticky":false,"template":"","format":"standard","meta":{"_yoast_wpseo_focuskw":"","_yoast_wpseo_title":"","_yoast_wpseo_metadesc":"","_yoast_wpseo_meta-robots-noindex":"","_yoast_wpseo_meta-robots-nofollow":"","_yoast_wpseo_canonical":"","_yoast_wpseo_opengraph-title":"","_yoast_wpseo_opengraph-description":"","_yoast_wpseo_twitter-title":"","_yoast_wpseo_twitter-description":"","footnotes":"","rank_math_description":"","rank_math_focus_keyword":"","rank_math_title":"","rank_math_canonical_url":"","rank_math_robots":"","rank_math_facebook_title":"","rank_math_facebook_description":"","rank_math_twitter_title":"","rank_math_twitter_description":""},"categories":[2],"tags":[],"class_list":["post-656","post","type-post","status-publish","format-standard","has-post-thumbnail","hentry","category-aktuellt"],"yoast_head":"<!-- This site is optimized with the Yoast SEO plugin v27.5 - https:\/\/yoast.com\/product\/yoast-seo-wordpress\/ -->\n<title>Kvinnliga regiss\u00f6rer som f\u00f6r\u00e4ndrat filmhistorien - Kultur i Sverige<\/title>\n<meta name=\"robots\" content=\"index, follow, max-snippet:-1, max-image-preview:large, max-video-preview:-1\" \/>\n<link rel=\"canonical\" href=\"https:\/\/kultur.nu\/en\/kvinnliga-regissorer\/\" \/>\n<meta property=\"og:locale\" content=\"en_US\" \/>\n<meta property=\"og:type\" content=\"article\" \/>\n<meta property=\"og:title\" content=\"Kvinnliga regiss\u00f6rer som f\u00f6r\u00e4ndrat filmhistorien - Kultur i Sverige\" \/>\n<meta property=\"og:description\" content=\"Filmv\u00e4rlden har l\u00e4nge dominerats av m\u00e4n, men kvinnliga regiss\u00f6rer har g\u00e5ng p\u00e5 g\u00e5ng visat sin&hellip;\" \/>\n<meta property=\"og:url\" content=\"https:\/\/kultur.nu\/en\/kvinnliga-regissorer\/\" \/>\n<meta property=\"og:site_name\" content=\"Kultur i Sverige\" \/>\n<meta property=\"article:published_time\" content=\"2025-07-10T09:54:17+00:00\" \/>\n<meta property=\"article:modified_time\" content=\"2025-08-25T10:02:54+00:00\" \/>\n<meta property=\"og:image\" content=\"https:\/\/kultur.nu\/wp-content\/uploads\/2025\/08\/image49.webp\" \/>\n\t<meta property=\"og:image:width\" content=\"1200\" \/>\n\t<meta property=\"og:image:height\" content=\"801\" \/>\n\t<meta property=\"og:image:type\" content=\"image\/webp\" \/>\n<meta name=\"author\" content=\"Annica\" \/>\n<meta name=\"twitter:card\" content=\"summary_large_image\" \/>\n<meta name=\"twitter:label1\" content=\"Written by\" \/>\n\t<meta name=\"twitter:data1\" content=\"Annica\" \/>\n\t<meta name=\"twitter:label2\" content=\"Est. reading time\" \/>\n\t<meta name=\"twitter:data2\" content=\"5 minutes\" \/>\n<script type=\"application\/ld+json\" class=\"yoast-schema-graph\">{\"@context\":\"https:\\\/\\\/schema.org\",\"@graph\":[{\"@type\":\"Article\",\"@id\":\"https:\\\/\\\/kultur.nu\\\/kvinnliga-regissorer\\\/#article\",\"isPartOf\":{\"@id\":\"https:\\\/\\\/kultur.nu\\\/kvinnliga-regissorer\\\/\"},\"author\":{\"name\":\"Annica\",\"@id\":\"https:\\\/\\\/kultur.nu\\\/#\\\/schema\\\/person\\\/cbafe9491d5ea09a25eace8883923b2c\"},\"headline\":\"Kvinnliga regiss\u00f6rer som f\u00f6r\u00e4ndrat filmhistorien\",\"datePublished\":\"2025-07-10T09:54:17+00:00\",\"dateModified\":\"2025-08-25T10:02:54+00:00\",\"mainEntityOfPage\":{\"@id\":\"https:\\\/\\\/kultur.nu\\\/kvinnliga-regissorer\\\/\"},\"wordCount\":1084,\"commentCount\":0,\"publisher\":{\"@id\":\"https:\\\/\\\/kultur.nu\\\/#organization\"},\"image\":{\"@id\":\"https:\\\/\\\/kultur.nu\\\/kvinnliga-regissorer\\\/#primaryimage\"},\"thumbnailUrl\":\"https:\\\/\\\/kultur.nu\\\/wp-content\\\/uploads\\\/2025\\\/08\\\/image49.webp\",\"articleSection\":[\"Aktuellt\"],\"inLanguage\":\"en-US\",\"potentialAction\":[{\"@type\":\"CommentAction\",\"name\":\"Comment\",\"target\":[\"https:\\\/\\\/kultur.nu\\\/kvinnliga-regissorer\\\/#respond\"]}]},{\"@type\":\"WebPage\",\"@id\":\"https:\\\/\\\/kultur.nu\\\/kvinnliga-regissorer\\\/\",\"url\":\"https:\\\/\\\/kultur.nu\\\/kvinnliga-regissorer\\\/\",\"name\":\"Kvinnliga regiss\u00f6rer som f\u00f6r\u00e4ndrat filmhistorien - Kultur i Sverige\",\"isPartOf\":{\"@id\":\"https:\\\/\\\/kultur.nu\\\/#website\"},\"primaryImageOfPage\":{\"@id\":\"https:\\\/\\\/kultur.nu\\\/kvinnliga-regissorer\\\/#primaryimage\"},\"image\":{\"@id\":\"https:\\\/\\\/kultur.nu\\\/kvinnliga-regissorer\\\/#primaryimage\"},\"thumbnailUrl\":\"https:\\\/\\\/kultur.nu\\\/wp-content\\\/uploads\\\/2025\\\/08\\\/image49.webp\",\"datePublished\":\"2025-07-10T09:54:17+00:00\",\"dateModified\":\"2025-08-25T10:02:54+00:00\",\"breadcrumb\":{\"@id\":\"https:\\\/\\\/kultur.nu\\\/kvinnliga-regissorer\\\/#breadcrumb\"},\"inLanguage\":\"en-US\",\"potentialAction\":[{\"@type\":\"ReadAction\",\"target\":[\"https:\\\/\\\/kultur.nu\\\/kvinnliga-regissorer\\\/\"]}]},{\"@type\":\"ImageObject\",\"inLanguage\":\"en-US\",\"@id\":\"https:\\\/\\\/kultur.nu\\\/kvinnliga-regissorer\\\/#primaryimage\",\"url\":\"https:\\\/\\\/kultur.nu\\\/wp-content\\\/uploads\\\/2025\\\/08\\\/image49.webp\",\"contentUrl\":\"https:\\\/\\\/kultur.nu\\\/wp-content\\\/uploads\\\/2025\\\/08\\\/image49.webp\",\"width\":1200,\"height\":801,\"caption\":\"kvinnliga regiss\u00f6rer\"},{\"@type\":\"BreadcrumbList\",\"@id\":\"https:\\\/\\\/kultur.nu\\\/kvinnliga-regissorer\\\/#breadcrumb\",\"itemListElement\":[{\"@type\":\"ListItem\",\"position\":1,\"name\":\"Hem\",\"item\":\"https:\\\/\\\/kultur.nu\\\/\"},{\"@type\":\"ListItem\",\"position\":2,\"name\":\"Kvinnliga regiss\u00f6rer som f\u00f6r\u00e4ndrat filmhistorien\"}]},{\"@type\":\"WebSite\",\"@id\":\"https:\\\/\\\/kultur.nu\\\/#website\",\"url\":\"https:\\\/\\\/kultur.nu\\\/\",\"name\":\"Kultur i Sverige\",\"description\":\"\",\"publisher\":{\"@id\":\"https:\\\/\\\/kultur.nu\\\/#organization\"},\"potentialAction\":[{\"@type\":\"SearchAction\",\"target\":{\"@type\":\"EntryPoint\",\"urlTemplate\":\"https:\\\/\\\/kultur.nu\\\/?s={search_term_string}\"},\"query-input\":{\"@type\":\"PropertyValueSpecification\",\"valueRequired\":true,\"valueName\":\"search_term_string\"}}],\"inLanguage\":\"en-US\"},{\"@type\":\"Organization\",\"@id\":\"https:\\\/\\\/kultur.nu\\\/#organization\",\"name\":\"Kultur i Sverige\",\"url\":\"https:\\\/\\\/kultur.nu\\\/\",\"logo\":{\"@type\":\"ImageObject\",\"inLanguage\":\"en-US\",\"@id\":\"https:\\\/\\\/kultur.nu\\\/#\\\/schema\\\/logo\\\/image\\\/\",\"url\":\"https:\\\/\\\/kultur.nu\\\/wp-content\\\/uploads\\\/2025\\\/10\\\/cropped-Kultur.nu-logo.webp\",\"contentUrl\":\"https:\\\/\\\/kultur.nu\\\/wp-content\\\/uploads\\\/2025\\\/10\\\/cropped-Kultur.nu-logo.webp\",\"width\":510,\"height\":95,\"caption\":\"Kultur i Sverige\"},\"image\":{\"@id\":\"https:\\\/\\\/kultur.nu\\\/#\\\/schema\\\/logo\\\/image\\\/\"}},{\"@type\":\"Person\",\"@id\":\"https:\\\/\\\/kultur.nu\\\/#\\\/schema\\\/person\\\/cbafe9491d5ea09a25eace8883923b2c\",\"name\":\"Annica\",\"image\":{\"@type\":\"ImageObject\",\"inLanguage\":\"en-US\",\"@id\":\"https:\\\/\\\/secure.gravatar.com\\\/avatar\\\/d78c2d842df13ded689c841d90a91fd72f6cc9e7250f7066a537c14f82302546?s=96&d=mm&r=g\",\"url\":\"https:\\\/\\\/secure.gravatar.com\\\/avatar\\\/d78c2d842df13ded689c841d90a91fd72f6cc9e7250f7066a537c14f82302546?s=96&d=mm&r=g\",\"contentUrl\":\"https:\\\/\\\/secure.gravatar.com\\\/avatar\\\/d78c2d842df13ded689c841d90a91fd72f6cc9e7250f7066a537c14f82302546?s=96&d=mm&r=g\",\"caption\":\"Annica\"},\"description\":\"Annika Axelsson \u00e4r kulturskribent p\u00e5 Kultur.nu, d\u00e4r hon skriver om litteratur, film, teater, konst och samtida kulturdebatt. Hon har ett s\u00e4rskilt intresse f\u00f6r hur kultur speglar samh\u00e4llsf\u00f6r\u00e4ndringar, identitet och vardagslivet. Annika har studerat litteraturvetenskap och kulturjournalistik vid Stockholms universitet. Hon har \u00e4ven l\u00e4st konstvetenskap och medievetenskap, vilket ger henne en bred grund n\u00e4r hon analyserar b\u00e5de klassiska verk och moderna kulturuttryck. P\u00e5 Kultur.nu skriver Annika fr\u00e4mst recensioner, f\u00f6rdjupande artiklar och personliga kr\u00f6nikor. Hon bevakar nya b\u00f6cker, uppm\u00e4rksammade teaterf\u00f6rest\u00e4llningar, filmfestivaler, utst\u00e4llningar och aktuella kulturh\u00e4ndelser. Hennes texter k\u00e4nnetecknas av ett nyfiket, kunnigt och tillg\u00e4ngligt spr\u00e5k, d\u00e4r hon vill g\u00f6ra kultur l\u00e4ttare att f\u00f6rst\u00e5 utan att f\u00f6renkla den. Hon har tidigare arbetat med redaktionellt inneh\u00e5ll, intervjuer och kulturbevakning f\u00f6r b\u00e5de digitala magasin och lokala publikationer. I sitt skrivande \u00e5terkommer hon ofta till fr\u00e5gor om ber\u00e4ttande, kreativitet, klass, k\u00f6nsroller och kulturens plats i det moderna samh\u00e4llet.\",\"sameAs\":[\"https:\\\/\\\/kultur.nu\"],\"url\":\"https:\\\/\\\/kultur.nu\\\/en\\\/author\\\/annica\\\/\"}]}<\/script>\n<!-- \/ Yoast SEO plugin. -->","yoast_head_json":{"title":"Kvinnliga regiss\u00f6rer som f\u00f6r\u00e4ndrat filmhistorien - Kultur i Sverige","robots":{"index":"index","follow":"follow","max-snippet":"max-snippet:-1","max-image-preview":"max-image-preview:large","max-video-preview":"max-video-preview:-1"},"canonical":"https:\/\/kultur.nu\/en\/kvinnliga-regissorer\/","og_locale":"en_US","og_type":"article","og_title":"Kvinnliga regiss\u00f6rer som f\u00f6r\u00e4ndrat filmhistorien - Kultur i Sverige","og_description":"Filmv\u00e4rlden har l\u00e4nge dominerats av m\u00e4n, men kvinnliga regiss\u00f6rer har g\u00e5ng p\u00e5 g\u00e5ng visat sin&hellip;","og_url":"https:\/\/kultur.nu\/en\/kvinnliga-regissorer\/","og_site_name":"Kultur i Sverige","article_published_time":"2025-07-10T09:54:17+00:00","article_modified_time":"2025-08-25T10:02:54+00:00","og_image":[{"width":1200,"height":801,"url":"https:\/\/kultur.nu\/wp-content\/uploads\/2025\/08\/image49.webp","type":"image\/webp"}],"author":"Annica","twitter_card":"summary_large_image","twitter_misc":{"Written by":"Annica","Est. reading time":"5 minutes"},"schema":{"@context":"https:\/\/schema.org","@graph":[{"@type":"Article","@id":"https:\/\/kultur.nu\/kvinnliga-regissorer\/#article","isPartOf":{"@id":"https:\/\/kultur.nu\/kvinnliga-regissorer\/"},"author":{"name":"Annica","@id":"https:\/\/kultur.nu\/#\/schema\/person\/cbafe9491d5ea09a25eace8883923b2c"},"headline":"Kvinnliga regiss\u00f6rer som f\u00f6r\u00e4ndrat filmhistorien","datePublished":"2025-07-10T09:54:17+00:00","dateModified":"2025-08-25T10:02:54+00:00","mainEntityOfPage":{"@id":"https:\/\/kultur.nu\/kvinnliga-regissorer\/"},"wordCount":1084,"commentCount":0,"publisher":{"@id":"https:\/\/kultur.nu\/#organization"},"image":{"@id":"https:\/\/kultur.nu\/kvinnliga-regissorer\/#primaryimage"},"thumbnailUrl":"https:\/\/kultur.nu\/wp-content\/uploads\/2025\/08\/image49.webp","articleSection":["Aktuellt"],"inLanguage":"en-US","potentialAction":[{"@type":"CommentAction","name":"Comment","target":["https:\/\/kultur.nu\/kvinnliga-regissorer\/#respond"]}]},{"@type":"WebPage","@id":"https:\/\/kultur.nu\/kvinnliga-regissorer\/","url":"https:\/\/kultur.nu\/kvinnliga-regissorer\/","name":"Kvinnliga regiss\u00f6rer som f\u00f6r\u00e4ndrat filmhistorien - Kultur i Sverige","isPartOf":{"@id":"https:\/\/kultur.nu\/#website"},"primaryImageOfPage":{"@id":"https:\/\/kultur.nu\/kvinnliga-regissorer\/#primaryimage"},"image":{"@id":"https:\/\/kultur.nu\/kvinnliga-regissorer\/#primaryimage"},"thumbnailUrl":"https:\/\/kultur.nu\/wp-content\/uploads\/2025\/08\/image49.webp","datePublished":"2025-07-10T09:54:17+00:00","dateModified":"2025-08-25T10:02:54+00:00","breadcrumb":{"@id":"https:\/\/kultur.nu\/kvinnliga-regissorer\/#breadcrumb"},"inLanguage":"en-US","potentialAction":[{"@type":"ReadAction","target":["https:\/\/kultur.nu\/kvinnliga-regissorer\/"]}]},{"@type":"ImageObject","inLanguage":"en-US","@id":"https:\/\/kultur.nu\/kvinnliga-regissorer\/#primaryimage","url":"https:\/\/kultur.nu\/wp-content\/uploads\/2025\/08\/image49.webp","contentUrl":"https:\/\/kultur.nu\/wp-content\/uploads\/2025\/08\/image49.webp","width":1200,"height":801,"caption":"kvinnliga regiss\u00f6rer"},{"@type":"BreadcrumbList","@id":"https:\/\/kultur.nu\/kvinnliga-regissorer\/#breadcrumb","itemListElement":[{"@type":"ListItem","position":1,"name":"Hem","item":"https:\/\/kultur.nu\/"},{"@type":"ListItem","position":2,"name":"Kvinnliga regiss\u00f6rer som f\u00f6r\u00e4ndrat filmhistorien"}]},{"@type":"WebSite","@id":"https:\/\/kultur.nu\/#website","url":"https:\/\/kultur.nu\/","name":"Kultur i Sverige","description":"","publisher":{"@id":"https:\/\/kultur.nu\/#organization"},"potentialAction":[{"@type":"SearchAction","target":{"@type":"EntryPoint","urlTemplate":"https:\/\/kultur.nu\/?s={search_term_string}"},"query-input":{"@type":"PropertyValueSpecification","valueRequired":true,"valueName":"search_term_string"}}],"inLanguage":"en-US"},{"@type":"Organization","@id":"https:\/\/kultur.nu\/#organization","name":"Kultur i Sverige","url":"https:\/\/kultur.nu\/","logo":{"@type":"ImageObject","inLanguage":"en-US","@id":"https:\/\/kultur.nu\/#\/schema\/logo\/image\/","url":"https:\/\/kultur.nu\/wp-content\/uploads\/2025\/10\/cropped-Kultur.nu-logo.webp","contentUrl":"https:\/\/kultur.nu\/wp-content\/uploads\/2025\/10\/cropped-Kultur.nu-logo.webp","width":510,"height":95,"caption":"Kultur i Sverige"},"image":{"@id":"https:\/\/kultur.nu\/#\/schema\/logo\/image\/"}},{"@type":"Person","@id":"https:\/\/kultur.nu\/#\/schema\/person\/cbafe9491d5ea09a25eace8883923b2c","name":"Annica","image":{"@type":"ImageObject","inLanguage":"en-US","@id":"https:\/\/secure.gravatar.com\/avatar\/d78c2d842df13ded689c841d90a91fd72f6cc9e7250f7066a537c14f82302546?s=96&d=mm&r=g","url":"https:\/\/secure.gravatar.com\/avatar\/d78c2d842df13ded689c841d90a91fd72f6cc9e7250f7066a537c14f82302546?s=96&d=mm&r=g","contentUrl":"https:\/\/secure.gravatar.com\/avatar\/d78c2d842df13ded689c841d90a91fd72f6cc9e7250f7066a537c14f82302546?s=96&d=mm&r=g","caption":"Annica"},"description":"Annika Axelsson \u00e4r kulturskribent p\u00e5 Kultur.nu, d\u00e4r hon skriver om litteratur, film, teater, konst och samtida kulturdebatt. Hon har ett s\u00e4rskilt intresse f\u00f6r hur kultur speglar samh\u00e4llsf\u00f6r\u00e4ndringar, identitet och vardagslivet. Annika har studerat litteraturvetenskap och kulturjournalistik vid Stockholms universitet. Hon har \u00e4ven l\u00e4st konstvetenskap och medievetenskap, vilket ger henne en bred grund n\u00e4r hon analyserar b\u00e5de klassiska verk och moderna kulturuttryck. P\u00e5 Kultur.nu skriver Annika fr\u00e4mst recensioner, f\u00f6rdjupande artiklar och personliga kr\u00f6nikor. Hon bevakar nya b\u00f6cker, uppm\u00e4rksammade teaterf\u00f6rest\u00e4llningar, filmfestivaler, utst\u00e4llningar och aktuella kulturh\u00e4ndelser. Hennes texter k\u00e4nnetecknas av ett nyfiket, kunnigt och tillg\u00e4ngligt spr\u00e5k, d\u00e4r hon vill g\u00f6ra kultur l\u00e4ttare att f\u00f6rst\u00e5 utan att f\u00f6renkla den. Hon har tidigare arbetat med redaktionellt inneh\u00e5ll, intervjuer och kulturbevakning f\u00f6r b\u00e5de digitala magasin och lokala publikationer. I sitt skrivande \u00e5terkommer hon ofta till fr\u00e5gor om ber\u00e4ttande, kreativitet, klass, k\u00f6nsroller och kulturens plats i det moderna samh\u00e4llet.","sameAs":["https:\/\/kultur.nu"],"url":"https:\/\/kultur.nu\/en\/author\/annica\/"}]}},"_links":{"self":[{"href":"https:\/\/kultur.nu\/en\/wp-json\/wp\/v2\/posts\/656","targetHints":{"allow":["GET"]}}],"collection":[{"href":"https:\/\/kultur.nu\/en\/wp-json\/wp\/v2\/posts"}],"about":[{"href":"https:\/\/kultur.nu\/en\/wp-json\/wp\/v2\/types\/post"}],"author":[{"embeddable":true,"href":"https:\/\/kultur.nu\/en\/wp-json\/wp\/v2\/users\/1"}],"replies":[{"embeddable":true,"href":"https:\/\/kultur.nu\/en\/wp-json\/wp\/v2\/comments?post=656"}],"version-history":[{"count":2,"href":"https:\/\/kultur.nu\/en\/wp-json\/wp\/v2\/posts\/656\/revisions"}],"predecessor-version":[{"id":661,"href":"https:\/\/kultur.nu\/en\/wp-json\/wp\/v2\/posts\/656\/revisions\/661"}],"wp:featuredmedia":[{"embeddable":true,"href":"https:\/\/kultur.nu\/en\/wp-json\/wp\/v2\/media\/657"}],"wp:attachment":[{"href":"https:\/\/kultur.nu\/en\/wp-json\/wp\/v2\/media?parent=656"}],"wp:term":[{"taxonomy":"category","embeddable":true,"href":"https:\/\/kultur.nu\/en\/wp-json\/wp\/v2\/categories?post=656"},{"taxonomy":"post_tag","embeddable":true,"href":"https:\/\/kultur.nu\/en\/wp-json\/wp\/v2\/tags?post=656"}],"curies":[{"name":"wp","href":"https:\/\/api.w.org\/{rel}","templated":true}]}}