{"id":662,"date":"2025-08-10T12:03:53","date_gmt":"2025-08-10T10:03:53","guid":{"rendered":"https:\/\/kultur.nu\/?p=662"},"modified":"2025-08-25T12:13:45","modified_gmt":"2025-08-25T10:13:45","slug":"svensk-poesi","status":"publish","type":"post","link":"https:\/\/kultur.nu\/en\/svensk-poesi\/","title":{"rendered":"Svensk poesi och dess tidl\u00f6sa kraft"},"content":{"rendered":"<p>Svensk poesi \u00e4r mer \u00e4n bara vackra ord \u2013 det \u00e4r en resa genom spr\u00e5kets utveckling, k\u00e4nslornas djup och historiska uttryck som format v\u00e5r litter\u00e4ra identitet. Fr\u00e5n runinskrifterna till dagens moderna dikter har poesin varit ett s\u00e4tt f\u00f6r m\u00e4nniskor att f\u00f6rst\u00e5 sig sj\u00e4lva och v\u00e4rlden runt omkring dem.<\/p>\n<h2>Talmannens guide till svensk poesi och dess betydelse<\/h2>\n<p>Om du vill f\u00f6rst\u00e5 k\u00e4rnan i svensk poesi \u00e4r det avg\u00f6rande att se hur den har utvecklats \u00f6ver tid. En av de mest omfattande resurserna \u00e4r den s\u00e5 kallade talmannens guide till svensk poesi, som fungerar som en v\u00e4gledning genom flera \u00e5rhundraden av dikter. H\u00e4r m\u00f6ter du poeter fr\u00e5n olika epoker, allt fr\u00e5n medeltida <a href=\"https:\/\/kultur.nu\/en\/musik\/visor\/\">visor<\/a> till nutida experimentell lyrik. Den stora bredden g\u00f6r att poesin b\u00e5de speglar sin samtid och formar framtida spr\u00e5kbruk.<\/p>\n<p>En s\u00e4rskild styrka hos svensk poesi \u00e4r dess m\u00e5ngfald. I modern forskning och antologier har man lyft fram kvinnliga poeter och finlandssvenska <a href=\"https:\/\/kultur.nu\/en\/litteratur_och_sprak\/forfattare\/\">f\u00f6rfattare<\/a> som tidigare f\u00e5tt begr\u00e4nsat utrymme. Det ger en rikare och mer nyanserad bild av hur poesin formats. Genom att f\u00f6lja den h\u00e4r utvecklingen kan du se hur b\u00e5de spr\u00e5ket och samh\u00e4llsdebatten har p\u00e5verkat uttrycken.<\/p>\n<p><img loading=\"lazy\" decoding=\"async\" class=\"alignnone size-full wp-image-664\" src=\"https:\/\/kultur.nu\/wp-content\/uploads\/2025\/08\/image56.webp\" alt=\"Talmannens guide till svensk poesi och dess betydelse\" width=\"1200\" height=\"810\" srcset=\"https:\/\/kultur.nu\/wp-content\/uploads\/2025\/08\/image56.webp 1200w, https:\/\/kultur.nu\/wp-content\/uploads\/2025\/08\/image56-300x203.webp 300w, https:\/\/kultur.nu\/wp-content\/uploads\/2025\/08\/image56-1024x691.webp 1024w, https:\/\/kultur.nu\/wp-content\/uploads\/2025\/08\/image56-768x518.webp 768w\" sizes=\"auto, (max-width: 1200px) 100vw, 1200px\" \/><\/p>\n<h2>Svensk poesi klassiker du b\u00f6r k\u00e4nna till<\/h2>\n<p>Vissa dikter och poeter har l\u00e4mnat s\u00e5 starka avtryck att de blivit od\u00f6dliga klassiker. K\u00e4nda namn som Karin Boye, Gustaf Fr\u00f6ding, Edith S\u00f6dergran och Tomas Transtr\u00f6mer \u00e4r bara n\u00e5gra exempel p\u00e5 poeter som format v\u00e5r litter\u00e4ra historia. Deras verk representerar olika perspektiv, men de har en sak gemensamt: de ber\u00f6r l\u00e4saren p\u00e5 djupet.<\/p>\n<p>Ett bra s\u00e4tt att utforska klassikerna \u00e4r att l\u00e4sa antologier som samlar de mest betydelsefulla dikterna. H\u00e4r f\u00e5r du en blandning av romantiska, existentiella och samh\u00e4llskritiska texter. M\u00e5nga av dessa verk anses vara tidl\u00f6sa eftersom de tar upp universella teman som k\u00e4rlek, frihet, sorg och hopp.<\/p>\n<h3>Tre poeter du inte f\u00e5r missa<\/h3>\n<ul>\n<li><strong>Karin Boye<\/strong> \u2013 k\u00e4nd f\u00f6r sin lyriska sk\u00e4rpa och existentiella teman.<\/li>\n<li><strong>Tomas Transtr\u00f6mer<\/strong> \u2013 nobelpristagare som f\u00f6rnyade poesins formspr\u00e5k.<\/li>\n<li><strong>Edith S\u00f6dergran<\/strong> \u2013 banbrytande modernist som utmanade d\u00e5tidens normer.<\/li>\n<\/ul>\n<p>Genom att l\u00e4sa dessa verk f\u00e5r du en djupare f\u00f6rst\u00e5else f\u00f6r hur svensk poesi har utvecklats till en m\u00e5ngfacetterad konstform.<\/p>\n<h2>Skillnaden mellan poesi och prosa<\/h2>\n<p>F\u00f6r att verkligen f\u00f6rst\u00e5 poesins betydelse beh\u00f6ver man k\u00e4nna till skillnaden mellan poesi och prosa. Poesi handlar om koncentration och symbolik \u2013 varje ord \u00e4r noga valt och b\u00e4r ofta flera lager av mening. Prosa, \u00e5 andra sidan, \u00e4r mer ber\u00e4ttande och f\u00f6ljer en mer naturlig rytm.<\/p>\n<p>Det finns dock gr\u00e5zoner. Prosadikter kombinerar det fria ber\u00e4ttandet med poesins k\u00e4nslom\u00e4ssiga intensitet, vilket skapar en hybridform. Det visar att gr\u00e4nsen mellan textformerna inte alltid \u00e4r skarp, utan snarare flytande.<\/p>\n<h3>Poesins unika k\u00e4nnetecken<\/h3>\n<ul>\n<li>Rytm och musikalitet i spr\u00e5ket<\/li>\n<li>Symbolik och m\u00e5ngtydighet<\/li>\n<li>Kortfattade men laddade uttryck<\/li>\n<li>\u00d6ppet tolkningsutrymme f\u00f6r l\u00e4saren<\/li>\n<\/ul>\n<p>Det \u00e4r just denna \u00f6ppenhet som g\u00f6r poesin s\u00e5 fascinerande. Den s\u00e4ger inte alltid allt rakt ut, utan l\u00e5ter dig som l\u00e4sare hitta egna betydelser i texten.<\/p>\n<p><img loading=\"lazy\" decoding=\"async\" class=\"alignnone size-full wp-image-665\" src=\"https:\/\/kultur.nu\/wp-content\/uploads\/2025\/08\/image57.webp\" alt=\"Skillnaden mellan poesi och prosa\" width=\"1200\" height=\"800\" srcset=\"https:\/\/kultur.nu\/wp-content\/uploads\/2025\/08\/image57.webp 1200w, https:\/\/kultur.nu\/wp-content\/uploads\/2025\/08\/image57-300x200.webp 300w, https:\/\/kultur.nu\/wp-content\/uploads\/2025\/08\/image57-1024x683.webp 1024w, https:\/\/kultur.nu\/wp-content\/uploads\/2025\/08\/image57-768x512.webp 768w\" sizes=\"auto, (max-width: 1200px) 100vw, 1200px\" \/><\/p>\n<h2>\u00c4lskad svensk poesi och dess moderna uttryck<\/h2>\n<p>Svensk poesi st\u00e5r inte stilla \u2013 den utvecklas st\u00e4ndigt och anpassar sig till sin samtid. P\u00e5 2000-talet har vi sett en ny v\u00e5g av poeter som blandar traditionella former med moderna teman. Namn som Athena Farrokhzad, Johan J\u00f6nson och Ida B\u00f6rjel har skapat dikter som tar upp identitet, politik, samh\u00e4llskritik och existentiella fr\u00e5gor p\u00e5 helt nya s\u00e4tt.<\/p>\n<p>En sp\u00e4nnande utveckling \u00e4r ocks\u00e5 att poesin idag inte bara finns i <a href=\"https:\/\/kultur.nu\/en\/bibliotek\/\">b\u00f6cker<\/a>, utan i sociala <a href=\"https:\/\/kultur.nu\/en\/massmedier\/\">medier<\/a>, poddar och scenshower. Poetry slam och uppl\u00e4sningar g\u00f6r att den n\u00e5r en helt ny publik, vilket g\u00f6r den mer tillg\u00e4nglig \u00e4n n\u00e5gonsin. Det har gjort poesin till en levande konstform d\u00e4r ordet st\u00e4ndigt omformas.<\/p>\n<h2>S\u00e5 hittar du din egen v\u00e4g in i poesin<\/h2>\n<p>F\u00f6r m\u00e5nga kan poesins v\u00e4rld k\u00e4nnas sv\u00e5r att ta sig in i, men det finns s\u00e4tt att g\u00f6ra upplevelsen mer tillg\u00e4nglig. B\u00f6rja med att utforska de teman som intresserar dig mest \u2013 det kan vara k\u00e4rlek, ensamhet, natur eller samh\u00e4llsfr\u00e5gor. N\u00e4r du hittar poeter som ber\u00f6r dig blir poesin en personlig upplevelse.<\/p>\n<p>Att l\u00e4sa h\u00f6gt kan ocks\u00e5 hj\u00e4lpa dig att k\u00e4nna rytmen och melodin i dikten. Poesi \u00e4r lika mycket ljud som text, och genom att h\u00f6ra orden uttalas f\u00e5r du en annan dimension av upplevelsen.<\/p>\n<h3>Tips f\u00f6r att komma ig\u00e5ng<\/h3>\n<ul>\n<li>V\u00e4lj en antologi med blandade dikter f\u00f6r att hitta olika stilar.<\/li>\n<li>S\u00f6k upp moderna poeter f\u00f6r att se nya perspektiv.<\/li>\n<li>Bes\u00f6k bibliotekets poesihylla och prova n\u00e5got du inte k\u00e4nner till.<\/li>\n<li>Lyssna p\u00e5 uppl\u00e4sningar eller poddar med poeter.<\/li>\n<\/ul>\n<p>N\u00e4r du hittar en dikt som verkligen talar till dig \u00f6ppnar det d\u00f6rrar till nya s\u00e4tt att se v\u00e4rlden.<\/p>\n<h2>Poesins roll i samh\u00e4llet idag<\/h2>\n<p>Trots att poesin ibland uppfattas som n\u00e5got gammaldags har den en stark plats i dagens <a href=\"https:\/\/kultur.nu\/en\/\">kultur<\/a>. Den anv\u00e4nds i politiska tal, sociala medier, <a href=\"https:\/\/kultur.nu\/en\/musik\/\">musik<\/a> och konstinstallationer. Poesins f\u00f6rm\u00e5ga att uttrycka komplexa k\u00e4nslor med f\u00e5 ord g\u00f6r den unik som kommunikationsform.<\/p>\n<p>Dessutom fungerar poesin som ett historiskt dokument. Genom dikterna kan vi f\u00f6rst\u00e5 hur m\u00e4nniskor i olika tider t\u00e4nkt och k\u00e4nt. Fr\u00e5n medeltida visor till modern spoken word speglar poesin b\u00e5de individen och kollektivet.<\/p>\n<p>Svensk poesi forts\u00e4tter d\u00e4rf\u00f6r att vara en levande del av v\u00e5r kultur och en outsinlig k\u00e4lla till inspiration. Det g\u00f6r att nya generationer hela tiden hittar egna tolkningar, vilket g\u00f6r att intresset f\u00f6r svensk poesi aldrig slutar att v\u00e4xa.<\/p>","protected":false},"excerpt":{"rendered":"<p>Svensk poesi \u00e4r mer \u00e4n bara vackra ord \u2013 det \u00e4r en resa genom spr\u00e5kets&hellip;<\/p>","protected":false},"author":1,"featured_media":663,"comment_status":"open","ping_status":"open","sticky":false,"template":"","format":"standard","meta":{"_yoast_wpseo_focuskw":"","_yoast_wpseo_title":"","_yoast_wpseo_metadesc":"","_yoast_wpseo_meta-robots-noindex":"","_yoast_wpseo_meta-robots-nofollow":"","_yoast_wpseo_canonical":"","_yoast_wpseo_opengraph-title":"","_yoast_wpseo_opengraph-description":"","_yoast_wpseo_twitter-title":"","_yoast_wpseo_twitter-description":"","footnotes":"","rank_math_description":"","rank_math_focus_keyword":"","rank_math_title":"","rank_math_canonical_url":"","rank_math_robots":"","rank_math_facebook_title":"","rank_math_facebook_description":"","rank_math_twitter_title":"","rank_math_twitter_description":""},"categories":[2],"tags":[],"class_list":["post-662","post","type-post","status-publish","format-standard","has-post-thumbnail","hentry","category-aktuellt"],"yoast_head":"<!-- This site is optimized with the Yoast SEO plugin v27.5 - https:\/\/yoast.com\/product\/yoast-seo-wordpress\/ -->\n<title>Svensk poesi och dess tidl\u00f6sa kraft - Kultur i Sverige<\/title>\n<meta name=\"robots\" content=\"index, follow, max-snippet:-1, max-image-preview:large, max-video-preview:-1\" \/>\n<link rel=\"canonical\" href=\"https:\/\/kultur.nu\/en\/svensk-poesi\/\" \/>\n<meta property=\"og:locale\" content=\"en_US\" \/>\n<meta property=\"og:type\" content=\"article\" \/>\n<meta property=\"og:title\" content=\"Svensk poesi och dess tidl\u00f6sa kraft - Kultur i Sverige\" \/>\n<meta property=\"og:description\" content=\"Svensk poesi \u00e4r mer \u00e4n bara vackra ord \u2013 det \u00e4r en resa genom spr\u00e5kets&hellip;\" \/>\n<meta property=\"og:url\" content=\"https:\/\/kultur.nu\/en\/svensk-poesi\/\" \/>\n<meta property=\"og:site_name\" content=\"Kultur i Sverige\" \/>\n<meta property=\"article:published_time\" content=\"2025-08-10T10:03:53+00:00\" \/>\n<meta property=\"article:modified_time\" content=\"2025-08-25T10:13:45+00:00\" \/>\n<meta property=\"og:image\" content=\"https:\/\/kultur.nu\/wp-content\/uploads\/2025\/08\/image54-e1756116820990.webp\" \/>\n\t<meta property=\"og:image:width\" content=\"811\" \/>\n\t<meta property=\"og:image:height\" content=\"706\" \/>\n\t<meta property=\"og:image:type\" content=\"image\/webp\" \/>\n<meta name=\"author\" content=\"Annica\" \/>\n<meta name=\"twitter:card\" content=\"summary_large_image\" \/>\n<meta name=\"twitter:label1\" content=\"Written by\" \/>\n\t<meta name=\"twitter:data1\" content=\"Annica\" \/>\n\t<meta name=\"twitter:label2\" content=\"Est. reading time\" \/>\n\t<meta name=\"twitter:data2\" content=\"5 minutes\" \/>\n<script type=\"application\/ld+json\" class=\"yoast-schema-graph\">{\"@context\":\"https:\\\/\\\/schema.org\",\"@graph\":[{\"@type\":\"Article\",\"@id\":\"https:\\\/\\\/kultur.nu\\\/svensk-poesi\\\/#article\",\"isPartOf\":{\"@id\":\"https:\\\/\\\/kultur.nu\\\/svensk-poesi\\\/\"},\"author\":{\"name\":\"Annica\",\"@id\":\"https:\\\/\\\/kultur.nu\\\/#\\\/schema\\\/person\\\/cbafe9491d5ea09a25eace8883923b2c\"},\"headline\":\"Svensk poesi och dess tidl\u00f6sa kraft\",\"datePublished\":\"2025-08-10T10:03:53+00:00\",\"dateModified\":\"2025-08-25T10:13:45+00:00\",\"mainEntityOfPage\":{\"@id\":\"https:\\\/\\\/kultur.nu\\\/svensk-poesi\\\/\"},\"wordCount\":1026,\"commentCount\":0,\"publisher\":{\"@id\":\"https:\\\/\\\/kultur.nu\\\/#organization\"},\"image\":{\"@id\":\"https:\\\/\\\/kultur.nu\\\/svensk-poesi\\\/#primaryimage\"},\"thumbnailUrl\":\"https:\\\/\\\/kultur.nu\\\/wp-content\\\/uploads\\\/2025\\\/08\\\/image54-e1756116820990.webp\",\"articleSection\":[\"Aktuellt\"],\"inLanguage\":\"en-US\",\"potentialAction\":[{\"@type\":\"CommentAction\",\"name\":\"Comment\",\"target\":[\"https:\\\/\\\/kultur.nu\\\/svensk-poesi\\\/#respond\"]}]},{\"@type\":\"WebPage\",\"@id\":\"https:\\\/\\\/kultur.nu\\\/svensk-poesi\\\/\",\"url\":\"https:\\\/\\\/kultur.nu\\\/svensk-poesi\\\/\",\"name\":\"Svensk poesi och dess tidl\u00f6sa kraft - Kultur i Sverige\",\"isPartOf\":{\"@id\":\"https:\\\/\\\/kultur.nu\\\/#website\"},\"primaryImageOfPage\":{\"@id\":\"https:\\\/\\\/kultur.nu\\\/svensk-poesi\\\/#primaryimage\"},\"image\":{\"@id\":\"https:\\\/\\\/kultur.nu\\\/svensk-poesi\\\/#primaryimage\"},\"thumbnailUrl\":\"https:\\\/\\\/kultur.nu\\\/wp-content\\\/uploads\\\/2025\\\/08\\\/image54-e1756116820990.webp\",\"datePublished\":\"2025-08-10T10:03:53+00:00\",\"dateModified\":\"2025-08-25T10:13:45+00:00\",\"breadcrumb\":{\"@id\":\"https:\\\/\\\/kultur.nu\\\/svensk-poesi\\\/#breadcrumb\"},\"inLanguage\":\"en-US\",\"potentialAction\":[{\"@type\":\"ReadAction\",\"target\":[\"https:\\\/\\\/kultur.nu\\\/svensk-poesi\\\/\"]}]},{\"@type\":\"ImageObject\",\"inLanguage\":\"en-US\",\"@id\":\"https:\\\/\\\/kultur.nu\\\/svensk-poesi\\\/#primaryimage\",\"url\":\"https:\\\/\\\/kultur.nu\\\/wp-content\\\/uploads\\\/2025\\\/08\\\/image54-e1756116820990.webp\",\"contentUrl\":\"https:\\\/\\\/kultur.nu\\\/wp-content\\\/uploads\\\/2025\\\/08\\\/image54-e1756116820990.webp\",\"width\":811,\"height\":706,\"caption\":\"svensk poesi\"},{\"@type\":\"BreadcrumbList\",\"@id\":\"https:\\\/\\\/kultur.nu\\\/svensk-poesi\\\/#breadcrumb\",\"itemListElement\":[{\"@type\":\"ListItem\",\"position\":1,\"name\":\"Hem\",\"item\":\"https:\\\/\\\/kultur.nu\\\/\"},{\"@type\":\"ListItem\",\"position\":2,\"name\":\"Svensk poesi och dess tidl\u00f6sa kraft\"}]},{\"@type\":\"WebSite\",\"@id\":\"https:\\\/\\\/kultur.nu\\\/#website\",\"url\":\"https:\\\/\\\/kultur.nu\\\/\",\"name\":\"Kultur i Sverige\",\"description\":\"\",\"publisher\":{\"@id\":\"https:\\\/\\\/kultur.nu\\\/#organization\"},\"potentialAction\":[{\"@type\":\"SearchAction\",\"target\":{\"@type\":\"EntryPoint\",\"urlTemplate\":\"https:\\\/\\\/kultur.nu\\\/?s={search_term_string}\"},\"query-input\":{\"@type\":\"PropertyValueSpecification\",\"valueRequired\":true,\"valueName\":\"search_term_string\"}}],\"inLanguage\":\"en-US\"},{\"@type\":\"Organization\",\"@id\":\"https:\\\/\\\/kultur.nu\\\/#organization\",\"name\":\"Kultur i Sverige\",\"url\":\"https:\\\/\\\/kultur.nu\\\/\",\"logo\":{\"@type\":\"ImageObject\",\"inLanguage\":\"en-US\",\"@id\":\"https:\\\/\\\/kultur.nu\\\/#\\\/schema\\\/logo\\\/image\\\/\",\"url\":\"https:\\\/\\\/kultur.nu\\\/wp-content\\\/uploads\\\/2025\\\/10\\\/cropped-Kultur.nu-logo.webp\",\"contentUrl\":\"https:\\\/\\\/kultur.nu\\\/wp-content\\\/uploads\\\/2025\\\/10\\\/cropped-Kultur.nu-logo.webp\",\"width\":510,\"height\":95,\"caption\":\"Kultur i Sverige\"},\"image\":{\"@id\":\"https:\\\/\\\/kultur.nu\\\/#\\\/schema\\\/logo\\\/image\\\/\"}},{\"@type\":\"Person\",\"@id\":\"https:\\\/\\\/kultur.nu\\\/#\\\/schema\\\/person\\\/cbafe9491d5ea09a25eace8883923b2c\",\"name\":\"Annica\",\"image\":{\"@type\":\"ImageObject\",\"inLanguage\":\"en-US\",\"@id\":\"https:\\\/\\\/secure.gravatar.com\\\/avatar\\\/d78c2d842df13ded689c841d90a91fd72f6cc9e7250f7066a537c14f82302546?s=96&d=mm&r=g\",\"url\":\"https:\\\/\\\/secure.gravatar.com\\\/avatar\\\/d78c2d842df13ded689c841d90a91fd72f6cc9e7250f7066a537c14f82302546?s=96&d=mm&r=g\",\"contentUrl\":\"https:\\\/\\\/secure.gravatar.com\\\/avatar\\\/d78c2d842df13ded689c841d90a91fd72f6cc9e7250f7066a537c14f82302546?s=96&d=mm&r=g\",\"caption\":\"Annica\"},\"description\":\"Annika Axelsson \u00e4r kulturskribent p\u00e5 Kultur.nu, d\u00e4r hon skriver om litteratur, film, teater, konst och samtida kulturdebatt. Hon har ett s\u00e4rskilt intresse f\u00f6r hur kultur speglar samh\u00e4llsf\u00f6r\u00e4ndringar, identitet och vardagslivet. Annika har studerat litteraturvetenskap och kulturjournalistik vid Stockholms universitet. Hon har \u00e4ven l\u00e4st konstvetenskap och medievetenskap, vilket ger henne en bred grund n\u00e4r hon analyserar b\u00e5de klassiska verk och moderna kulturuttryck. P\u00e5 Kultur.nu skriver Annika fr\u00e4mst recensioner, f\u00f6rdjupande artiklar och personliga kr\u00f6nikor. Hon bevakar nya b\u00f6cker, uppm\u00e4rksammade teaterf\u00f6rest\u00e4llningar, filmfestivaler, utst\u00e4llningar och aktuella kulturh\u00e4ndelser. Hennes texter k\u00e4nnetecknas av ett nyfiket, kunnigt och tillg\u00e4ngligt spr\u00e5k, d\u00e4r hon vill g\u00f6ra kultur l\u00e4ttare att f\u00f6rst\u00e5 utan att f\u00f6renkla den. Hon har tidigare arbetat med redaktionellt inneh\u00e5ll, intervjuer och kulturbevakning f\u00f6r b\u00e5de digitala magasin och lokala publikationer. I sitt skrivande \u00e5terkommer hon ofta till fr\u00e5gor om ber\u00e4ttande, kreativitet, klass, k\u00f6nsroller och kulturens plats i det moderna samh\u00e4llet.\",\"sameAs\":[\"https:\\\/\\\/kultur.nu\"],\"url\":\"https:\\\/\\\/kultur.nu\\\/en\\\/author\\\/annica\\\/\"}]}<\/script>\n<!-- \/ Yoast SEO plugin. -->","yoast_head_json":{"title":"Svensk poesi och dess tidl\u00f6sa kraft - Kultur i Sverige","robots":{"index":"index","follow":"follow","max-snippet":"max-snippet:-1","max-image-preview":"max-image-preview:large","max-video-preview":"max-video-preview:-1"},"canonical":"https:\/\/kultur.nu\/en\/svensk-poesi\/","og_locale":"en_US","og_type":"article","og_title":"Svensk poesi och dess tidl\u00f6sa kraft - Kultur i Sverige","og_description":"Svensk poesi \u00e4r mer \u00e4n bara vackra ord \u2013 det \u00e4r en resa genom spr\u00e5kets&hellip;","og_url":"https:\/\/kultur.nu\/en\/svensk-poesi\/","og_site_name":"Kultur i Sverige","article_published_time":"2025-08-10T10:03:53+00:00","article_modified_time":"2025-08-25T10:13:45+00:00","og_image":[{"width":811,"height":706,"url":"https:\/\/kultur.nu\/wp-content\/uploads\/2025\/08\/image54-e1756116820990.webp","type":"image\/webp"}],"author":"Annica","twitter_card":"summary_large_image","twitter_misc":{"Written by":"Annica","Est. reading time":"5 minutes"},"schema":{"@context":"https:\/\/schema.org","@graph":[{"@type":"Article","@id":"https:\/\/kultur.nu\/svensk-poesi\/#article","isPartOf":{"@id":"https:\/\/kultur.nu\/svensk-poesi\/"},"author":{"name":"Annica","@id":"https:\/\/kultur.nu\/#\/schema\/person\/cbafe9491d5ea09a25eace8883923b2c"},"headline":"Svensk poesi och dess tidl\u00f6sa kraft","datePublished":"2025-08-10T10:03:53+00:00","dateModified":"2025-08-25T10:13:45+00:00","mainEntityOfPage":{"@id":"https:\/\/kultur.nu\/svensk-poesi\/"},"wordCount":1026,"commentCount":0,"publisher":{"@id":"https:\/\/kultur.nu\/#organization"},"image":{"@id":"https:\/\/kultur.nu\/svensk-poesi\/#primaryimage"},"thumbnailUrl":"https:\/\/kultur.nu\/wp-content\/uploads\/2025\/08\/image54-e1756116820990.webp","articleSection":["Aktuellt"],"inLanguage":"en-US","potentialAction":[{"@type":"CommentAction","name":"Comment","target":["https:\/\/kultur.nu\/svensk-poesi\/#respond"]}]},{"@type":"WebPage","@id":"https:\/\/kultur.nu\/svensk-poesi\/","url":"https:\/\/kultur.nu\/svensk-poesi\/","name":"Svensk poesi och dess tidl\u00f6sa kraft - Kultur i Sverige","isPartOf":{"@id":"https:\/\/kultur.nu\/#website"},"primaryImageOfPage":{"@id":"https:\/\/kultur.nu\/svensk-poesi\/#primaryimage"},"image":{"@id":"https:\/\/kultur.nu\/svensk-poesi\/#primaryimage"},"thumbnailUrl":"https:\/\/kultur.nu\/wp-content\/uploads\/2025\/08\/image54-e1756116820990.webp","datePublished":"2025-08-10T10:03:53+00:00","dateModified":"2025-08-25T10:13:45+00:00","breadcrumb":{"@id":"https:\/\/kultur.nu\/svensk-poesi\/#breadcrumb"},"inLanguage":"en-US","potentialAction":[{"@type":"ReadAction","target":["https:\/\/kultur.nu\/svensk-poesi\/"]}]},{"@type":"ImageObject","inLanguage":"en-US","@id":"https:\/\/kultur.nu\/svensk-poesi\/#primaryimage","url":"https:\/\/kultur.nu\/wp-content\/uploads\/2025\/08\/image54-e1756116820990.webp","contentUrl":"https:\/\/kultur.nu\/wp-content\/uploads\/2025\/08\/image54-e1756116820990.webp","width":811,"height":706,"caption":"svensk poesi"},{"@type":"BreadcrumbList","@id":"https:\/\/kultur.nu\/svensk-poesi\/#breadcrumb","itemListElement":[{"@type":"ListItem","position":1,"name":"Hem","item":"https:\/\/kultur.nu\/"},{"@type":"ListItem","position":2,"name":"Svensk poesi och dess tidl\u00f6sa kraft"}]},{"@type":"WebSite","@id":"https:\/\/kultur.nu\/#website","url":"https:\/\/kultur.nu\/","name":"Kultur i Sverige","description":"","publisher":{"@id":"https:\/\/kultur.nu\/#organization"},"potentialAction":[{"@type":"SearchAction","target":{"@type":"EntryPoint","urlTemplate":"https:\/\/kultur.nu\/?s={search_term_string}"},"query-input":{"@type":"PropertyValueSpecification","valueRequired":true,"valueName":"search_term_string"}}],"inLanguage":"en-US"},{"@type":"Organization","@id":"https:\/\/kultur.nu\/#organization","name":"Kultur i Sverige","url":"https:\/\/kultur.nu\/","logo":{"@type":"ImageObject","inLanguage":"en-US","@id":"https:\/\/kultur.nu\/#\/schema\/logo\/image\/","url":"https:\/\/kultur.nu\/wp-content\/uploads\/2025\/10\/cropped-Kultur.nu-logo.webp","contentUrl":"https:\/\/kultur.nu\/wp-content\/uploads\/2025\/10\/cropped-Kultur.nu-logo.webp","width":510,"height":95,"caption":"Kultur i Sverige"},"image":{"@id":"https:\/\/kultur.nu\/#\/schema\/logo\/image\/"}},{"@type":"Person","@id":"https:\/\/kultur.nu\/#\/schema\/person\/cbafe9491d5ea09a25eace8883923b2c","name":"Annica","image":{"@type":"ImageObject","inLanguage":"en-US","@id":"https:\/\/secure.gravatar.com\/avatar\/d78c2d842df13ded689c841d90a91fd72f6cc9e7250f7066a537c14f82302546?s=96&d=mm&r=g","url":"https:\/\/secure.gravatar.com\/avatar\/d78c2d842df13ded689c841d90a91fd72f6cc9e7250f7066a537c14f82302546?s=96&d=mm&r=g","contentUrl":"https:\/\/secure.gravatar.com\/avatar\/d78c2d842df13ded689c841d90a91fd72f6cc9e7250f7066a537c14f82302546?s=96&d=mm&r=g","caption":"Annica"},"description":"Annika Axelsson \u00e4r kulturskribent p\u00e5 Kultur.nu, d\u00e4r hon skriver om litteratur, film, teater, konst och samtida kulturdebatt. Hon har ett s\u00e4rskilt intresse f\u00f6r hur kultur speglar samh\u00e4llsf\u00f6r\u00e4ndringar, identitet och vardagslivet. Annika har studerat litteraturvetenskap och kulturjournalistik vid Stockholms universitet. Hon har \u00e4ven l\u00e4st konstvetenskap och medievetenskap, vilket ger henne en bred grund n\u00e4r hon analyserar b\u00e5de klassiska verk och moderna kulturuttryck. P\u00e5 Kultur.nu skriver Annika fr\u00e4mst recensioner, f\u00f6rdjupande artiklar och personliga kr\u00f6nikor. Hon bevakar nya b\u00f6cker, uppm\u00e4rksammade teaterf\u00f6rest\u00e4llningar, filmfestivaler, utst\u00e4llningar och aktuella kulturh\u00e4ndelser. Hennes texter k\u00e4nnetecknas av ett nyfiket, kunnigt och tillg\u00e4ngligt spr\u00e5k, d\u00e4r hon vill g\u00f6ra kultur l\u00e4ttare att f\u00f6rst\u00e5 utan att f\u00f6renkla den. Hon har tidigare arbetat med redaktionellt inneh\u00e5ll, intervjuer och kulturbevakning f\u00f6r b\u00e5de digitala magasin och lokala publikationer. I sitt skrivande \u00e5terkommer hon ofta till fr\u00e5gor om ber\u00e4ttande, kreativitet, klass, k\u00f6nsroller och kulturens plats i det moderna samh\u00e4llet.","sameAs":["https:\/\/kultur.nu"],"url":"https:\/\/kultur.nu\/en\/author\/annica\/"}]}},"_links":{"self":[{"href":"https:\/\/kultur.nu\/en\/wp-json\/wp\/v2\/posts\/662","targetHints":{"allow":["GET"]}}],"collection":[{"href":"https:\/\/kultur.nu\/en\/wp-json\/wp\/v2\/posts"}],"about":[{"href":"https:\/\/kultur.nu\/en\/wp-json\/wp\/v2\/types\/post"}],"author":[{"embeddable":true,"href":"https:\/\/kultur.nu\/en\/wp-json\/wp\/v2\/users\/1"}],"replies":[{"embeddable":true,"href":"https:\/\/kultur.nu\/en\/wp-json\/wp\/v2\/comments?post=662"}],"version-history":[{"count":2,"href":"https:\/\/kultur.nu\/en\/wp-json\/wp\/v2\/posts\/662\/revisions"}],"predecessor-version":[{"id":667,"href":"https:\/\/kultur.nu\/en\/wp-json\/wp\/v2\/posts\/662\/revisions\/667"}],"wp:featuredmedia":[{"embeddable":true,"href":"https:\/\/kultur.nu\/en\/wp-json\/wp\/v2\/media\/663"}],"wp:attachment":[{"href":"https:\/\/kultur.nu\/en\/wp-json\/wp\/v2\/media?parent=662"}],"wp:term":[{"taxonomy":"category","embeddable":true,"href":"https:\/\/kultur.nu\/en\/wp-json\/wp\/v2\/categories?post=662"},{"taxonomy":"post_tag","embeddable":true,"href":"https:\/\/kultur.nu\/en\/wp-json\/wp\/v2\/tags?post=662"}],"curies":[{"name":"wp","href":"https:\/\/api.w.org\/{rel}","templated":true}]}}