{"id":668,"date":"2025-08-17T12:15:05","date_gmt":"2025-08-17T10:15:05","guid":{"rendered":"https:\/\/kultur.nu\/?p=668"},"modified":"2025-08-25T12:22:02","modified_gmt":"2025-08-25T10:22:02","slug":"kanda-formgivare-sverige","status":"publish","type":"post","link":"https:\/\/kultur.nu\/en\/kanda-formgivare-sverige\/","title":{"rendered":"K\u00e4nda formgivare i Sverige som f\u00f6r\u00e4ndrat designv\u00e4rlden"},"content":{"rendered":"<p>Sverige har l\u00e4nge varit en av v\u00e4rldens starkaste krafter inom m\u00f6beldesign och inredning. H\u00e4r har flera kreativa formgivare skapat tidl\u00f6sa klassiker som fortfarande pr\u00e4glar v\u00e5ra hem och inspirerar nya generationer. <a href=\"https:\/\/kultur.nu\/en\/design\/\">Svensk design<\/a> f\u00f6rknippas ofta med funktionalitet, minimalism och h\u00f6g kvalitet, men bakom de ikoniska m\u00f6blerna st\u00e5r m\u00e4nniskor med unika id\u00e9er, sp\u00e4nnande livshistorier och en vilja att f\u00f6r\u00e4ndra hur vi upplever v\u00e5ra hem. L\u00e5t oss utforska n\u00e5gra av de mest k\u00e4nda formgivarna i Sverige och deras inflytande p\u00e5 b\u00e5de svensk och internationell design.<\/p>\n<h2>Greta Magnusson Grossman och internationella genombrott<\/h2>\n<p>Greta Magnusson Grossman \u00e4r ett namn du inte kan missa n\u00e4r vi pratar om svensk designhistoria. Hon v\u00e4xte upp i Helsingborg i en familj av m\u00f6belsnickare, vilket tidigt v\u00e4ckte hennes intresse f\u00f6r formgivning. Efter att ha utbildat sig inom <a href=\"https:\/\/kultur.nu\/en\/konst\/\">konst<\/a> och design flyttade hon till USA d\u00e4r hennes karri\u00e4r tog fart p\u00e5 riktigt. Hennes studio i Kalifornien blev k\u00e4nd f\u00f6r eleganta m\u00f6bler och innovativa lampor, d\u00e4ribland den ikoniska Gr\u00e4shoppa-lampan och Cobra Table Lamp.<\/p>\n<p>Greta var en m\u00e4stare p\u00e5 att kombinera sm\u00e4ckra former med smart materialval, vilket gjorde hennes design b\u00e5de estetiskt tilltalande och funktionell. Hon blev ocks\u00e5 en av f\u00e5 svenska formgivare som tidigt slog igenom internationellt, vilket hj\u00e4lpte till att s\u00e4tta svensk design p\u00e5 v\u00e4rldskartan. Hennes verk s\u00e4ljs fortfarande p\u00e5 auktioner runt om i v\u00e4rlden och anses vara samlarobjekt.<\/p>\n<h2>Josef Franks f\u00e4rgstarka m\u00f6nster och Svenskt Tenn<\/h2>\n<p>En av de mest inflytelserika formgivarna inom svensk design \u00e4r utan tvekan Josef Frank. Hans stil br\u00f6t mot den tidens strikta funktionalism genom att ist\u00e4llet hylla f\u00e4rg, natur och lekfullhet. Efter att ha l\u00e4mnat \u00d6sterrike p\u00e5 1930-talet bosatte han sig i Sverige och b\u00f6rjade samarbeta med Estrid Ericson p\u00e5 Svenskt Tenn. Tillsammans skapade de en helt ny estetik som fortfarande \u00e4r lika popul\u00e4r idag.<\/p>\n<p>Franks textilm\u00f6nster \u00e4r s\u00e4rskilt k\u00e4nda f\u00f6r sina blommiga och naturinspirerade motiv. Han ville skapa milj\u00f6er som k\u00e4ndes levande och personliga, d\u00e4r f\u00e4rger och former bidrog till en varm atmosf\u00e4r. Ut\u00f6ver textilier formgav han \u00e4ven m\u00f6bler, lampor och inredningsdetaljer som blivit klassiker inom svensk design.<\/p>\n<h3>Svenskt Tenns betydelse f\u00f6r svensk design<\/h3>\n<ul>\n<li>Etablerades 1924 av Estrid Ericson och blev snabbt ett centrum f\u00f6r nyskapande formgivning.<\/li>\n<li>Samarbetet mellan Josef Frank och Svenskt Tenn lade grunden f\u00f6r en mer personlig och f\u00e4rgstark inredningsstil.<\/li>\n<li>Flera av deras m\u00f6nster och m\u00f6bler tillverkas fortfarande och s\u00e4ljs i butiken p\u00e5 Strandv\u00e4gen i Stockholm.<\/li>\n<\/ul>\n<figure id=\"attachment_670\" aria-describedby=\"caption-attachment-670\" style=\"width: 960px\" class=\"wp-caption alignnone\"><img loading=\"lazy\" decoding=\"async\" class=\"wp-image-670 size-full\" src=\"https:\/\/kultur.nu\/wp-content\/uploads\/2025\/08\/image59.webp\" alt=\"Josef Franks f\u00e4rgstarka m\u00f6nster och Svenskt Tenn\" width=\"960\" height=\"640\" srcset=\"https:\/\/kultur.nu\/wp-content\/uploads\/2025\/08\/image59.webp 960w, https:\/\/kultur.nu\/wp-content\/uploads\/2025\/08\/image59-300x200.webp 300w, https:\/\/kultur.nu\/wp-content\/uploads\/2025\/08\/image59-768x512.webp 768w\" sizes=\"auto, (max-width: 960px) 100vw, 960px\" \/><figcaption id=\"caption-attachment-670\" class=\"wp-caption-text\">Josef Frank<\/figcaption><\/figure>\n<h2>Bruno Mathsson och konsten att sitta bekv\u00e4mt<\/h2>\n<p>Bruno Mathsson fr\u00e5n V\u00e4rnamo var en av de f\u00f6rsta svenska formgivarna som p\u00e5 allvar kombinerade ergonomi med design. Redan som ung l\u00e4rde han sig m\u00f6belsnickeri i sin fars verkstad, men han valde att g\u00e5 sin egen v\u00e4g. Genombrottet kom p\u00e5 1930-talet n\u00e4r han st\u00e4llde ut en stol p\u00e5 en hantverksm\u00e4ssa och fick m\u00f6jlighet att delta i Stockholmsutst\u00e4llningen, d\u00e4r funktionalismens id\u00e9er b\u00f6rjade spridas.<\/p>\n<p>Mathsson \u00e4gnade mycket tid \u00e5t att studera sj\u00e4lva sittandets mekanik. Han ville skapa m\u00f6bler som inte bara var vackra, utan ocks\u00e5 bekv\u00e4ma. Bland hans mest k\u00e4nda verk finns f\u00e5t\u00f6ljerna Pernilla och Eva samt det ikoniska bordet Superellips, som han tog fram tillsammans med Piet Hein. Hans fokus p\u00e5 komfort och funktion g\u00f6r att hans design fortfarande k\u00e4nns modern idag.<\/p>\n<h3>Bruno Mathssons mest k\u00e4nda m\u00f6bler<\/h3>\n<ul>\n<li><strong>Pernilla<\/strong> \u2013 en vilstol med perfekt balans mellan form och komfort<\/li>\n<li><strong>Eva<\/strong> \u2013 en tidl\u00f6s f\u00e5t\u00f6lj formgiven 1941<\/li>\n<li><strong>Superellips<\/strong> \u2013 ett ikoniskt bord som kombinerar skandinavisk minimalism med smarta proportioner<\/li>\n<\/ul>\n<h2>Carl Malmsten och det hantverksm\u00e4ssiga arvet<\/h2>\n<p>Carl Malmsten var en annan gigant inom svensk m\u00f6beldesign, men han gick en helt annan v\u00e4g \u00e4n m\u00e5nga av sina samtida. Medan funktionalismen tog fart i Sverige h\u00f6ll Carl fast vid traditionellt <a href=\"https:\/\/kultur.nu\/en\/konsthantverk\/\">hantverk<\/a> och mjukare former. Han menade att m\u00f6bler skulle vara mer \u00e4n bara funktionella \u2013 de skulle ha sj\u00e4l och v\u00e4rme.<\/p>\n<p>Malmstens m\u00f6bler \u00e4r k\u00e4nda f\u00f6r sina mjuka linjer, naturliga material och h\u00f6ga kvalitet. Klassiska verk som stolen Lilla \u00c5land, soffan Samsas och f\u00e5t\u00f6ljen Farmor finns fortfarande i produktion och \u00e4r h\u00f6gt eftertraktade. Dessutom grundade han flera utbildningar f\u00f6r framtida formgivare, bland annat Carl Malmsten Furniture Studies, vilket cementerade hans inflytande p\u00e5 kommande generationer.<\/p>\n<h2>Yngve Ekstr\u00f6m och stolen Lamino<\/h2>\n<p>Om det finns en m\u00f6bel som symboliserar svensk design \u00e4r det Yngve Ekstr\u00f6ms f\u00e5t\u00f6lj Lamino. Den lanserades 1956 och har blivit en av de mest s\u00e5lda och uppskattade m\u00f6blerna i Sverige. Stolen kombinerar enkelhet, funktionalitet och naturliga material p\u00e5 ett s\u00e4tt som f\u00e5 andra lyckats med.<\/p>\n<p>Ekstr\u00f6m var medgrundare till Swedese och arbetade d\u00e4r under st\u00f6rre delen av sitt liv. F\u00f6rutom Lamino skapade han flera andra klassiker, men det \u00e4r just den f\u00e5t\u00f6ljen som gjort honom od\u00f6dlig i designhistorien. Hans filosofi var att m\u00f6bler skulle vara lika vackra som de var praktiska, och det m\u00e4rks tydligt i hans verk.<\/p>\n<figure id=\"attachment_671\" aria-describedby=\"caption-attachment-671\" style=\"width: 1200px\" class=\"wp-caption alignnone\"><img loading=\"lazy\" decoding=\"async\" class=\"size-full wp-image-671\" src=\"https:\/\/kultur.nu\/wp-content\/uploads\/2025\/08\/image60.webp\" alt=\"Yngve Ekstr\u00f6m och stolen Lamino\" width=\"1200\" height=\"924\" srcset=\"https:\/\/kultur.nu\/wp-content\/uploads\/2025\/08\/image60.webp 1200w, https:\/\/kultur.nu\/wp-content\/uploads\/2025\/08\/image60-300x231.webp 300w, https:\/\/kultur.nu\/wp-content\/uploads\/2025\/08\/image60-1024x788.webp 1024w, https:\/\/kultur.nu\/wp-content\/uploads\/2025\/08\/image60-768x591.webp 768w\" sizes=\"auto, (max-width: 1200px) 100vw, 1200px\" \/><figcaption id=\"caption-attachment-671\" class=\"wp-caption-text\">Yngve Ekstr\u00f6m<\/figcaption><\/figure>\n<h2>Nya generationens k\u00e4nda formgivare i Sverige<\/h2>\n<p>Svensk designhistoria skrivs fortfarande och nya formgivare forts\u00e4tter att s\u00e4tta avtryck b\u00e5de nationellt och internationellt. En av de mest framtr\u00e4dande \u00e4r Alexander Lervik, som \u00e4r k\u00e4nd f\u00f6r sin innovativa och konceptuella stil. Han experimenterar med nya material och tekniker och samarbetar med flera stora f\u00f6retag, b\u00e5de i Sverige och utomlands.<\/p>\n<p>Gunilla Allard \u00e4r en annan nutida formgivare som har gjort stort avtryck. Hon blev den f\u00f6rsta kvinnliga designern p\u00e5 Lammhults och hennes f\u00e5t\u00f6lj Cinema har blivit en modern klassiker. Hennes stil k\u00e4nnetecknas av stram elegans och en minimalistisk estetik som passar perfekt i dagens inredningstrender.<\/p>\n<h2>Svensk design som internationellt varum\u00e4rke<\/h2>\n<p>Svensk design har inte bara p\u00e5verkat v\u00e5ra egna hem \u2013 den har format hur v\u00e4rlden ser p\u00e5 skandinavisk estetik. Med fokus p\u00e5 ljus, naturmaterial och funktionella l\u00f6sningar har svenska formgivare byggt upp ett globalt rykte f\u00f6r kvalitet och tidl\u00f6shet. M\u00e4rken som IKEA har dessutom gjort skandinavisk design tillg\u00e4nglig f\u00f6r massorna, samtidigt som exklusiva varum\u00e4rken som Svenskt Tenn och Swedese h\u00e5ller fast vid hantverket.<\/p>\n<p>Det som g\u00f6r svensk design unik \u00e4r kombinationen av tradition och innovation. H\u00e4r m\u00f6ts klassiskt tr\u00e4arbete med moderna id\u00e9er, vilket ger m\u00f6bler och inredning som k\u00e4nns lika relevanta nu som f\u00f6r 50 \u00e5r sedan. M\u00e5nga av de k\u00e4nda formgivare i Sverige som vi pratat om forts\u00e4tter att inspirera dagens designers \u2013 och deras verk kommer leva vidare i generationer fram\u00e5t.<\/p>","protected":false},"excerpt":{"rendered":"<p>Sverige har l\u00e4nge varit en av v\u00e4rldens starkaste krafter inom m\u00f6beldesign och inredning. H\u00e4r har&hellip;<\/p>","protected":false},"author":1,"featured_media":669,"comment_status":"open","ping_status":"open","sticky":false,"template":"","format":"standard","meta":{"_yoast_wpseo_focuskw":"","_yoast_wpseo_title":"","_yoast_wpseo_metadesc":"","_yoast_wpseo_meta-robots-noindex":"","_yoast_wpseo_meta-robots-nofollow":"","_yoast_wpseo_canonical":"","_yoast_wpseo_opengraph-title":"","_yoast_wpseo_opengraph-description":"","_yoast_wpseo_twitter-title":"","_yoast_wpseo_twitter-description":"","footnotes":"","rank_math_description":"","rank_math_focus_keyword":"","rank_math_title":"","rank_math_canonical_url":"","rank_math_robots":"","rank_math_facebook_title":"","rank_math_facebook_description":"","rank_math_twitter_title":"","rank_math_twitter_description":""},"categories":[2],"tags":[],"class_list":["post-668","post","type-post","status-publish","format-standard","has-post-thumbnail","hentry","category-aktuellt"],"yoast_head":"<!-- This site is optimized with the Yoast SEO plugin v27.5 - https:\/\/yoast.com\/product\/yoast-seo-wordpress\/ -->\n<title>K\u00e4nda formgivare i Sverige som f\u00f6r\u00e4ndrat designv\u00e4rlden - Kultur i Sverige<\/title>\n<meta name=\"robots\" content=\"index, follow, max-snippet:-1, max-image-preview:large, max-video-preview:-1\" \/>\n<link rel=\"canonical\" href=\"https:\/\/kultur.nu\/en\/kanda-formgivare-sverige\/\" \/>\n<meta property=\"og:locale\" content=\"en_US\" \/>\n<meta property=\"og:type\" content=\"article\" \/>\n<meta property=\"og:title\" content=\"K\u00e4nda formgivare i Sverige som f\u00f6r\u00e4ndrat designv\u00e4rlden - Kultur i Sverige\" \/>\n<meta property=\"og:description\" content=\"Sverige har l\u00e4nge varit en av v\u00e4rldens starkaste krafter inom m\u00f6beldesign och inredning. H\u00e4r har&hellip;\" \/>\n<meta property=\"og:url\" content=\"https:\/\/kultur.nu\/en\/kanda-formgivare-sverige\/\" \/>\n<meta property=\"og:site_name\" content=\"Kultur i Sverige\" \/>\n<meta property=\"article:published_time\" content=\"2025-08-17T10:15:05+00:00\" \/>\n<meta property=\"article:modified_time\" content=\"2025-08-25T10:22:02+00:00\" \/>\n<meta property=\"og:image\" content=\"https:\/\/kultur.nu\/wp-content\/uploads\/2025\/08\/image58.webp\" \/>\n\t<meta property=\"og:image:width\" content=\"1200\" \/>\n\t<meta property=\"og:image:height\" content=\"600\" \/>\n\t<meta property=\"og:image:type\" content=\"image\/webp\" \/>\n<meta name=\"author\" content=\"Annica\" \/>\n<meta name=\"twitter:card\" content=\"summary_large_image\" \/>\n<meta name=\"twitter:label1\" content=\"Written by\" \/>\n\t<meta name=\"twitter:data1\" content=\"Annica\" \/>\n\t<meta name=\"twitter:label2\" content=\"Est. reading time\" \/>\n\t<meta name=\"twitter:data2\" content=\"6 minutes\" \/>\n<script type=\"application\/ld+json\" class=\"yoast-schema-graph\">{\"@context\":\"https:\\\/\\\/schema.org\",\"@graph\":[{\"@type\":\"Article\",\"@id\":\"https:\\\/\\\/kultur.nu\\\/kanda-formgivare-sverige\\\/#article\",\"isPartOf\":{\"@id\":\"https:\\\/\\\/kultur.nu\\\/kanda-formgivare-sverige\\\/\"},\"author\":{\"name\":\"Annica\",\"@id\":\"https:\\\/\\\/kultur.nu\\\/#\\\/schema\\\/person\\\/cbafe9491d5ea09a25eace8883923b2c\"},\"headline\":\"K\u00e4nda formgivare i Sverige som f\u00f6r\u00e4ndrat designv\u00e4rlden\",\"datePublished\":\"2025-08-17T10:15:05+00:00\",\"dateModified\":\"2025-08-25T10:22:02+00:00\",\"mainEntityOfPage\":{\"@id\":\"https:\\\/\\\/kultur.nu\\\/kanda-formgivare-sverige\\\/\"},\"wordCount\":1178,\"commentCount\":0,\"publisher\":{\"@id\":\"https:\\\/\\\/kultur.nu\\\/#organization\"},\"image\":{\"@id\":\"https:\\\/\\\/kultur.nu\\\/kanda-formgivare-sverige\\\/#primaryimage\"},\"thumbnailUrl\":\"https:\\\/\\\/kultur.nu\\\/wp-content\\\/uploads\\\/2025\\\/08\\\/image58.webp\",\"articleSection\":[\"Aktuellt\"],\"inLanguage\":\"en-US\",\"potentialAction\":[{\"@type\":\"CommentAction\",\"name\":\"Comment\",\"target\":[\"https:\\\/\\\/kultur.nu\\\/kanda-formgivare-sverige\\\/#respond\"]}]},{\"@type\":\"WebPage\",\"@id\":\"https:\\\/\\\/kultur.nu\\\/kanda-formgivare-sverige\\\/\",\"url\":\"https:\\\/\\\/kultur.nu\\\/kanda-formgivare-sverige\\\/\",\"name\":\"K\u00e4nda formgivare i Sverige som f\u00f6r\u00e4ndrat designv\u00e4rlden - Kultur i Sverige\",\"isPartOf\":{\"@id\":\"https:\\\/\\\/kultur.nu\\\/#website\"},\"primaryImageOfPage\":{\"@id\":\"https:\\\/\\\/kultur.nu\\\/kanda-formgivare-sverige\\\/#primaryimage\"},\"image\":{\"@id\":\"https:\\\/\\\/kultur.nu\\\/kanda-formgivare-sverige\\\/#primaryimage\"},\"thumbnailUrl\":\"https:\\\/\\\/kultur.nu\\\/wp-content\\\/uploads\\\/2025\\\/08\\\/image58.webp\",\"datePublished\":\"2025-08-17T10:15:05+00:00\",\"dateModified\":\"2025-08-25T10:22:02+00:00\",\"breadcrumb\":{\"@id\":\"https:\\\/\\\/kultur.nu\\\/kanda-formgivare-sverige\\\/#breadcrumb\"},\"inLanguage\":\"en-US\",\"potentialAction\":[{\"@type\":\"ReadAction\",\"target\":[\"https:\\\/\\\/kultur.nu\\\/kanda-formgivare-sverige\\\/\"]}]},{\"@type\":\"ImageObject\",\"inLanguage\":\"en-US\",\"@id\":\"https:\\\/\\\/kultur.nu\\\/kanda-formgivare-sverige\\\/#primaryimage\",\"url\":\"https:\\\/\\\/kultur.nu\\\/wp-content\\\/uploads\\\/2025\\\/08\\\/image58.webp\",\"contentUrl\":\"https:\\\/\\\/kultur.nu\\\/wp-content\\\/uploads\\\/2025\\\/08\\\/image58.webp\",\"width\":1200,\"height\":600,\"caption\":\"k\u00e4nda formgivare sverige\"},{\"@type\":\"BreadcrumbList\",\"@id\":\"https:\\\/\\\/kultur.nu\\\/kanda-formgivare-sverige\\\/#breadcrumb\",\"itemListElement\":[{\"@type\":\"ListItem\",\"position\":1,\"name\":\"Hem\",\"item\":\"https:\\\/\\\/kultur.nu\\\/\"},{\"@type\":\"ListItem\",\"position\":2,\"name\":\"K\u00e4nda formgivare i Sverige som f\u00f6r\u00e4ndrat designv\u00e4rlden\"}]},{\"@type\":\"WebSite\",\"@id\":\"https:\\\/\\\/kultur.nu\\\/#website\",\"url\":\"https:\\\/\\\/kultur.nu\\\/\",\"name\":\"Kultur i Sverige\",\"description\":\"\",\"publisher\":{\"@id\":\"https:\\\/\\\/kultur.nu\\\/#organization\"},\"potentialAction\":[{\"@type\":\"SearchAction\",\"target\":{\"@type\":\"EntryPoint\",\"urlTemplate\":\"https:\\\/\\\/kultur.nu\\\/?s={search_term_string}\"},\"query-input\":{\"@type\":\"PropertyValueSpecification\",\"valueRequired\":true,\"valueName\":\"search_term_string\"}}],\"inLanguage\":\"en-US\"},{\"@type\":\"Organization\",\"@id\":\"https:\\\/\\\/kultur.nu\\\/#organization\",\"name\":\"Kultur i Sverige\",\"url\":\"https:\\\/\\\/kultur.nu\\\/\",\"logo\":{\"@type\":\"ImageObject\",\"inLanguage\":\"en-US\",\"@id\":\"https:\\\/\\\/kultur.nu\\\/#\\\/schema\\\/logo\\\/image\\\/\",\"url\":\"https:\\\/\\\/kultur.nu\\\/wp-content\\\/uploads\\\/2025\\\/10\\\/cropped-Kultur.nu-logo.webp\",\"contentUrl\":\"https:\\\/\\\/kultur.nu\\\/wp-content\\\/uploads\\\/2025\\\/10\\\/cropped-Kultur.nu-logo.webp\",\"width\":510,\"height\":95,\"caption\":\"Kultur i Sverige\"},\"image\":{\"@id\":\"https:\\\/\\\/kultur.nu\\\/#\\\/schema\\\/logo\\\/image\\\/\"}},{\"@type\":\"Person\",\"@id\":\"https:\\\/\\\/kultur.nu\\\/#\\\/schema\\\/person\\\/cbafe9491d5ea09a25eace8883923b2c\",\"name\":\"Annica\",\"image\":{\"@type\":\"ImageObject\",\"inLanguage\":\"en-US\",\"@id\":\"https:\\\/\\\/secure.gravatar.com\\\/avatar\\\/d78c2d842df13ded689c841d90a91fd72f6cc9e7250f7066a537c14f82302546?s=96&d=mm&r=g\",\"url\":\"https:\\\/\\\/secure.gravatar.com\\\/avatar\\\/d78c2d842df13ded689c841d90a91fd72f6cc9e7250f7066a537c14f82302546?s=96&d=mm&r=g\",\"contentUrl\":\"https:\\\/\\\/secure.gravatar.com\\\/avatar\\\/d78c2d842df13ded689c841d90a91fd72f6cc9e7250f7066a537c14f82302546?s=96&d=mm&r=g\",\"caption\":\"Annica\"},\"description\":\"Annika Axelsson \u00e4r kulturskribent p\u00e5 Kultur.nu, d\u00e4r hon skriver om litteratur, film, teater, konst och samtida kulturdebatt. Hon har ett s\u00e4rskilt intresse f\u00f6r hur kultur speglar samh\u00e4llsf\u00f6r\u00e4ndringar, identitet och vardagslivet. Annika har studerat litteraturvetenskap och kulturjournalistik vid Stockholms universitet. Hon har \u00e4ven l\u00e4st konstvetenskap och medievetenskap, vilket ger henne en bred grund n\u00e4r hon analyserar b\u00e5de klassiska verk och moderna kulturuttryck. P\u00e5 Kultur.nu skriver Annika fr\u00e4mst recensioner, f\u00f6rdjupande artiklar och personliga kr\u00f6nikor. Hon bevakar nya b\u00f6cker, uppm\u00e4rksammade teaterf\u00f6rest\u00e4llningar, filmfestivaler, utst\u00e4llningar och aktuella kulturh\u00e4ndelser. Hennes texter k\u00e4nnetecknas av ett nyfiket, kunnigt och tillg\u00e4ngligt spr\u00e5k, d\u00e4r hon vill g\u00f6ra kultur l\u00e4ttare att f\u00f6rst\u00e5 utan att f\u00f6renkla den. Hon har tidigare arbetat med redaktionellt inneh\u00e5ll, intervjuer och kulturbevakning f\u00f6r b\u00e5de digitala magasin och lokala publikationer. I sitt skrivande \u00e5terkommer hon ofta till fr\u00e5gor om ber\u00e4ttande, kreativitet, klass, k\u00f6nsroller och kulturens plats i det moderna samh\u00e4llet.\",\"sameAs\":[\"https:\\\/\\\/kultur.nu\"],\"url\":\"https:\\\/\\\/kultur.nu\\\/en\\\/author\\\/annica\\\/\"}]}<\/script>\n<!-- \/ Yoast SEO plugin. -->","yoast_head_json":{"title":"K\u00e4nda formgivare i Sverige som f\u00f6r\u00e4ndrat designv\u00e4rlden - Kultur i Sverige","robots":{"index":"index","follow":"follow","max-snippet":"max-snippet:-1","max-image-preview":"max-image-preview:large","max-video-preview":"max-video-preview:-1"},"canonical":"https:\/\/kultur.nu\/en\/kanda-formgivare-sverige\/","og_locale":"en_US","og_type":"article","og_title":"K\u00e4nda formgivare i Sverige som f\u00f6r\u00e4ndrat designv\u00e4rlden - Kultur i Sverige","og_description":"Sverige har l\u00e4nge varit en av v\u00e4rldens starkaste krafter inom m\u00f6beldesign och inredning. H\u00e4r har&hellip;","og_url":"https:\/\/kultur.nu\/en\/kanda-formgivare-sverige\/","og_site_name":"Kultur i Sverige","article_published_time":"2025-08-17T10:15:05+00:00","article_modified_time":"2025-08-25T10:22:02+00:00","og_image":[{"width":1200,"height":600,"url":"https:\/\/kultur.nu\/wp-content\/uploads\/2025\/08\/image58.webp","type":"image\/webp"}],"author":"Annica","twitter_card":"summary_large_image","twitter_misc":{"Written by":"Annica","Est. reading time":"6 minutes"},"schema":{"@context":"https:\/\/schema.org","@graph":[{"@type":"Article","@id":"https:\/\/kultur.nu\/kanda-formgivare-sverige\/#article","isPartOf":{"@id":"https:\/\/kultur.nu\/kanda-formgivare-sverige\/"},"author":{"name":"Annica","@id":"https:\/\/kultur.nu\/#\/schema\/person\/cbafe9491d5ea09a25eace8883923b2c"},"headline":"K\u00e4nda formgivare i Sverige som f\u00f6r\u00e4ndrat designv\u00e4rlden","datePublished":"2025-08-17T10:15:05+00:00","dateModified":"2025-08-25T10:22:02+00:00","mainEntityOfPage":{"@id":"https:\/\/kultur.nu\/kanda-formgivare-sverige\/"},"wordCount":1178,"commentCount":0,"publisher":{"@id":"https:\/\/kultur.nu\/#organization"},"image":{"@id":"https:\/\/kultur.nu\/kanda-formgivare-sverige\/#primaryimage"},"thumbnailUrl":"https:\/\/kultur.nu\/wp-content\/uploads\/2025\/08\/image58.webp","articleSection":["Aktuellt"],"inLanguage":"en-US","potentialAction":[{"@type":"CommentAction","name":"Comment","target":["https:\/\/kultur.nu\/kanda-formgivare-sverige\/#respond"]}]},{"@type":"WebPage","@id":"https:\/\/kultur.nu\/kanda-formgivare-sverige\/","url":"https:\/\/kultur.nu\/kanda-formgivare-sverige\/","name":"K\u00e4nda formgivare i Sverige som f\u00f6r\u00e4ndrat designv\u00e4rlden - Kultur i Sverige","isPartOf":{"@id":"https:\/\/kultur.nu\/#website"},"primaryImageOfPage":{"@id":"https:\/\/kultur.nu\/kanda-formgivare-sverige\/#primaryimage"},"image":{"@id":"https:\/\/kultur.nu\/kanda-formgivare-sverige\/#primaryimage"},"thumbnailUrl":"https:\/\/kultur.nu\/wp-content\/uploads\/2025\/08\/image58.webp","datePublished":"2025-08-17T10:15:05+00:00","dateModified":"2025-08-25T10:22:02+00:00","breadcrumb":{"@id":"https:\/\/kultur.nu\/kanda-formgivare-sverige\/#breadcrumb"},"inLanguage":"en-US","potentialAction":[{"@type":"ReadAction","target":["https:\/\/kultur.nu\/kanda-formgivare-sverige\/"]}]},{"@type":"ImageObject","inLanguage":"en-US","@id":"https:\/\/kultur.nu\/kanda-formgivare-sverige\/#primaryimage","url":"https:\/\/kultur.nu\/wp-content\/uploads\/2025\/08\/image58.webp","contentUrl":"https:\/\/kultur.nu\/wp-content\/uploads\/2025\/08\/image58.webp","width":1200,"height":600,"caption":"k\u00e4nda formgivare sverige"},{"@type":"BreadcrumbList","@id":"https:\/\/kultur.nu\/kanda-formgivare-sverige\/#breadcrumb","itemListElement":[{"@type":"ListItem","position":1,"name":"Hem","item":"https:\/\/kultur.nu\/"},{"@type":"ListItem","position":2,"name":"K\u00e4nda formgivare i Sverige som f\u00f6r\u00e4ndrat designv\u00e4rlden"}]},{"@type":"WebSite","@id":"https:\/\/kultur.nu\/#website","url":"https:\/\/kultur.nu\/","name":"Kultur i Sverige","description":"","publisher":{"@id":"https:\/\/kultur.nu\/#organization"},"potentialAction":[{"@type":"SearchAction","target":{"@type":"EntryPoint","urlTemplate":"https:\/\/kultur.nu\/?s={search_term_string}"},"query-input":{"@type":"PropertyValueSpecification","valueRequired":true,"valueName":"search_term_string"}}],"inLanguage":"en-US"},{"@type":"Organization","@id":"https:\/\/kultur.nu\/#organization","name":"Kultur i Sverige","url":"https:\/\/kultur.nu\/","logo":{"@type":"ImageObject","inLanguage":"en-US","@id":"https:\/\/kultur.nu\/#\/schema\/logo\/image\/","url":"https:\/\/kultur.nu\/wp-content\/uploads\/2025\/10\/cropped-Kultur.nu-logo.webp","contentUrl":"https:\/\/kultur.nu\/wp-content\/uploads\/2025\/10\/cropped-Kultur.nu-logo.webp","width":510,"height":95,"caption":"Kultur i Sverige"},"image":{"@id":"https:\/\/kultur.nu\/#\/schema\/logo\/image\/"}},{"@type":"Person","@id":"https:\/\/kultur.nu\/#\/schema\/person\/cbafe9491d5ea09a25eace8883923b2c","name":"Annica","image":{"@type":"ImageObject","inLanguage":"en-US","@id":"https:\/\/secure.gravatar.com\/avatar\/d78c2d842df13ded689c841d90a91fd72f6cc9e7250f7066a537c14f82302546?s=96&d=mm&r=g","url":"https:\/\/secure.gravatar.com\/avatar\/d78c2d842df13ded689c841d90a91fd72f6cc9e7250f7066a537c14f82302546?s=96&d=mm&r=g","contentUrl":"https:\/\/secure.gravatar.com\/avatar\/d78c2d842df13ded689c841d90a91fd72f6cc9e7250f7066a537c14f82302546?s=96&d=mm&r=g","caption":"Annica"},"description":"Annika Axelsson \u00e4r kulturskribent p\u00e5 Kultur.nu, d\u00e4r hon skriver om litteratur, film, teater, konst och samtida kulturdebatt. Hon har ett s\u00e4rskilt intresse f\u00f6r hur kultur speglar samh\u00e4llsf\u00f6r\u00e4ndringar, identitet och vardagslivet. Annika har studerat litteraturvetenskap och kulturjournalistik vid Stockholms universitet. Hon har \u00e4ven l\u00e4st konstvetenskap och medievetenskap, vilket ger henne en bred grund n\u00e4r hon analyserar b\u00e5de klassiska verk och moderna kulturuttryck. P\u00e5 Kultur.nu skriver Annika fr\u00e4mst recensioner, f\u00f6rdjupande artiklar och personliga kr\u00f6nikor. Hon bevakar nya b\u00f6cker, uppm\u00e4rksammade teaterf\u00f6rest\u00e4llningar, filmfestivaler, utst\u00e4llningar och aktuella kulturh\u00e4ndelser. Hennes texter k\u00e4nnetecknas av ett nyfiket, kunnigt och tillg\u00e4ngligt spr\u00e5k, d\u00e4r hon vill g\u00f6ra kultur l\u00e4ttare att f\u00f6rst\u00e5 utan att f\u00f6renkla den. Hon har tidigare arbetat med redaktionellt inneh\u00e5ll, intervjuer och kulturbevakning f\u00f6r b\u00e5de digitala magasin och lokala publikationer. I sitt skrivande \u00e5terkommer hon ofta till fr\u00e5gor om ber\u00e4ttande, kreativitet, klass, k\u00f6nsroller och kulturens plats i det moderna samh\u00e4llet.","sameAs":["https:\/\/kultur.nu"],"url":"https:\/\/kultur.nu\/en\/author\/annica\/"}]}},"_links":{"self":[{"href":"https:\/\/kultur.nu\/en\/wp-json\/wp\/v2\/posts\/668","targetHints":{"allow":["GET"]}}],"collection":[{"href":"https:\/\/kultur.nu\/en\/wp-json\/wp\/v2\/posts"}],"about":[{"href":"https:\/\/kultur.nu\/en\/wp-json\/wp\/v2\/types\/post"}],"author":[{"embeddable":true,"href":"https:\/\/kultur.nu\/en\/wp-json\/wp\/v2\/users\/1"}],"replies":[{"embeddable":true,"href":"https:\/\/kultur.nu\/en\/wp-json\/wp\/v2\/comments?post=668"}],"version-history":[{"count":2,"href":"https:\/\/kultur.nu\/en\/wp-json\/wp\/v2\/posts\/668\/revisions"}],"predecessor-version":[{"id":673,"href":"https:\/\/kultur.nu\/en\/wp-json\/wp\/v2\/posts\/668\/revisions\/673"}],"wp:featuredmedia":[{"embeddable":true,"href":"https:\/\/kultur.nu\/en\/wp-json\/wp\/v2\/media\/669"}],"wp:attachment":[{"href":"https:\/\/kultur.nu\/en\/wp-json\/wp\/v2\/media?parent=668"}],"wp:term":[{"taxonomy":"category","embeddable":true,"href":"https:\/\/kultur.nu\/en\/wp-json\/wp\/v2\/categories?post=668"},{"taxonomy":"post_tag","embeddable":true,"href":"https:\/\/kultur.nu\/en\/wp-json\/wp\/v2\/tags?post=668"}],"curies":[{"name":"wp","href":"https:\/\/api.w.org\/{rel}","templated":true}]}}