{"id":674,"date":"2025-08-26T13:01:55","date_gmt":"2025-08-26T11:01:55","guid":{"rendered":"https:\/\/kultur.nu\/?p=674"},"modified":"2025-08-26T13:02:07","modified_gmt":"2025-08-26T11:02:07","slug":"sara-kulturhus","status":"publish","type":"post","link":"https:\/\/kultur.nu\/en\/sara-kulturhus\/","title":{"rendered":"Sara kulturhus \u2013 en plats d\u00e4r kultur, arkitektur och upplevelser m\u00f6ts"},"content":{"rendered":"<p>Sara kulturhus i Skellefte\u00e5 har snabbt blivit en av Sveriges mest omtalade kultur- och m\u00f6tesplatser. H\u00e4r blandas <a href=\"https:\/\/kultur.nu\/en\/konst\/\">konst<\/a>, teater, <a href=\"https:\/\/kultur.nu\/en\/litteratur_och_sprak\/\">litteratur<\/a> och <a href=\"https:\/\/kultur.nu\/en\/musik\/\">musik<\/a> med hotell, restauranger och spektakul\u00e4r <a href=\"https:\/\/kultur.nu\/en\/arkitektur\/\">arkitektur<\/a> \u2013 allt under samma tak. <a href=\"https:\/\/kultur.nu\/en\/kulturhuset\/\">Kulturhuset<\/a> invigdes i september 2021 och har sedan dess lockat b\u00e5de lokalbor och bes\u00f6kare fr\u00e5n hela landet. Det h\u00e4r \u00e4r platsen d\u00e4r Skellefte\u00e5s historia m\u00f6ter framtidens innovation, och du f\u00e5r uppleva hur kreativitet och h\u00e5llbarhet sm\u00e4lter samman i ett av Europas h\u00f6gsta tr\u00e4hus.<\/p>\n<h2>Sara kulturhus i Skellefte\u00e5 \u2013 stadens nya landm\u00e4rke<\/h2>\n<p>Mitt i hj\u00e4rtat av Skellefte\u00e5, mellan Torget och det nya resecentrumet, ligger Sara kulturhus som en central samlingspunkt. Med sina 20 v\u00e5ningar och 80 meters h\u00f6jd \u00e4r byggnaden inte bara en kulturell m\u00f6tesplats, utan ocks\u00e5 ett arkitektoniskt m\u00e4sterverk. Det \u00e4r ett av Europas h\u00f6gsta tr\u00e4hus och har snabbt blivit ett landm\u00e4rke f\u00f6r staden. Byggnaden \u00e4r ritad av White <a href=\"https:\/\/kultur.nu\/en\/arkitektur\/arkitekter\/\">Arkitekter<\/a> och har f\u00e5tt flera internationella utm\u00e4rkelser f\u00f6r sin innovativa och h\u00e5llbara <a href=\"https:\/\/kultur.nu\/en\/design\/\">design<\/a>.<\/p>\n<p>H\u00e4r m\u00f6ts Skellefte\u00e5s stolta tr\u00e4tradition och modern ingenj\u00f6rskonst. \u00d6ver 10 000 kubikmeter korslimmat tr\u00e4 har anv\u00e4nts, vilket g\u00f6r kulturhuset till ett av v\u00e4rldens mest ambiti\u00f6sa tr\u00e4byggnadsprojekt. Den glasade fasaden speglar himlen och g\u00f6r att tornet n\u00e4stan sv\u00e4var \u00f6ver stadsbilden, samtidigt som insidans imponerande tr\u00e4tak syns tydligt f\u00f6r f\u00f6rbipasserande.<\/p>\n<h2>Upplevelser och evenemang f\u00f6r alla<\/h2>\n<p>Oavsett om du gillar teater, musik, konst eller litteratur finns det n\u00e5got f\u00f6r dig p\u00e5 Sara kulturhus. H\u00e4r samsas flera verksamheter under samma tak, och variationen i utbudet g\u00f6r det till en plats som st\u00e4ndigt bjuder p\u00e5 nya upplevelser. F\u00f6rutom Skellefte\u00e5 konsthall, <a href=\"https:\/\/kultur.nu\/en\/museer\/\">Museum<\/a> Anna Nordlander och stadsbiblioteket \u00e4r V\u00e4sterbottensteatern en central del av huset. Det inneb\u00e4r att du kan njuta av allt fr\u00e5n konstutst\u00e4llningar till teaterpremi\u00e4rer p\u00e5 en och samma dag.<\/p>\n<p>N\u00e4r det g\u00e4ller Sara kulturhus evenemang \u00e4r kalendern fylld \u00e5ret runt. H\u00e4r arrangeras konserter, f\u00f6rel\u00e4sningar, filmvisningar, boklanseringar och kreativa workshops. Det \u00e4r en perfekt plats f\u00f6r b\u00e5de kulturellt intresserade och nyfikna bes\u00f6kare som vill uppt\u00e4cka n\u00e5got nytt.<\/p>\n<h3>Musik och scenkonst<\/h3>\n<p>I huset finns sex olika scener d\u00e4r konserter och f\u00f6rest\u00e4llningar avl\u00f6ser varandra. Programmet varierar fr\u00e5n klassiska teaterupps\u00e4ttningar till modern <a href=\"https:\/\/kultur.nu\/en\/dans\/\">dans<\/a> och experimentell musik.<\/p>\n<h3>Konst och utst\u00e4llningar<\/h3>\n<p>Skellefte\u00e5 konsthall st\u00e4ller ut b\u00e5de lokala och internationella <a href=\"https:\/\/kultur.nu\/en\/konst\/konstnarer\/\">konstn\u00e4rer<\/a>. Det finns ocks\u00e5 tillf\u00e4lliga utst\u00e4llningar som lockar konst\u00e4lskare fr\u00e5n hela landet.<\/p>\n<h3>Litteratur och skapande<\/h3>\n<p>Stadsbiblioteket har en \u00f6ppen och inbjudande planl\u00f6sning d\u00e4r du kan l\u00e4sa, studera eller delta i kreativa skrivkurser. Kulturhuset arrangerar dessutom litteraturevenemang d\u00e4r du kan tr\u00e4ffa <a href=\"https:\/\/kultur.nu\/en\/litteratur_och_sprak\/forfattare\/\">f\u00f6rfattare<\/a> och delta i samtal.<\/p>\n<h2>Arkitektur som hyllar tr\u00e4byggnadskonst<\/h2>\n<p>En av de mest fascinerande aspekterna med Sara kulturhus \u00e4r dess unika arkitektur. Huset \u00e4r byggt n\u00e4stan helt i tr\u00e4 och \u00e4r ett tydligt exempel p\u00e5 Skellefte\u00e5s l\u00e5nga tradition av tr\u00e4byggande. White Arkitekter vann en internationell t\u00e4vling med sitt f\u00f6rslag \u201dSida vid sida\u201d, som symboliserar hur <a href=\"https:\/\/kultur.nu\/en\/\">kultur<\/a>, m\u00e4nniskor och kreativitet ska m\u00f6tas under samma tak.<\/p>\n<p>Materialen \u00e4r h\u00e4mtade fr\u00e5n den lokala tr\u00e4industrin, vilket g\u00f6r huset till en f\u00f6rebild inom h\u00e5llbar design. Prefabricerade tr\u00e4moduler har kombinerats med en glasad fasad som skapar en ljus och \u00f6ppen atmosf\u00e4r. Tornets konstruktion g\u00f6r att byggnaden klarar Skellefte\u00e5s h\u00e5rda klimat samtidigt som den \u00e4r energieffektiv och milj\u00f6v\u00e4nlig.<\/p>\n<p><img loading=\"lazy\" decoding=\"async\" class=\"alignnone size-full wp-image-676\" src=\"https:\/\/kultur.nu\/wp-content\/uploads\/2025\/08\/image63.webp\" alt=\"Arkitektur som hyllar tr\u00e4byggnadskonst\" width=\"820\" height=\"547\" srcset=\"https:\/\/kultur.nu\/wp-content\/uploads\/2025\/08\/image63.webp 820w, https:\/\/kultur.nu\/wp-content\/uploads\/2025\/08\/image63-300x200.webp 300w, https:\/\/kultur.nu\/wp-content\/uploads\/2025\/08\/image63-768x512.webp 768w\" sizes=\"auto, (max-width: 820px) 100vw, 820px\" \/><\/p>\n<h2>Hotellupplevelse med utsikt \u00f6ver staden<\/h2>\n<p>Sara kulturhus rymmer inte bara kulturverksamheter \u2013 h\u00e4r finns ocks\u00e5 ett modernt hotell som drivs av Elite Hotels. Hotellet upptar 10 000 kvadratmeter och har drygt 200 rum med panoramautsikt \u00f6ver Skellefte\u00e5 och dess omgivningar. G\u00e4sterna har tillg\u00e5ng till restaurang, bar, kaf\u00e9, gym och m\u00f6tesutrymmen, vilket g\u00f6r det till en popul\u00e4r plats f\u00f6r b\u00e5de turister och aff\u00e4rsresen\u00e4rer.<\/p>\n<p>En av h\u00f6jdpunkterna \u00e4r den glasade fasaden som g\u00f6r att du kan njuta av utsikten fr\u00e5n n\u00e4stan alla rum. Det finns \u00e4ven \u00f6ppna taklandskap f\u00f6r bes\u00f6kare som vill uppleva staden fr\u00e5n ovan och koppla av bland gr\u00f6na ytor mitt i stadsk\u00e4rnan.<\/p>\n<h2>Sara kulturhus Leif och Billy \u2013 humor p\u00e5 hemmaplan<\/h2>\n<p>En av de mest popul\u00e4ra showerna p\u00e5 Sara kulturhus har varit f\u00f6rest\u00e4llningen med Leif och Billy, duon k\u00e4nd fr\u00e5n SVT:s komediserie. Deras upptr\u00e4danden lockar fullsatta salonger och visar tydligt hur kulturhuset lyckas kombinera bred underh\u00e5llning med lokal f\u00f6rankring. Humor, musik och interaktion med publiken g\u00f6r dessa evenemang till n\u00e5got extra f\u00f6r alla som uppskattar norrl\u00e4ndsk charm.<\/p>\n<p>F\u00f6rest\u00e4llningarna med Leif och Billy \u00e4r bara ett exempel p\u00e5 hur huset lyckas skapa en balans mellan lokal kultur och nationell underh\u00e5llning. Det \u00e4r ocks\u00e5 ett bevis p\u00e5 hur Sara kulturhus blivit en naturlig m\u00f6tesplats f\u00f6r m\u00e4nniskor med olika intressen.<\/p>\n<h2>Restauranger och matupplevelser i kulturhuset<\/h2>\n<p>Ett bes\u00f6k p\u00e5 Sara kulturhus \u00e4r inte komplett utan att utforska matutbudet. H\u00e4r hittar du b\u00e5de moderna restauranger och mysiga kaf\u00e9er. Restaurangen erbjuder en meny inspirerad av lokala r\u00e5varor och V\u00e4sterbottens kulinariska <a href=\"https:\/\/kultur.nu\/en\/traditioner-i-sverige\/\">traditioner<\/a>, medan baren lockar med utsikt \u00f6ver stadens centrum.<\/p>\n<p>H\u00e4r \u00e4r n\u00e5gra saker som g\u00f6r matupplevelsen extra speciell:<\/p>\n<ul>\n<li>Lokala ingredienser fr\u00e5n V\u00e4sterbotten som lyfter menyerna<\/li>\n<li>S\u00e4songsanpassade r\u00e4tter som varierar under \u00e5ret<\/li>\n<li>En bar med panoramautsikt \u00f6ver staden<\/li>\n<\/ul>\n<p>Kombinationen av kultur, mat och atmosf\u00e4r g\u00f6r att du kan tillbringa en hel dag p\u00e5 Sara kulturhus utan att sakna n\u00e5got.<\/p>\n<p><img loading=\"lazy\" decoding=\"async\" class=\"alignnone size-full wp-image-677\" src=\"https:\/\/kultur.nu\/wp-content\/uploads\/2025\/08\/image64.webp\" alt=\"Restauranger och matupplevelser i kulturhuset\" width=\"1170\" height=\"658\" srcset=\"https:\/\/kultur.nu\/wp-content\/uploads\/2025\/08\/image64.webp 1170w, https:\/\/kultur.nu\/wp-content\/uploads\/2025\/08\/image64-300x169.webp 300w, https:\/\/kultur.nu\/wp-content\/uploads\/2025\/08\/image64-1024x576.webp 1024w, https:\/\/kultur.nu\/wp-content\/uploads\/2025\/08\/image64-768x432.webp 768w\" sizes=\"auto, (max-width: 1170px) 100vw, 1170px\" \/><\/p>\n<h2>En h\u00e5llbar och framtidss\u00e4krad m\u00f6tesplats<\/h2>\n<p>Sara kulturhus \u00e4r inte bara ett centrum f\u00f6r kultur och underh\u00e5llning, det \u00e4r ocks\u00e5 ett exempel p\u00e5 h\u00e5llbar stadsutveckling. Byggnaden har solceller p\u00e5 taket, energilagring i batterier och en konstruktion som fr\u00e4mjar l\u00e5ga koldioxidutsl\u00e4pp. Dessutom \u00e4r de flexibla lokalerna anpassade f\u00f6r framtidens behov, vilket g\u00f6r huset redo att m\u00f6ta nya kulturella och tekniska trender.<\/p>\n<p>Detta g\u00f6r kulturhuset till mer \u00e4n en byggnad \u2013 det \u00e4r en symbol f\u00f6r Skellefte\u00e5s ambitioner inom b\u00e5de kultur och h\u00e5llbarhet. Det \u00e4r just den kombinationen som g\u00f6r att allt fler vill uppleva Sara kulturhus i Skellefte\u00e5.<\/p>","protected":false},"excerpt":{"rendered":"<p>Sara kulturhus i Skellefte\u00e5 har snabbt blivit en av Sveriges mest omtalade kultur- och m\u00f6tesplatser.&hellip;<\/p>","protected":false},"author":1,"featured_media":675,"comment_status":"open","ping_status":"open","sticky":false,"template":"","format":"standard","meta":{"_yoast_wpseo_focuskw":"","_yoast_wpseo_title":"","_yoast_wpseo_metadesc":"","_yoast_wpseo_meta-robots-noindex":"","_yoast_wpseo_meta-robots-nofollow":"","_yoast_wpseo_canonical":"","_yoast_wpseo_opengraph-title":"","_yoast_wpseo_opengraph-description":"","_yoast_wpseo_twitter-title":"","_yoast_wpseo_twitter-description":"","footnotes":"","rank_math_description":"","rank_math_focus_keyword":"","rank_math_title":"","rank_math_canonical_url":"","rank_math_robots":"","rank_math_facebook_title":"","rank_math_facebook_description":"","rank_math_twitter_title":"","rank_math_twitter_description":""},"categories":[2],"tags":[],"class_list":["post-674","post","type-post","status-publish","format-standard","has-post-thumbnail","hentry","category-aktuellt"],"yoast_head":"<!-- This site is optimized with the Yoast SEO plugin v27.5 - https:\/\/yoast.com\/product\/yoast-seo-wordpress\/ -->\n<title>Sara kulturhus \u2013 en plats d\u00e4r kultur, arkitektur och upplevelser m\u00f6ts - Kultur i Sverige<\/title>\n<meta name=\"robots\" content=\"index, follow, max-snippet:-1, max-image-preview:large, max-video-preview:-1\" \/>\n<link rel=\"canonical\" href=\"https:\/\/kultur.nu\/en\/sara-kulturhus\/\" \/>\n<meta property=\"og:locale\" content=\"en_US\" \/>\n<meta property=\"og:type\" content=\"article\" \/>\n<meta property=\"og:title\" content=\"Sara kulturhus \u2013 en plats d\u00e4r kultur, arkitektur och upplevelser m\u00f6ts - Kultur i Sverige\" \/>\n<meta property=\"og:description\" content=\"Sara kulturhus i Skellefte\u00e5 har snabbt blivit en av Sveriges mest omtalade kultur- och m\u00f6tesplatser.&hellip;\" \/>\n<meta property=\"og:url\" content=\"https:\/\/kultur.nu\/en\/sara-kulturhus\/\" \/>\n<meta property=\"og:site_name\" content=\"Kultur i Sverige\" \/>\n<meta property=\"article:published_time\" content=\"2025-08-26T11:01:55+00:00\" \/>\n<meta property=\"article:modified_time\" content=\"2025-08-26T11:02:07+00:00\" \/>\n<meta property=\"og:image\" content=\"https:\/\/kultur.nu\/wp-content\/uploads\/2025\/08\/image62.webp\" \/>\n\t<meta property=\"og:image:width\" content=\"1200\" \/>\n\t<meta property=\"og:image:height\" content=\"674\" \/>\n\t<meta property=\"og:image:type\" content=\"image\/webp\" \/>\n<meta name=\"author\" content=\"Annica\" \/>\n<meta name=\"twitter:card\" content=\"summary_large_image\" \/>\n<meta name=\"twitter:label1\" content=\"Written by\" \/>\n\t<meta name=\"twitter:data1\" content=\"Annica\" \/>\n\t<meta name=\"twitter:label2\" content=\"Est. reading time\" \/>\n\t<meta name=\"twitter:data2\" content=\"5 minutes\" \/>\n<script type=\"application\/ld+json\" class=\"yoast-schema-graph\">{\"@context\":\"https:\\\/\\\/schema.org\",\"@graph\":[{\"@type\":\"Article\",\"@id\":\"https:\\\/\\\/kultur.nu\\\/sara-kulturhus\\\/#article\",\"isPartOf\":{\"@id\":\"https:\\\/\\\/kultur.nu\\\/sara-kulturhus\\\/\"},\"author\":{\"name\":\"Annica\",\"@id\":\"https:\\\/\\\/kultur.nu\\\/#\\\/schema\\\/person\\\/cbafe9491d5ea09a25eace8883923b2c\"},\"headline\":\"Sara kulturhus \u2013 en plats d\u00e4r kultur, arkitektur och upplevelser m\u00f6ts\",\"datePublished\":\"2025-08-26T11:01:55+00:00\",\"dateModified\":\"2025-08-26T11:02:07+00:00\",\"mainEntityOfPage\":{\"@id\":\"https:\\\/\\\/kultur.nu\\\/sara-kulturhus\\\/\"},\"wordCount\":1083,\"commentCount\":0,\"publisher\":{\"@id\":\"https:\\\/\\\/kultur.nu\\\/#organization\"},\"image\":{\"@id\":\"https:\\\/\\\/kultur.nu\\\/sara-kulturhus\\\/#primaryimage\"},\"thumbnailUrl\":\"https:\\\/\\\/kultur.nu\\\/wp-content\\\/uploads\\\/2025\\\/08\\\/image62.webp\",\"articleSection\":[\"Aktuellt\"],\"inLanguage\":\"en-US\",\"potentialAction\":[{\"@type\":\"CommentAction\",\"name\":\"Comment\",\"target\":[\"https:\\\/\\\/kultur.nu\\\/sara-kulturhus\\\/#respond\"]}]},{\"@type\":\"WebPage\",\"@id\":\"https:\\\/\\\/kultur.nu\\\/sara-kulturhus\\\/\",\"url\":\"https:\\\/\\\/kultur.nu\\\/sara-kulturhus\\\/\",\"name\":\"Sara kulturhus \u2013 en plats d\u00e4r kultur, arkitektur och upplevelser m\u00f6ts - Kultur i Sverige\",\"isPartOf\":{\"@id\":\"https:\\\/\\\/kultur.nu\\\/#website\"},\"primaryImageOfPage\":{\"@id\":\"https:\\\/\\\/kultur.nu\\\/sara-kulturhus\\\/#primaryimage\"},\"image\":{\"@id\":\"https:\\\/\\\/kultur.nu\\\/sara-kulturhus\\\/#primaryimage\"},\"thumbnailUrl\":\"https:\\\/\\\/kultur.nu\\\/wp-content\\\/uploads\\\/2025\\\/08\\\/image62.webp\",\"datePublished\":\"2025-08-26T11:01:55+00:00\",\"dateModified\":\"2025-08-26T11:02:07+00:00\",\"breadcrumb\":{\"@id\":\"https:\\\/\\\/kultur.nu\\\/sara-kulturhus\\\/#breadcrumb\"},\"inLanguage\":\"en-US\",\"potentialAction\":[{\"@type\":\"ReadAction\",\"target\":[\"https:\\\/\\\/kultur.nu\\\/sara-kulturhus\\\/\"]}]},{\"@type\":\"ImageObject\",\"inLanguage\":\"en-US\",\"@id\":\"https:\\\/\\\/kultur.nu\\\/sara-kulturhus\\\/#primaryimage\",\"url\":\"https:\\\/\\\/kultur.nu\\\/wp-content\\\/uploads\\\/2025\\\/08\\\/image62.webp\",\"contentUrl\":\"https:\\\/\\\/kultur.nu\\\/wp-content\\\/uploads\\\/2025\\\/08\\\/image62.webp\",\"width\":1200,\"height\":674,\"caption\":\"Sara kulturhus \u2013 en plats d\u00e4r kultur, arkitektur och upplevelser m\u00f6ts\"},{\"@type\":\"BreadcrumbList\",\"@id\":\"https:\\\/\\\/kultur.nu\\\/sara-kulturhus\\\/#breadcrumb\",\"itemListElement\":[{\"@type\":\"ListItem\",\"position\":1,\"name\":\"Hem\",\"item\":\"https:\\\/\\\/kultur.nu\\\/\"},{\"@type\":\"ListItem\",\"position\":2,\"name\":\"Sara kulturhus \u2013 en plats d\u00e4r kultur, arkitektur och upplevelser m\u00f6ts\"}]},{\"@type\":\"WebSite\",\"@id\":\"https:\\\/\\\/kultur.nu\\\/#website\",\"url\":\"https:\\\/\\\/kultur.nu\\\/\",\"name\":\"Kultur i Sverige\",\"description\":\"\",\"publisher\":{\"@id\":\"https:\\\/\\\/kultur.nu\\\/#organization\"},\"potentialAction\":[{\"@type\":\"SearchAction\",\"target\":{\"@type\":\"EntryPoint\",\"urlTemplate\":\"https:\\\/\\\/kultur.nu\\\/?s={search_term_string}\"},\"query-input\":{\"@type\":\"PropertyValueSpecification\",\"valueRequired\":true,\"valueName\":\"search_term_string\"}}],\"inLanguage\":\"en-US\"},{\"@type\":\"Organization\",\"@id\":\"https:\\\/\\\/kultur.nu\\\/#organization\",\"name\":\"Kultur i Sverige\",\"url\":\"https:\\\/\\\/kultur.nu\\\/\",\"logo\":{\"@type\":\"ImageObject\",\"inLanguage\":\"en-US\",\"@id\":\"https:\\\/\\\/kultur.nu\\\/#\\\/schema\\\/logo\\\/image\\\/\",\"url\":\"https:\\\/\\\/kultur.nu\\\/wp-content\\\/uploads\\\/2025\\\/10\\\/cropped-Kultur.nu-logo.webp\",\"contentUrl\":\"https:\\\/\\\/kultur.nu\\\/wp-content\\\/uploads\\\/2025\\\/10\\\/cropped-Kultur.nu-logo.webp\",\"width\":510,\"height\":95,\"caption\":\"Kultur i Sverige\"},\"image\":{\"@id\":\"https:\\\/\\\/kultur.nu\\\/#\\\/schema\\\/logo\\\/image\\\/\"}},{\"@type\":\"Person\",\"@id\":\"https:\\\/\\\/kultur.nu\\\/#\\\/schema\\\/person\\\/cbafe9491d5ea09a25eace8883923b2c\",\"name\":\"Annica\",\"image\":{\"@type\":\"ImageObject\",\"inLanguage\":\"en-US\",\"@id\":\"https:\\\/\\\/secure.gravatar.com\\\/avatar\\\/d78c2d842df13ded689c841d90a91fd72f6cc9e7250f7066a537c14f82302546?s=96&d=mm&r=g\",\"url\":\"https:\\\/\\\/secure.gravatar.com\\\/avatar\\\/d78c2d842df13ded689c841d90a91fd72f6cc9e7250f7066a537c14f82302546?s=96&d=mm&r=g\",\"contentUrl\":\"https:\\\/\\\/secure.gravatar.com\\\/avatar\\\/d78c2d842df13ded689c841d90a91fd72f6cc9e7250f7066a537c14f82302546?s=96&d=mm&r=g\",\"caption\":\"Annica\"},\"description\":\"Annika Axelsson \u00e4r kulturskribent p\u00e5 Kultur.nu, d\u00e4r hon skriver om litteratur, film, teater, konst och samtida kulturdebatt. Hon har ett s\u00e4rskilt intresse f\u00f6r hur kultur speglar samh\u00e4llsf\u00f6r\u00e4ndringar, identitet och vardagslivet. Annika har studerat litteraturvetenskap och kulturjournalistik vid Stockholms universitet. Hon har \u00e4ven l\u00e4st konstvetenskap och medievetenskap, vilket ger henne en bred grund n\u00e4r hon analyserar b\u00e5de klassiska verk och moderna kulturuttryck. P\u00e5 Kultur.nu skriver Annika fr\u00e4mst recensioner, f\u00f6rdjupande artiklar och personliga kr\u00f6nikor. Hon bevakar nya b\u00f6cker, uppm\u00e4rksammade teaterf\u00f6rest\u00e4llningar, filmfestivaler, utst\u00e4llningar och aktuella kulturh\u00e4ndelser. Hennes texter k\u00e4nnetecknas av ett nyfiket, kunnigt och tillg\u00e4ngligt spr\u00e5k, d\u00e4r hon vill g\u00f6ra kultur l\u00e4ttare att f\u00f6rst\u00e5 utan att f\u00f6renkla den. Hon har tidigare arbetat med redaktionellt inneh\u00e5ll, intervjuer och kulturbevakning f\u00f6r b\u00e5de digitala magasin och lokala publikationer. I sitt skrivande \u00e5terkommer hon ofta till fr\u00e5gor om ber\u00e4ttande, kreativitet, klass, k\u00f6nsroller och kulturens plats i det moderna samh\u00e4llet.\",\"sameAs\":[\"https:\\\/\\\/kultur.nu\"],\"url\":\"https:\\\/\\\/kultur.nu\\\/en\\\/author\\\/annica\\\/\"}]}<\/script>\n<!-- \/ Yoast SEO plugin. -->","yoast_head_json":{"title":"Sara kulturhus \u2013 en plats d\u00e4r kultur, arkitektur och upplevelser m\u00f6ts - Kultur i Sverige","robots":{"index":"index","follow":"follow","max-snippet":"max-snippet:-1","max-image-preview":"max-image-preview:large","max-video-preview":"max-video-preview:-1"},"canonical":"https:\/\/kultur.nu\/en\/sara-kulturhus\/","og_locale":"en_US","og_type":"article","og_title":"Sara kulturhus \u2013 en plats d\u00e4r kultur, arkitektur och upplevelser m\u00f6ts - Kultur i Sverige","og_description":"Sara kulturhus i Skellefte\u00e5 har snabbt blivit en av Sveriges mest omtalade kultur- och m\u00f6tesplatser.&hellip;","og_url":"https:\/\/kultur.nu\/en\/sara-kulturhus\/","og_site_name":"Kultur i Sverige","article_published_time":"2025-08-26T11:01:55+00:00","article_modified_time":"2025-08-26T11:02:07+00:00","og_image":[{"width":1200,"height":674,"url":"https:\/\/kultur.nu\/wp-content\/uploads\/2025\/08\/image62.webp","type":"image\/webp"}],"author":"Annica","twitter_card":"summary_large_image","twitter_misc":{"Written by":"Annica","Est. reading time":"5 minutes"},"schema":{"@context":"https:\/\/schema.org","@graph":[{"@type":"Article","@id":"https:\/\/kultur.nu\/sara-kulturhus\/#article","isPartOf":{"@id":"https:\/\/kultur.nu\/sara-kulturhus\/"},"author":{"name":"Annica","@id":"https:\/\/kultur.nu\/#\/schema\/person\/cbafe9491d5ea09a25eace8883923b2c"},"headline":"Sara kulturhus \u2013 en plats d\u00e4r kultur, arkitektur och upplevelser m\u00f6ts","datePublished":"2025-08-26T11:01:55+00:00","dateModified":"2025-08-26T11:02:07+00:00","mainEntityOfPage":{"@id":"https:\/\/kultur.nu\/sara-kulturhus\/"},"wordCount":1083,"commentCount":0,"publisher":{"@id":"https:\/\/kultur.nu\/#organization"},"image":{"@id":"https:\/\/kultur.nu\/sara-kulturhus\/#primaryimage"},"thumbnailUrl":"https:\/\/kultur.nu\/wp-content\/uploads\/2025\/08\/image62.webp","articleSection":["Aktuellt"],"inLanguage":"en-US","potentialAction":[{"@type":"CommentAction","name":"Comment","target":["https:\/\/kultur.nu\/sara-kulturhus\/#respond"]}]},{"@type":"WebPage","@id":"https:\/\/kultur.nu\/sara-kulturhus\/","url":"https:\/\/kultur.nu\/sara-kulturhus\/","name":"Sara kulturhus \u2013 en plats d\u00e4r kultur, arkitektur och upplevelser m\u00f6ts - Kultur i Sverige","isPartOf":{"@id":"https:\/\/kultur.nu\/#website"},"primaryImageOfPage":{"@id":"https:\/\/kultur.nu\/sara-kulturhus\/#primaryimage"},"image":{"@id":"https:\/\/kultur.nu\/sara-kulturhus\/#primaryimage"},"thumbnailUrl":"https:\/\/kultur.nu\/wp-content\/uploads\/2025\/08\/image62.webp","datePublished":"2025-08-26T11:01:55+00:00","dateModified":"2025-08-26T11:02:07+00:00","breadcrumb":{"@id":"https:\/\/kultur.nu\/sara-kulturhus\/#breadcrumb"},"inLanguage":"en-US","potentialAction":[{"@type":"ReadAction","target":["https:\/\/kultur.nu\/sara-kulturhus\/"]}]},{"@type":"ImageObject","inLanguage":"en-US","@id":"https:\/\/kultur.nu\/sara-kulturhus\/#primaryimage","url":"https:\/\/kultur.nu\/wp-content\/uploads\/2025\/08\/image62.webp","contentUrl":"https:\/\/kultur.nu\/wp-content\/uploads\/2025\/08\/image62.webp","width":1200,"height":674,"caption":"Sara kulturhus \u2013 en plats d\u00e4r kultur, arkitektur och upplevelser m\u00f6ts"},{"@type":"BreadcrumbList","@id":"https:\/\/kultur.nu\/sara-kulturhus\/#breadcrumb","itemListElement":[{"@type":"ListItem","position":1,"name":"Hem","item":"https:\/\/kultur.nu\/"},{"@type":"ListItem","position":2,"name":"Sara kulturhus \u2013 en plats d\u00e4r kultur, arkitektur och upplevelser m\u00f6ts"}]},{"@type":"WebSite","@id":"https:\/\/kultur.nu\/#website","url":"https:\/\/kultur.nu\/","name":"Kultur i Sverige","description":"","publisher":{"@id":"https:\/\/kultur.nu\/#organization"},"potentialAction":[{"@type":"SearchAction","target":{"@type":"EntryPoint","urlTemplate":"https:\/\/kultur.nu\/?s={search_term_string}"},"query-input":{"@type":"PropertyValueSpecification","valueRequired":true,"valueName":"search_term_string"}}],"inLanguage":"en-US"},{"@type":"Organization","@id":"https:\/\/kultur.nu\/#organization","name":"Kultur i Sverige","url":"https:\/\/kultur.nu\/","logo":{"@type":"ImageObject","inLanguage":"en-US","@id":"https:\/\/kultur.nu\/#\/schema\/logo\/image\/","url":"https:\/\/kultur.nu\/wp-content\/uploads\/2025\/10\/cropped-Kultur.nu-logo.webp","contentUrl":"https:\/\/kultur.nu\/wp-content\/uploads\/2025\/10\/cropped-Kultur.nu-logo.webp","width":510,"height":95,"caption":"Kultur i Sverige"},"image":{"@id":"https:\/\/kultur.nu\/#\/schema\/logo\/image\/"}},{"@type":"Person","@id":"https:\/\/kultur.nu\/#\/schema\/person\/cbafe9491d5ea09a25eace8883923b2c","name":"Annica","image":{"@type":"ImageObject","inLanguage":"en-US","@id":"https:\/\/secure.gravatar.com\/avatar\/d78c2d842df13ded689c841d90a91fd72f6cc9e7250f7066a537c14f82302546?s=96&d=mm&r=g","url":"https:\/\/secure.gravatar.com\/avatar\/d78c2d842df13ded689c841d90a91fd72f6cc9e7250f7066a537c14f82302546?s=96&d=mm&r=g","contentUrl":"https:\/\/secure.gravatar.com\/avatar\/d78c2d842df13ded689c841d90a91fd72f6cc9e7250f7066a537c14f82302546?s=96&d=mm&r=g","caption":"Annica"},"description":"Annika Axelsson \u00e4r kulturskribent p\u00e5 Kultur.nu, d\u00e4r hon skriver om litteratur, film, teater, konst och samtida kulturdebatt. Hon har ett s\u00e4rskilt intresse f\u00f6r hur kultur speglar samh\u00e4llsf\u00f6r\u00e4ndringar, identitet och vardagslivet. Annika har studerat litteraturvetenskap och kulturjournalistik vid Stockholms universitet. Hon har \u00e4ven l\u00e4st konstvetenskap och medievetenskap, vilket ger henne en bred grund n\u00e4r hon analyserar b\u00e5de klassiska verk och moderna kulturuttryck. P\u00e5 Kultur.nu skriver Annika fr\u00e4mst recensioner, f\u00f6rdjupande artiklar och personliga kr\u00f6nikor. Hon bevakar nya b\u00f6cker, uppm\u00e4rksammade teaterf\u00f6rest\u00e4llningar, filmfestivaler, utst\u00e4llningar och aktuella kulturh\u00e4ndelser. Hennes texter k\u00e4nnetecknas av ett nyfiket, kunnigt och tillg\u00e4ngligt spr\u00e5k, d\u00e4r hon vill g\u00f6ra kultur l\u00e4ttare att f\u00f6rst\u00e5 utan att f\u00f6renkla den. Hon har tidigare arbetat med redaktionellt inneh\u00e5ll, intervjuer och kulturbevakning f\u00f6r b\u00e5de digitala magasin och lokala publikationer. I sitt skrivande \u00e5terkommer hon ofta till fr\u00e5gor om ber\u00e4ttande, kreativitet, klass, k\u00f6nsroller och kulturens plats i det moderna samh\u00e4llet.","sameAs":["https:\/\/kultur.nu"],"url":"https:\/\/kultur.nu\/en\/author\/annica\/"}]}},"_links":{"self":[{"href":"https:\/\/kultur.nu\/en\/wp-json\/wp\/v2\/posts\/674","targetHints":{"allow":["GET"]}}],"collection":[{"href":"https:\/\/kultur.nu\/en\/wp-json\/wp\/v2\/posts"}],"about":[{"href":"https:\/\/kultur.nu\/en\/wp-json\/wp\/v2\/types\/post"}],"author":[{"embeddable":true,"href":"https:\/\/kultur.nu\/en\/wp-json\/wp\/v2\/users\/1"}],"replies":[{"embeddable":true,"href":"https:\/\/kultur.nu\/en\/wp-json\/wp\/v2\/comments?post=674"}],"version-history":[{"count":2,"href":"https:\/\/kultur.nu\/en\/wp-json\/wp\/v2\/posts\/674\/revisions"}],"predecessor-version":[{"id":679,"href":"https:\/\/kultur.nu\/en\/wp-json\/wp\/v2\/posts\/674\/revisions\/679"}],"wp:featuredmedia":[{"embeddable":true,"href":"https:\/\/kultur.nu\/en\/wp-json\/wp\/v2\/media\/675"}],"wp:attachment":[{"href":"https:\/\/kultur.nu\/en\/wp-json\/wp\/v2\/media?parent=674"}],"wp:term":[{"taxonomy":"category","embeddable":true,"href":"https:\/\/kultur.nu\/en\/wp-json\/wp\/v2\/categories?post=674"},{"taxonomy":"post_tag","embeddable":true,"href":"https:\/\/kultur.nu\/en\/wp-json\/wp\/v2\/tags?post=674"}],"curies":[{"name":"wp","href":"https:\/\/api.w.org\/{rel}","templated":true}]}}