{"id":680,"date":"2025-09-03T13:04:19","date_gmt":"2025-09-03T11:04:19","guid":{"rendered":"https:\/\/kultur.nu\/?p=680"},"modified":"2025-08-26T13:08:19","modified_gmt":"2025-08-26T11:08:19","slug":"samtidskonst","status":"publish","type":"post","link":"https:\/\/kultur.nu\/en\/samtidskonst\/","title":{"rendered":"Samtidskonst som f\u00f6r\u00e4ndrar hur vi ser v\u00e4rlden"},"content":{"rendered":"<p>Samtidskonst \u00e4r mer \u00e4n bara konstverk att titta p\u00e5 \u2013 det \u00e4r ett s\u00e4tt att f\u00f6rst\u00e5 v\u00e5r samtid, ifr\u00e5gas\u00e4tta normer och skapa nya perspektiv p\u00e5 v\u00e4rlden. Fr\u00e5n installationer som fyller hela rum till digitala projekt som bara existerar p\u00e5 n\u00e4tet, erbjuder samtidskonsten en enorm variation av uttryck. Men vad \u00e4r det egentligen som g\u00f6r samtidskonst unik, och varf\u00f6r v\u00e4cker den ofta s\u00e5 starka k\u00e4nslor?<\/p>\n<h2>Vad \u00e4r samtidskonst och varf\u00f6r v\u00e4cker den diskussion?<\/h2>\n<p>Samtidskonst handlar om <a href=\"https:\/\/kultur.nu\/en\/konst\/\">konst<\/a> som skapas i v\u00e5r egen tid och som ofta speglar de fr\u00e5gor, tankar och utmaningar som pr\u00e4glar dagens samh\u00e4lle. Det \u00e4r inte bundet till en s\u00e4rskild teknik eller stil \u2013 ist\u00e4llet \u00e4r det konstn\u00e4rens id\u00e9 som styr valet av material och uttryck. <a href=\"https:\/\/kultur.nu\/en\/konst\/konstnarer\/\">Konstn\u00e4rer<\/a> arbetar med allt fr\u00e5n traditionellt m\u00e5leri och skulptur till interaktiva installationer, <a href=\"https:\/\/kultur.nu\/en\/digital-konst\/\">digital konst<\/a> och performance.<\/p>\n<p>Till skillnad fr\u00e5n \u00e4ldre konst, som ofta fokuserade p\u00e5 hantverkets perfektion och estetisk sk\u00f6nhet, \u00e4r samtidskonsten mer intresserad av inneh\u00e5ll och mening. Ett verk kan handla om identitet, klimatf\u00f6r\u00e4ndringar, migration eller konsumtionssamh\u00e4llet \u2013 och publiken uppmuntras att tolka verket p\u00e5 sitt eget s\u00e4tt. Det finns inga r\u00e4tt eller fel svar, vilket g\u00f6r varje m\u00f6te med samtidskonst unikt.<\/p>\n<h2>Olika uttryck inom samtidskonst<\/h2>\n<p>En av samtidskonstens styrkor \u00e4r dess m\u00e5ngfald. Konstn\u00e4rer experimenterar st\u00e4ndigt med nya metoder, material och koncept f\u00f6r att kommunicera sina id\u00e9er. N\u00e5gra popul\u00e4ra uttryck \u00e4r:<\/p>\n<ul>\n<li><strong>Installationskonst<\/strong> \u2013 konstverk som fyller hela rum och skapar en totalupplevelse<\/li>\n<li><strong>Performancekonst<\/strong> \u2013 handlingar eller framtr\u00e4danden som sker i realtid inf\u00f6r en publik<\/li>\n<li><strong>Digital konst<\/strong> \u2013 verk som skapas med hj\u00e4lp av ny teknik, som 3D-animationer och interaktiva plattformar<\/li>\n<li><strong>Gatukonst och graffiti<\/strong> \u2013 konst i offentliga rum som ofta utmanar maktstrukturer<\/li>\n<li><strong>Konceptkonst<\/strong> \u2013 d\u00e4r sj\u00e4lva id\u00e9n bakom verket \u00e4r viktigare \u00e4n det f\u00e4rdiga resultatet<\/li>\n<\/ul>\n<p>Denna variation g\u00f6r att samtidskonst kan vara b\u00e5de provocerande och fascinerande, ibland samtidigt.<\/p>\n<p><img loading=\"lazy\" decoding=\"async\" class=\"alignnone size-full wp-image-682\" src=\"https:\/\/kultur.nu\/wp-content\/uploads\/2025\/08\/image69.webp\" alt=\"Olika uttryck inom samtidskonst\" width=\"1200\" height=\"344\" srcset=\"https:\/\/kultur.nu\/wp-content\/uploads\/2025\/08\/image69.webp 1200w, https:\/\/kultur.nu\/wp-content\/uploads\/2025\/08\/image69-300x86.webp 300w, https:\/\/kultur.nu\/wp-content\/uploads\/2025\/08\/image69-1024x294.webp 1024w, https:\/\/kultur.nu\/wp-content\/uploads\/2025\/08\/image69-768x220.webp 768w\" sizes=\"auto, (max-width: 1200px) 100vw, 1200px\" \/><\/p>\n<h2>Kin Museum f\u00f6r samtidskonst och dess betydelse<\/h2>\n<p>Ett av de mest intressanta exemplen p\u00e5 hur samtidskonst samlas och visas \u00e4r <strong>Kin Museum f\u00f6r samtidskonst<\/strong>, som blivit en viktig m\u00f6tesplats f\u00f6r konst\u00e4lskare. Museet fokuserar p\u00e5 att visa konst som speglar aktuella samh\u00e4llsfr\u00e5gor och teknologiska f\u00f6r\u00e4ndringar. H\u00e4r hittar du installationer, videokonst och interaktiva projekt fr\u00e5n konstn\u00e4rer \u00f6ver hela v\u00e4rlden.<\/p>\n<p>Det som g\u00f6r museet s\u00e4rskilt sp\u00e4nnande \u00e4r att det inte bara st\u00e4ller ut f\u00e4rdiga verk \u2013 det skapar ocks\u00e5 plattformar f\u00f6r diskussion, workshops och samarbeten. Som bes\u00f6kare kan du delta aktivt, st\u00e4lla fr\u00e5gor och reflektera kring verkens betydelser, vilket g\u00f6r upplevelsen mer dynamisk.<\/p>\n<h3>Internationella perspektiv p\u00e5 samtidskonst<\/h3>\n<p>Samtidskonst \u00e4r global till sin natur. Konstn\u00e4rer inspireras av sociala, <a href=\"https:\/\/kultur.nu\/en\/\">kulturella<\/a> och politiska fr\u00e5gor som str\u00e4cker sig \u00f6ver nationsgr\u00e4nser. P\u00e5 Kin Museum finns exempel p\u00e5 hur olika perspektiv m\u00f6ts \u2013 fr\u00e5n europeiska installationsverk till asiatiska digitala projekt och afrikanska performanceverk.<\/p>\n<h3>Samtal och workshops f\u00f6r bes\u00f6kare<\/h3>\n<p>En unik aspekt av museet \u00e4r dess interaktiva program. Workshops och f\u00f6rel\u00e4sningar ger dig m\u00f6jlighet att f\u00f6rdjupa din f\u00f6rst\u00e5else f\u00f6r konstverken och konstn\u00e4rernas processer. Detta g\u00f6r att museet fungerar b\u00e5de som utst\u00e4llningsplats och l\u00e4rmilj\u00f6.<\/p>\n<h2>Konstn\u00e4rer fr\u00e5n samtidskonst som format v\u00e5r tid<\/h2>\n<p>Bakom de verk som utmanar, provocerar och inspirerar st\u00e5r konstn\u00e4rerna sj\u00e4lva. M\u00e5nga av dem arbetar gr\u00e4ns\u00f6verskridande och experimenterar med nya tekniker f\u00f6r att f\u00f6rmedla sina budskap. N\u00e5gra exempel \u00e4r:<\/p>\n<ul>\n<li><strong>Marina Abramovi\u0107<\/strong> \u2013 k\u00e4nd f\u00f6r sina intensiva performanceverk som utforskar kropp, sm\u00e4rta och relationer<\/li>\n<li><strong>Damien Hirst<\/strong> \u2013 provocerande installationer som ofta v\u00e4cker debatt om d\u00f6d, liv och konsumtion<\/li>\n<li><strong>Pipilotti Rist<\/strong> \u2013 f\u00e4rgstarka videoinstallationer som lockar in betraktaren i dr\u00f6mlika v\u00e4rldar<\/li>\n<li><strong>Ai Weiwei<\/strong> \u2013 kombinerar konst och aktivism med fokus p\u00e5 m\u00e4nskliga r\u00e4ttigheter och samh\u00e4llskritik<\/li>\n<\/ul>\n<p>Dessa konstn\u00e4rer representerar bara en br\u00e5kdel av den kreativitet som finns inom samtidskonsten. Genom deras arbete f\u00e5r vi nya s\u00e4tt att f\u00f6rst\u00e5 b\u00e5de oss sj\u00e4lva och v\u00e4rlden.<\/p>\n<h2>Hur du tolkar samtidskonst p\u00e5 ett enklare s\u00e4tt<\/h2>\n<p>Att m\u00f6ta samtidskonst kan ibland k\u00e4nnas f\u00f6rvirrande. Det \u00e4r vanligt att st\u00e5 framf\u00f6r ett verk och undra vad konstn\u00e4ren egentligen vill s\u00e4ga. Men det finns n\u00e5gra enkla steg du kan ta f\u00f6r att g\u00f6ra upplevelsen mer givande:<\/p>\n<ul>\n<li>B\u00f6rja med att beskriva vad du faktiskt ser, utan att tolka<\/li>\n<li>Fundera \u00f6ver material, f\u00e4rger, ljud eller r\u00f6relse \u2013 hur p\u00e5verkar de k\u00e4nslan?<\/li>\n<li>T\u00e4nk p\u00e5 sammanhanget: Var visas verket och varf\u00f6r just d\u00e4r?<\/li>\n<li>Reflektera kring egna k\u00e4nslor \u2013 vad v\u00e4cker verket hos dig?<\/li>\n<\/ul>\n<p>Samtidskonst handlar lika mycket om dina egna associationer som om konstn\u00e4rens intentioner. Det \u00e4r en dialog mellan dig och verket, inte en lektion d\u00e4r det bara finns ett r\u00e4tt svar.<\/p>\n<p><img loading=\"lazy\" decoding=\"async\" class=\"alignnone size-full wp-image-683\" src=\"https:\/\/kultur.nu\/wp-content\/uploads\/2025\/08\/image68.webp\" alt=\"Hur du tolkar samtidskonst p\u00e5 ett enklare s\u00e4tt\" width=\"910\" height=\"512\" srcset=\"https:\/\/kultur.nu\/wp-content\/uploads\/2025\/08\/image68.webp 910w, https:\/\/kultur.nu\/wp-content\/uploads\/2025\/08\/image68-300x169.webp 300w, https:\/\/kultur.nu\/wp-content\/uploads\/2025\/08\/image68-768x432.webp 768w\" sizes=\"auto, (max-width: 910px) 100vw, 910px\" \/><\/p>\n<h2>Samtidskonst i det digitala rummet<\/h2>\n<p>Den teknologiska utvecklingen har \u00f6ppnat helt nya m\u00f6jligheter f\u00f6r samtidskonst. Digitala verk, virtuella installationer och interaktiva upplevelser online g\u00f6r att konsten inte l\u00e4ngre \u00e4r begr\u00e4nsad till <a href=\"https:\/\/kultur.nu\/en\/konst\/gallerier\/\">gallerier<\/a> och <a href=\"https:\/\/kultur.nu\/en\/museer\/\">museer<\/a>. Projekt som bara kan upplevas p\u00e5 n\u00e4tet, exempelvis n\u00e4tkonst och 3D-baserade konstinstallationer, v\u00e4xer snabbt i popularitet.<\/p>\n<p>Samtidigt har digitaliseringen ocks\u00e5 f\u00f6r\u00e4ndrat hur vi interagerar med konst. M\u00e5nga verk uppmanar bes\u00f6kare att delta, bidra eller till och med skapa delar av verket sj\u00e4lva. Detta g\u00f6r att gr\u00e4nsen mellan konstn\u00e4r och publik blir allt mer flytande.<\/p>\n<h2>Samtidskonstens roll i samh\u00e4llet<\/h2>\n<p>Samtidskonst \u00e4r inte bara ett estetiskt uttryck \u2013 det \u00e4r ocks\u00e5 en spegel av samh\u00e4llets utmaningar, konflikter och visioner. Den kan skapa debatt, v\u00e4cka k\u00e4nslor och f\u00e5 oss att ifr\u00e5gas\u00e4tta v\u00e5ra egna perspektiv. Konstn\u00e4rer tar ofta upp fr\u00e5gor som milj\u00f6kris, identitet, j\u00e4mst\u00e4lldhet och globalisering, och deras verk fungerar som startpunkter f\u00f6r samtal som annars inte hade \u00e4gt rum.<\/p>\n<p>Det \u00e4r just denna f\u00f6rm\u00e5ga att engagera, ber\u00f6ra och provocera som g\u00f6r samtidskonst s\u00e5 kraftfull. Oavsett om du bes\u00f6ker ett galleri, ett evenemang p\u00e5 Kin Museum f\u00f6r samtidskonst eller utforskar digitala projekt online finns det alltid n\u00e5got nytt att uppt\u00e4cka och reflektera \u00f6ver. D\u00e4rf\u00f6r \u00e4r det alltid v\u00e4rt att ge sig tid att utforska samtidskonst.<\/p>","protected":false},"excerpt":{"rendered":"<p>Samtidskonst \u00e4r mer \u00e4n bara konstverk att titta p\u00e5 \u2013 det \u00e4r ett s\u00e4tt att&hellip;<\/p>","protected":false},"author":1,"featured_media":681,"comment_status":"open","ping_status":"open","sticky":false,"template":"","format":"standard","meta":{"_yoast_wpseo_focuskw":"","_yoast_wpseo_title":"","_yoast_wpseo_metadesc":"","_yoast_wpseo_meta-robots-noindex":"","_yoast_wpseo_meta-robots-nofollow":"","_yoast_wpseo_canonical":"","_yoast_wpseo_opengraph-title":"","_yoast_wpseo_opengraph-description":"","_yoast_wpseo_twitter-title":"","_yoast_wpseo_twitter-description":"","footnotes":"","rank_math_description":"","rank_math_focus_keyword":"","rank_math_title":"","rank_math_canonical_url":"","rank_math_robots":"","rank_math_facebook_title":"","rank_math_facebook_description":"","rank_math_twitter_title":"","rank_math_twitter_description":""},"categories":[2],"tags":[],"class_list":["post-680","post","type-post","status-publish","format-standard","has-post-thumbnail","hentry","category-aktuellt"],"yoast_head":"<!-- This site is optimized with the Yoast SEO plugin v27.5 - https:\/\/yoast.com\/product\/yoast-seo-wordpress\/ -->\n<title>Samtidskonst som f\u00f6r\u00e4ndrar hur vi ser v\u00e4rlden - Kultur i Sverige<\/title>\n<meta name=\"robots\" content=\"index, follow, max-snippet:-1, max-image-preview:large, max-video-preview:-1\" \/>\n<link rel=\"canonical\" href=\"https:\/\/kultur.nu\/en\/samtidskonst\/\" \/>\n<meta property=\"og:locale\" content=\"en_US\" \/>\n<meta property=\"og:type\" content=\"article\" \/>\n<meta property=\"og:title\" content=\"Samtidskonst som f\u00f6r\u00e4ndrar hur vi ser v\u00e4rlden - Kultur i Sverige\" \/>\n<meta property=\"og:description\" content=\"Samtidskonst \u00e4r mer \u00e4n bara konstverk att titta p\u00e5 \u2013 det \u00e4r ett s\u00e4tt att&hellip;\" \/>\n<meta property=\"og:url\" content=\"https:\/\/kultur.nu\/en\/samtidskonst\/\" \/>\n<meta property=\"og:site_name\" content=\"Kultur i Sverige\" \/>\n<meta property=\"article:published_time\" content=\"2025-09-03T11:04:19+00:00\" \/>\n<meta property=\"og:image\" content=\"https:\/\/kultur.nu\/wp-content\/uploads\/2025\/08\/image67.webp\" \/>\n\t<meta property=\"og:image:width\" content=\"1200\" \/>\n\t<meta property=\"og:image:height\" content=\"675\" \/>\n\t<meta property=\"og:image:type\" content=\"image\/webp\" \/>\n<meta name=\"author\" content=\"Annica\" \/>\n<meta name=\"twitter:card\" content=\"summary_large_image\" \/>\n<meta name=\"twitter:label1\" content=\"Written by\" \/>\n\t<meta name=\"twitter:data1\" content=\"Annica\" \/>\n\t<meta name=\"twitter:label2\" content=\"Est. reading time\" \/>\n\t<meta name=\"twitter:data2\" content=\"5 minutes\" \/>\n<script type=\"application\/ld+json\" class=\"yoast-schema-graph\">{\"@context\":\"https:\\\/\\\/schema.org\",\"@graph\":[{\"@type\":\"Article\",\"@id\":\"https:\\\/\\\/kultur.nu\\\/samtidskonst\\\/#article\",\"isPartOf\":{\"@id\":\"https:\\\/\\\/kultur.nu\\\/samtidskonst\\\/\"},\"author\":{\"name\":\"Annica\",\"@id\":\"https:\\\/\\\/kultur.nu\\\/#\\\/schema\\\/person\\\/cbafe9491d5ea09a25eace8883923b2c\"},\"headline\":\"Samtidskonst som f\u00f6r\u00e4ndrar hur vi ser v\u00e4rlden\",\"datePublished\":\"2025-09-03T11:04:19+00:00\",\"mainEntityOfPage\":{\"@id\":\"https:\\\/\\\/kultur.nu\\\/samtidskonst\\\/\"},\"wordCount\":1100,\"commentCount\":0,\"publisher\":{\"@id\":\"https:\\\/\\\/kultur.nu\\\/#organization\"},\"image\":{\"@id\":\"https:\\\/\\\/kultur.nu\\\/samtidskonst\\\/#primaryimage\"},\"thumbnailUrl\":\"https:\\\/\\\/kultur.nu\\\/wp-content\\\/uploads\\\/2025\\\/08\\\/image67.webp\",\"articleSection\":[\"Aktuellt\"],\"inLanguage\":\"en-US\",\"potentialAction\":[{\"@type\":\"CommentAction\",\"name\":\"Comment\",\"target\":[\"https:\\\/\\\/kultur.nu\\\/samtidskonst\\\/#respond\"]}]},{\"@type\":\"WebPage\",\"@id\":\"https:\\\/\\\/kultur.nu\\\/samtidskonst\\\/\",\"url\":\"https:\\\/\\\/kultur.nu\\\/samtidskonst\\\/\",\"name\":\"Samtidskonst som f\u00f6r\u00e4ndrar hur vi ser v\u00e4rlden - Kultur i Sverige\",\"isPartOf\":{\"@id\":\"https:\\\/\\\/kultur.nu\\\/#website\"},\"primaryImageOfPage\":{\"@id\":\"https:\\\/\\\/kultur.nu\\\/samtidskonst\\\/#primaryimage\"},\"image\":{\"@id\":\"https:\\\/\\\/kultur.nu\\\/samtidskonst\\\/#primaryimage\"},\"thumbnailUrl\":\"https:\\\/\\\/kultur.nu\\\/wp-content\\\/uploads\\\/2025\\\/08\\\/image67.webp\",\"datePublished\":\"2025-09-03T11:04:19+00:00\",\"breadcrumb\":{\"@id\":\"https:\\\/\\\/kultur.nu\\\/samtidskonst\\\/#breadcrumb\"},\"inLanguage\":\"en-US\",\"potentialAction\":[{\"@type\":\"ReadAction\",\"target\":[\"https:\\\/\\\/kultur.nu\\\/samtidskonst\\\/\"]}]},{\"@type\":\"ImageObject\",\"inLanguage\":\"en-US\",\"@id\":\"https:\\\/\\\/kultur.nu\\\/samtidskonst\\\/#primaryimage\",\"url\":\"https:\\\/\\\/kultur.nu\\\/wp-content\\\/uploads\\\/2025\\\/08\\\/image67.webp\",\"contentUrl\":\"https:\\\/\\\/kultur.nu\\\/wp-content\\\/uploads\\\/2025\\\/08\\\/image67.webp\",\"width\":1200,\"height\":675,\"caption\":\"samtidskonst\"},{\"@type\":\"BreadcrumbList\",\"@id\":\"https:\\\/\\\/kultur.nu\\\/samtidskonst\\\/#breadcrumb\",\"itemListElement\":[{\"@type\":\"ListItem\",\"position\":1,\"name\":\"Hem\",\"item\":\"https:\\\/\\\/kultur.nu\\\/\"},{\"@type\":\"ListItem\",\"position\":2,\"name\":\"Samtidskonst som f\u00f6r\u00e4ndrar hur vi ser v\u00e4rlden\"}]},{\"@type\":\"WebSite\",\"@id\":\"https:\\\/\\\/kultur.nu\\\/#website\",\"url\":\"https:\\\/\\\/kultur.nu\\\/\",\"name\":\"Kultur i Sverige\",\"description\":\"\",\"publisher\":{\"@id\":\"https:\\\/\\\/kultur.nu\\\/#organization\"},\"potentialAction\":[{\"@type\":\"SearchAction\",\"target\":{\"@type\":\"EntryPoint\",\"urlTemplate\":\"https:\\\/\\\/kultur.nu\\\/?s={search_term_string}\"},\"query-input\":{\"@type\":\"PropertyValueSpecification\",\"valueRequired\":true,\"valueName\":\"search_term_string\"}}],\"inLanguage\":\"en-US\"},{\"@type\":\"Organization\",\"@id\":\"https:\\\/\\\/kultur.nu\\\/#organization\",\"name\":\"Kultur i Sverige\",\"url\":\"https:\\\/\\\/kultur.nu\\\/\",\"logo\":{\"@type\":\"ImageObject\",\"inLanguage\":\"en-US\",\"@id\":\"https:\\\/\\\/kultur.nu\\\/#\\\/schema\\\/logo\\\/image\\\/\",\"url\":\"https:\\\/\\\/kultur.nu\\\/wp-content\\\/uploads\\\/2025\\\/10\\\/cropped-Kultur.nu-logo.webp\",\"contentUrl\":\"https:\\\/\\\/kultur.nu\\\/wp-content\\\/uploads\\\/2025\\\/10\\\/cropped-Kultur.nu-logo.webp\",\"width\":510,\"height\":95,\"caption\":\"Kultur i Sverige\"},\"image\":{\"@id\":\"https:\\\/\\\/kultur.nu\\\/#\\\/schema\\\/logo\\\/image\\\/\"}},{\"@type\":\"Person\",\"@id\":\"https:\\\/\\\/kultur.nu\\\/#\\\/schema\\\/person\\\/cbafe9491d5ea09a25eace8883923b2c\",\"name\":\"Annica\",\"image\":{\"@type\":\"ImageObject\",\"inLanguage\":\"en-US\",\"@id\":\"https:\\\/\\\/secure.gravatar.com\\\/avatar\\\/d78c2d842df13ded689c841d90a91fd72f6cc9e7250f7066a537c14f82302546?s=96&d=mm&r=g\",\"url\":\"https:\\\/\\\/secure.gravatar.com\\\/avatar\\\/d78c2d842df13ded689c841d90a91fd72f6cc9e7250f7066a537c14f82302546?s=96&d=mm&r=g\",\"contentUrl\":\"https:\\\/\\\/secure.gravatar.com\\\/avatar\\\/d78c2d842df13ded689c841d90a91fd72f6cc9e7250f7066a537c14f82302546?s=96&d=mm&r=g\",\"caption\":\"Annica\"},\"description\":\"Annika Axelsson \u00e4r kulturskribent p\u00e5 Kultur.nu, d\u00e4r hon skriver om litteratur, film, teater, konst och samtida kulturdebatt. Hon har ett s\u00e4rskilt intresse f\u00f6r hur kultur speglar samh\u00e4llsf\u00f6r\u00e4ndringar, identitet och vardagslivet. Annika har studerat litteraturvetenskap och kulturjournalistik vid Stockholms universitet. Hon har \u00e4ven l\u00e4st konstvetenskap och medievetenskap, vilket ger henne en bred grund n\u00e4r hon analyserar b\u00e5de klassiska verk och moderna kulturuttryck. P\u00e5 Kultur.nu skriver Annika fr\u00e4mst recensioner, f\u00f6rdjupande artiklar och personliga kr\u00f6nikor. Hon bevakar nya b\u00f6cker, uppm\u00e4rksammade teaterf\u00f6rest\u00e4llningar, filmfestivaler, utst\u00e4llningar och aktuella kulturh\u00e4ndelser. Hennes texter k\u00e4nnetecknas av ett nyfiket, kunnigt och tillg\u00e4ngligt spr\u00e5k, d\u00e4r hon vill g\u00f6ra kultur l\u00e4ttare att f\u00f6rst\u00e5 utan att f\u00f6renkla den. Hon har tidigare arbetat med redaktionellt inneh\u00e5ll, intervjuer och kulturbevakning f\u00f6r b\u00e5de digitala magasin och lokala publikationer. I sitt skrivande \u00e5terkommer hon ofta till fr\u00e5gor om ber\u00e4ttande, kreativitet, klass, k\u00f6nsroller och kulturens plats i det moderna samh\u00e4llet.\",\"sameAs\":[\"https:\\\/\\\/kultur.nu\"],\"url\":\"https:\\\/\\\/kultur.nu\\\/en\\\/author\\\/annica\\\/\"}]}<\/script>\n<!-- \/ Yoast SEO plugin. -->","yoast_head_json":{"title":"Samtidskonst som f\u00f6r\u00e4ndrar hur vi ser v\u00e4rlden - Kultur i Sverige","robots":{"index":"index","follow":"follow","max-snippet":"max-snippet:-1","max-image-preview":"max-image-preview:large","max-video-preview":"max-video-preview:-1"},"canonical":"https:\/\/kultur.nu\/en\/samtidskonst\/","og_locale":"en_US","og_type":"article","og_title":"Samtidskonst som f\u00f6r\u00e4ndrar hur vi ser v\u00e4rlden - Kultur i Sverige","og_description":"Samtidskonst \u00e4r mer \u00e4n bara konstverk att titta p\u00e5 \u2013 det \u00e4r ett s\u00e4tt att&hellip;","og_url":"https:\/\/kultur.nu\/en\/samtidskonst\/","og_site_name":"Kultur i Sverige","article_published_time":"2025-09-03T11:04:19+00:00","og_image":[{"width":1200,"height":675,"url":"https:\/\/kultur.nu\/wp-content\/uploads\/2025\/08\/image67.webp","type":"image\/webp"}],"author":"Annica","twitter_card":"summary_large_image","twitter_misc":{"Written by":"Annica","Est. reading time":"5 minutes"},"schema":{"@context":"https:\/\/schema.org","@graph":[{"@type":"Article","@id":"https:\/\/kultur.nu\/samtidskonst\/#article","isPartOf":{"@id":"https:\/\/kultur.nu\/samtidskonst\/"},"author":{"name":"Annica","@id":"https:\/\/kultur.nu\/#\/schema\/person\/cbafe9491d5ea09a25eace8883923b2c"},"headline":"Samtidskonst som f\u00f6r\u00e4ndrar hur vi ser v\u00e4rlden","datePublished":"2025-09-03T11:04:19+00:00","mainEntityOfPage":{"@id":"https:\/\/kultur.nu\/samtidskonst\/"},"wordCount":1100,"commentCount":0,"publisher":{"@id":"https:\/\/kultur.nu\/#organization"},"image":{"@id":"https:\/\/kultur.nu\/samtidskonst\/#primaryimage"},"thumbnailUrl":"https:\/\/kultur.nu\/wp-content\/uploads\/2025\/08\/image67.webp","articleSection":["Aktuellt"],"inLanguage":"en-US","potentialAction":[{"@type":"CommentAction","name":"Comment","target":["https:\/\/kultur.nu\/samtidskonst\/#respond"]}]},{"@type":"WebPage","@id":"https:\/\/kultur.nu\/samtidskonst\/","url":"https:\/\/kultur.nu\/samtidskonst\/","name":"Samtidskonst som f\u00f6r\u00e4ndrar hur vi ser v\u00e4rlden - Kultur i Sverige","isPartOf":{"@id":"https:\/\/kultur.nu\/#website"},"primaryImageOfPage":{"@id":"https:\/\/kultur.nu\/samtidskonst\/#primaryimage"},"image":{"@id":"https:\/\/kultur.nu\/samtidskonst\/#primaryimage"},"thumbnailUrl":"https:\/\/kultur.nu\/wp-content\/uploads\/2025\/08\/image67.webp","datePublished":"2025-09-03T11:04:19+00:00","breadcrumb":{"@id":"https:\/\/kultur.nu\/samtidskonst\/#breadcrumb"},"inLanguage":"en-US","potentialAction":[{"@type":"ReadAction","target":["https:\/\/kultur.nu\/samtidskonst\/"]}]},{"@type":"ImageObject","inLanguage":"en-US","@id":"https:\/\/kultur.nu\/samtidskonst\/#primaryimage","url":"https:\/\/kultur.nu\/wp-content\/uploads\/2025\/08\/image67.webp","contentUrl":"https:\/\/kultur.nu\/wp-content\/uploads\/2025\/08\/image67.webp","width":1200,"height":675,"caption":"samtidskonst"},{"@type":"BreadcrumbList","@id":"https:\/\/kultur.nu\/samtidskonst\/#breadcrumb","itemListElement":[{"@type":"ListItem","position":1,"name":"Hem","item":"https:\/\/kultur.nu\/"},{"@type":"ListItem","position":2,"name":"Samtidskonst som f\u00f6r\u00e4ndrar hur vi ser v\u00e4rlden"}]},{"@type":"WebSite","@id":"https:\/\/kultur.nu\/#website","url":"https:\/\/kultur.nu\/","name":"Kultur i Sverige","description":"","publisher":{"@id":"https:\/\/kultur.nu\/#organization"},"potentialAction":[{"@type":"SearchAction","target":{"@type":"EntryPoint","urlTemplate":"https:\/\/kultur.nu\/?s={search_term_string}"},"query-input":{"@type":"PropertyValueSpecification","valueRequired":true,"valueName":"search_term_string"}}],"inLanguage":"en-US"},{"@type":"Organization","@id":"https:\/\/kultur.nu\/#organization","name":"Kultur i Sverige","url":"https:\/\/kultur.nu\/","logo":{"@type":"ImageObject","inLanguage":"en-US","@id":"https:\/\/kultur.nu\/#\/schema\/logo\/image\/","url":"https:\/\/kultur.nu\/wp-content\/uploads\/2025\/10\/cropped-Kultur.nu-logo.webp","contentUrl":"https:\/\/kultur.nu\/wp-content\/uploads\/2025\/10\/cropped-Kultur.nu-logo.webp","width":510,"height":95,"caption":"Kultur i Sverige"},"image":{"@id":"https:\/\/kultur.nu\/#\/schema\/logo\/image\/"}},{"@type":"Person","@id":"https:\/\/kultur.nu\/#\/schema\/person\/cbafe9491d5ea09a25eace8883923b2c","name":"Annica","image":{"@type":"ImageObject","inLanguage":"en-US","@id":"https:\/\/secure.gravatar.com\/avatar\/d78c2d842df13ded689c841d90a91fd72f6cc9e7250f7066a537c14f82302546?s=96&d=mm&r=g","url":"https:\/\/secure.gravatar.com\/avatar\/d78c2d842df13ded689c841d90a91fd72f6cc9e7250f7066a537c14f82302546?s=96&d=mm&r=g","contentUrl":"https:\/\/secure.gravatar.com\/avatar\/d78c2d842df13ded689c841d90a91fd72f6cc9e7250f7066a537c14f82302546?s=96&d=mm&r=g","caption":"Annica"},"description":"Annika Axelsson \u00e4r kulturskribent p\u00e5 Kultur.nu, d\u00e4r hon skriver om litteratur, film, teater, konst och samtida kulturdebatt. Hon har ett s\u00e4rskilt intresse f\u00f6r hur kultur speglar samh\u00e4llsf\u00f6r\u00e4ndringar, identitet och vardagslivet. Annika har studerat litteraturvetenskap och kulturjournalistik vid Stockholms universitet. Hon har \u00e4ven l\u00e4st konstvetenskap och medievetenskap, vilket ger henne en bred grund n\u00e4r hon analyserar b\u00e5de klassiska verk och moderna kulturuttryck. P\u00e5 Kultur.nu skriver Annika fr\u00e4mst recensioner, f\u00f6rdjupande artiklar och personliga kr\u00f6nikor. Hon bevakar nya b\u00f6cker, uppm\u00e4rksammade teaterf\u00f6rest\u00e4llningar, filmfestivaler, utst\u00e4llningar och aktuella kulturh\u00e4ndelser. Hennes texter k\u00e4nnetecknas av ett nyfiket, kunnigt och tillg\u00e4ngligt spr\u00e5k, d\u00e4r hon vill g\u00f6ra kultur l\u00e4ttare att f\u00f6rst\u00e5 utan att f\u00f6renkla den. Hon har tidigare arbetat med redaktionellt inneh\u00e5ll, intervjuer och kulturbevakning f\u00f6r b\u00e5de digitala magasin och lokala publikationer. I sitt skrivande \u00e5terkommer hon ofta till fr\u00e5gor om ber\u00e4ttande, kreativitet, klass, k\u00f6nsroller och kulturens plats i det moderna samh\u00e4llet.","sameAs":["https:\/\/kultur.nu"],"url":"https:\/\/kultur.nu\/en\/author\/annica\/"}]}},"_links":{"self":[{"href":"https:\/\/kultur.nu\/en\/wp-json\/wp\/v2\/posts\/680","targetHints":{"allow":["GET"]}}],"collection":[{"href":"https:\/\/kultur.nu\/en\/wp-json\/wp\/v2\/posts"}],"about":[{"href":"https:\/\/kultur.nu\/en\/wp-json\/wp\/v2\/types\/post"}],"author":[{"embeddable":true,"href":"https:\/\/kultur.nu\/en\/wp-json\/wp\/v2\/users\/1"}],"replies":[{"embeddable":true,"href":"https:\/\/kultur.nu\/en\/wp-json\/wp\/v2\/comments?post=680"}],"version-history":[{"count":4,"href":"https:\/\/kultur.nu\/en\/wp-json\/wp\/v2\/posts\/680\/revisions"}],"predecessor-version":[{"id":687,"href":"https:\/\/kultur.nu\/en\/wp-json\/wp\/v2\/posts\/680\/revisions\/687"}],"wp:featuredmedia":[{"embeddable":true,"href":"https:\/\/kultur.nu\/en\/wp-json\/wp\/v2\/media\/681"}],"wp:attachment":[{"href":"https:\/\/kultur.nu\/en\/wp-json\/wp\/v2\/media?parent=680"}],"wp:term":[{"taxonomy":"category","embeddable":true,"href":"https:\/\/kultur.nu\/en\/wp-json\/wp\/v2\/categories?post=680"},{"taxonomy":"post_tag","embeddable":true,"href":"https:\/\/kultur.nu\/en\/wp-json\/wp\/v2\/tags?post=680"}],"curies":[{"name":"wp","href":"https:\/\/api.w.org\/{rel}","templated":true}]}}