{"id":696,"date":"2025-10-06T22:20:15","date_gmt":"2025-10-06T20:20:15","guid":{"rendered":"https:\/\/kultur.nu\/?p=696"},"modified":"2025-10-06T22:26:06","modified_gmt":"2025-10-06T20:26:06","slug":"roda-dagar-2026","status":"publish","type":"post","link":"https:\/\/kultur.nu\/en\/roda-dagar-2026\/","title":{"rendered":"R\u00f6da dagar 2026 \u2013 en spegel av svensk kultur och semestertradition"},"content":{"rendered":"<p>Sverige \u00e4r ett land d\u00e4r kalendern spelar en stor roll f\u00f6r hur vi planerar livet. De s\u00e5 kallade <strong>r\u00f6da dagarna<\/strong> \u2013 allts\u00e5 officiella helgdagar \u2013 \u00e4r mer \u00e4n bara ledighet. De markerar <a href=\"https:\/\/kultur.nu\/en\/traditioner-i-sverige\/\">traditioner<\/a>, firanden och symboliserar en arbetskultur d\u00e4r \u00e5terh\u00e4mtning och balans v\u00e4rderas h\u00f6gt. \u00c5r 2026 \u00e4r inget undantag, och redan tidigt p\u00e5 \u00e5ret b\u00f6rjar m\u00e5nga svenskar planera utifr\u00e5n n\u00e4r de r\u00f6da dagarna infaller.<\/p>\n<h3><b>Vad r\u00e4knas som en r\u00f6d dag i Sverige?<\/b><\/h3>\n<p>En r\u00f6d dag \u00e4r en helgdag som vanligtvis infaller p\u00e5 en veckodag och d\u00e4rf\u00f6r inneb\u00e4r ledighet fr\u00e5n arbete f\u00f6r stora delar av befolkningen. Dessa dagar \u00e4r ofta kopplade till religi\u00f6sa eller historiska traditioner, men de fungerar \u00e4ven som fasta punkter f\u00f6r ledighet, festligheter och semesterplanering.<\/p>\n<p>\u00c4ven vissa dagar som inte \u00e4r officiella helgdagar, till exempel midsommarafton eller julafton, ses av m\u00e5nga som &#8221;heliga&#8221; och p\u00e5verkar b\u00e5de butikernas \u00f6ppettider och arbetsplatsernas rutiner. M\u00e5nga tittar ocks\u00e5 tidigt i en tryckt eller digital <a href=\"https:\/\/ikalendrar.se\/skriv-ut\/2026\/\">kalender 2026<\/a> f\u00f6r att f\u00e5 en \u00f6verblick \u00f6ver hur helgdagarna infaller, men \u00e4ven hur man b\u00e4st kan planera ledighet och resor.<\/p>\n<p><b>Officiella helgdagar (r\u00f6da dagar) i Sverige 2026<\/b><\/p>\n<p><img loading=\"lazy\" decoding=\"async\" class=\"alignnone wp-image-700 size-full\" src=\"https:\/\/kultur.nu\/wp-content\/uploads\/2025\/10\/Officiella-helgdagar-roda-dagar-i-Sverige-2026.webp\" alt=\"Officiella helgdagar (r\u00f6da dagar) i Sverige 2026\" width=\"732\" height=\"421\" srcset=\"https:\/\/kultur.nu\/wp-content\/uploads\/2025\/10\/Officiella-helgdagar-roda-dagar-i-Sverige-2026.webp 732w, https:\/\/kultur.nu\/wp-content\/uploads\/2025\/10\/Officiella-helgdagar-roda-dagar-i-Sverige-2026-300x173.webp 300w\" sizes=\"auto, (max-width: 732px) 100vw, 732px\" \/><\/p>\n<p>Detta \u00e4r de <b>lagstadgade helgdagarna<\/b> som alltid r\u00e4knas som r\u00f6da dagar i den svenska kalendern, oavsett vilken veckodag de infaller p\u00e5.<\/p>\n<table>\n<tbody>\n<tr>\n<td><b>Datum<\/b><\/td>\n<td><b>Dag<\/b><\/td>\n<td><b>Helgdag<\/b><\/td>\n<\/tr>\n<tr>\n<td>1 januari<\/td>\n<td>torsdag<\/td>\n<td>Ny\u00e5rsdagen<\/td>\n<\/tr>\n<tr>\n<td>6 januari<\/td>\n<td>tisdag<\/td>\n<td>Trettondedag jul<\/td>\n<\/tr>\n<tr>\n<td>3 april<\/td>\n<td>fredag<\/td>\n<td>L\u00e5ngfredagen<\/td>\n<\/tr>\n<tr>\n<td>5 april<\/td>\n<td>s\u00f6ndag<\/td>\n<td>P\u00e5skdagen<\/td>\n<\/tr>\n<tr>\n<td>6 april<\/td>\n<td>m\u00e5ndag<\/td>\n<td>Annandag p\u00e5sk<\/td>\n<\/tr>\n<tr>\n<td>1 maj<\/td>\n<td>fredag<\/td>\n<td>F\u00f6rsta maj<\/td>\n<\/tr>\n<tr>\n<td>14 maj<\/td>\n<td>torsdag<\/td>\n<td>Kristi himmelsf\u00e4rdsdag<\/td>\n<\/tr>\n<tr>\n<td>24 maj<\/td>\n<td>s\u00f6ndag<\/td>\n<td>Pingstdagen<\/td>\n<\/tr>\n<tr>\n<td>6 juni<\/td>\n<td>l\u00f6rdag<\/td>\n<td>Sveriges nationaldag<\/td>\n<\/tr>\n<tr>\n<td>20 juni<\/td>\n<td>l\u00f6rdag<\/td>\n<td>Midsommardagen<\/td>\n<\/tr>\n<tr>\n<td>31 oktober<\/td>\n<td>l\u00f6rdag<\/td>\n<td>Alla helgons dag<\/td>\n<\/tr>\n<tr>\n<td>25 december<\/td>\n<td>fredag<\/td>\n<td>Juldagen<\/td>\n<\/tr>\n<tr>\n<td>26 december<\/td>\n<td>l\u00f6rdag<\/td>\n<td>Annandag jul<\/td>\n<\/tr>\n<\/tbody>\n<\/table>\n<p><b>Inofficiella helgdagar och h\u00f6gtider 2026<\/b><\/p>\n<p>Dessa dagar \u00e4r <b>inte officiellt r\u00f6da dagar enligt lag<\/b>, men m\u00e5nga arbetsplatser har ledigt eller anv\u00e4nder sig av f\u00f6rkortad arbetstid. Aff\u00e4rer och skolor kan ocks\u00e5 ha st\u00e4ngt eller ha avvikande tider.<\/p>\n<table>\n<tbody>\n<tr>\n<td><b>Datum<\/b><\/td>\n<td><b>Dag<\/b><\/td>\n<td><b>H\u00f6gtid<\/b><\/td>\n<\/tr>\n<tr>\n<td>5 januari<\/td>\n<td>m\u00e5ndag<\/td>\n<td>Trettondagsafton<\/td>\n<\/tr>\n<tr>\n<td>2 april<\/td>\n<td>torsdag<\/td>\n<td>Sk\u00e4rtorsdagen (ibland halvdag)<\/td>\n<\/tr>\n<tr>\n<td>4 april<\/td>\n<td>l\u00f6rdag<\/td>\n<td>P\u00e5skafton<\/td>\n<\/tr>\n<tr>\n<td>30 april<\/td>\n<td>torsdag<\/td>\n<td>Valborgsm\u00e4ssoafton (kan vara halvdag)<\/td>\n<\/tr>\n<tr>\n<td>19 juni<\/td>\n<td>fredag<\/td>\n<td>Midsommarafton<\/td>\n<\/tr>\n<tr>\n<td>24 december<\/td>\n<td>torsdag<\/td>\n<td>Julafton<\/td>\n<\/tr>\n<tr>\n<td>31 december<\/td>\n<td>onsdag<\/td>\n<td>Ny\u00e5rsafton<\/td>\n<\/tr>\n<\/tbody>\n<\/table>\n<h3><b>Hur bra ligger r\u00f6da dagarna j\u00e4mf\u00f6rt med 2025?<\/b><\/h3>\n<p>F\u00f6r den som j\u00e4mf\u00f6r kalender\u00e5ret 2026 med 2025 blir det tydligt att 2026 ger n\u00e5got f\u00e4rre \u201dgratislediga\u201d vardagar. Flera av de r\u00f6da dagarna infaller p\u00e5 helger, vilket inneb\u00e4r att de inte ger n\u00e5gon extra ledighet f\u00f6r de som annars arbetar m\u00e5ndag till fredag.<\/p>\n<p>Till exempel infaller b\u00e5de <a href=\"https:\/\/kultur.nu\/en\/varfor-firar-vi-nationaldagen\/\">nationaldagen<\/a> (6 juni) och midsommardagen (20 juni) p\u00e5 en l\u00f6rdag, vilket g\u00f6r att de inte bidrar till en l\u00e4ngre helg. \u00c4ven Alla helgons dag och annandag jul ligger p\u00e5 l\u00f6rdagar. Detta g\u00f6r att det totala antalet r\u00f6da dagar som infaller p\u00e5 vardagar minskar n\u00e5got j\u00e4mf\u00f6rt med 2025, d\u00e4r flera av dessa dagar l\u00e5g p\u00e5 veckodagar och d\u00e4rmed genererade fler naturliga ledighetsdagar.<\/p>\n<p>F\u00f6r den som planerar sin semester noggrant blir det d\u00e4rf\u00f6r extra viktigt att nyttja kl\u00e4mdagar och l\u00e4ngre sammanh\u00e4ngande perioder strategiskt under 2026. Med r\u00e4tt planering g\u00e5r det fortfarande att skapa flera l\u00e5nga ledigheter \u2013 men kalendern kr\u00e4ver lite mer finess \u00e4n \u00e5ret innan.<\/p>\n<h3><b>Svensk semesterkultur \u2013 mer \u00e4n bara ledigt<\/b><\/h3>\n<p><img loading=\"lazy\" decoding=\"async\" class=\"alignnone size-full wp-image-703\" src=\"https:\/\/kultur.nu\/wp-content\/uploads\/2025\/10\/Svensk-semesterkultur-\u2013-mer-an-bara-ledigt.webp\" alt=\"Svensk semesterkultur \u2013 mer \u00e4n bara ledigt\" width=\"800\" height=\"508\" srcset=\"https:\/\/kultur.nu\/wp-content\/uploads\/2025\/10\/Svensk-semesterkultur-\u2013-mer-an-bara-ledigt.webp 800w, https:\/\/kultur.nu\/wp-content\/uploads\/2025\/10\/Svensk-semesterkultur-\u2013-mer-an-bara-ledigt-300x191.webp 300w, https:\/\/kultur.nu\/wp-content\/uploads\/2025\/10\/Svensk-semesterkultur-\u2013-mer-an-bara-ledigt-768x488.webp 768w\" sizes=\"auto, (max-width: 800px) 100vw, 800px\" \/><\/p>\n<p>Svenskar \u00e4r m\u00e4stare p\u00e5 att planera sin ledighet. N\u00e4r \u00e5rets r\u00f6da dagar offentligg\u00f6rs b\u00f6rjar det genast pratas om kl\u00e4mdagar, l\u00e5nghelger och strategiska semesterveckor. Att kunna f\u00e5 fyra dagar ledigt genom att ta en semesterdag \u00e4r ofta ett guldkorn som m\u00e5nga inte vill missa.<\/p>\n<p>Under v\u00e5ren \u00e4r det vanligt att ta ledigt kring Kristi himmelsf\u00e4rdsdag, och p\u00e5 sommaren bygger m\u00e5nga sina l\u00e4ngre semestrar kring <a href=\"https:\/\/kultur.nu\/en\/varfor-firar-man-midsommar\/\">midsommar<\/a>. Julhelgerna \u00e4r ocks\u00e5 ett tillf\u00e4lle d\u00e5 m\u00e5nga tar ut flera semesterdagar f\u00f6r att f\u00f6rl\u00e4nga sin ledighet mellan jul och ny\u00e5r.<\/p>\n<h3><b>Kl\u00e4mdagar och l\u00e5nghelger 2026 \u2013 n\u00e4r kan du vara ledig extra l\u00e4nge?<\/b><\/h3>\n<p>N\u00e4r en r\u00f6d dag infaller p\u00e5 en torsdag eller tisdag kan man f\u00e5 en l\u00e5nghelg genom att ta ledigt dagen f\u00f6re eller efter \u2013 en s\u00e5 kallad kl\u00e4mdag. Det h\u00e4r \u00e4r s\u00e4rskilt popul\u00e4rt bland sm\u00e5barnsfamiljer, l\u00e5ngresen\u00e4rer och dem som vill maximera sin ledighet utan att ta ut f\u00f6r mycket semester.<\/p>\n<p>Exempel f\u00f6r 2026:<\/p>\n<ul>\n<li aria-level=\"1\">Kristi himmelsf\u00e4rd infaller torsdagen den 14 maj. Den 15 maj (fredag) kan tas som en kl\u00e4mdag f\u00f6r en fyradagarshelg.<\/li>\n<li aria-level=\"1\">F\u00f6rsta maj ligger p\u00e5 en fredag \u2013 perfekt f\u00f6r en l\u00e5nghelg utan att beh\u00f6va ta ledigt.<\/li>\n<li aria-level=\"1\">Ny\u00e5rsdagen infaller p\u00e5 en torsdag \u2013 h\u00e4r kan m\u00e5nga v\u00e4lja att ta fredagen ledig ocks\u00e5.<\/li>\n<\/ul>\n<h3><b>R\u00f6da dagar och v\u00e5ra traditioner<\/b><\/h3>\n<p>M\u00e5nga av helgdagarna \u00e4r starkt f\u00f6rknippade med svenska traditioner och <a href=\"https:\/\/kultur.nu\/en\/\">kultur<\/a>:<\/p>\n<ul>\n<li aria-level=\"1\"><b>P\u00e5sk<\/b> \u2013 med fj\u00e4drar, \u00e4gg, utkl\u00e4dda barn och stugvistelser<\/li>\n<li aria-level=\"1\"><b>Midsommar<\/b> \u2013 kanske den mest \u00e4lskade svenska h\u00f6gtiden med sill, nubbe, <a href=\"https:\/\/kultur.nu\/en\/dans\/\">dans<\/a> kring st\u00e5ngen och blomsterkransar<\/li>\n<li aria-level=\"1\"><b>Jul<\/b> \u2013 en tid av gemenskap, gl\u00f6gg, julbord och ljus i m\u00f6rkret<\/li>\n<li aria-level=\"1\"><b>Alla helgons dag<\/b> \u2013 en stillsam tradition d\u00e4r man minns avlidna och smyckar gravar<\/li>\n<\/ul>\n<p>Dessa dagar \u00e4r inte bara ledighet \u2013 de skapar ocks\u00e5 en kulturell rytm i det svenska \u00e5ret.<\/p>\n<h3><b>Hur p\u00e5verkas arbetslivet?<\/b><\/h3>\n<p><img loading=\"lazy\" decoding=\"async\" class=\"alignnone size-full wp-image-704\" src=\"https:\/\/kultur.nu\/wp-content\/uploads\/2025\/10\/Hur-paverkas-arbetslivet.webp\" alt=\"Hur p\u00e5verkas arbetslivet\" width=\"755\" height=\"491\" srcset=\"https:\/\/kultur.nu\/wp-content\/uploads\/2025\/10\/Hur-paverkas-arbetslivet.webp 755w, https:\/\/kultur.nu\/wp-content\/uploads\/2025\/10\/Hur-paverkas-arbetslivet-300x195.webp 300w\" sizes=\"auto, (max-width: 755px) 100vw, 755px\" \/><\/p>\n<p>I Sverige finns det lagar och kollektivavtal som styr hur arbetsgivare ska hantera r\u00f6da dagar. P\u00e5 m\u00e5nga arbetsplatser g\u00e4ller kortare arbetsdagar f\u00f6re helgdagar, och i vissa fall st\u00e4ngs verksamheten helt. Inom v\u00e5rd, transport och handel ser det dock annorlunda ut \u2013 h\u00e4r arbetar m\u00e5nga \u00e4ven under r\u00f6da dagar, ofta med ob-till\u00e4gg.<\/p>\n<h3><b>En kulturell rytm i kalenderform<\/b><\/h3>\n<p>R\u00f6da dagar i Sverige \u00e4r inte bara schematekniska markeringar i en kalender. De visar hur djupt rotade v\u00e5ra h\u00f6gtider och \u00e5terh\u00e4mtningsvanor \u00e4r. Fr\u00e5n firande av midsommar till strategiskt nyttjande av kl\u00e4mdagar \u2013 r\u00f6da dagar \u00e4r ett f\u00f6nster in i en svensk livsstil.<\/p>\n<p>De fungerar som naturliga pauser under \u00e5ret och spelar en viktig roll f\u00f6r b\u00e5de individens \u00e5terh\u00e4mtning och den kollektiva rytmen i samh\u00e4llet. D\u00e4rf\u00f6r \u00e4r de ocks\u00e5 en viktig del av v\u00e5r kultur \u2013 lika mycket som dansen runt midsommarst\u00e5ngen eller ljusen vid advent.<\/p>\n<p><b>Vanliga fr\u00e5gor<\/b><\/p>\n<p><b>Vilka r\u00f6da dagar infaller i januari 2026?<\/b><\/p>\n<p>I januari 2026 finns tv\u00e5 r\u00f6da dagar: <b>Ny\u00e5rsdagen<\/b> torsdagen den 1 januari och <b>Trettondedag jul<\/b> tisdagen den 6 januari. B\u00e5da \u00e4r officiella helgdagar och inneb\u00e4r ledighet f\u00f6r de flesta som arbetar kontorstid.<\/p>\n<p><b>Hur m\u00e5nga r\u00f6da dagar finns det totalt under 2026?<\/b><\/p>\n<p>Det finns <b>13 officiella r\u00f6da dagar<\/b> i Sverige under 2026. Dock infaller flera av dem p\u00e5 helger, vilket g\u00f6r att antalet r\u00f6da vardagar blir f\u00e4rre. F\u00f6r den som arbetar m\u00e5ndag till fredag inneb\u00e4r det f\u00e4rre lediga dagar j\u00e4mf\u00f6rt med vissa tidigare \u00e5r.<\/p>\n<p><b>Vilka r\u00f6da dagar finns under v\u00e5ren 2026?<\/b><\/p>\n<p>V\u00e5ren 2026 inneh\u00e5ller flera r\u00f6da dagar:<\/p>\n<ul>\n<li aria-level=\"1\"><b>L\u00e5ngfredag<\/b> (3 april)<\/li>\n<li aria-level=\"1\"><b>P\u00e5skdagen<\/b> (5 april)<\/li>\n<li aria-level=\"1\"><b>Annandag p\u00e5sk<\/b> (6 april)<\/li>\n<li aria-level=\"1\"><b>F\u00f6rsta maj<\/b> (1 maj)<\/li>\n<li aria-level=\"1\"><b>Kristi himmelsf\u00e4rdsdag<\/b> (14 maj)<\/li>\n<li aria-level=\"1\"><b>Pingstdagen<\/b> (24 maj)<\/li>\n<\/ul>\n<p>Dessa skapar goda m\u00f6jligheter f\u00f6r l\u00e4ngre helger och kl\u00e4mdagar under v\u00e5ren.<\/p>\n<p><b>\u00c4r man ledig p\u00e5 trettondagsafton 2026?<\/b><\/p>\n<p>Nej, <b>trettondagsafton<\/b> (m\u00e5ndagen den 5 januari 2026) \u00e4r inte en officiell helgdag. D\u00e4remot kan vissa arbetsplatser ha f\u00f6rkortad arbetsdag enligt avtal eller praxis. Den r\u00f6da dagen \u00e4r <b>trettondedag jul<\/b>, som infaller dagen efter \u2013 p\u00e5 tisdagen den 6 januari.<\/p>","protected":false},"excerpt":{"rendered":"<p>Sverige \u00e4r ett land d\u00e4r kalendern spelar en stor roll f\u00f6r hur vi planerar livet.&hellip;<\/p>","protected":false},"author":1,"featured_media":698,"comment_status":"open","ping_status":"open","sticky":false,"template":"","format":"standard","meta":{"_yoast_wpseo_focuskw":"","_yoast_wpseo_title":"","_yoast_wpseo_metadesc":"","_yoast_wpseo_meta-robots-noindex":"","_yoast_wpseo_meta-robots-nofollow":"","_yoast_wpseo_canonical":"","_yoast_wpseo_opengraph-title":"","_yoast_wpseo_opengraph-description":"","_yoast_wpseo_twitter-title":"","_yoast_wpseo_twitter-description":"","footnotes":"","rank_math_description":"","rank_math_focus_keyword":"","rank_math_title":"","rank_math_canonical_url":"","rank_math_robots":"","rank_math_facebook_title":"","rank_math_facebook_description":"","rank_math_twitter_title":"","rank_math_twitter_description":""},"categories":[1],"tags":[],"class_list":["post-696","post","type-post","status-publish","format-standard","has-post-thumbnail","hentry","category-uncategorized"],"yoast_head":"<!-- This site is optimized with the Yoast SEO plugin v27.5 - https:\/\/yoast.com\/product\/yoast-seo-wordpress\/ -->\n<title>R\u00f6da dagar 2026 \u2013 en spegel av svensk kultur och semestertradition - Kultur i Sverige<\/title>\n<meta name=\"robots\" content=\"index, follow, max-snippet:-1, max-image-preview:large, max-video-preview:-1\" \/>\n<link rel=\"canonical\" href=\"https:\/\/kultur.nu\/en\/roda-dagar-2026\/\" \/>\n<meta property=\"og:locale\" content=\"en_US\" \/>\n<meta property=\"og:type\" content=\"article\" \/>\n<meta property=\"og:title\" content=\"R\u00f6da dagar 2026 \u2013 en spegel av svensk kultur och semestertradition - Kultur i Sverige\" \/>\n<meta property=\"og:description\" content=\"Sverige \u00e4r ett land d\u00e4r kalendern spelar en stor roll f\u00f6r hur vi planerar livet.&hellip;\" \/>\n<meta property=\"og:url\" content=\"https:\/\/kultur.nu\/en\/roda-dagar-2026\/\" \/>\n<meta property=\"og:site_name\" content=\"Kultur i Sverige\" \/>\n<meta property=\"article:published_time\" content=\"2025-10-06T20:20:15+00:00\" \/>\n<meta property=\"article:modified_time\" content=\"2025-10-06T20:26:06+00:00\" \/>\n<meta property=\"og:image\" content=\"https:\/\/kultur.nu\/wp-content\/uploads\/2025\/10\/Roda-dagar-2026-\u2013-en-spegel-av-svensk-kultur-och-semestertradition.webp\" \/>\n\t<meta property=\"og:image:width\" content=\"698\" \/>\n\t<meta property=\"og:image:height\" content=\"459\" \/>\n\t<meta property=\"og:image:type\" content=\"image\/webp\" \/>\n<meta name=\"author\" content=\"Annica\" \/>\n<meta name=\"twitter:card\" content=\"summary_large_image\" \/>\n<meta name=\"twitter:label1\" content=\"Written by\" \/>\n\t<meta name=\"twitter:data1\" content=\"Annica\" \/>\n\t<meta name=\"twitter:label2\" content=\"Est. reading time\" \/>\n\t<meta name=\"twitter:data2\" content=\"6 minutes\" \/>\n<script type=\"application\/ld+json\" class=\"yoast-schema-graph\">{\"@context\":\"https:\\\/\\\/schema.org\",\"@graph\":[{\"@type\":\"Article\",\"@id\":\"https:\\\/\\\/kultur.nu\\\/roda-dagar-2026\\\/#article\",\"isPartOf\":{\"@id\":\"https:\\\/\\\/kultur.nu\\\/roda-dagar-2026\\\/\"},\"author\":{\"name\":\"Annica\",\"@id\":\"https:\\\/\\\/kultur.nu\\\/#\\\/schema\\\/person\\\/cbafe9491d5ea09a25eace8883923b2c\"},\"headline\":\"R\u00f6da dagar 2026 \u2013 en spegel av svensk kultur och semestertradition\",\"datePublished\":\"2025-10-06T20:20:15+00:00\",\"dateModified\":\"2025-10-06T20:26:06+00:00\",\"mainEntityOfPage\":{\"@id\":\"https:\\\/\\\/kultur.nu\\\/roda-dagar-2026\\\/\"},\"wordCount\":1267,\"commentCount\":0,\"publisher\":{\"@id\":\"https:\\\/\\\/kultur.nu\\\/#organization\"},\"image\":{\"@id\":\"https:\\\/\\\/kultur.nu\\\/roda-dagar-2026\\\/#primaryimage\"},\"thumbnailUrl\":\"https:\\\/\\\/kultur.nu\\\/wp-content\\\/uploads\\\/2025\\\/10\\\/Roda-dagar-2026-\u2013-en-spegel-av-svensk-kultur-och-semestertradition.webp\",\"inLanguage\":\"en-US\",\"potentialAction\":[{\"@type\":\"CommentAction\",\"name\":\"Comment\",\"target\":[\"https:\\\/\\\/kultur.nu\\\/roda-dagar-2026\\\/#respond\"]}]},{\"@type\":\"WebPage\",\"@id\":\"https:\\\/\\\/kultur.nu\\\/roda-dagar-2026\\\/\",\"url\":\"https:\\\/\\\/kultur.nu\\\/roda-dagar-2026\\\/\",\"name\":\"R\u00f6da dagar 2026 \u2013 en spegel av svensk kultur och semestertradition - Kultur i Sverige\",\"isPartOf\":{\"@id\":\"https:\\\/\\\/kultur.nu\\\/#website\"},\"primaryImageOfPage\":{\"@id\":\"https:\\\/\\\/kultur.nu\\\/roda-dagar-2026\\\/#primaryimage\"},\"image\":{\"@id\":\"https:\\\/\\\/kultur.nu\\\/roda-dagar-2026\\\/#primaryimage\"},\"thumbnailUrl\":\"https:\\\/\\\/kultur.nu\\\/wp-content\\\/uploads\\\/2025\\\/10\\\/Roda-dagar-2026-\u2013-en-spegel-av-svensk-kultur-och-semestertradition.webp\",\"datePublished\":\"2025-10-06T20:20:15+00:00\",\"dateModified\":\"2025-10-06T20:26:06+00:00\",\"breadcrumb\":{\"@id\":\"https:\\\/\\\/kultur.nu\\\/roda-dagar-2026\\\/#breadcrumb\"},\"inLanguage\":\"en-US\",\"potentialAction\":[{\"@type\":\"ReadAction\",\"target\":[\"https:\\\/\\\/kultur.nu\\\/roda-dagar-2026\\\/\"]}]},{\"@type\":\"ImageObject\",\"inLanguage\":\"en-US\",\"@id\":\"https:\\\/\\\/kultur.nu\\\/roda-dagar-2026\\\/#primaryimage\",\"url\":\"https:\\\/\\\/kultur.nu\\\/wp-content\\\/uploads\\\/2025\\\/10\\\/Roda-dagar-2026-\u2013-en-spegel-av-svensk-kultur-och-semestertradition.webp\",\"contentUrl\":\"https:\\\/\\\/kultur.nu\\\/wp-content\\\/uploads\\\/2025\\\/10\\\/Roda-dagar-2026-\u2013-en-spegel-av-svensk-kultur-och-semestertradition.webp\",\"width\":698,\"height\":459},{\"@type\":\"BreadcrumbList\",\"@id\":\"https:\\\/\\\/kultur.nu\\\/roda-dagar-2026\\\/#breadcrumb\",\"itemListElement\":[{\"@type\":\"ListItem\",\"position\":1,\"name\":\"Hem\",\"item\":\"https:\\\/\\\/kultur.nu\\\/\"},{\"@type\":\"ListItem\",\"position\":2,\"name\":\"R\u00f6da dagar 2026 \u2013 en spegel av svensk kultur och semestertradition\"}]},{\"@type\":\"WebSite\",\"@id\":\"https:\\\/\\\/kultur.nu\\\/#website\",\"url\":\"https:\\\/\\\/kultur.nu\\\/\",\"name\":\"Kultur i Sverige\",\"description\":\"\",\"publisher\":{\"@id\":\"https:\\\/\\\/kultur.nu\\\/#organization\"},\"potentialAction\":[{\"@type\":\"SearchAction\",\"target\":{\"@type\":\"EntryPoint\",\"urlTemplate\":\"https:\\\/\\\/kultur.nu\\\/?s={search_term_string}\"},\"query-input\":{\"@type\":\"PropertyValueSpecification\",\"valueRequired\":true,\"valueName\":\"search_term_string\"}}],\"inLanguage\":\"en-US\"},{\"@type\":\"Organization\",\"@id\":\"https:\\\/\\\/kultur.nu\\\/#organization\",\"name\":\"Kultur i Sverige\",\"url\":\"https:\\\/\\\/kultur.nu\\\/\",\"logo\":{\"@type\":\"ImageObject\",\"inLanguage\":\"en-US\",\"@id\":\"https:\\\/\\\/kultur.nu\\\/#\\\/schema\\\/logo\\\/image\\\/\",\"url\":\"https:\\\/\\\/kultur.nu\\\/wp-content\\\/uploads\\\/2025\\\/10\\\/cropped-Kultur.nu-logo.webp\",\"contentUrl\":\"https:\\\/\\\/kultur.nu\\\/wp-content\\\/uploads\\\/2025\\\/10\\\/cropped-Kultur.nu-logo.webp\",\"width\":510,\"height\":95,\"caption\":\"Kultur i Sverige\"},\"image\":{\"@id\":\"https:\\\/\\\/kultur.nu\\\/#\\\/schema\\\/logo\\\/image\\\/\"}},{\"@type\":\"Person\",\"@id\":\"https:\\\/\\\/kultur.nu\\\/#\\\/schema\\\/person\\\/cbafe9491d5ea09a25eace8883923b2c\",\"name\":\"Annica\",\"image\":{\"@type\":\"ImageObject\",\"inLanguage\":\"en-US\",\"@id\":\"https:\\\/\\\/secure.gravatar.com\\\/avatar\\\/d78c2d842df13ded689c841d90a91fd72f6cc9e7250f7066a537c14f82302546?s=96&d=mm&r=g\",\"url\":\"https:\\\/\\\/secure.gravatar.com\\\/avatar\\\/d78c2d842df13ded689c841d90a91fd72f6cc9e7250f7066a537c14f82302546?s=96&d=mm&r=g\",\"contentUrl\":\"https:\\\/\\\/secure.gravatar.com\\\/avatar\\\/d78c2d842df13ded689c841d90a91fd72f6cc9e7250f7066a537c14f82302546?s=96&d=mm&r=g\",\"caption\":\"Annica\"},\"description\":\"Annika Axelsson \u00e4r kulturskribent p\u00e5 Kultur.nu, d\u00e4r hon skriver om litteratur, film, teater, konst och samtida kulturdebatt. Hon har ett s\u00e4rskilt intresse f\u00f6r hur kultur speglar samh\u00e4llsf\u00f6r\u00e4ndringar, identitet och vardagslivet. Annika har studerat litteraturvetenskap och kulturjournalistik vid Stockholms universitet. Hon har \u00e4ven l\u00e4st konstvetenskap och medievetenskap, vilket ger henne en bred grund n\u00e4r hon analyserar b\u00e5de klassiska verk och moderna kulturuttryck. P\u00e5 Kultur.nu skriver Annika fr\u00e4mst recensioner, f\u00f6rdjupande artiklar och personliga kr\u00f6nikor. Hon bevakar nya b\u00f6cker, uppm\u00e4rksammade teaterf\u00f6rest\u00e4llningar, filmfestivaler, utst\u00e4llningar och aktuella kulturh\u00e4ndelser. Hennes texter k\u00e4nnetecknas av ett nyfiket, kunnigt och tillg\u00e4ngligt spr\u00e5k, d\u00e4r hon vill g\u00f6ra kultur l\u00e4ttare att f\u00f6rst\u00e5 utan att f\u00f6renkla den. Hon har tidigare arbetat med redaktionellt inneh\u00e5ll, intervjuer och kulturbevakning f\u00f6r b\u00e5de digitala magasin och lokala publikationer. I sitt skrivande \u00e5terkommer hon ofta till fr\u00e5gor om ber\u00e4ttande, kreativitet, klass, k\u00f6nsroller och kulturens plats i det moderna samh\u00e4llet.\",\"sameAs\":[\"https:\\\/\\\/kultur.nu\"],\"url\":\"https:\\\/\\\/kultur.nu\\\/en\\\/author\\\/annica\\\/\"}]}<\/script>\n<!-- \/ Yoast SEO plugin. -->","yoast_head_json":{"title":"R\u00f6da dagar 2026 \u2013 en spegel av svensk kultur och semestertradition - Kultur i Sverige","robots":{"index":"index","follow":"follow","max-snippet":"max-snippet:-1","max-image-preview":"max-image-preview:large","max-video-preview":"max-video-preview:-1"},"canonical":"https:\/\/kultur.nu\/en\/roda-dagar-2026\/","og_locale":"en_US","og_type":"article","og_title":"R\u00f6da dagar 2026 \u2013 en spegel av svensk kultur och semestertradition - Kultur i Sverige","og_description":"Sverige \u00e4r ett land d\u00e4r kalendern spelar en stor roll f\u00f6r hur vi planerar livet.&hellip;","og_url":"https:\/\/kultur.nu\/en\/roda-dagar-2026\/","og_site_name":"Kultur i Sverige","article_published_time":"2025-10-06T20:20:15+00:00","article_modified_time":"2025-10-06T20:26:06+00:00","og_image":[{"width":698,"height":459,"url":"https:\/\/kultur.nu\/wp-content\/uploads\/2025\/10\/Roda-dagar-2026-\u2013-en-spegel-av-svensk-kultur-och-semestertradition.webp","type":"image\/webp"}],"author":"Annica","twitter_card":"summary_large_image","twitter_misc":{"Written by":"Annica","Est. reading time":"6 minutes"},"schema":{"@context":"https:\/\/schema.org","@graph":[{"@type":"Article","@id":"https:\/\/kultur.nu\/roda-dagar-2026\/#article","isPartOf":{"@id":"https:\/\/kultur.nu\/roda-dagar-2026\/"},"author":{"name":"Annica","@id":"https:\/\/kultur.nu\/#\/schema\/person\/cbafe9491d5ea09a25eace8883923b2c"},"headline":"R\u00f6da dagar 2026 \u2013 en spegel av svensk kultur och semestertradition","datePublished":"2025-10-06T20:20:15+00:00","dateModified":"2025-10-06T20:26:06+00:00","mainEntityOfPage":{"@id":"https:\/\/kultur.nu\/roda-dagar-2026\/"},"wordCount":1267,"commentCount":0,"publisher":{"@id":"https:\/\/kultur.nu\/#organization"},"image":{"@id":"https:\/\/kultur.nu\/roda-dagar-2026\/#primaryimage"},"thumbnailUrl":"https:\/\/kultur.nu\/wp-content\/uploads\/2025\/10\/Roda-dagar-2026-\u2013-en-spegel-av-svensk-kultur-och-semestertradition.webp","inLanguage":"en-US","potentialAction":[{"@type":"CommentAction","name":"Comment","target":["https:\/\/kultur.nu\/roda-dagar-2026\/#respond"]}]},{"@type":"WebPage","@id":"https:\/\/kultur.nu\/roda-dagar-2026\/","url":"https:\/\/kultur.nu\/roda-dagar-2026\/","name":"R\u00f6da dagar 2026 \u2013 en spegel av svensk kultur och semestertradition - Kultur i Sverige","isPartOf":{"@id":"https:\/\/kultur.nu\/#website"},"primaryImageOfPage":{"@id":"https:\/\/kultur.nu\/roda-dagar-2026\/#primaryimage"},"image":{"@id":"https:\/\/kultur.nu\/roda-dagar-2026\/#primaryimage"},"thumbnailUrl":"https:\/\/kultur.nu\/wp-content\/uploads\/2025\/10\/Roda-dagar-2026-\u2013-en-spegel-av-svensk-kultur-och-semestertradition.webp","datePublished":"2025-10-06T20:20:15+00:00","dateModified":"2025-10-06T20:26:06+00:00","breadcrumb":{"@id":"https:\/\/kultur.nu\/roda-dagar-2026\/#breadcrumb"},"inLanguage":"en-US","potentialAction":[{"@type":"ReadAction","target":["https:\/\/kultur.nu\/roda-dagar-2026\/"]}]},{"@type":"ImageObject","inLanguage":"en-US","@id":"https:\/\/kultur.nu\/roda-dagar-2026\/#primaryimage","url":"https:\/\/kultur.nu\/wp-content\/uploads\/2025\/10\/Roda-dagar-2026-\u2013-en-spegel-av-svensk-kultur-och-semestertradition.webp","contentUrl":"https:\/\/kultur.nu\/wp-content\/uploads\/2025\/10\/Roda-dagar-2026-\u2013-en-spegel-av-svensk-kultur-och-semestertradition.webp","width":698,"height":459},{"@type":"BreadcrumbList","@id":"https:\/\/kultur.nu\/roda-dagar-2026\/#breadcrumb","itemListElement":[{"@type":"ListItem","position":1,"name":"Hem","item":"https:\/\/kultur.nu\/"},{"@type":"ListItem","position":2,"name":"R\u00f6da dagar 2026 \u2013 en spegel av svensk kultur och semestertradition"}]},{"@type":"WebSite","@id":"https:\/\/kultur.nu\/#website","url":"https:\/\/kultur.nu\/","name":"Kultur i Sverige","description":"","publisher":{"@id":"https:\/\/kultur.nu\/#organization"},"potentialAction":[{"@type":"SearchAction","target":{"@type":"EntryPoint","urlTemplate":"https:\/\/kultur.nu\/?s={search_term_string}"},"query-input":{"@type":"PropertyValueSpecification","valueRequired":true,"valueName":"search_term_string"}}],"inLanguage":"en-US"},{"@type":"Organization","@id":"https:\/\/kultur.nu\/#organization","name":"Kultur i Sverige","url":"https:\/\/kultur.nu\/","logo":{"@type":"ImageObject","inLanguage":"en-US","@id":"https:\/\/kultur.nu\/#\/schema\/logo\/image\/","url":"https:\/\/kultur.nu\/wp-content\/uploads\/2025\/10\/cropped-Kultur.nu-logo.webp","contentUrl":"https:\/\/kultur.nu\/wp-content\/uploads\/2025\/10\/cropped-Kultur.nu-logo.webp","width":510,"height":95,"caption":"Kultur i Sverige"},"image":{"@id":"https:\/\/kultur.nu\/#\/schema\/logo\/image\/"}},{"@type":"Person","@id":"https:\/\/kultur.nu\/#\/schema\/person\/cbafe9491d5ea09a25eace8883923b2c","name":"Annica","image":{"@type":"ImageObject","inLanguage":"en-US","@id":"https:\/\/secure.gravatar.com\/avatar\/d78c2d842df13ded689c841d90a91fd72f6cc9e7250f7066a537c14f82302546?s=96&d=mm&r=g","url":"https:\/\/secure.gravatar.com\/avatar\/d78c2d842df13ded689c841d90a91fd72f6cc9e7250f7066a537c14f82302546?s=96&d=mm&r=g","contentUrl":"https:\/\/secure.gravatar.com\/avatar\/d78c2d842df13ded689c841d90a91fd72f6cc9e7250f7066a537c14f82302546?s=96&d=mm&r=g","caption":"Annica"},"description":"Annika Axelsson \u00e4r kulturskribent p\u00e5 Kultur.nu, d\u00e4r hon skriver om litteratur, film, teater, konst och samtida kulturdebatt. Hon har ett s\u00e4rskilt intresse f\u00f6r hur kultur speglar samh\u00e4llsf\u00f6r\u00e4ndringar, identitet och vardagslivet. Annika har studerat litteraturvetenskap och kulturjournalistik vid Stockholms universitet. Hon har \u00e4ven l\u00e4st konstvetenskap och medievetenskap, vilket ger henne en bred grund n\u00e4r hon analyserar b\u00e5de klassiska verk och moderna kulturuttryck. P\u00e5 Kultur.nu skriver Annika fr\u00e4mst recensioner, f\u00f6rdjupande artiklar och personliga kr\u00f6nikor. Hon bevakar nya b\u00f6cker, uppm\u00e4rksammade teaterf\u00f6rest\u00e4llningar, filmfestivaler, utst\u00e4llningar och aktuella kulturh\u00e4ndelser. Hennes texter k\u00e4nnetecknas av ett nyfiket, kunnigt och tillg\u00e4ngligt spr\u00e5k, d\u00e4r hon vill g\u00f6ra kultur l\u00e4ttare att f\u00f6rst\u00e5 utan att f\u00f6renkla den. Hon har tidigare arbetat med redaktionellt inneh\u00e5ll, intervjuer och kulturbevakning f\u00f6r b\u00e5de digitala magasin och lokala publikationer. I sitt skrivande \u00e5terkommer hon ofta till fr\u00e5gor om ber\u00e4ttande, kreativitet, klass, k\u00f6nsroller och kulturens plats i det moderna samh\u00e4llet.","sameAs":["https:\/\/kultur.nu"],"url":"https:\/\/kultur.nu\/en\/author\/annica\/"}]}},"_links":{"self":[{"href":"https:\/\/kultur.nu\/en\/wp-json\/wp\/v2\/posts\/696","targetHints":{"allow":["GET"]}}],"collection":[{"href":"https:\/\/kultur.nu\/en\/wp-json\/wp\/v2\/posts"}],"about":[{"href":"https:\/\/kultur.nu\/en\/wp-json\/wp\/v2\/types\/post"}],"author":[{"embeddable":true,"href":"https:\/\/kultur.nu\/en\/wp-json\/wp\/v2\/users\/1"}],"replies":[{"embeddable":true,"href":"https:\/\/kultur.nu\/en\/wp-json\/wp\/v2\/comments?post=696"}],"version-history":[{"count":4,"href":"https:\/\/kultur.nu\/en\/wp-json\/wp\/v2\/posts\/696\/revisions"}],"predecessor-version":[{"id":705,"href":"https:\/\/kultur.nu\/en\/wp-json\/wp\/v2\/posts\/696\/revisions\/705"}],"wp:featuredmedia":[{"embeddable":true,"href":"https:\/\/kultur.nu\/en\/wp-json\/wp\/v2\/media\/698"}],"wp:attachment":[{"href":"https:\/\/kultur.nu\/en\/wp-json\/wp\/v2\/media?parent=696"}],"wp:term":[{"taxonomy":"category","embeddable":true,"href":"https:\/\/kultur.nu\/en\/wp-json\/wp\/v2\/categories?post=696"},{"taxonomy":"post_tag","embeddable":true,"href":"https:\/\/kultur.nu\/en\/wp-json\/wp\/v2\/tags?post=696"}],"curies":[{"name":"wp","href":"https:\/\/api.w.org\/{rel}","templated":true}]}}