{"id":696,"date":"2025-10-06T22:20:15","date_gmt":"2025-10-06T20:20:15","guid":{"rendered":"https:\/\/kultur.nu\/?p=696"},"modified":"2026-08-26T08:04:17","modified_gmt":"2026-08-26T06:04:17","slug":"roda-dagar-2026","status":"publish","type":"post","link":"https:\/\/kultur.nu\/en\/roda-dagar-2026\/","title":{"rendered":"R\u00f6da dagar 2026"},"content":{"rendered":"<p>Sverige har 13 <strong><a href=\"https:\/\/kultur.nu\/en\/roda-dagar-i-sverige\/\">r\u00f6da dagar<\/a><\/strong> under 2026. Sju av dem infaller p\u00e5 en vardag, fyra p\u00e5 en l\u00f6rdag och tv\u00e5 p\u00e5 en s\u00f6ndag. \u00c5rets f\u00f6rsta r\u00f6da dag \u00e4r ny\u00e5rsdagen torsdagen den 1 januari och den sista \u00e4r annandag jul l\u00f6rdagen den 26 december.<\/p>\n<p>Sju r\u00f6da dagar p\u00e5 vardag g\u00f6r 2026 till ett b\u00e4ttre \u00e5r \u00e4n 2027, som bara har fem. \u00c5ret innan var d\u00e4remot starkare, eftersom 2025 hade nio. Nedan hittar du hela kalendern med datum och veckodag, p\u00e5skens tre r\u00f6da dagar, kl\u00e4mdagarna period f\u00f6r period samt vad helgdagslagen s\u00e4ger.<\/p>\n<div class=\"kultur-snabb\"><span class=\"kultur-snabb-rubrik\">R\u00f6da dagar 2026 i korthet<\/span><\/p>\n<ul>\n<li><strong>Antal r\u00f6da dagar:<\/strong> 13 officiella helgdagar, ut\u00f6ver \u00e5rets 52 s\u00f6ndagar<\/li>\n<li><strong>P\u00e5 vardag:<\/strong> 7 av de 13, allts\u00e5 sju extra lediga dagar<\/li>\n<li><strong>P\u00e5 helg:<\/strong> 6 av de 13, varav fyra p\u00e5 l\u00f6rdag och tv\u00e5 p\u00e5 s\u00f6ndag<\/li>\n<li><strong>Antal arbetsdagar:<\/strong> 254 dagar<\/li>\n<li><strong>P\u00e5sken 2026:<\/strong> l\u00e5ngfredagen 3 april, p\u00e5skdagen 5 april och annandag p\u00e5sk 6 april<\/li>\n<li><strong>B\u00e4sta kl\u00e4mdag:<\/strong> fredag 15 maj, mellan Kristi himmelsf\u00e4rdsdag och helgen<\/li>\n<li><strong>Reglering:<\/strong> lagen (1989:253) om allm\u00e4nna helgdagar<\/li>\n<\/ul>\n<\/div>\n<h2>Vad r\u00e4knas som en r\u00f6d dag i Sverige?<\/h2>\n<p>En r\u00f6d dag \u00e4r en helgdag som de flesta \u00e4r lediga fr\u00e5n arbetet. Dagen \u00e4r markerad med r\u00f6d siffra i almanackan, d\u00e4rav namnet. M\u00e5nga av dagarna har religi\u00f6sa eller historiska r\u00f6tter, samtidigt som de fungerar som fasta punkter f\u00f6r ledighet, festligheter och semesterplanering.<\/p>\n<p>Tre begrepp blandas ofta ihop. <strong>Allm\u00e4n helgdag<\/strong> \u00e4r en dag som enligt lag \u00e4r arbetsfri f\u00f6r de flesta. <strong>Helgdagsafton<\/strong>, till exempel midsommarafton eller julafton, \u00e4r d\u00e4remot ingen officiell r\u00f6d dag, \u00e4ven om de allra flesta \u00e4nd\u00e5 \u00e4r lediga tack vare kollektivavtal eller tradition.<\/p>\n<p><strong>Flaggdag<\/strong> \u00e4r i sin tur en dag d\u00e5 allm\u00e4n flaggning rekommenderas, men en flaggdag \u00e4r inte automatiskt arbetsfri. Sveriges <a href=\"https:\/\/kultur.nu\/en\/sveriges-nationaldag-6-juni\/\">nationaldag<\/a> \u00e4r d\u00e4rf\u00f6r ovanlig, eftersom den \u00e4r b\u00e5de r\u00f6d dag och flaggdag. Den 30 april \u00e4r d\u00e4remot enbart flaggdag och allts\u00e5 en helt vanlig arbetsdag.<\/p>\n<p>M\u00e5nga tittar tidigt i en tryckt eller digital <a href=\"https:\/\/ikalendrar.se\/skriv-ut\/2026\/\">kalender 2026<\/a> f\u00f6r att f\u00e5 en \u00f6verblick \u00f6ver hur helgdagarna infaller, men \u00e4ven f\u00f6r att se hur de b\u00e4st kan planera ledighet och resor. Skillnaden mellan \u00e5ren \u00e4r n\u00e4mligen stor. Eftersom sju av helgdagarna 2026 ligger p\u00e5 vardag l\u00f6nar det sig dessutom att boka resor tidigt, s\u00e4rskilt kring p\u00e5sken och Kristi himmelsf\u00e4rdsdag.<\/p>\n<h2>Alla r\u00f6da dagar i Sverige 2026<\/h2>\n<p><img loading=\"lazy\" decoding=\"async\" class=\"alignnone wp-image-700 size-full\" src=\"https:\/\/kultur.nu\/wp-content\/uploads\/2025\/10\/Officiella-helgdagar-roda-dagar-i-Sverige-2026.webp\" alt=\"Officiella helgdagar (r\u00f6da dagar) i Sverige 2026\" width=\"732\" height=\"421\" srcset=\"https:\/\/kultur.nu\/wp-content\/uploads\/2025\/10\/Officiella-helgdagar-roda-dagar-i-Sverige-2026.webp 732w, https:\/\/kultur.nu\/wp-content\/uploads\/2025\/10\/Officiella-helgdagar-roda-dagar-i-Sverige-2026-300x173.webp 300w\" sizes=\"auto, (max-width: 732px) 100vw, 732px\" \/><\/p>\n<p>Detta \u00e4r de 13 <strong>lagstadgade helgdagarna<\/strong> som alltid r\u00e4knas som r\u00f6da dagar i den svenska kalendern, oavsett vilken veckodag de infaller p\u00e5. I tabellen ser du ocks\u00e5 vilken kategori varje dag tillh\u00f6r, eftersom flera av dagarna dessutom \u00e4r flaggdagar.<\/p>\n<table>\n<thead>\n<tr>\n<th>Datum och dag<\/th>\n<th>Helgdag och kategori<\/th>\n<\/tr>\n<\/thead>\n<tbody>\n<tr>\n<td data-label=\"Datum och dag\"><strong>1 januari<\/strong><br \/>Torsdag<\/td>\n<td data-label=\"Helgdag och kategori\"><strong>Ny\u00e5rsdagen<\/strong><br \/>Allm\u00e4n helgdag och flaggdag<\/td>\n<\/tr>\n<tr>\n<td data-label=\"Datum och dag\"><strong>6 januari<\/strong><br \/>Tisdag<\/td>\n<td data-label=\"Helgdag och kategori\"><strong>Trettondedag jul<\/strong><br \/>Allm\u00e4n helgdag, kyrklig h\u00f6gtid<\/td>\n<\/tr>\n<tr>\n<td data-label=\"Datum och dag\"><strong>3 april<\/strong><br \/>Fredag<\/td>\n<td data-label=\"Helgdag och kategori\"><strong>L\u00e5ngfredagen<\/strong><br \/>Allm\u00e4n helgdag, kyrklig h\u00f6gtid<\/td>\n<\/tr>\n<tr>\n<td data-label=\"Datum och dag\"><strong>5 april<\/strong><br \/>S\u00f6ndag<\/td>\n<td data-label=\"Helgdag och kategori\"><strong>P\u00e5skdagen<\/strong><br \/>Allm\u00e4n helgdag, kyrklig h\u00f6gtid<\/td>\n<\/tr>\n<tr>\n<td data-label=\"Datum och dag\"><strong>6 april<\/strong><br \/>M\u00e5ndag<\/td>\n<td data-label=\"Helgdag och kategori\"><strong>Annandag p\u00e5sk<\/strong><br \/>Allm\u00e4n helgdag, kyrklig h\u00f6gtid<\/td>\n<\/tr>\n<tr>\n<td data-label=\"Datum och dag\"><strong>1 maj<\/strong><br \/>Fredag<\/td>\n<td data-label=\"Helgdag och kategori\"><strong>F\u00f6rsta maj<\/strong><br \/>Allm\u00e4n helgdag och flaggdag<\/td>\n<\/tr>\n<tr>\n<td data-label=\"Datum och dag\"><strong>14 maj<\/strong><br \/>Torsdag<\/td>\n<td data-label=\"Helgdag och kategori\"><strong>Kristi himmelsf\u00e4rdsdag<\/strong><br \/>Allm\u00e4n helgdag, kyrklig h\u00f6gtid<\/td>\n<\/tr>\n<tr>\n<td data-label=\"Datum och dag\"><strong>24 maj<\/strong><br \/>S\u00f6ndag<\/td>\n<td data-label=\"Helgdag och kategori\"><strong>Pingstdagen<\/strong><br \/>Allm\u00e4n helgdag, kyrklig h\u00f6gtid<\/td>\n<\/tr>\n<tr>\n<td data-label=\"Datum och dag\"><strong>6 juni<\/strong><br \/>L\u00f6rdag<\/td>\n<td data-label=\"Helgdag och kategori\"><strong>Sveriges nationaldag<\/strong><br \/>Allm\u00e4n helgdag och flaggdag<\/td>\n<\/tr>\n<tr>\n<td data-label=\"Datum och dag\"><strong>20 juni<\/strong><br \/>L\u00f6rdag<\/td>\n<td data-label=\"Helgdag och kategori\"><strong>Midsommardagen<\/strong><br \/>Allm\u00e4n helgdag, kyrklig h\u00f6gtid (Johannes d\u00f6parens dag)<\/td>\n<\/tr>\n<tr>\n<td data-label=\"Datum och dag\"><strong>31 oktober<\/strong><br \/>L\u00f6rdag<\/td>\n<td data-label=\"Helgdag och kategori\"><strong>Alla helgons dag<\/strong><br \/>Allm\u00e4n helgdag, kyrklig h\u00f6gtid<\/td>\n<\/tr>\n<tr>\n<td data-label=\"Datum och dag\"><strong>25 december<\/strong><br \/>Fredag<\/td>\n<td data-label=\"Helgdag och kategori\"><strong>Juldagen<\/strong><br \/>Allm\u00e4n helgdag och flaggdag<\/td>\n<\/tr>\n<tr>\n<td data-label=\"Datum och dag\"><strong>26 december<\/strong><br \/>L\u00f6rdag<\/td>\n<td data-label=\"Helgdag och kategori\"><strong>Annandag jul<\/strong><br \/>Allm\u00e4n helgdag, kyrklig h\u00f6gtid<\/td>\n<\/tr>\n<\/tbody>\n<\/table>\n<h2>Inofficiella helgdagar och aftnar 2026<\/h2>\n<p>F\u00f6ljande dagar \u00e4r <strong>inte officiellt r\u00f6da dagar enligt lag<\/strong>, men m\u00e5nga arbetsplatser har \u00e4nd\u00e5 ledigt eller till\u00e4mpar f\u00f6rkortad arbetstid. Aff\u00e4rer och skolor kan ocks\u00e5 ha st\u00e4ngt eller avvikande tider. Reglerna styrs av kollektivavtal och lokal praxis, s\u00e5 kontrollera alltid vad som g\u00e4ller p\u00e5 just din arbetsplats.<\/p>\n<table>\n<thead>\n<tr>\n<th>Datum och dag<\/th>\n<th>H\u00f6gtid och status<\/th>\n<\/tr>\n<\/thead>\n<tbody>\n<tr>\n<td data-label=\"Datum och dag\"><strong>5 januari<\/strong><br \/>M\u00e5ndag<\/td>\n<td data-label=\"H\u00f6gtid och status\"><strong>Trettondagsafton<\/strong><br \/>Ingen r\u00f6d dag, ibland halvdag<\/td>\n<\/tr>\n<tr>\n<td data-label=\"Datum och dag\"><strong>2 april<\/strong><br \/>Torsdag<\/td>\n<td data-label=\"H\u00f6gtid och status\"><strong>Sk\u00e4rtorsdagen<\/strong><br \/>Ingen r\u00f6d dag, ofta halvdag<\/td>\n<\/tr>\n<tr>\n<td data-label=\"Datum och dag\"><strong>4 april<\/strong><br \/>L\u00f6rdag<\/td>\n<td data-label=\"H\u00f6gtid och status\"><strong>P\u00e5skafton<\/strong><br \/>Ingen r\u00f6d dag, men arbetsfri f\u00f6r de flesta<\/td>\n<\/tr>\n<tr>\n<td data-label=\"Datum och dag\"><strong>30 april<\/strong><br \/>Torsdag<\/td>\n<td data-label=\"H\u00f6gtid och status\"><strong>Valborgsm\u00e4ssoafton<\/strong><br \/>Ingen r\u00f6d dag, kan vara halvdag<\/td>\n<\/tr>\n<tr>\n<td data-label=\"Datum och dag\"><strong>19 juni<\/strong><br \/>Fredag<\/td>\n<td data-label=\"H\u00f6gtid och status\"><strong>Midsommarafton<\/strong><br \/>Ingen r\u00f6d dag, men arbetsfri f\u00f6r de flesta<\/td>\n<\/tr>\n<tr>\n<td data-label=\"Datum och dag\"><strong>24 december<\/strong><br \/>Torsdag<\/td>\n<td data-label=\"H\u00f6gtid och status\"><strong>Julafton<\/strong><br \/>Ingen r\u00f6d dag, men arbetsfri f\u00f6r de flesta<\/td>\n<\/tr>\n<tr>\n<td data-label=\"Datum och dag\"><strong>31 december<\/strong><br \/>Torsdag<\/td>\n<td data-label=\"H\u00f6gtid och status\"><strong>Ny\u00e5rsafton<\/strong><br \/>Ingen r\u00f6d dag, men arbetsfri f\u00f6r de flesta<\/td>\n<\/tr>\n<\/tbody>\n<\/table>\n<h2>R\u00f6da dagar i p\u00e5sken 2026<\/h2>\n<p>P\u00e5sken \u00e4r den helg som flest svenskar planerar sin ledighet kring, och d\u00e4rf\u00f6r \u00e4r det extra viktigt att ha koll p\u00e5 exakt vilka dagar som \u00e4r r\u00f6da. P\u00e5sken 2026 ligger tidigt, redan i b\u00f6rjan av april. Sk\u00e4rtorsdagen infaller 2 april och p\u00e5skhelgen str\u00e4cker sig sedan till och med annandag p\u00e5sk m\u00e5ndagen den 6 april.<\/p>\n<p>Av p\u00e5skens dagar \u00e4r tre stycken officiella r\u00f6da dagar: <strong>l\u00e5ngfredagen<\/strong> 3 april, <strong>p\u00e5skdagen<\/strong> 5 april och <strong>annandag p\u00e5sk<\/strong> 6 april. Sk\u00e4rtorsdagen och p\u00e5skafton \u00e4r d\u00e4remot inte r\u00f6da dagar. M\u00e5nga har \u00e4nd\u00e5 ledigt eller halvdag p\u00e5 sk\u00e4rtorsdagen, men det beror p\u00e5 kollektivavtal och inte p\u00e5 lag. Det inneb\u00e4r att du i verkligheten ofta f\u00e5r en l\u00e5ng ledighet redan utan att ta ut en enda semesterdag, eftersom l\u00e5ngfredagen ligger sist i veckan och annandag p\u00e5sk f\u00f6rst i n\u00e4sta.<\/p>\n<div class=\"kultur-fakta\"><span class=\"kultur-fakta-rubrik\">F\u00f6rl\u00e4ng p\u00e5skledigheten 2026<\/span><\/p>\n<p>Fyra semesterdagar tisdag till fredag efter p\u00e5skhelgen, allts\u00e5 7 till 10 april, ger tio lediga dagar i rad fr\u00e5n 3 april till 12 april. L\u00e4gger du dessutom sk\u00e4rtorsdagen 2 april som femte semesterdag v\u00e4xer ledigheten till elva dagar, fr\u00e5n 2 april till 12 april. Vill du hellre vara ledig veckan f\u00f6re kr\u00e4vs fyra semesterdagar 30 mars till 2 april, vilket ger tio lediga dagar fr\u00e5n 28 mars till 6 april.<\/p>\n<\/div>\n<p>Att p\u00e5sken infaller olika datum varje \u00e5r f\u00f6rvirrar m\u00e5nga. F\u00f6rklaringen \u00e4r att <strong>p\u00e5skdagen<\/strong> alltid infaller den f\u00f6rsta s\u00f6ndagen efter den f\u00f6rsta fullm\u00e5nen som intr\u00e4ffar p\u00e5 eller efter den 21 mars. Den utr\u00e4kningen kallas computus och fastst\u00e4lldes redan vid konciliet i Nicaea \u00e5r 325.<\/p>\n<p>P\u00e5 s\u00e5 s\u00e4tt kan p\u00e5skdagen hamna tidigast den 22 mars och senast den 25 april. Eftersom \u00f6vriga p\u00e5skdagar \u00e4r knutna till p\u00e5skdagen flyttar dessutom hela helgen med. L\u00e5ngfredagen \u00e4r d\u00e4rf\u00f6r alltid fredagen n\u00e4rmast f\u00f6re p\u00e5skdagen, medan annandag p\u00e5sk alltid infaller dagen efter.<\/p>\n<p>P\u00e5sken \u00e4r ett av de tydligaste exemplen p\u00e5 hur djupt traditionerna sitter i den svenska kalendern. Vill du l\u00e4sa mer om hur olika h\u00f6gtider firas och varf\u00f6r kan du utforska <a href=\"https:\/\/kultur.nu\/traditioner-i-sverige\/\">traditioner i Sverige<\/a> n\u00e4rmare.<\/p>\n<h2>Hur ligger de r\u00f6da dagarna j\u00e4mf\u00f6rt med 2025?<\/h2>\n<p>\u00c5r 2025 hade nio r\u00f6da dagar p\u00e5 vardag, medan 2026 har sju. Skillnaden beror helt p\u00e5 vilka veckodagar helgdagarna hamnar p\u00e5, eftersom antalet r\u00f6da dagar \u00e4r 13 b\u00e5da \u00e5ren. Tv\u00e5 gratislediga vardagar f\u00f6rsvinner allts\u00e5 j\u00e4mf\u00f6rt med \u00e5ret innan.<\/p>\n<p>Fyra av helgdagarna 2026 infaller p\u00e5 en l\u00f6rdag: <a href=\"https:\/\/kultur.nu\/en\/varfor-firar-vi-nationaldagen\/\">nationaldagen<\/a> 6 juni, midsommardagen 20 juni, Alla helgons dag 31 oktober och annandag jul 26 december. Dessutom ligger p\u00e5skdagen och pingstdagen p\u00e5 s\u00f6ndagar. Sex av \u00e5rets 13 r\u00f6da dagar ger d\u00e4rf\u00f6r ingen extra ledighet alls f\u00f6r den som arbetar m\u00e5ndag till fredag.<\/p>\n<p>Antalet arbetsdagar under 2026 blir 254. \u00c5ret rymmer 365 dagar, varav 104 \u00e4r l\u00f6rdagar och s\u00f6ndagar, vilket ger 261 vardagar. D\u00e4refter drar vi bort de sju r\u00f6da dagar som infaller p\u00e5 en vardag.<\/p>\n<h2>Kl\u00e4mdagar och l\u00e5nghelger 2026<\/h2>\n<p>N\u00e4r en r\u00f6d dag infaller p\u00e5 en torsdag eller tisdag kan du f\u00e5 en l\u00e5nghelg genom att ta ledigt dagen f\u00f6re eller efter. Den mellandagen kallas kl\u00e4mdag. Det h\u00e4r \u00e4r s\u00e4rskilt popul\u00e4rt bland sm\u00e5barnsfamiljer, l\u00e5ngresen\u00e4rer och alla som vill maximera sin ledighet utan att ta ut f\u00f6r m\u00e5nga semesterdagar.<\/p>\n<p>Tabellen nedan visar de b\u00e4sta tillf\u00e4llena f\u00f6r 2026, sorterade per period, samt hur effektiv varje kl\u00e4mdag \u00e4r. Med effektivitet menas hur m\u00e5nga lediga dagar du f\u00e5r f\u00f6r varje semesterdag du tar ut.<\/p>\n<table>\n<thead>\n<tr>\n<th>Period och kl\u00e4mdag<\/th>\n<th>Resultat<\/th>\n<\/tr>\n<\/thead>\n<tbody>\n<tr>\n<td data-label=\"Period och kl\u00e4mdag\"><strong>Ny\u00e5r, januari<\/strong><br \/>Ta ledigt fredag 2 januari<\/td>\n<td data-label=\"Resultat\">Fyra lediga dagar (1 till 4 januari) f\u00f6r en uttagen semesterdag. Effektivitet 4 g\u00e5nger.<\/td>\n<\/tr>\n<tr>\n<td data-label=\"Period och kl\u00e4mdag\"><strong>Trettondedag jul, januari<\/strong><br \/>Ta ledigt m\u00e5ndag 5 januari<\/td>\n<td data-label=\"Resultat\">Fyra lediga dagar (3 till 6 januari) f\u00f6r en uttagen semesterdag. Effektivitet 4 g\u00e5nger.<\/td>\n<\/tr>\n<tr>\n<td data-label=\"Period och kl\u00e4mdag\"><strong>P\u00e5sk, april<\/strong><br \/>Ta ledigt 7 till 10 april<\/td>\n<td data-label=\"Resultat\">Tio lediga dagar (3 till 12 april) f\u00f6r fyra uttagna semesterdagar. Effektivitet 2,5 g\u00e5nger.<\/td>\n<\/tr>\n<tr>\n<td data-label=\"Period och kl\u00e4mdag\"><strong>Kristi himmelsf\u00e4rd, maj<\/strong><br \/>Ta ledigt fredag 15 maj<\/td>\n<td data-label=\"Resultat\">Fyra lediga dagar (14 till 17 maj) f\u00f6r en uttagen semesterdag. Effektivitet 4 g\u00e5nger.<\/td>\n<\/tr>\n<tr>\n<td data-label=\"Period och kl\u00e4mdag\"><strong>Kristi himmelsf\u00e4rd, l\u00e5ng variant<\/strong><br \/>Ta ledigt 11 till 13 maj samt 15 maj<\/td>\n<td data-label=\"Resultat\">Nio lediga dagar (9 till 17 maj) f\u00f6r fyra uttagna semesterdagar. Effektivitet 2,25 g\u00e5nger.<\/td>\n<\/tr>\n<tr>\n<td data-label=\"Period och kl\u00e4mdag\"><strong>Jul och ny\u00e5r, december<\/strong><br \/>Ta ledigt 21 till 23 samt 28 till 30 december<\/td>\n<td data-label=\"Resultat\">Sexton lediga dagar (19 december till 3 januari) f\u00f6r sex uttagna semesterdagar, f\u00f6rutsatt att julafton och ny\u00e5rsafton \u00e4r lediga enligt avtal. Effektivitet 2,7 g\u00e5nger.<\/td>\n<\/tr>\n<\/tbody>\n<\/table>\n<div class=\"kultur-info\"><span class=\"kultur-info-rubrik\">Bra att veta om kl\u00e4mdagar<\/span><\/p>\n<p>En kl\u00e4mdag \u00e4r inte automatiskt ledig. P\u00e5 vissa arbetsplatser \u00e4r dagen helt arbetsfri enligt lokalt kollektivavtal, medan du p\u00e5 andra beh\u00f6ver ta ut en semesterdag. F\u00f6rsta maj 2026 \u00e4r v\u00e4rd att lyfta fram s\u00e4rskilt, eftersom den infaller p\u00e5 en fredag och d\u00e4rf\u00f6r ger en naturlig l\u00e5nghelg helt utan att du beh\u00f6ver ta ledigt.<\/p>\n<\/div>\n<h2>Lagen som styr r\u00f6da dagar<\/h2>\n<p>Vilka dagar som \u00e4r allm\u00e4nna helgdagar best\u00e4ms inte av tradition eller av enskilda arbetsgivare, utan av riksdagen. Det \u00e4r <a href=\"https:\/\/www.riksdagen.se\/sv\/dokument-och-lagar\/dokument\/svensk-forfattningssamling\/lag-1989253-om-allmanna-helgdagar_sfs-1989-253\/\" target=\"_blank\" rel=\"noopener\">Lag (1989:253) om allm\u00e4nna helgdagar<\/a> som listar de tretton dagarna och anger n\u00e4r de infaller. Lagen tr\u00e4dde i kraft den 1 januari 1990 och ersatte en betydligt \u00e4ldre f\u00f6rordning fr\u00e5n 1772.<\/p>\n<p>Lagen reglerar d\u00e4remot inte hur arbetsgivare ska hantera helgdagsaftnar eller kl\u00e4mdagar. Att m\u00e5nga har halvdag p\u00e5 sk\u00e4rtorsdagen eller \u00e4r lediga p\u00e5 midsommarafton beror i st\u00e4llet p\u00e5 kollektivavtal och praxis. Den senaste st\u00f6rre \u00e4ndringen av lagen kom 2005, d\u00e5 nationaldagen den 6 juni blev allm\u00e4n helgdag samtidigt som annandag pingst togs bort. Sverige hade allts\u00e5 en annan helgdag s\u00e5 sent som under tidigt 2000-tal, vilket visar att helgdagskalendern f\u00f6r\u00e4ndras \u00f6ver tid.<\/p>\n<p>Flera av helgdagarna h\u00f6r till kyrko\u00e5ret, kyrkans egen kalender som b\u00f6rjar med f\u00f6rsta advent. L\u00e5ngfredagen, p\u00e5skdagen, pingstdagen och Kristi himmelsf\u00e4rdsdag \u00e4r alla knutna till p\u00e5skfirandet. Svenska kyrkan beskriver utf\u00f6rligt hur <a href=\"https:\/\/www.svenskakyrkan.se\/kyrkoaret\" target=\"_blank\" rel=\"noopener\">kyrko\u00e5ret<\/a> \u00e4r uppbyggt och varf\u00f6r just dessa dagar har en s\u00e4rskild plats.<\/p>\n<h2>R\u00f6da dagar och v\u00e5ra traditioner<\/h2>\n<p><img loading=\"lazy\" decoding=\"async\" class=\"alignnone size-full wp-image-703\" src=\"https:\/\/kultur.nu\/wp-content\/uploads\/2025\/10\/Svensk-semesterkultur-\u2013-mer-an-bara-ledigt.webp\" alt=\"Svensk semesterkultur, mer \u00e4n bara ledigt\" width=\"800\" height=\"508\" srcset=\"https:\/\/kultur.nu\/wp-content\/uploads\/2025\/10\/Svensk-semesterkultur-\u2013-mer-an-bara-ledigt.webp 800w, https:\/\/kultur.nu\/wp-content\/uploads\/2025\/10\/Svensk-semesterkultur-\u2013-mer-an-bara-ledigt-300x191.webp 300w, https:\/\/kultur.nu\/wp-content\/uploads\/2025\/10\/Svensk-semesterkultur-\u2013-mer-an-bara-ledigt-768x488.webp 768w\" sizes=\"auto, (max-width: 800px) 100vw, 800px\" \/><\/p>\n<p>M\u00e5nga av helgdagarna \u00e4r starkt f\u00f6rknippade med svenska <a href=\"https:\/\/kultur.nu\/en\/traditioner-i-sverige\/\">traditioner<\/a>. Varje h\u00f6gtid b\u00e4r med sig egen mat, egna s\u00e5nger och egna seder, och flera av dem \u00e4r betydligt \u00e4ldre \u00e4n sj\u00e4lva helgdagslagen.<\/p>\n<ul>\n<li><strong>P\u00e5sk:<\/strong> fj\u00e4drar, \u00e4gg, utkl\u00e4dda p\u00e5skk\u00e4rringar och stugvistelser i tidig v\u00e5r<\/li>\n<li><strong><a href=\"https:\/\/kultur.nu\/en\/varfor-firar-man-midsommar\/\">Midsommar<\/a>:<\/strong> sill, nubbe, <a href=\"https:\/\/kultur.nu\/en\/dans\/\">dans<\/a> kring st\u00e5ngen och blomsterkransar, se <a href=\"https:\/\/kultur.nu\/varfor-firar-man-midsommar\/\">varf\u00f6r man firar midsommar<\/a><\/li>\n<li><strong>Nationaldagen:<\/strong> en ung helgdag som blev arbetsfri f\u00f6rst 2005, se <a href=\"https:\/\/kultur.nu\/varfor-firar-vi-nationaldagen\/\">varf\u00f6r vi firar nationaldagen<\/a><\/li>\n<li><strong>Jul:<\/strong> gemenskap, gl\u00f6gg, julbord och ljus i vinterm\u00f6rkret<\/li>\n<li><strong>Alla helgons dag:<\/strong> en stillsam tradition d\u00e4r man minns avlidna och smyckar gravar med ljus<\/li>\n<\/ul>\n<p>Dessa dagar handlar allts\u00e5 om mer \u00e4n ledighet. De b\u00e4r minnen, mat och seder vidare mellan generationerna, och d\u00e4rf\u00f6r h\u00f6r de till k\u00e4rnan i <a href=\"https:\/\/kultur.nu\/vad-ar-kultur\/\">vad kultur \u00e4r<\/a>. Samtidigt f\u00f6r\u00e4ndras firandet hela tiden, eftersom nya vanor tillkommer medan gamla tonar bort.<\/p>\n<h2>Hur p\u00e5verkas arbetslivet av r\u00f6da dagar?<\/h2>\n<p><img loading=\"lazy\" decoding=\"async\" class=\"alignnone size-full wp-image-704\" src=\"https:\/\/kultur.nu\/wp-content\/uploads\/2025\/10\/Hur-paverkas-arbetslivet.webp\" alt=\"Hur p\u00e5verkas arbetslivet av r\u00f6da dagar\" width=\"755\" height=\"491\" srcset=\"https:\/\/kultur.nu\/wp-content\/uploads\/2025\/10\/Hur-paverkas-arbetslivet.webp 755w, https:\/\/kultur.nu\/wp-content\/uploads\/2025\/10\/Hur-paverkas-arbetslivet-300x195.webp 300w\" sizes=\"auto, (max-width: 755px) 100vw, 755px\" \/><\/p>\n<p>I Sverige finns det lagar och kollektivavtal som styr hur arbetsgivare ska hantera r\u00f6da dagar. P\u00e5 m\u00e5nga arbetsplatser g\u00e4ller kortare arbetsdagar f\u00f6re en helgdag, och i vissa fall st\u00e4nger verksamheten helt. Inom v\u00e5rd, transport och handel ser det dock annorlunda ut. D\u00e4r arbetar m\u00e5nga \u00e4ven under r\u00f6da dagar, ofta med ob-till\u00e4gg.<\/p>\n<p>Storhelger som jul, p\u00e5sk, ny\u00e5r och midsommar kan dessutom ge ett h\u00f6gre till\u00e4gg, s\u00e5 kallat storhelgstill\u00e4gg. Exakt hur mycket du f\u00e5r och vilka dagar som r\u00e4knas som storhelg beror p\u00e5 vilket kollektivavtal din arbetsplats tillh\u00f6r. \u00c4r du os\u00e4ker \u00e4r det d\u00e4rf\u00f6r en god id\u00e9 att kontrollera ditt avtal i f\u00f6rv\u00e4g, s\u00e4rskilt om du planerar att arbeta under p\u00e5sken eller julen.<\/p>\n<h2>Vanliga fr\u00e5gor om r\u00f6da dagar 2026<\/h2>\n<h3>Vilka dagar i p\u00e5sken 2026 \u00e4r r\u00f6da dagar?<\/h3>\n<p>Tre dagar i p\u00e5sken 2026 \u00e4r officiella r\u00f6da dagar: l\u00e5ngfredagen den 3 april, p\u00e5skdagen den 5 april och annandag p\u00e5sk den 6 april. Sk\u00e4rtorsdagen den 2 april och p\u00e5skafton den 4 april \u00e4r d\u00e4remot inte r\u00f6da dagar, \u00e4ven om m\u00e5nga \u00e4nd\u00e5 har ledigt eller halvdag d\u00e5 beroende p\u00e5 kollektivavtal.<\/p>\n<h3>Hur m\u00e5nga r\u00f6da dagar finns det totalt under 2026?<\/h3>\n<p>Det finns 13 officiella r\u00f6da dagar i Sverige under 2026, ut\u00f6ver \u00e5rets 52 s\u00f6ndagar. Sju av de 13 infaller p\u00e5 en vardag, fyra p\u00e5 en l\u00f6rdag och tv\u00e5 p\u00e5 en s\u00f6ndag. \u00c5r 2025 hade nio r\u00f6da dagar p\u00e5 vardag, s\u00e5 2026 ger tv\u00e5 gratislediga vardagar f\u00e4rre.<\/p>\n<h3>Vilka r\u00f6da dagar finns under v\u00e5ren 2026?<\/h3>\n<p>V\u00e5ren 2026 inneh\u00e5ller flera r\u00f6da dagar: l\u00e5ngfredagen 3 april, p\u00e5skdagen 5 april, annandag p\u00e5sk 6 april, f\u00f6rsta maj 1 maj, Kristi himmelsf\u00e4rdsdag 14 maj och pingstdagen 24 maj. Tillsammans skapar de goda m\u00f6jligheter till l\u00e4ngre helger och kl\u00e4mdagar.<\/p>\n<h3>\u00c4r man ledig p\u00e5 trettondagsafton 2026?<\/h3>\n<p>Nej, trettondagsafton m\u00e5ndagen den 5 januari 2026 \u00e4r inte en officiell helgdag. Vissa arbetsplatser kan dock ha f\u00f6rkortad arbetsdag enligt avtal eller praxis. Den r\u00f6da dagen \u00e4r trettondedag jul, som infaller dagen efter, p\u00e5 tisdagen den 6 januari.<\/p>\n<h3>Vad \u00e4r skillnaden mellan en r\u00f6d dag och en flaggdag?<\/h3>\n<p>En r\u00f6d dag \u00e4r en allm\u00e4n helgdag som de flesta \u00e4r lediga fr\u00e5n arbetet. En flaggdag \u00e4r en dag d\u00e5 allm\u00e4n flaggning rekommenderas, men den \u00e4r inte automatiskt arbetsfri. Vissa dagar \u00e4r b\u00e5da delarna samtidigt, exempelvis ny\u00e5rsdagen, f\u00f6rsta maj, nationaldagen och juldagen.<\/p>\n<h3>Vilken lag styr de r\u00f6da dagarna i Sverige?<\/h3>\n<p>De r\u00f6da dagarna regleras av Lag (1989:253) om allm\u00e4nna helgdagar. Lagen listar de tretton allm\u00e4nna helgdagarna och anger n\u00e4r de infaller. Den tr\u00e4dde i kraft 1990 och \u00e4ndrades senast 2005, d\u00e5 nationaldagen blev allm\u00e4n helgdag.<\/p>\n<h3>Vilka r\u00f6da dagar infaller i januari 2026?<\/h3>\n<p>I januari 2026 finns tv\u00e5 r\u00f6da dagar: ny\u00e5rsdagen torsdagen den 1 januari och trettondedag jul tisdagen den 6 januari. B\u00e5da \u00e4r officiella helgdagar och inneb\u00e4r ledighet f\u00f6r de flesta som arbetar kontorstid.<\/p>\n<p><script type=\"application\/ld+json\">\n{\"@context\":\"https:\/\/schema.org\",\"@type\":\"FAQPage\",\"mainEntity\":[{\"@type\":\"Question\",\"name\":\"Vilka dagar i p\u00e5sken 2026 \u00e4r r\u00f6da dagar?\",\"acceptedAnswer\":{\"@type\":\"Answer\",\"text\":\"Tre dagar i p\u00e5sken 2026 \u00e4r officiella r\u00f6da dagar: l\u00e5ngfredagen den 3 april, p\u00e5skdagen den 5 april och annandag p\u00e5sk den 6 april. Sk\u00e4rtorsdagen den 2 april och p\u00e5skafton den 4 april \u00e4r d\u00e4remot inte r\u00f6da dagar, \u00e4ven om m\u00e5nga \u00e4nd\u00e5 har ledigt eller halvdag d\u00e5 beroende p\u00e5 kollektivavtal.\"}},{\"@type\":\"Question\",\"name\":\"Hur m\u00e5nga r\u00f6da dagar finns det totalt under 2026?\",\"acceptedAnswer\":{\"@type\":\"Answer\",\"text\":\"Det finns 13 officiella r\u00f6da dagar i Sverige under 2026, ut\u00f6ver \u00e5rets 52 s\u00f6ndagar. Sju av de 13 infaller p\u00e5 en vardag, fyra p\u00e5 en l\u00f6rdag och tv\u00e5 p\u00e5 en s\u00f6ndag. \u00c5r 2025 hade nio r\u00f6da dagar p\u00e5 vardag, s\u00e5 2026 ger tv\u00e5 gratislediga vardagar f\u00e4rre.\"}},{\"@type\":\"Question\",\"name\":\"Vilka r\u00f6da dagar finns under v\u00e5ren 2026?\",\"acceptedAnswer\":{\"@type\":\"Answer\",\"text\":\"V\u00e5ren 2026 inneh\u00e5ller flera r\u00f6da dagar: l\u00e5ngfredagen 3 april, p\u00e5skdagen 5 april, annandag p\u00e5sk 6 april, f\u00f6rsta maj 1 maj, Kristi himmelsf\u00e4rdsdag 14 maj och pingstdagen 24 maj. Tillsammans skapar de goda m\u00f6jligheter till l\u00e4ngre helger och kl\u00e4mdagar.\"}},{\"@type\":\"Question\",\"name\":\"\u00c4r man ledig p\u00e5 trettondagsafton 2026?\",\"acceptedAnswer\":{\"@type\":\"Answer\",\"text\":\"Nej, trettondagsafton m\u00e5ndagen den 5 januari 2026 \u00e4r inte en officiell helgdag. Vissa arbetsplatser kan dock ha f\u00f6rkortad arbetsdag enligt avtal eller praxis. Den r\u00f6da dagen \u00e4r trettondedag jul, som infaller dagen efter, p\u00e5 tisdagen den 6 januari.\"}},{\"@type\":\"Question\",\"name\":\"Vad \u00e4r skillnaden mellan en r\u00f6d dag och en flaggdag?\",\"acceptedAnswer\":{\"@type\":\"Answer\",\"text\":\"En r\u00f6d dag \u00e4r en allm\u00e4n helgdag som de flesta \u00e4r lediga fr\u00e5n arbetet. En flaggdag \u00e4r en dag d\u00e5 allm\u00e4n flaggning rekommenderas, men den \u00e4r inte automatiskt arbetsfri. Vissa dagar \u00e4r b\u00e5da delarna samtidigt, exempelvis ny\u00e5rsdagen, f\u00f6rsta maj, nationaldagen och juldagen.\"}},{\"@type\":\"Question\",\"name\":\"Vilken lag styr de r\u00f6da dagarna i Sverige?\",\"acceptedAnswer\":{\"@type\":\"Answer\",\"text\":\"De r\u00f6da dagarna regleras av Lag (1989:253) om allm\u00e4nna helgdagar. Lagen listar de tretton allm\u00e4nna helgdagarna och anger n\u00e4r de infaller. Den tr\u00e4dde i kraft 1990 och \u00e4ndrades senast 2005, d\u00e5 nationaldagen blev allm\u00e4n helgdag.\"}},{\"@type\":\"Question\",\"name\":\"Vilka r\u00f6da dagar infaller i januari 2026?\",\"acceptedAnswer\":{\"@type\":\"Answer\",\"text\":\"I januari 2026 finns tv\u00e5 r\u00f6da dagar: ny\u00e5rsdagen torsdagen den 1 januari och trettondedag jul tisdagen den 6 januari. B\u00e5da \u00e4r officiella helgdagar och inneb\u00e4r ledighet f\u00f6r de flesta som arbetar kontorstid.\"}}]}\n<\/script> <script type=\"application\/ld+json\">\n{\"@context\":\"https:\/\/schema.org\",\"@graph\":[{\"@type\":\"Event\",\"name\":\"Ny\u00e5rsdagen 2026\",\"startDate\":\"2026-01-01\",\"endDate\":\"2026-01-01\",\"eventAttendanceMode\":\"https:\/\/schema.org\/OfflineEventAttendanceMode\",\"eventStatus\":\"https:\/\/schema.org\/EventScheduled\",\"description\":\"Allm\u00e4n helgdag i Sverige. Ny\u00e5rsdagen \u00e4r \u00e4ven flaggdag.\",\"location\":{\"@type\":\"Country\",\"name\":\"Sverige\"}},{\"@type\":\"Event\",\"name\":\"Trettondedag jul 2026\",\"startDate\":\"2026-01-06\",\"endDate\":\"2026-01-06\",\"eventAttendanceMode\":\"https:\/\/schema.org\/OfflineEventAttendanceMode\",\"eventStatus\":\"https:\/\/schema.org\/EventScheduled\",\"description\":\"Allm\u00e4n helgdag i Sverige och kyrklig h\u00f6gtid.\",\"location\":{\"@type\":\"Country\",\"name\":\"Sverige\"}},{\"@type\":\"Event\",\"name\":\"L\u00e5ngfredagen 2026\",\"startDate\":\"2026-04-03\",\"endDate\":\"2026-04-03\",\"eventAttendanceMode\":\"https:\/\/schema.org\/OfflineEventAttendanceMode\",\"eventStatus\":\"https:\/\/schema.org\/EventScheduled\",\"description\":\"Allm\u00e4n helgdag i Sverige och en av p\u00e5skens tre r\u00f6da dagar.\",\"location\":{\"@type\":\"Country\",\"name\":\"Sverige\"}},{\"@type\":\"Event\",\"name\":\"P\u00e5skdagen 2026\",\"startDate\":\"2026-04-05\",\"endDate\":\"2026-04-05\",\"eventAttendanceMode\":\"https:\/\/schema.org\/OfflineEventAttendanceMode\",\"eventStatus\":\"https:\/\/schema.org\/EventScheduled\",\"description\":\"Allm\u00e4n helgdag i Sverige och en av p\u00e5skens tre r\u00f6da dagar.\",\"location\":{\"@type\":\"Country\",\"name\":\"Sverige\"}},{\"@type\":\"Event\",\"name\":\"Annandag p\u00e5sk 2026\",\"startDate\":\"2026-04-06\",\"endDate\":\"2026-04-06\",\"eventAttendanceMode\":\"https:\/\/schema.org\/OfflineEventAttendanceMode\",\"eventStatus\":\"https:\/\/schema.org\/EventScheduled\",\"description\":\"Allm\u00e4n helgdag i Sverige och en av p\u00e5skens tre r\u00f6da dagar.\",\"location\":{\"@type\":\"Country\",\"name\":\"Sverige\"}},{\"@type\":\"Event\",\"name\":\"F\u00f6rsta maj 2026\",\"startDate\":\"2026-05-01\",\"endDate\":\"2026-05-01\",\"eventAttendanceMode\":\"https:\/\/schema.org\/OfflineEventAttendanceMode\",\"eventStatus\":\"https:\/\/schema.org\/EventScheduled\",\"description\":\"Allm\u00e4n helgdag i Sverige. F\u00f6rsta maj \u00e4r \u00e4ven flaggdag.\",\"location\":{\"@type\":\"Country\",\"name\":\"Sverige\"}},{\"@type\":\"Event\",\"name\":\"Kristi himmelsf\u00e4rdsdag 2026\",\"startDate\":\"2026-05-14\",\"endDate\":\"2026-05-14\",\"eventAttendanceMode\":\"https:\/\/schema.org\/OfflineEventAttendanceMode\",\"eventStatus\":\"https:\/\/schema.org\/EventScheduled\",\"description\":\"Allm\u00e4n helgdag i Sverige och kyrklig h\u00f6gtid.\",\"location\":{\"@type\":\"Country\",\"name\":\"Sverige\"}},{\"@type\":\"Event\",\"name\":\"Pingstdagen 2026\",\"startDate\":\"2026-05-24\",\"endDate\":\"2026-05-24\",\"eventAttendanceMode\":\"https:\/\/schema.org\/OfflineEventAttendanceMode\",\"eventStatus\":\"https:\/\/schema.org\/EventScheduled\",\"description\":\"Allm\u00e4n helgdag i Sverige och kyrklig h\u00f6gtid.\",\"location\":{\"@type\":\"Country\",\"name\":\"Sverige\"}},{\"@type\":\"Event\",\"name\":\"Sveriges nationaldag 2026\",\"startDate\":\"2026-06-06\",\"endDate\":\"2026-06-06\",\"eventAttendanceMode\":\"https:\/\/schema.org\/OfflineEventAttendanceMode\",\"eventStatus\":\"https:\/\/schema.org\/EventScheduled\",\"description\":\"Allm\u00e4n helgdag i Sverige. Nationaldagen \u00e4r \u00e4ven flaggdag.\",\"location\":{\"@type\":\"Country\",\"name\":\"Sverige\"}},{\"@type\":\"Event\",\"name\":\"Midsommardagen 2026\",\"startDate\":\"2026-06-20\",\"endDate\":\"2026-06-20\",\"eventAttendanceMode\":\"https:\/\/schema.org\/OfflineEventAttendanceMode\",\"eventStatus\":\"https:\/\/schema.org\/EventScheduled\",\"description\":\"Allm\u00e4n helgdag i Sverige och kyrklig h\u00f6gtid.\",\"location\":{\"@type\":\"Country\",\"name\":\"Sverige\"}},{\"@type\":\"Event\",\"name\":\"Alla helgons dag 2026\",\"startDate\":\"2026-10-31\",\"endDate\":\"2026-10-31\",\"eventAttendanceMode\":\"https:\/\/schema.org\/OfflineEventAttendanceMode\",\"eventStatus\":\"https:\/\/schema.org\/EventScheduled\",\"description\":\"Allm\u00e4n helgdag i Sverige och kyrklig h\u00f6gtid.\",\"location\":{\"@type\":\"Country\",\"name\":\"Sverige\"}},{\"@type\":\"Event\",\"name\":\"Juldagen 2026\",\"startDate\":\"2026-12-25\",\"endDate\":\"2026-12-25\",\"eventAttendanceMode\":\"https:\/\/schema.org\/OfflineEventAttendanceMode\",\"eventStatus\":\"https:\/\/schema.org\/EventScheduled\",\"description\":\"Allm\u00e4n helgdag i Sverige. Juldagen \u00e4r \u00e4ven flaggdag.\",\"location\":{\"@type\":\"Country\",\"name\":\"Sverige\"}},{\"@type\":\"Event\",\"name\":\"Annandag jul 2026\",\"startDate\":\"2026-12-26\",\"endDate\":\"2026-12-26\",\"eventAttendanceMode\":\"https:\/\/schema.org\/OfflineEventAttendanceMode\",\"eventStatus\":\"https:\/\/schema.org\/EventScheduled\",\"description\":\"Allm\u00e4n helgdag i Sverige och kyrklig h\u00f6gtid.\",\"location\":{\"@type\":\"Country\",\"name\":\"Sverige\"}}]}\n<\/script><\/p>\n<div class=\"kultur-internlankar\"><span class=\"kultur-internlankar-rubrik\">L\u00e4s vidare om svensk <a href=\"https:\/\/kultur.nu\/en\/\">kultur<\/a><\/span><\/p>\n<ul>\n<li><a href=\"https:\/\/kultur.nu\/roda-dagar\/\">R\u00f6da dagar i Sverige<\/a><\/li>\n<li><a href=\"https:\/\/kultur.nu\/roda-dagar-2027\/\">R\u00f6da dagar 2027<\/a><\/li>\n<li><a href=\"https:\/\/kultur.nu\/traditioner-i-sverige\/\">Traditioner i Sverige<\/a><\/li>\n<li><a href=\"https:\/\/kultur.nu\/varfor-firar-man-midsommar\/\">Varf\u00f6r firar man midsommar?<\/a><\/li>\n<li><a href=\"https:\/\/kultur.nu\/svensk-folkdrakt\/\">Svensk folkdr\u00e4kt<\/a><\/li>\n<\/ul>\n<\/div>\n<div class=\"kultur-kallor\"><span class=\"kultur-kallor-rubrik\">Faktagranskning<\/span><\/p>\n<p>\u24d8 Senast uppdaterad: 26 augusti 2026. Samtliga datum, veckodagar, kl\u00e4mdagar och antalet arbetsdagar \u00e4r framr\u00e4knade ur helgdagslagens regler och kontrollerade mot kalendern f\u00f6r 2026.<\/p>\n<\/div>\n","protected":false},"excerpt":{"rendered":"<p>Sverige har 13 r\u00f6da dagar under 2026. Sju av dem infaller p\u00e5 en vardag, fyra&hellip;<\/p>","protected":false},"author":1,"featured_media":957,"comment_status":"open","ping_status":"open","sticky":false,"template":"","format":"standard","meta":{"_yoast_wpseo_meta-robots-noindex":"","_yoast_wpseo_meta-robots-nofollow":"","_yoast_wpseo_canonical":"","_yoast_wpseo_opengraph-title":"","_yoast_wpseo_opengraph-description":"","_yoast_wpseo_twitter-title":"","_yoast_wpseo_twitter-description":"","footnotes":"","rank_math_description":"","rank_math_focus_keyword":"","rank_math_title":"","rank_math_canonical_url":"","rank_math_robots":"","rank_math_facebook_title":"","rank_math_facebook_description":"","rank_math_twitter_title":"","rank_math_twitter_description":""},"categories":[2],"tags":[],"class_list":["post-696","post","type-post","status-publish","format-standard","has-post-thumbnail","hentry","category-aktuellt"],"yoast_head":"<!-- This site is optimized with the Yoast SEO plugin v28.4 - https:\/\/yoast.com\/product\/yoast-seo-wordpress\/ -->\n<title>R\u00f6da dagar 2026 | Alla 13 helgdagar, kl\u00e4mdagar och p\u00e5sken<\/title>\n<meta name=\"description\" content=\"R\u00f6da dagar 2026: 13 helgdagar varav 7 p\u00e5 vardag. Se alla datum, veckodagar, kl\u00e4mdagar och hur du f\u00f6rl\u00e4nger p\u00e5skledigheten.\" \/>\n<meta name=\"robots\" content=\"index, follow, max-snippet:-1, max-image-preview:large, max-video-preview:-1\" \/>\n<link rel=\"canonical\" href=\"https:\/\/kultur.nu\/en\/roda-dagar-2026\/\" \/>\n<meta property=\"og:locale\" content=\"en_US\" \/>\n<meta property=\"og:type\" content=\"article\" \/>\n<meta property=\"og:title\" content=\"R\u00f6da dagar 2026 | Alla 13 helgdagar, kl\u00e4mdagar och p\u00e5sken\" \/>\n<meta property=\"og:description\" content=\"R\u00f6da dagar 2026: 13 helgdagar varav 7 p\u00e5 vardag. Se alla datum, veckodagar, kl\u00e4mdagar och hur du f\u00f6rl\u00e4nger p\u00e5skledigheten.\" \/>\n<meta property=\"og:url\" content=\"https:\/\/kultur.nu\/en\/roda-dagar-2026\/\" \/>\n<meta property=\"og:site_name\" content=\"Kultur i Sverige\" \/>\n<meta property=\"article:published_time\" content=\"2025-10-06T20:20:15+00:00\" \/>\n<meta property=\"article:modified_time\" content=\"2026-08-26T06:04:17+00:00\" \/>\n<meta property=\"og:image\" content=\"https:\/\/kultur.nu\/wp-content\/uploads\/2025\/10\/Roda-dagar-2026.webp\" \/>\n\t<meta property=\"og:image:width\" content=\"797\" \/>\n\t<meta property=\"og:image:height\" content=\"440\" \/>\n\t<meta property=\"og:image:type\" content=\"image\/webp\" \/>\n<meta name=\"author\" content=\"Annica\" \/>\n<meta name=\"twitter:card\" content=\"summary_large_image\" \/>\n<meta name=\"twitter:label1\" content=\"Written by\" \/>\n\t<meta name=\"twitter:data1\" content=\"Annica\" \/>\n\t<meta name=\"twitter:label2\" content=\"Est. reading time\" \/>\n\t<meta name=\"twitter:data2\" content=\"12 minutes\" \/>\n<script type=\"application\/ld+json\" class=\"yoast-schema-graph\">{\"@context\":\"https:\\\/\\\/schema.org\",\"@graph\":[{\"@type\":\"Article\",\"@id\":\"https:\\\/\\\/kultur.nu\\\/roda-dagar-2026\\\/#article\",\"isPartOf\":{\"@id\":\"https:\\\/\\\/kultur.nu\\\/roda-dagar-2026\\\/\"},\"author\":{\"name\":\"Annica\",\"@id\":\"https:\\\/\\\/kultur.nu\\\/#\\\/schema\\\/person\\\/cbafe9491d5ea09a25eace8883923b2c\"},\"headline\":\"R\u00f6da dagar 2026\",\"datePublished\":\"2025-10-06T20:20:15+00:00\",\"dateModified\":\"2026-08-26T06:04:17+00:00\",\"mainEntityOfPage\":{\"@id\":\"https:\\\/\\\/kultur.nu\\\/roda-dagar-2026\\\/\"},\"wordCount\":2484,\"commentCount\":0,\"publisher\":{\"@id\":\"https:\\\/\\\/kultur.nu\\\/#organization\"},\"image\":{\"@id\":\"https:\\\/\\\/kultur.nu\\\/roda-dagar-2026\\\/#primaryimage\"},\"thumbnailUrl\":\"https:\\\/\\\/kultur.nu\\\/wp-content\\\/uploads\\\/2025\\\/10\\\/Roda-dagar-2026.webp\",\"articleSection\":[\"Aktuellt\"],\"inLanguage\":\"en-US\",\"potentialAction\":[{\"@type\":\"CommentAction\",\"name\":\"Comment\",\"target\":[\"https:\\\/\\\/kultur.nu\\\/roda-dagar-2026\\\/#respond\"]}]},{\"@type\":\"WebPage\",\"@id\":\"https:\\\/\\\/kultur.nu\\\/roda-dagar-2026\\\/\",\"url\":\"https:\\\/\\\/kultur.nu\\\/roda-dagar-2026\\\/\",\"name\":\"R\u00f6da dagar 2026 | Alla 13 helgdagar, kl\u00e4mdagar och p\u00e5sken\",\"isPartOf\":{\"@id\":\"https:\\\/\\\/kultur.nu\\\/#website\"},\"primaryImageOfPage\":{\"@id\":\"https:\\\/\\\/kultur.nu\\\/roda-dagar-2026\\\/#primaryimage\"},\"image\":{\"@id\":\"https:\\\/\\\/kultur.nu\\\/roda-dagar-2026\\\/#primaryimage\"},\"thumbnailUrl\":\"https:\\\/\\\/kultur.nu\\\/wp-content\\\/uploads\\\/2025\\\/10\\\/Roda-dagar-2026.webp\",\"datePublished\":\"2025-10-06T20:20:15+00:00\",\"dateModified\":\"2026-08-26T06:04:17+00:00\",\"description\":\"R\u00f6da dagar 2026: 13 helgdagar varav 7 p\u00e5 vardag. Se alla datum, veckodagar, kl\u00e4mdagar och hur du f\u00f6rl\u00e4nger p\u00e5skledigheten.\",\"breadcrumb\":{\"@id\":\"https:\\\/\\\/kultur.nu\\\/roda-dagar-2026\\\/#breadcrumb\"},\"inLanguage\":\"en-US\",\"potentialAction\":[{\"@type\":\"ReadAction\",\"target\":[\"https:\\\/\\\/kultur.nu\\\/roda-dagar-2026\\\/\"]}]},{\"@type\":\"ImageObject\",\"inLanguage\":\"en-US\",\"@id\":\"https:\\\/\\\/kultur.nu\\\/roda-dagar-2026\\\/#primaryimage\",\"url\":\"https:\\\/\\\/kultur.nu\\\/wp-content\\\/uploads\\\/2025\\\/10\\\/Roda-dagar-2026.webp\",\"contentUrl\":\"https:\\\/\\\/kultur.nu\\\/wp-content\\\/uploads\\\/2025\\\/10\\\/Roda-dagar-2026.webp\",\"width\":797,\"height\":440,\"caption\":\"R\u00f6da dagar 2026\"},{\"@type\":\"BreadcrumbList\",\"@id\":\"https:\\\/\\\/kultur.nu\\\/roda-dagar-2026\\\/#breadcrumb\",\"itemListElement\":[{\"@type\":\"ListItem\",\"position\":1,\"name\":\"Hem\",\"item\":\"https:\\\/\\\/kultur.nu\\\/\"},{\"@type\":\"ListItem\",\"position\":2,\"name\":\"R\u00f6da dagar 2026\"}]},{\"@type\":\"WebSite\",\"@id\":\"https:\\\/\\\/kultur.nu\\\/#website\",\"url\":\"https:\\\/\\\/kultur.nu\\\/\",\"name\":\"Kultur i Sverige\",\"description\":\"\",\"publisher\":{\"@id\":\"https:\\\/\\\/kultur.nu\\\/#organization\"},\"potentialAction\":[{\"@type\":\"SearchAction\",\"target\":{\"@type\":\"EntryPoint\",\"urlTemplate\":\"https:\\\/\\\/kultur.nu\\\/?s={search_term_string}\"},\"query-input\":{\"@type\":\"PropertyValueSpecification\",\"valueRequired\":true,\"valueName\":\"search_term_string\"}}],\"inLanguage\":\"en-US\"},{\"@type\":\"Organization\",\"@id\":\"https:\\\/\\\/kultur.nu\\\/#organization\",\"name\":\"Kultur i Sverige\",\"url\":\"https:\\\/\\\/kultur.nu\\\/\",\"logo\":{\"@type\":\"ImageObject\",\"inLanguage\":\"en-US\",\"@id\":\"https:\\\/\\\/kultur.nu\\\/#\\\/schema\\\/logo\\\/image\\\/\",\"url\":\"https:\\\/\\\/kultur.nu\\\/wp-content\\\/uploads\\\/2025\\\/10\\\/cropped-Kultur.nu-logo.webp\",\"contentUrl\":\"https:\\\/\\\/kultur.nu\\\/wp-content\\\/uploads\\\/2025\\\/10\\\/cropped-Kultur.nu-logo.webp\",\"width\":510,\"height\":95,\"caption\":\"Kultur i Sverige\"},\"image\":{\"@id\":\"https:\\\/\\\/kultur.nu\\\/#\\\/schema\\\/logo\\\/image\\\/\"}},{\"@type\":\"Person\",\"@id\":\"https:\\\/\\\/kultur.nu\\\/#\\\/schema\\\/person\\\/cbafe9491d5ea09a25eace8883923b2c\",\"name\":\"Annica\",\"image\":{\"@type\":\"ImageObject\",\"inLanguage\":\"en-US\",\"@id\":\"https:\\\/\\\/secure.gravatar.com\\\/avatar\\\/d78c2d842df13ded689c841d90a91fd72f6cc9e7250f7066a537c14f82302546?s=96&d=mm&r=g\",\"url\":\"https:\\\/\\\/secure.gravatar.com\\\/avatar\\\/d78c2d842df13ded689c841d90a91fd72f6cc9e7250f7066a537c14f82302546?s=96&d=mm&r=g\",\"contentUrl\":\"https:\\\/\\\/secure.gravatar.com\\\/avatar\\\/d78c2d842df13ded689c841d90a91fd72f6cc9e7250f7066a537c14f82302546?s=96&d=mm&r=g\",\"caption\":\"Annica\"},\"description\":\"Annika Axelsson \u00e4r kulturskribent p\u00e5 Kultur.nu, d\u00e4r hon skriver om litteratur, film, teater, konst och samtida kulturdebatt. Hon har ett s\u00e4rskilt intresse f\u00f6r hur kultur speglar samh\u00e4llsf\u00f6r\u00e4ndringar, identitet och vardagslivet. Annika har studerat litteraturvetenskap och kulturjournalistik vid Stockholms universitet. Hon har \u00e4ven l\u00e4st konstvetenskap och medievetenskap, vilket ger henne en bred grund n\u00e4r hon analyserar b\u00e5de klassiska verk och moderna kulturuttryck. P\u00e5 Kultur.nu skriver Annika fr\u00e4mst recensioner, f\u00f6rdjupande artiklar och personliga kr\u00f6nikor. Hon bevakar nya b\u00f6cker, uppm\u00e4rksammade teaterf\u00f6rest\u00e4llningar, filmfestivaler, utst\u00e4llningar och aktuella kulturh\u00e4ndelser. Hennes texter k\u00e4nnetecknas av ett nyfiket, kunnigt och tillg\u00e4ngligt spr\u00e5k, d\u00e4r hon vill g\u00f6ra kultur l\u00e4ttare att f\u00f6rst\u00e5 utan att f\u00f6renkla den. Hon har tidigare arbetat med redaktionellt inneh\u00e5ll, intervjuer och kulturbevakning f\u00f6r b\u00e5de digitala magasin och lokala publikationer. I sitt skrivande \u00e5terkommer hon ofta till fr\u00e5gor om ber\u00e4ttande, kreativitet, klass, k\u00f6nsroller och kulturens plats i det moderna samh\u00e4llet.\",\"sameAs\":[\"https:\\\/\\\/kultur.nu\"],\"url\":\"https:\\\/\\\/kultur.nu\\\/en\\\/author\\\/annica\\\/\"}]}<\/script>\n<!-- \/ Yoast SEO plugin. -->","yoast_head_json":{"title":"R\u00f6da dagar 2026 | Alla 13 helgdagar, kl\u00e4mdagar och p\u00e5sken","description":"R\u00f6da dagar 2026: 13 helgdagar varav 7 p\u00e5 vardag. Se alla datum, veckodagar, kl\u00e4mdagar och hur du f\u00f6rl\u00e4nger p\u00e5skledigheten.","robots":{"index":"index","follow":"follow","max-snippet":"max-snippet:-1","max-image-preview":"max-image-preview:large","max-video-preview":"max-video-preview:-1"},"canonical":"https:\/\/kultur.nu\/en\/roda-dagar-2026\/","og_locale":"en_US","og_type":"article","og_title":"R\u00f6da dagar 2026 | Alla 13 helgdagar, kl\u00e4mdagar och p\u00e5sken","og_description":"R\u00f6da dagar 2026: 13 helgdagar varav 7 p\u00e5 vardag. Se alla datum, veckodagar, kl\u00e4mdagar och hur du f\u00f6rl\u00e4nger p\u00e5skledigheten.","og_url":"https:\/\/kultur.nu\/en\/roda-dagar-2026\/","og_site_name":"Kultur i Sverige","article_published_time":"2025-10-06T20:20:15+00:00","article_modified_time":"2026-08-26T06:04:17+00:00","og_image":[{"width":797,"height":440,"url":"https:\/\/kultur.nu\/wp-content\/uploads\/2025\/10\/Roda-dagar-2026.webp","type":"image\/webp"}],"author":"Annica","twitter_card":"summary_large_image","twitter_misc":{"Written by":"Annica","Est. reading time":"12 minutes"},"schema":{"@context":"https:\/\/schema.org","@graph":[{"@type":"Article","@id":"https:\/\/kultur.nu\/roda-dagar-2026\/#article","isPartOf":{"@id":"https:\/\/kultur.nu\/roda-dagar-2026\/"},"author":{"name":"Annica","@id":"https:\/\/kultur.nu\/#\/schema\/person\/cbafe9491d5ea09a25eace8883923b2c"},"headline":"R\u00f6da dagar 2026","datePublished":"2025-10-06T20:20:15+00:00","dateModified":"2026-08-26T06:04:17+00:00","mainEntityOfPage":{"@id":"https:\/\/kultur.nu\/roda-dagar-2026\/"},"wordCount":2484,"commentCount":0,"publisher":{"@id":"https:\/\/kultur.nu\/#organization"},"image":{"@id":"https:\/\/kultur.nu\/roda-dagar-2026\/#primaryimage"},"thumbnailUrl":"https:\/\/kultur.nu\/wp-content\/uploads\/2025\/10\/Roda-dagar-2026.webp","articleSection":["Aktuellt"],"inLanguage":"en-US","potentialAction":[{"@type":"CommentAction","name":"Comment","target":["https:\/\/kultur.nu\/roda-dagar-2026\/#respond"]}]},{"@type":"WebPage","@id":"https:\/\/kultur.nu\/roda-dagar-2026\/","url":"https:\/\/kultur.nu\/roda-dagar-2026\/","name":"R\u00f6da dagar 2026 | Alla 13 helgdagar, kl\u00e4mdagar och p\u00e5sken","isPartOf":{"@id":"https:\/\/kultur.nu\/#website"},"primaryImageOfPage":{"@id":"https:\/\/kultur.nu\/roda-dagar-2026\/#primaryimage"},"image":{"@id":"https:\/\/kultur.nu\/roda-dagar-2026\/#primaryimage"},"thumbnailUrl":"https:\/\/kultur.nu\/wp-content\/uploads\/2025\/10\/Roda-dagar-2026.webp","datePublished":"2025-10-06T20:20:15+00:00","dateModified":"2026-08-26T06:04:17+00:00","description":"R\u00f6da dagar 2026: 13 helgdagar varav 7 p\u00e5 vardag. Se alla datum, veckodagar, kl\u00e4mdagar och hur du f\u00f6rl\u00e4nger p\u00e5skledigheten.","breadcrumb":{"@id":"https:\/\/kultur.nu\/roda-dagar-2026\/#breadcrumb"},"inLanguage":"en-US","potentialAction":[{"@type":"ReadAction","target":["https:\/\/kultur.nu\/roda-dagar-2026\/"]}]},{"@type":"ImageObject","inLanguage":"en-US","@id":"https:\/\/kultur.nu\/roda-dagar-2026\/#primaryimage","url":"https:\/\/kultur.nu\/wp-content\/uploads\/2025\/10\/Roda-dagar-2026.webp","contentUrl":"https:\/\/kultur.nu\/wp-content\/uploads\/2025\/10\/Roda-dagar-2026.webp","width":797,"height":440,"caption":"R\u00f6da dagar 2026"},{"@type":"BreadcrumbList","@id":"https:\/\/kultur.nu\/roda-dagar-2026\/#breadcrumb","itemListElement":[{"@type":"ListItem","position":1,"name":"Hem","item":"https:\/\/kultur.nu\/"},{"@type":"ListItem","position":2,"name":"R\u00f6da dagar 2026"}]},{"@type":"WebSite","@id":"https:\/\/kultur.nu\/#website","url":"https:\/\/kultur.nu\/","name":"Kultur i Sverige","description":"","publisher":{"@id":"https:\/\/kultur.nu\/#organization"},"potentialAction":[{"@type":"SearchAction","target":{"@type":"EntryPoint","urlTemplate":"https:\/\/kultur.nu\/?s={search_term_string}"},"query-input":{"@type":"PropertyValueSpecification","valueRequired":true,"valueName":"search_term_string"}}],"inLanguage":"en-US"},{"@type":"Organization","@id":"https:\/\/kultur.nu\/#organization","name":"Kultur i Sverige","url":"https:\/\/kultur.nu\/","logo":{"@type":"ImageObject","inLanguage":"en-US","@id":"https:\/\/kultur.nu\/#\/schema\/logo\/image\/","url":"https:\/\/kultur.nu\/wp-content\/uploads\/2025\/10\/cropped-Kultur.nu-logo.webp","contentUrl":"https:\/\/kultur.nu\/wp-content\/uploads\/2025\/10\/cropped-Kultur.nu-logo.webp","width":510,"height":95,"caption":"Kultur i Sverige"},"image":{"@id":"https:\/\/kultur.nu\/#\/schema\/logo\/image\/"}},{"@type":"Person","@id":"https:\/\/kultur.nu\/#\/schema\/person\/cbafe9491d5ea09a25eace8883923b2c","name":"Annica","image":{"@type":"ImageObject","inLanguage":"en-US","@id":"https:\/\/secure.gravatar.com\/avatar\/d78c2d842df13ded689c841d90a91fd72f6cc9e7250f7066a537c14f82302546?s=96&d=mm&r=g","url":"https:\/\/secure.gravatar.com\/avatar\/d78c2d842df13ded689c841d90a91fd72f6cc9e7250f7066a537c14f82302546?s=96&d=mm&r=g","contentUrl":"https:\/\/secure.gravatar.com\/avatar\/d78c2d842df13ded689c841d90a91fd72f6cc9e7250f7066a537c14f82302546?s=96&d=mm&r=g","caption":"Annica"},"description":"Annika Axelsson \u00e4r kulturskribent p\u00e5 Kultur.nu, d\u00e4r hon skriver om litteratur, film, teater, konst och samtida kulturdebatt. Hon har ett s\u00e4rskilt intresse f\u00f6r hur kultur speglar samh\u00e4llsf\u00f6r\u00e4ndringar, identitet och vardagslivet. Annika har studerat litteraturvetenskap och kulturjournalistik vid Stockholms universitet. Hon har \u00e4ven l\u00e4st konstvetenskap och medievetenskap, vilket ger henne en bred grund n\u00e4r hon analyserar b\u00e5de klassiska verk och moderna kulturuttryck. P\u00e5 Kultur.nu skriver Annika fr\u00e4mst recensioner, f\u00f6rdjupande artiklar och personliga kr\u00f6nikor. Hon bevakar nya b\u00f6cker, uppm\u00e4rksammade teaterf\u00f6rest\u00e4llningar, filmfestivaler, utst\u00e4llningar och aktuella kulturh\u00e4ndelser. Hennes texter k\u00e4nnetecknas av ett nyfiket, kunnigt och tillg\u00e4ngligt spr\u00e5k, d\u00e4r hon vill g\u00f6ra kultur l\u00e4ttare att f\u00f6rst\u00e5 utan att f\u00f6renkla den. Hon har tidigare arbetat med redaktionellt inneh\u00e5ll, intervjuer och kulturbevakning f\u00f6r b\u00e5de digitala magasin och lokala publikationer. I sitt skrivande \u00e5terkommer hon ofta till fr\u00e5gor om ber\u00e4ttande, kreativitet, klass, k\u00f6nsroller och kulturens plats i det moderna samh\u00e4llet.","sameAs":["https:\/\/kultur.nu"],"url":"https:\/\/kultur.nu\/en\/author\/annica\/"}]}},"_links":{"self":[{"href":"https:\/\/kultur.nu\/en\/wp-json\/wp\/v2\/posts\/696","targetHints":{"allow":["GET"]}}],"collection":[{"href":"https:\/\/kultur.nu\/en\/wp-json\/wp\/v2\/posts"}],"about":[{"href":"https:\/\/kultur.nu\/en\/wp-json\/wp\/v2\/types\/post"}],"author":[{"embeddable":true,"href":"https:\/\/kultur.nu\/en\/wp-json\/wp\/v2\/users\/1"}],"replies":[{"embeddable":true,"href":"https:\/\/kultur.nu\/en\/wp-json\/wp\/v2\/comments?post=696"}],"version-history":[{"count":9,"href":"https:\/\/kultur.nu\/en\/wp-json\/wp\/v2\/posts\/696\/revisions"}],"predecessor-version":[{"id":965,"href":"https:\/\/kultur.nu\/en\/wp-json\/wp\/v2\/posts\/696\/revisions\/965"}],"wp:featuredmedia":[{"embeddable":true,"href":"https:\/\/kultur.nu\/en\/wp-json\/wp\/v2\/media\/957"}],"wp:attachment":[{"href":"https:\/\/kultur.nu\/en\/wp-json\/wp\/v2\/media?parent=696"}],"wp:term":[{"taxonomy":"category","embeddable":true,"href":"https:\/\/kultur.nu\/en\/wp-json\/wp\/v2\/categories?post=696"},{"taxonomy":"post_tag","embeddable":true,"href":"https:\/\/kultur.nu\/en\/wp-json\/wp\/v2\/tags?post=696"}],"curies":[{"name":"wp","href":"https:\/\/api.w.org\/{rel}","templated":true}]}}