{"id":706,"date":"2025-10-08T00:13:54","date_gmt":"2025-10-07T22:13:54","guid":{"rendered":"https:\/\/kultur.nu\/?p=706"},"modified":"2025-10-08T00:32:04","modified_gmt":"2025-10-07T22:32:04","slug":"lanemonster","status":"publish","type":"post","link":"https:\/\/kultur.nu\/en\/lanemonster\/","title":{"rendered":"Hur l\u00e5nem\u00f6nster speglar v\u00e5r kultur \u2013 en svensk ber\u00e4ttelse i skuld och sparsamhet"},"content":{"rendered":"<p>Att l\u00e5na pengar \u00e4r i Sverige inte bara ett ekonomiskt beslut, utan ett kulturellt uttryck. V\u00e5ra attityder till skuld, sparande och konsumtion ber\u00e4ttar n\u00e5got om vilka vi \u00e4r, vad vi v\u00e4rderar och hur vi f\u00f6rh\u00e5ller oss till framtiden. Genom att f\u00f6lja svenskarnas l\u00e5nem\u00f6nster kan vi ocks\u00e5 f\u00f6rst\u00e5 hur v\u00e5r <a href=\"https:\/\/kultur.nu\/en\/\">kultur<\/a> formats \u2013 och hur den forts\u00e4tter att f\u00f6r\u00e4ndras.<\/p>\n<h3>Den svenska ambivalensen: Skulder \u00e4r okej \u2013 men bara vissa<\/h3>\n<p>Det finns en tydlig dubbelhet i den svenska synen p\u00e5 l\u00e5n. Att ta ett bol\u00e5n ses som n\u00e5got helt normalt och ofta som ett tecken p\u00e5 vuxenhet. Det \u00e4r ett steg in i livet och ett s\u00e4tt att investera i framtiden. N\u00e4stan ingen reagerar negativt om man ber\u00e4ttar att man har ett bol\u00e5n.<\/p>\n<p>Men konsumtionsl\u00e5n, kreditkortsskulder eller snabbl\u00e5n m\u00f6ts ofta av ett helt annat tonl\u00e4ge. H\u00e4r handlar det om mer k\u00e4nsliga \u00e4mnen \u2013 att leva \u00f6ver sina tillg\u00e5ngar, att inte kunna betala tillbaka, att ta genv\u00e4gar. Det kan kopplas till ett kulturellt arv d\u00e4r sparsamhet och f\u00f6rsiktighet ses som dygder. Den som tar l\u00e5n utan s\u00e4kerhet riskerar inte bara sin ekonomi \u2013 utan ocks\u00e5 sitt anseende.<\/p>\n<p>Ett exempel \u00e4r att m\u00e5nga s\u00f6ker sig till m\u00f6jligheten att\u202f<a href=\"https:\/\/snabblandirekt.com\/lan-utan-uc\/\">l\u00e5na pengar utan UC<\/a>, just f\u00f6r att undvika att det ska p\u00e5verka deras kreditv\u00e4rdighet. Det s\u00e4ger n\u00e5got om hur pass k\u00e4nsligt det fortfarande kan vara med synlig skulds\u00e4ttning \u2013 \u00e4ven i ett modernt samh\u00e4lle.<\/p>\n<h3>S\u00e5 mycket l\u00e5nar vi \u2013 och till vad<\/h3>\n<p><img loading=\"lazy\" decoding=\"async\" class=\"alignnone size-full wp-image-709\" src=\"https:\/\/kultur.nu\/wp-content\/uploads\/2025\/10\/Sa-mycket-lanar-vi-\u2013-och-till-vad.webp\" alt=\"S\u00e5 mycket l\u00e5nar vi \u2013 och till vad\" width=\"800\" height=\"379\" srcset=\"https:\/\/kultur.nu\/wp-content\/uploads\/2025\/10\/Sa-mycket-lanar-vi-\u2013-och-till-vad.webp 800w, https:\/\/kultur.nu\/wp-content\/uploads\/2025\/10\/Sa-mycket-lanar-vi-\u2013-och-till-vad-300x142.webp 300w, https:\/\/kultur.nu\/wp-content\/uploads\/2025\/10\/Sa-mycket-lanar-vi-\u2013-och-till-vad-768x364.webp 768w\" sizes=\"auto, (max-width: 800px) 100vw, 800px\" \/><\/p>\n<p>Svenskar \u00e4r bland de mest skuldsatta i v\u00e4rlden i f\u00f6rh\u00e5llande till inkomst, med samlade hush\u00e5llsskulder p\u00e5 \u00f6ver 5 000 miljarder kronor. Merparten av detta \u00e4r bol\u00e5n, vilket ocks\u00e5 har blivit en naturlig del av samh\u00e4llsstrukturen. Att \u00e4ga sitt boende \u00e4r norm i Sverige \u2013 men det kr\u00e4ver l\u00e5n.<\/p>\n<p>Ut\u00f6ver bol\u00e5n finns det konsumtionskrediter, avbetalningar, kreditkortsskulder och snabbl\u00e5n. Dessa \u00f6kar inte i samma takt, men \u00e4r mer problematiska ur ett kulturellt perspektiv. H\u00e4r finns fortfarande en k\u00e4nsla av skuld, b\u00e5de bokstavligt och bildligt, som ofta tas upp i <a href=\"https:\/\/kultur.nu\/en\/massmedier\/\">medier<\/a>, tv-serier och privatlivet.<\/p>\n<h3>Generationerna som t\u00e4nker olika<\/h3>\n<p>\u00c4ldre svenskar har ofta en mer f\u00f6rsiktig syn p\u00e5 l\u00e5n. M\u00e5nga som v\u00e4xte upp under efterkrigstiden eller 70-talets l\u00e5gkonjunktur har med sig en uppfostran d\u00e4r man sparade f\u00f6rst och konsumerade sen. Att ta l\u00e5n kunde vara n\u00f6dv\u00e4ndigt, men det var n\u00e5got man gjorde med eftertanke.<\/p>\n<p>Bland yngre generationer \u00e4r l\u00e5n mer av ett verktyg. M\u00e5nga ser det som en naturlig del av vardagen \u2013 ett s\u00e4tt att skapa flexibilitet. Kreditkort, avbetalning p\u00e5 teknik, l\u00e5n till renovering eller resor \u00e4r vanliga inslag i livet, s\u00e4rskilt i ett samh\u00e4lle d\u00e4r snabbhet och tillg\u00e4nglighet premieras. Det kulturella skiftet \u00e4r tydligt: fr\u00e5n \u00e5terh\u00e5llsamhet till m\u00f6jlighet.<\/p>\n<h3>L\u00e5nebeteenden i olika \u00e5ldersgrupper i Sverige<\/h3>\n<table>\n<thead>\n<tr>\n<th>\u00c5ldersgrupp<\/th>\n<th>Vanligaste l\u00e5netyper<\/th>\n<th>Syfte med l\u00e5nen<\/th>\n<th>Typiska belopp<\/th>\n<th>Kulturella drag<\/th>\n<\/tr>\n<\/thead>\n<tbody>\n<tr>\n<td>18\u201325 \u00e5r<\/td>\n<td>Konsumtionsl\u00e5n, kreditkort<\/td>\n<td>Resor, teknik, utbildning, flytt<\/td>\n<td>5\u202f000\u201350\u202f000 kr<\/td>\n<td>L\u00e5n ses som n\u00f6dv\u00e4ndigt f\u00f6r frihet<\/td>\n<\/tr>\n<tr>\n<td>26\u201335 \u00e5r<\/td>\n<td>Bol\u00e5n, bill\u00e5n, konsumtionsl\u00e5n<\/td>\n<td>F\u00f6rsta bostaden, barn, bil, renovering<\/td>\n<td>100\u202f000\u20132\u202f500\u202f000 kr<\/td>\n<td>H\u00f6g skulds\u00e4ttning \u00e4r norm, bol\u00e5n centralt<\/td>\n<\/tr>\n<tr>\n<td>36\u201350 \u00e5r<\/td>\n<td>Bol\u00e5n, bill\u00e5n, privatl\u00e5n<\/td>\n<td>Uppgradering av boende, familjeekonomi<\/td>\n<td>500\u202f000\u20133\u202f000\u202f000+ kr<\/td>\n<td>Skuld ses som livsfas \u2013 men press finns<\/td>\n<\/tr>\n<tr>\n<td>51\u201365 \u00e5r<\/td>\n<td>Amortering, restskulder<\/td>\n<td>Betala av l\u00e5n, ev. fritidshus<\/td>\n<td>200\u202f000\u20131\u202f000\u202f000 kr<\/td>\n<td>Stolthet i amortering, undviker ny skulds\u00e4ttning<\/td>\n<\/tr>\n<tr>\n<td>66+ \u00e5r<\/td>\n<td>F\u00e4rre l\u00e5n, ibland blanco<\/td>\n<td>Hj\u00e4lp till barnbarn, konsumtion i pension<\/td>\n<td>0\u2013300\u202f000 kr<\/td>\n<td>Undviker l\u00e5n, kulturellt tabu med skuld<\/td>\n<\/tr>\n<\/tbody>\n<\/table>\n<h3>Regionerna som skiljer sig \u00e5t<\/h3>\n<p><img loading=\"lazy\" decoding=\"async\" class=\"alignnone size-full wp-image-711\" src=\"https:\/\/kultur.nu\/wp-content\/uploads\/2025\/10\/Regionerna-som-skiljer-sig-at.webp\" alt=\"Regionerna som skiljer sig \u00e5t\" width=\"800\" height=\"463\" srcset=\"https:\/\/kultur.nu\/wp-content\/uploads\/2025\/10\/Regionerna-som-skiljer-sig-at.webp 800w, https:\/\/kultur.nu\/wp-content\/uploads\/2025\/10\/Regionerna-som-skiljer-sig-at-300x174.webp 300w, https:\/\/kultur.nu\/wp-content\/uploads\/2025\/10\/Regionerna-som-skiljer-sig-at-768x444.webp 768w\" sizes=\"auto, (max-width: 800px) 100vw, 800px\" \/><\/p>\n<p>Var i landet du bor p\u00e5verkar ocks\u00e5 hur du l\u00e5nar. I storstadsregionerna \u00e4r l\u00e5nen h\u00f6gre, men det \u00e4r framf\u00f6r allt bostadsl\u00e5n som dominerar. Priserna kr\u00e4ver helt enkelt stora l\u00e5n. H\u00e4r \u00e4r skulder en del av samh\u00e4llsstrukturen.<\/p>\n<p>I mindre st\u00e4der och p\u00e5 landsbygden ser vi ett annat m\u00f6nster. D\u00e4r \u00e4r det vanligare med mindre konsumtionsl\u00e5n, till exempel f\u00f6r bilen, renoveringar eller of\u00f6rutsedda utgifter. \u00c4ven andelen som har skulder hos Kronofogden \u00e4r h\u00f6gre i vissa regioner \u2013 inte som ett kulturellt val, utan som en konsekvens av en svagare ekonomi och f\u00e4rre alternativ.<\/p>\n<p>Det \u00e4r allts\u00e5 inte bara hur vi l\u00e5nar som skiljer oss \u00e5t \u2013 utan ocks\u00e5 varf\u00f6r.<\/p>\n<h3>Fr\u00e5n jantelagen till kreditkort: en f\u00f6r\u00e4ndrad kultur<\/h3>\n<p>Det svenska samh\u00e4llet har f\u00f6r\u00e4ndrats kraftigt sedan 1900-talets mitt. D\u00e5 var det sj\u00e4lvklart att man sparade, byggde l\u00e5ngsamt och undvek skulder. I dag har konsumtionskulturen skapat nya normer. Det \u00e4r inte l\u00e4ngre n\u00e5got m\u00e4rkligt med att l\u00e5na \u2013 det \u00e4r snarare en f\u00f6ruts\u00e4ttning f\u00f6r att kunna delta i samh\u00e4llet.<\/p>\n<p>Men det gamla idealet lever kvar. M\u00e5nga k\u00e4nner fortfarande att det \u00e4r mer respektabelt att spara \u00e4n att l\u00e5na. Att ha betalat av ett hus \u00e4r n\u00e5got man g\u00e4rna ber\u00e4ttar. Att ligga efter med avbetalningarna pratar man inte g\u00e4rna om. Det \u00e4r i detta mellanrum mellan nytt och gammalt som <a href=\"https:\/\/kultur.nu\/en\/svensk-kultur\/\">svensk kultur<\/a> r\u00f6r sig just nu.<\/p>\n<h3>N\u00e4r skulden blir en ber\u00e4ttelse \u2013 l\u00e5n inom film och tv<\/h3>\n<figure id=\"attachment_713\" aria-describedby=\"caption-attachment-713\" style=\"width: 800px\" class=\"wp-caption alignnone\"><img loading=\"lazy\" decoding=\"async\" class=\"wp-image-713 size-full\" src=\"https:\/\/kultur.nu\/wp-content\/uploads\/2025\/10\/Nar-skulden-blir-en-berattelse-\u2013-lan-inom-film-och-tv.webp\" alt=\"N\u00e4r skulden blir en ber\u00e4ttelse \u2013 l\u00e5n inom film och tv\" width=\"800\" height=\"388\" srcset=\"https:\/\/kultur.nu\/wp-content\/uploads\/2025\/10\/Nar-skulden-blir-en-berattelse-\u2013-lan-inom-film-och-tv.webp 800w, https:\/\/kultur.nu\/wp-content\/uploads\/2025\/10\/Nar-skulden-blir-en-berattelse-\u2013-lan-inom-film-och-tv-300x146.webp 300w, https:\/\/kultur.nu\/wp-content\/uploads\/2025\/10\/Nar-skulden-blir-en-berattelse-\u2013-lan-inom-film-och-tv-768x372.webp 768w\" sizes=\"auto, (max-width: 800px) 100vw, 800px\" \/><figcaption id=\"caption-attachment-713\" class=\"wp-caption-text\">Avsnitt av &#8221;Lyxf\u00e4llan&#8221; p\u00e5 Viaplay<\/figcaption><\/figure>\n<p>I <a href=\"https:\/\/kultur.nu\/en\/film\/\">svensk film<\/a> och <a href=\"https:\/\/kultur.nu\/en\/litteratur_och_sprak\/\">litteratur<\/a> \u00e5terkommer teman kring pengar, skuld och klass. Vi ser ofta ber\u00e4ttelser om familjer som k\u00e4mpar med ekonomin, unga vuxna med studieskulder eller \u00e4ldre generationer som minns n\u00e4r man kunde bygga hus utan att l\u00e5na en krona. Skulden blir en ber\u00e4ttelse \u2013 om framg\u00e5ng, om ansvar, om kamp.<\/p>\n<p>Tv-program om lyxf\u00e4llor och ekonomisk katastrof lockar tittare, inte bara f\u00f6r att de chockerar utan ocks\u00e5 f\u00f6r att de speglar v\u00e5r egen oro. Vad h\u00e4nder om vi sj\u00e4lva f\u00f6rlorar kontrollen? Hur n\u00e4ra \u00e4r vi att sj\u00e4lva hamna i samma situation?<\/p>\n<h3>Kulturella konsekvenser av l\u00e5nebeteende<\/h3>\n<p>Att leva med l\u00e5n p\u00e5verkar inte bara pl\u00e5nboken \u2013 det p\u00e5verkar hur vi ser p\u00e5 oss sj\u00e4lva. I ett samh\u00e4lle d\u00e4r ansvar och sj\u00e4lvf\u00f6rs\u00f6rjning v\u00e4rderas h\u00f6gt kan en stor skuld k\u00e4nnas som ett personligt nederlag. Samtidigt skapar dagens samh\u00e4lle f\u00f6rv\u00e4ntningar p\u00e5 flexibilitet, snabbhet och konsumtion \u2013 f\u00f6rv\u00e4ntningar som i praktiken ofta kr\u00e4ver l\u00e5n.<\/p>\n<p>Detta dubbelspel pr\u00e4glar v\u00e5r kultur. Vi har byggt ett samh\u00e4lle d\u00e4r l\u00e5n \u00e4r n\u00f6dv\u00e4ndiga, men d\u00e4r skulden fortfarande b\u00e4r p\u00e5 ett visst stigma. Det \u00e4r kanske d\u00e4rf\u00f6r just svensken \u00e4r expert p\u00e5 att l\u00e5na med gott samvete \u2013 men ocks\u00e5 p\u00e5 att amortera med stolthet.<\/p>","protected":false},"excerpt":{"rendered":"<p>Att l\u00e5na pengar \u00e4r i Sverige inte bara ett ekonomiskt beslut, utan ett kulturellt uttryck.&hellip;<\/p>","protected":false},"author":1,"featured_media":707,"comment_status":"open","ping_status":"open","sticky":false,"template":"","format":"standard","meta":{"_yoast_wpseo_focuskw":"","_yoast_wpseo_title":"","_yoast_wpseo_metadesc":"","_yoast_wpseo_meta-robots-noindex":"","_yoast_wpseo_meta-robots-nofollow":"","_yoast_wpseo_canonical":"","_yoast_wpseo_opengraph-title":"","_yoast_wpseo_opengraph-description":"","_yoast_wpseo_twitter-title":"","_yoast_wpseo_twitter-description":"","footnotes":"","rank_math_description":"","rank_math_focus_keyword":"","rank_math_title":"","rank_math_canonical_url":"","rank_math_robots":"","rank_math_facebook_title":"","rank_math_facebook_description":"","rank_math_twitter_title":"","rank_math_twitter_description":""},"categories":[2],"tags":[],"class_list":["post-706","post","type-post","status-publish","format-standard","has-post-thumbnail","hentry","category-aktuellt"],"yoast_head":"<!-- This site is optimized with the Yoast SEO plugin v27.5 - https:\/\/yoast.com\/product\/yoast-seo-wordpress\/ -->\n<title>Hur l\u00e5nem\u00f6nster speglar v\u00e5r kultur \u2013 en svensk ber\u00e4ttelse i skuld och sparsamhet - Kultur i Sverige<\/title>\n<meta name=\"robots\" content=\"index, follow, max-snippet:-1, max-image-preview:large, max-video-preview:-1\" \/>\n<link rel=\"canonical\" href=\"https:\/\/kultur.nu\/en\/lanemonster\/\" \/>\n<meta property=\"og:locale\" content=\"en_US\" \/>\n<meta property=\"og:type\" content=\"article\" \/>\n<meta property=\"og:title\" content=\"Hur l\u00e5nem\u00f6nster speglar v\u00e5r kultur \u2013 en svensk ber\u00e4ttelse i skuld och sparsamhet - Kultur i Sverige\" \/>\n<meta property=\"og:description\" content=\"Att l\u00e5na pengar \u00e4r i Sverige inte bara ett ekonomiskt beslut, utan ett kulturellt uttryck.&hellip;\" \/>\n<meta property=\"og:url\" content=\"https:\/\/kultur.nu\/en\/lanemonster\/\" \/>\n<meta property=\"og:site_name\" content=\"Kultur i Sverige\" \/>\n<meta property=\"article:published_time\" content=\"2025-10-07T22:13:54+00:00\" \/>\n<meta property=\"article:modified_time\" content=\"2025-10-07T22:32:04+00:00\" \/>\n<meta property=\"og:image\" content=\"https:\/\/kultur.nu\/wp-content\/uploads\/2025\/10\/Hur-lanemonster-speglar-var-kultur-\u2013-en-svensk-berattelse-i-skuld-och-sparsamhet.webp\" \/>\n\t<meta property=\"og:image:width\" content=\"800\" \/>\n\t<meta property=\"og:image:height\" content=\"488\" \/>\n\t<meta property=\"og:image:type\" content=\"image\/webp\" \/>\n<meta name=\"author\" content=\"Annica\" \/>\n<meta name=\"twitter:card\" content=\"summary_large_image\" \/>\n<meta name=\"twitter:label1\" content=\"Written by\" \/>\n\t<meta name=\"twitter:data1\" content=\"Annica\" \/>\n\t<meta name=\"twitter:label2\" content=\"Est. reading time\" \/>\n\t<meta name=\"twitter:data2\" content=\"6 minutes\" \/>\n<script type=\"application\/ld+json\" class=\"yoast-schema-graph\">{\"@context\":\"https:\\\/\\\/schema.org\",\"@graph\":[{\"@type\":\"Article\",\"@id\":\"https:\\\/\\\/kultur.nu\\\/lanemonster\\\/#article\",\"isPartOf\":{\"@id\":\"https:\\\/\\\/kultur.nu\\\/lanemonster\\\/\"},\"author\":{\"name\":\"Annica\",\"@id\":\"https:\\\/\\\/kultur.nu\\\/#\\\/schema\\\/person\\\/cbafe9491d5ea09a25eace8883923b2c\"},\"headline\":\"Hur l\u00e5nem\u00f6nster speglar v\u00e5r kultur \u2013 en svensk ber\u00e4ttelse i skuld och sparsamhet\",\"datePublished\":\"2025-10-07T22:13:54+00:00\",\"dateModified\":\"2025-10-07T22:32:04+00:00\",\"mainEntityOfPage\":{\"@id\":\"https:\\\/\\\/kultur.nu\\\/lanemonster\\\/\"},\"wordCount\":1170,\"commentCount\":0,\"publisher\":{\"@id\":\"https:\\\/\\\/kultur.nu\\\/#organization\"},\"image\":{\"@id\":\"https:\\\/\\\/kultur.nu\\\/lanemonster\\\/#primaryimage\"},\"thumbnailUrl\":\"https:\\\/\\\/kultur.nu\\\/wp-content\\\/uploads\\\/2025\\\/10\\\/Hur-lanemonster-speglar-var-kultur-\u2013-en-svensk-berattelse-i-skuld-och-sparsamhet.webp\",\"articleSection\":[\"Aktuellt\"],\"inLanguage\":\"en-US\",\"potentialAction\":[{\"@type\":\"CommentAction\",\"name\":\"Comment\",\"target\":[\"https:\\\/\\\/kultur.nu\\\/lanemonster\\\/#respond\"]}]},{\"@type\":\"WebPage\",\"@id\":\"https:\\\/\\\/kultur.nu\\\/lanemonster\\\/\",\"url\":\"https:\\\/\\\/kultur.nu\\\/lanemonster\\\/\",\"name\":\"Hur l\u00e5nem\u00f6nster speglar v\u00e5r kultur \u2013 en svensk ber\u00e4ttelse i skuld och sparsamhet - Kultur i Sverige\",\"isPartOf\":{\"@id\":\"https:\\\/\\\/kultur.nu\\\/#website\"},\"primaryImageOfPage\":{\"@id\":\"https:\\\/\\\/kultur.nu\\\/lanemonster\\\/#primaryimage\"},\"image\":{\"@id\":\"https:\\\/\\\/kultur.nu\\\/lanemonster\\\/#primaryimage\"},\"thumbnailUrl\":\"https:\\\/\\\/kultur.nu\\\/wp-content\\\/uploads\\\/2025\\\/10\\\/Hur-lanemonster-speglar-var-kultur-\u2013-en-svensk-berattelse-i-skuld-och-sparsamhet.webp\",\"datePublished\":\"2025-10-07T22:13:54+00:00\",\"dateModified\":\"2025-10-07T22:32:04+00:00\",\"breadcrumb\":{\"@id\":\"https:\\\/\\\/kultur.nu\\\/lanemonster\\\/#breadcrumb\"},\"inLanguage\":\"en-US\",\"potentialAction\":[{\"@type\":\"ReadAction\",\"target\":[\"https:\\\/\\\/kultur.nu\\\/lanemonster\\\/\"]}]},{\"@type\":\"ImageObject\",\"inLanguage\":\"en-US\",\"@id\":\"https:\\\/\\\/kultur.nu\\\/lanemonster\\\/#primaryimage\",\"url\":\"https:\\\/\\\/kultur.nu\\\/wp-content\\\/uploads\\\/2025\\\/10\\\/Hur-lanemonster-speglar-var-kultur-\u2013-en-svensk-berattelse-i-skuld-och-sparsamhet.webp\",\"contentUrl\":\"https:\\\/\\\/kultur.nu\\\/wp-content\\\/uploads\\\/2025\\\/10\\\/Hur-lanemonster-speglar-var-kultur-\u2013-en-svensk-berattelse-i-skuld-och-sparsamhet.webp\",\"width\":800,\"height\":488,\"caption\":\"Hur l\u00e5nem\u00f6nster speglar v\u00e5r kultur \u2013 en svensk ber\u00e4ttelse i skuld och sparsamhet\"},{\"@type\":\"BreadcrumbList\",\"@id\":\"https:\\\/\\\/kultur.nu\\\/lanemonster\\\/#breadcrumb\",\"itemListElement\":[{\"@type\":\"ListItem\",\"position\":1,\"name\":\"Hem\",\"item\":\"https:\\\/\\\/kultur.nu\\\/\"},{\"@type\":\"ListItem\",\"position\":2,\"name\":\"Hur l\u00e5nem\u00f6nster speglar v\u00e5r kultur \u2013 en svensk ber\u00e4ttelse i skuld och sparsamhet\"}]},{\"@type\":\"WebSite\",\"@id\":\"https:\\\/\\\/kultur.nu\\\/#website\",\"url\":\"https:\\\/\\\/kultur.nu\\\/\",\"name\":\"Kultur i Sverige\",\"description\":\"\",\"publisher\":{\"@id\":\"https:\\\/\\\/kultur.nu\\\/#organization\"},\"potentialAction\":[{\"@type\":\"SearchAction\",\"target\":{\"@type\":\"EntryPoint\",\"urlTemplate\":\"https:\\\/\\\/kultur.nu\\\/?s={search_term_string}\"},\"query-input\":{\"@type\":\"PropertyValueSpecification\",\"valueRequired\":true,\"valueName\":\"search_term_string\"}}],\"inLanguage\":\"en-US\"},{\"@type\":\"Organization\",\"@id\":\"https:\\\/\\\/kultur.nu\\\/#organization\",\"name\":\"Kultur i Sverige\",\"url\":\"https:\\\/\\\/kultur.nu\\\/\",\"logo\":{\"@type\":\"ImageObject\",\"inLanguage\":\"en-US\",\"@id\":\"https:\\\/\\\/kultur.nu\\\/#\\\/schema\\\/logo\\\/image\\\/\",\"url\":\"https:\\\/\\\/kultur.nu\\\/wp-content\\\/uploads\\\/2025\\\/10\\\/cropped-Kultur.nu-logo.webp\",\"contentUrl\":\"https:\\\/\\\/kultur.nu\\\/wp-content\\\/uploads\\\/2025\\\/10\\\/cropped-Kultur.nu-logo.webp\",\"width\":510,\"height\":95,\"caption\":\"Kultur i Sverige\"},\"image\":{\"@id\":\"https:\\\/\\\/kultur.nu\\\/#\\\/schema\\\/logo\\\/image\\\/\"}},{\"@type\":\"Person\",\"@id\":\"https:\\\/\\\/kultur.nu\\\/#\\\/schema\\\/person\\\/cbafe9491d5ea09a25eace8883923b2c\",\"name\":\"Annica\",\"image\":{\"@type\":\"ImageObject\",\"inLanguage\":\"en-US\",\"@id\":\"https:\\\/\\\/secure.gravatar.com\\\/avatar\\\/d78c2d842df13ded689c841d90a91fd72f6cc9e7250f7066a537c14f82302546?s=96&d=mm&r=g\",\"url\":\"https:\\\/\\\/secure.gravatar.com\\\/avatar\\\/d78c2d842df13ded689c841d90a91fd72f6cc9e7250f7066a537c14f82302546?s=96&d=mm&r=g\",\"contentUrl\":\"https:\\\/\\\/secure.gravatar.com\\\/avatar\\\/d78c2d842df13ded689c841d90a91fd72f6cc9e7250f7066a537c14f82302546?s=96&d=mm&r=g\",\"caption\":\"Annica\"},\"description\":\"Annika Axelsson \u00e4r kulturskribent p\u00e5 Kultur.nu, d\u00e4r hon skriver om litteratur, film, teater, konst och samtida kulturdebatt. Hon har ett s\u00e4rskilt intresse f\u00f6r hur kultur speglar samh\u00e4llsf\u00f6r\u00e4ndringar, identitet och vardagslivet. Annika har studerat litteraturvetenskap och kulturjournalistik vid Stockholms universitet. Hon har \u00e4ven l\u00e4st konstvetenskap och medievetenskap, vilket ger henne en bred grund n\u00e4r hon analyserar b\u00e5de klassiska verk och moderna kulturuttryck. P\u00e5 Kultur.nu skriver Annika fr\u00e4mst recensioner, f\u00f6rdjupande artiklar och personliga kr\u00f6nikor. Hon bevakar nya b\u00f6cker, uppm\u00e4rksammade teaterf\u00f6rest\u00e4llningar, filmfestivaler, utst\u00e4llningar och aktuella kulturh\u00e4ndelser. Hennes texter k\u00e4nnetecknas av ett nyfiket, kunnigt och tillg\u00e4ngligt spr\u00e5k, d\u00e4r hon vill g\u00f6ra kultur l\u00e4ttare att f\u00f6rst\u00e5 utan att f\u00f6renkla den. Hon har tidigare arbetat med redaktionellt inneh\u00e5ll, intervjuer och kulturbevakning f\u00f6r b\u00e5de digitala magasin och lokala publikationer. I sitt skrivande \u00e5terkommer hon ofta till fr\u00e5gor om ber\u00e4ttande, kreativitet, klass, k\u00f6nsroller och kulturens plats i det moderna samh\u00e4llet.\",\"sameAs\":[\"https:\\\/\\\/kultur.nu\"],\"url\":\"https:\\\/\\\/kultur.nu\\\/en\\\/author\\\/annica\\\/\"}]}<\/script>\n<!-- \/ Yoast SEO plugin. -->","yoast_head_json":{"title":"Hur l\u00e5nem\u00f6nster speglar v\u00e5r kultur \u2013 en svensk ber\u00e4ttelse i skuld och sparsamhet - Kultur i Sverige","robots":{"index":"index","follow":"follow","max-snippet":"max-snippet:-1","max-image-preview":"max-image-preview:large","max-video-preview":"max-video-preview:-1"},"canonical":"https:\/\/kultur.nu\/en\/lanemonster\/","og_locale":"en_US","og_type":"article","og_title":"Hur l\u00e5nem\u00f6nster speglar v\u00e5r kultur \u2013 en svensk ber\u00e4ttelse i skuld och sparsamhet - Kultur i Sverige","og_description":"Att l\u00e5na pengar \u00e4r i Sverige inte bara ett ekonomiskt beslut, utan ett kulturellt uttryck.&hellip;","og_url":"https:\/\/kultur.nu\/en\/lanemonster\/","og_site_name":"Kultur i Sverige","article_published_time":"2025-10-07T22:13:54+00:00","article_modified_time":"2025-10-07T22:32:04+00:00","og_image":[{"width":800,"height":488,"url":"https:\/\/kultur.nu\/wp-content\/uploads\/2025\/10\/Hur-lanemonster-speglar-var-kultur-\u2013-en-svensk-berattelse-i-skuld-och-sparsamhet.webp","type":"image\/webp"}],"author":"Annica","twitter_card":"summary_large_image","twitter_misc":{"Written by":"Annica","Est. reading time":"6 minutes"},"schema":{"@context":"https:\/\/schema.org","@graph":[{"@type":"Article","@id":"https:\/\/kultur.nu\/lanemonster\/#article","isPartOf":{"@id":"https:\/\/kultur.nu\/lanemonster\/"},"author":{"name":"Annica","@id":"https:\/\/kultur.nu\/#\/schema\/person\/cbafe9491d5ea09a25eace8883923b2c"},"headline":"Hur l\u00e5nem\u00f6nster speglar v\u00e5r kultur \u2013 en svensk ber\u00e4ttelse i skuld och sparsamhet","datePublished":"2025-10-07T22:13:54+00:00","dateModified":"2025-10-07T22:32:04+00:00","mainEntityOfPage":{"@id":"https:\/\/kultur.nu\/lanemonster\/"},"wordCount":1170,"commentCount":0,"publisher":{"@id":"https:\/\/kultur.nu\/#organization"},"image":{"@id":"https:\/\/kultur.nu\/lanemonster\/#primaryimage"},"thumbnailUrl":"https:\/\/kultur.nu\/wp-content\/uploads\/2025\/10\/Hur-lanemonster-speglar-var-kultur-\u2013-en-svensk-berattelse-i-skuld-och-sparsamhet.webp","articleSection":["Aktuellt"],"inLanguage":"en-US","potentialAction":[{"@type":"CommentAction","name":"Comment","target":["https:\/\/kultur.nu\/lanemonster\/#respond"]}]},{"@type":"WebPage","@id":"https:\/\/kultur.nu\/lanemonster\/","url":"https:\/\/kultur.nu\/lanemonster\/","name":"Hur l\u00e5nem\u00f6nster speglar v\u00e5r kultur \u2013 en svensk ber\u00e4ttelse i skuld och sparsamhet - Kultur i Sverige","isPartOf":{"@id":"https:\/\/kultur.nu\/#website"},"primaryImageOfPage":{"@id":"https:\/\/kultur.nu\/lanemonster\/#primaryimage"},"image":{"@id":"https:\/\/kultur.nu\/lanemonster\/#primaryimage"},"thumbnailUrl":"https:\/\/kultur.nu\/wp-content\/uploads\/2025\/10\/Hur-lanemonster-speglar-var-kultur-\u2013-en-svensk-berattelse-i-skuld-och-sparsamhet.webp","datePublished":"2025-10-07T22:13:54+00:00","dateModified":"2025-10-07T22:32:04+00:00","breadcrumb":{"@id":"https:\/\/kultur.nu\/lanemonster\/#breadcrumb"},"inLanguage":"en-US","potentialAction":[{"@type":"ReadAction","target":["https:\/\/kultur.nu\/lanemonster\/"]}]},{"@type":"ImageObject","inLanguage":"en-US","@id":"https:\/\/kultur.nu\/lanemonster\/#primaryimage","url":"https:\/\/kultur.nu\/wp-content\/uploads\/2025\/10\/Hur-lanemonster-speglar-var-kultur-\u2013-en-svensk-berattelse-i-skuld-och-sparsamhet.webp","contentUrl":"https:\/\/kultur.nu\/wp-content\/uploads\/2025\/10\/Hur-lanemonster-speglar-var-kultur-\u2013-en-svensk-berattelse-i-skuld-och-sparsamhet.webp","width":800,"height":488,"caption":"Hur l\u00e5nem\u00f6nster speglar v\u00e5r kultur \u2013 en svensk ber\u00e4ttelse i skuld och sparsamhet"},{"@type":"BreadcrumbList","@id":"https:\/\/kultur.nu\/lanemonster\/#breadcrumb","itemListElement":[{"@type":"ListItem","position":1,"name":"Hem","item":"https:\/\/kultur.nu\/"},{"@type":"ListItem","position":2,"name":"Hur l\u00e5nem\u00f6nster speglar v\u00e5r kultur \u2013 en svensk ber\u00e4ttelse i skuld och sparsamhet"}]},{"@type":"WebSite","@id":"https:\/\/kultur.nu\/#website","url":"https:\/\/kultur.nu\/","name":"Kultur i Sverige","description":"","publisher":{"@id":"https:\/\/kultur.nu\/#organization"},"potentialAction":[{"@type":"SearchAction","target":{"@type":"EntryPoint","urlTemplate":"https:\/\/kultur.nu\/?s={search_term_string}"},"query-input":{"@type":"PropertyValueSpecification","valueRequired":true,"valueName":"search_term_string"}}],"inLanguage":"en-US"},{"@type":"Organization","@id":"https:\/\/kultur.nu\/#organization","name":"Kultur i Sverige","url":"https:\/\/kultur.nu\/","logo":{"@type":"ImageObject","inLanguage":"en-US","@id":"https:\/\/kultur.nu\/#\/schema\/logo\/image\/","url":"https:\/\/kultur.nu\/wp-content\/uploads\/2025\/10\/cropped-Kultur.nu-logo.webp","contentUrl":"https:\/\/kultur.nu\/wp-content\/uploads\/2025\/10\/cropped-Kultur.nu-logo.webp","width":510,"height":95,"caption":"Kultur i Sverige"},"image":{"@id":"https:\/\/kultur.nu\/#\/schema\/logo\/image\/"}},{"@type":"Person","@id":"https:\/\/kultur.nu\/#\/schema\/person\/cbafe9491d5ea09a25eace8883923b2c","name":"Annica","image":{"@type":"ImageObject","inLanguage":"en-US","@id":"https:\/\/secure.gravatar.com\/avatar\/d78c2d842df13ded689c841d90a91fd72f6cc9e7250f7066a537c14f82302546?s=96&d=mm&r=g","url":"https:\/\/secure.gravatar.com\/avatar\/d78c2d842df13ded689c841d90a91fd72f6cc9e7250f7066a537c14f82302546?s=96&d=mm&r=g","contentUrl":"https:\/\/secure.gravatar.com\/avatar\/d78c2d842df13ded689c841d90a91fd72f6cc9e7250f7066a537c14f82302546?s=96&d=mm&r=g","caption":"Annica"},"description":"Annika Axelsson \u00e4r kulturskribent p\u00e5 Kultur.nu, d\u00e4r hon skriver om litteratur, film, teater, konst och samtida kulturdebatt. Hon har ett s\u00e4rskilt intresse f\u00f6r hur kultur speglar samh\u00e4llsf\u00f6r\u00e4ndringar, identitet och vardagslivet. Annika har studerat litteraturvetenskap och kulturjournalistik vid Stockholms universitet. Hon har \u00e4ven l\u00e4st konstvetenskap och medievetenskap, vilket ger henne en bred grund n\u00e4r hon analyserar b\u00e5de klassiska verk och moderna kulturuttryck. P\u00e5 Kultur.nu skriver Annika fr\u00e4mst recensioner, f\u00f6rdjupande artiklar och personliga kr\u00f6nikor. Hon bevakar nya b\u00f6cker, uppm\u00e4rksammade teaterf\u00f6rest\u00e4llningar, filmfestivaler, utst\u00e4llningar och aktuella kulturh\u00e4ndelser. Hennes texter k\u00e4nnetecknas av ett nyfiket, kunnigt och tillg\u00e4ngligt spr\u00e5k, d\u00e4r hon vill g\u00f6ra kultur l\u00e4ttare att f\u00f6rst\u00e5 utan att f\u00f6renkla den. Hon har tidigare arbetat med redaktionellt inneh\u00e5ll, intervjuer och kulturbevakning f\u00f6r b\u00e5de digitala magasin och lokala publikationer. I sitt skrivande \u00e5terkommer hon ofta till fr\u00e5gor om ber\u00e4ttande, kreativitet, klass, k\u00f6nsroller och kulturens plats i det moderna samh\u00e4llet.","sameAs":["https:\/\/kultur.nu"],"url":"https:\/\/kultur.nu\/en\/author\/annica\/"}]}},"_links":{"self":[{"href":"https:\/\/kultur.nu\/en\/wp-json\/wp\/v2\/posts\/706","targetHints":{"allow":["GET"]}}],"collection":[{"href":"https:\/\/kultur.nu\/en\/wp-json\/wp\/v2\/posts"}],"about":[{"href":"https:\/\/kultur.nu\/en\/wp-json\/wp\/v2\/types\/post"}],"author":[{"embeddable":true,"href":"https:\/\/kultur.nu\/en\/wp-json\/wp\/v2\/users\/1"}],"replies":[{"embeddable":true,"href":"https:\/\/kultur.nu\/en\/wp-json\/wp\/v2\/comments?post=706"}],"version-history":[{"count":5,"href":"https:\/\/kultur.nu\/en\/wp-json\/wp\/v2\/posts\/706\/revisions"}],"predecessor-version":[{"id":715,"href":"https:\/\/kultur.nu\/en\/wp-json\/wp\/v2\/posts\/706\/revisions\/715"}],"wp:featuredmedia":[{"embeddable":true,"href":"https:\/\/kultur.nu\/en\/wp-json\/wp\/v2\/media\/707"}],"wp:attachment":[{"href":"https:\/\/kultur.nu\/en\/wp-json\/wp\/v2\/media?parent=706"}],"wp:term":[{"taxonomy":"category","embeddable":true,"href":"https:\/\/kultur.nu\/en\/wp-json\/wp\/v2\/categories?post=706"},{"taxonomy":"post_tag","embeddable":true,"href":"https:\/\/kultur.nu\/en\/wp-json\/wp\/v2\/tags?post=706"}],"curies":[{"name":"wp","href":"https:\/\/api.w.org\/{rel}","templated":true}]}}