{"id":737,"date":"2026-02-16T02:41:43","date_gmt":"2026-02-16T01:41:43","guid":{"rendered":"https:\/\/kultur.nu\/?p=737"},"modified":"2026-02-16T02:52:32","modified_gmt":"2026-02-16T01:52:32","slug":"harstilar","status":"publish","type":"post","link":"https:\/\/kultur.nu\/en\/harstilar\/","title":{"rendered":"H\u00e5rstilar i Sverige som kulturhistoria"},"content":{"rendered":"<p><strong>H\u00e5rstilar<\/strong> \u00e4r en del av kulturhistorien, inte bara av modehistorien. I en svensk kontext visar en frisyr ofta hur samh\u00e4llet ser ut just d\u00e5: vilka ideal som dominerar, vilka grupper som s\u00e4tter tonen och hur m\u00e4nniskor vill positionera sig i vardagen. En frisyr kan s\u00e4ga n\u00e5got om \u00e5ldern, yrket, musiksmaken och vilken milj\u00f6 du trivs i.<\/p>\n<p>Det intressanta i Sverige \u00e4r hur snabbt en internationell trend brukar f\u00e5 en lokal tolkning. Samma frisyr kan g\u00e5 fr\u00e5n scener och klubbar till skolkorridorer och arbetsplatser p\u00e5 n\u00e5gra \u00e5r, men uttrycket f\u00f6r\u00e4ndras n\u00e4r det m\u00f6ter svenska normer kring enkelhet, funktion och en \u00e5terh\u00e5llsam stil.<\/p>\n<h3>Fr\u00e5n en salongsnorm till en mer personlig stilkarta<\/h3>\n<p>I b\u00f6rjan av 1900-talet var h\u00e5rstilen n\u00e4ra kopplad till social disciplin. H\u00e5ret skulle vara v\u00e4lordnat och visa respekt f\u00f6r sammanhanget. F\u00f6r kvinnor betydde det ofta uppsatt h\u00e5r eller tydligt formade kortare frisyrer. F\u00f6r m\u00e4n var det vanligare med prydliga, v\u00e4lkammade klippningar.<\/p>\n<p>N\u00e4r bob och page fick f\u00e4ste blev det ett tecken p\u00e5 modernitet. De frisyrerna markerade en ny kvinnlig siluett i stadslivet: mer r\u00f6rlighet, mindre tyngd, men fortfarande kontroll i formen. Det var inte bara en estetisk f\u00f6r\u00e4ndring, utan ocks\u00e5 ett skifte i hur kvinnlig offentlighet kunde se ut.<\/p>\n<p>Under efterkrigstiden v\u00e4xte salongskulturen. H\u00e5ret blev en del av veckorytmen, inte bara av festkl\u00e4dseln. I takt med att konsumtionen \u00f6kade blev fris\u00f6ren en \u00e5terkommande del av vardagen. Samtidigt blev skillnaden mellan en \u201cfinfrisyr\u201d och \u201cvardagsfrisyr\u201d mindre tydlig.<\/p>\n<p>I dag syns den utvecklingen i hur klassiska och moderna uttryck m\u00f6ts i samma stadsbild. Ett konkret exempel \u00e4r <a href=\"https:\/\/michaelofrisorerna.se\/\">Fris\u00f6rsalong S\u00f6dermalm<\/a>, d\u00e4r arvet fr\u00e5n salongskulturen lever vidare i en samtida form.<\/p>\n<h3>N\u00e4r ungdomskulturerna b\u00f6rjade styra uttrycket<\/h3>\n<p><img loading=\"lazy\" decoding=\"async\" class=\"alignnone size-full wp-image-739\" src=\"https:\/\/kultur.nu\/wp-content\/uploads\/2026\/02\/Nar-ungdomskulturerna-borjade-styra-uttrycket.webp\" alt=\"N\u00e4r ungdomskulturerna b\u00f6rjade styra uttrycket\" width=\"800\" height=\"539\" srcset=\"https:\/\/kultur.nu\/wp-content\/uploads\/2026\/02\/Nar-ungdomskulturerna-borjade-styra-uttrycket.webp 800w, https:\/\/kultur.nu\/wp-content\/uploads\/2026\/02\/Nar-ungdomskulturerna-borjade-styra-uttrycket-300x202.webp 300w, https:\/\/kultur.nu\/wp-content\/uploads\/2026\/02\/Nar-ungdomskulturerna-borjade-styra-uttrycket-768x517.webp 768w\" sizes=\"auto, (max-width: 800px) 100vw, 800px\" \/><\/p>\n<p>Fr\u00e5n 1960-talet och fram\u00e5t flyttades inflytandet fr\u00e5n salongen till scenen. <a href=\"https:\/\/kultur.nu\/en\/musik\/\">Musik<\/a>, <a href=\"https:\/\/kultur.nu\/en\/film\/\">film<\/a> och ungdomsr\u00f6relser b\u00f6rjade forma frisyrspr\u00e5ket p\u00e5 ett nytt s\u00e4tt. I st\u00e4llet f\u00f6r ett enhetligt ideal fick Sverige flera parallella ideal.<\/p>\n<ul>\n<li><strong>Raggarkulturen:<\/strong> Glans, form och tydlig maskulinitet.<\/li>\n<li><strong>Punken:<\/strong> H\u00f6jd, f\u00e4rg och medveten friktion mot etablerade normer.<\/li>\n<li><strong>Synthscenen:<\/strong> Geometriska linjer, f\u00e4rgkontraster och teatral estetik.<\/li>\n<li><strong>Indie- och popv\u00e5gen:<\/strong> Mer avslappnade former, mittbena och uppklippt h\u00e5r i nya varianter.<\/li>\n<\/ul>\n<p>Det viktiga h\u00e4r \u00e4r att h\u00e5ret fungerade som en social kod. En frisyr blev ett s\u00e4tt att visa vilken grupp du tillh\u00f6rde, vilken musik du lyssnade p\u00e5 och vilken h\u00e5llning du hade till samtiden.<\/p>\n<h3>Svensk tidslinje i frisyrform<\/h3>\n<table>\n<thead>\n<tr>\n<th>Period<\/th>\n<th>Vanliga h\u00e5rstilar<\/th>\n<th>Kulturell betydelse i Sverige<\/th>\n<\/tr>\n<\/thead>\n<tbody>\n<tr>\n<td>1920\u20131940<\/td>\n<td>Bob, page, korta v\u00e5gade frisyrer.<\/td>\n<td>Urban modernitet och nya kvinnoideal.<\/td>\n<\/tr>\n<tr>\n<td>1950\u20131960<\/td>\n<td>V\u00e4lkammade herrfrisyrer, salongsformade damfrisyrer.<\/td>\n<td>Respektabilitet, ordning och social tillh\u00f6righet.<\/td>\n<\/tr>\n<tr>\n<td>1970<\/td>\n<td>L\u00e4ngre h\u00e5r, mjukare former, permanent.<\/td>\n<td>Friare normer och ungdomlig sj\u00e4lvmarkering.<\/td>\n<\/tr>\n<tr>\n<td>1980<\/td>\n<td>Volym, markerad lugg, tydliga konturer.<\/td>\n<td>Synlighet, popkultur och individualism.<\/td>\n<\/tr>\n<tr>\n<td>1990<\/td>\n<td>Mittbena, uppklippt h\u00e5r, enklare vardagsstyling.<\/td>\n<td>Avsp\u00e4nd stil och tv- och musikp\u00e5verkan.<\/td>\n<\/tr>\n<tr>\n<td>2000<\/td>\n<td>Slingor, plattade l\u00e4ngder, mer salongsunderh\u00e5ll.<\/td>\n<td>Medial trendkultur och k\u00e4ndisinfluenser.<\/td>\n<\/tr>\n<tr>\n<td>2010<\/td>\n<td>Barberarv\u00e5g, taper fade, mer precision i korta klippningar.<\/td>\n<td>Nya maskuliniteter och tydligare formmedvetenhet.<\/td>\n<\/tr>\n<tr>\n<td>2020\u20132026<\/td>\n<td>Buzzcut, 60\/40 h\u00e5r, uppdaterad bob\/page, naturlig textur.<\/td>\n<td>Bredare stilkarta, snabb trendcirkulation och st\u00f6rre acceptans f\u00f6r variation.<\/td>\n<\/tr>\n<\/tbody>\n<\/table>\n<h3>Klass, geografi och generation i samma spegel<\/h3>\n<p><img loading=\"lazy\" decoding=\"async\" class=\"alignnone size-full wp-image-740\" src=\"https:\/\/kultur.nu\/wp-content\/uploads\/2026\/02\/Klass-geografi-och-generation-i-samma-spegel.webp\" alt=\"Klass, geografi och generation i samma spegel\" width=\"800\" height=\"522\" srcset=\"https:\/\/kultur.nu\/wp-content\/uploads\/2026\/02\/Klass-geografi-och-generation-i-samma-spegel.webp 800w, https:\/\/kultur.nu\/wp-content\/uploads\/2026\/02\/Klass-geografi-och-generation-i-samma-spegel-300x196.webp 300w, https:\/\/kultur.nu\/wp-content\/uploads\/2026\/02\/Klass-geografi-och-generation-i-samma-spegel-768x501.webp 768w\" sizes=\"auto, (max-width: 800px) 100vw, 800px\" \/><\/p>\n<p>H\u00e5rstilar i Sverige har ocks\u00e5 f\u00f6ljt klass och geografi. I storst\u00e4derna brukar f\u00f6r\u00e4ndringen synas tidigare, medan mindre orter ofta filtrerar trenderna innan de f\u00e5r genomslag. Samtidigt finns det en klassdimension: vissa frisyrer signalerar kulturellt kapital, andra signalerar tillh\u00f6righet till en musikscen, en sportmilj\u00f6 eller en arbetarkulturell tradition.<\/p>\n<p>Generationsskillnaden \u00e4r lika tydlig. En och samma frisyr kan betyda olika saker beroende p\u00e5 vem som b\u00e4r den. En mittbena kan hos en person vara en 90-talsreferens, hos en annan ett helt samtida uttryck. En buzzcut kan l\u00e4sas som anti-mode i en milj\u00f6 och som mode i en annan.<\/p>\n<h3>Fr\u00e5n k\u00f6nskoder till friare uttryck<\/h3>\n<p>En st\u00f6rre f\u00f6r\u00e4ndring i Sverige g\u00e4ller relationen mellan h\u00e5r och k\u00f6n. Tidigare var gr\u00e4nsen mellan \u201ckvinnligt\u201d och \u201cmanligt\u201d klippt ganska h\u00e5rt. Nu \u00e4r den gr\u00e4nsen mjukare. Kort h\u00e5r p\u00e5 kvinnor, l\u00e4ngre h\u00e5r p\u00e5 m\u00e4n och mer androgyna former v\u00e4cker mindre reaktioner \u00e4n f\u00f6rr.<\/p>\n<p>Det h\u00e4r handlar inte om att k\u00f6nsskillnader har f\u00f6rsvunnit, utan om att valm\u00f6jligheterna har blivit fler. En bob kan b\u00e4ras stramt eller r\u00e5tt. En taper fade kan kombineras med helt olika kl\u00e4dkoder. En page kan vara retro i en kontext och avantgardistisk i en annan. Samma frisyr f\u00e5r ny mening beroende p\u00e5 sammanhanget.<\/p>\n<h3>Tre drivkrafter bakom skiftena i Sverige<\/h3>\n<p><img loading=\"lazy\" decoding=\"async\" class=\"alignnone size-full wp-image-741\" src=\"https:\/\/kultur.nu\/wp-content\/uploads\/2026\/02\/Tre-drivkrafter-bakom-skiftena-i-Sverige.webp\" alt=\"Tre drivkrafter bakom skiftena i Sverige\" width=\"800\" height=\"532\" srcset=\"https:\/\/kultur.nu\/wp-content\/uploads\/2026\/02\/Tre-drivkrafter-bakom-skiftena-i-Sverige.webp 800w, https:\/\/kultur.nu\/wp-content\/uploads\/2026\/02\/Tre-drivkrafter-bakom-skiftena-i-Sverige-300x200.webp 300w, https:\/\/kultur.nu\/wp-content\/uploads\/2026\/02\/Tre-drivkrafter-bakom-skiftena-i-Sverige-768x511.webp 768w\" sizes=\"auto, (max-width: 800px) 100vw, 800px\" \/><\/p>\n<ul>\n<li><strong>Medielandskapet:<\/strong> <a href=\"https:\/\/kultur.nu\/en\/massmedier\/tv\/\">Tv<\/a>, musikvideor och sociala plattformar har flyttat inspirationen fr\u00e5n eliten till en masspublik.<\/li>\n<li><strong>Salongernas specialisering:<\/strong> Fler nischer har gjort att fler uttryck kan utf\u00f6ras med h\u00f6g kvalitet.<\/li>\n<li><strong>Normf\u00f6r\u00e4ndringar:<\/strong> Arbetsliv och offentliga milj\u00f6er rymmer i dag fler s\u00e4tt att se professionell ut.<\/li>\n<\/ul>\n<h3>N\u00e4r h\u00e5ret blir ett tidsdokument<\/h3>\n<p>Om man vill f\u00f6rst\u00e5 svensk samtid \u00e4r h\u00e5rstilar en bra ing\u00e5ng. De visar hur ideal r\u00f6r sig mellan generationer, hur klassmark\u00f6rer f\u00f6r\u00e4ndras och hur internationell <a href=\"https:\/\/kultur.nu\/en\/\">kultur<\/a> f\u00e5r en lokal form. D\u00e4rf\u00f6r \u00e4r en frisyr aldrig bara en detalj. Den \u00e4r ett tidsdokument i miniatyr.<\/p>\n<p>Det \u00e4r ocks\u00e5 d\u00e4rf\u00f6r h\u00e5rstilar kan leva sida vid sida i Sverige just nu. De tillh\u00f6r olika epoker och olika sociala koder, men de m\u00f6ts i samma nutid. Det s\u00e4ger mycket om kulturen: inte att alla ser likadana ut, utan att fler uttryck f\u00e5r plats samtidigt.<\/p>","protected":false},"excerpt":{"rendered":"<p>H\u00e5rstilar \u00e4r en del av kulturhistorien, inte bara av modehistorien. I en svensk kontext visar&hellip;<\/p>","protected":false},"author":1,"featured_media":738,"comment_status":"open","ping_status":"open","sticky":false,"template":"","format":"standard","meta":{"_yoast_wpseo_focuskw":"","_yoast_wpseo_title":"","_yoast_wpseo_metadesc":"","_yoast_wpseo_meta-robots-noindex":"","_yoast_wpseo_meta-robots-nofollow":"","_yoast_wpseo_canonical":"","_yoast_wpseo_opengraph-title":"","_yoast_wpseo_opengraph-description":"","_yoast_wpseo_twitter-title":"","_yoast_wpseo_twitter-description":"","footnotes":"","rank_math_description":"","rank_math_focus_keyword":"","rank_math_title":"","rank_math_canonical_url":"","rank_math_robots":"","rank_math_facebook_title":"","rank_math_facebook_description":"","rank_math_twitter_title":"","rank_math_twitter_description":""},"categories":[2],"tags":[],"class_list":["post-737","post","type-post","status-publish","format-standard","has-post-thumbnail","hentry","category-aktuellt"],"yoast_head":"<!-- This site is optimized with the Yoast SEO plugin v27.5 - https:\/\/yoast.com\/product\/yoast-seo-wordpress\/ -->\n<title>H\u00e5rstilar i Sverige som kulturhistoria - Kultur i Sverige<\/title>\n<meta name=\"robots\" content=\"index, follow, max-snippet:-1, max-image-preview:large, max-video-preview:-1\" \/>\n<link rel=\"canonical\" href=\"https:\/\/kultur.nu\/en\/harstilar\/\" \/>\n<meta property=\"og:locale\" content=\"en_US\" \/>\n<meta property=\"og:type\" content=\"article\" \/>\n<meta property=\"og:title\" content=\"H\u00e5rstilar i Sverige som kulturhistoria - Kultur i Sverige\" \/>\n<meta property=\"og:description\" content=\"H\u00e5rstilar \u00e4r en del av kulturhistorien, inte bara av modehistorien. I en svensk kontext visar&hellip;\" \/>\n<meta property=\"og:url\" content=\"https:\/\/kultur.nu\/en\/harstilar\/\" \/>\n<meta property=\"og:site_name\" content=\"Kultur i Sverige\" \/>\n<meta property=\"article:published_time\" content=\"2026-02-16T01:41:43+00:00\" \/>\n<meta property=\"article:modified_time\" content=\"2026-02-16T01:52:32+00:00\" \/>\n<meta property=\"og:image\" content=\"https:\/\/kultur.nu\/wp-content\/uploads\/2026\/02\/Harstilar-i-Sverige-som-kulturhistoria.webp\" \/>\n\t<meta property=\"og:image:width\" content=\"800\" \/>\n\t<meta property=\"og:image:height\" content=\"539\" \/>\n\t<meta property=\"og:image:type\" content=\"image\/webp\" \/>\n<meta name=\"author\" content=\"Annica\" \/>\n<meta name=\"twitter:card\" content=\"summary_large_image\" \/>\n<meta name=\"twitter:label1\" content=\"Written by\" \/>\n\t<meta name=\"twitter:data1\" content=\"Annica\" \/>\n\t<meta name=\"twitter:label2\" content=\"Est. reading time\" \/>\n\t<meta name=\"twitter:data2\" content=\"5 minutes\" \/>\n<script type=\"application\/ld+json\" class=\"yoast-schema-graph\">{\"@context\":\"https:\\\/\\\/schema.org\",\"@graph\":[{\"@type\":\"Article\",\"@id\":\"https:\\\/\\\/kultur.nu\\\/harstilar\\\/#article\",\"isPartOf\":{\"@id\":\"https:\\\/\\\/kultur.nu\\\/harstilar\\\/\"},\"author\":{\"name\":\"Annica\",\"@id\":\"https:\\\/\\\/kultur.nu\\\/#\\\/schema\\\/person\\\/cbafe9491d5ea09a25eace8883923b2c\"},\"headline\":\"H\u00e5rstilar i Sverige som kulturhistoria\",\"datePublished\":\"2026-02-16T01:41:43+00:00\",\"dateModified\":\"2026-02-16T01:52:32+00:00\",\"mainEntityOfPage\":{\"@id\":\"https:\\\/\\\/kultur.nu\\\/harstilar\\\/\"},\"wordCount\":960,\"commentCount\":0,\"publisher\":{\"@id\":\"https:\\\/\\\/kultur.nu\\\/#organization\"},\"image\":{\"@id\":\"https:\\\/\\\/kultur.nu\\\/harstilar\\\/#primaryimage\"},\"thumbnailUrl\":\"https:\\\/\\\/kultur.nu\\\/wp-content\\\/uploads\\\/2026\\\/02\\\/Harstilar-i-Sverige-som-kulturhistoria.webp\",\"articleSection\":[\"Aktuellt\"],\"inLanguage\":\"en-US\",\"potentialAction\":[{\"@type\":\"CommentAction\",\"name\":\"Comment\",\"target\":[\"https:\\\/\\\/kultur.nu\\\/harstilar\\\/#respond\"]}]},{\"@type\":\"WebPage\",\"@id\":\"https:\\\/\\\/kultur.nu\\\/harstilar\\\/\",\"url\":\"https:\\\/\\\/kultur.nu\\\/harstilar\\\/\",\"name\":\"H\u00e5rstilar i Sverige som kulturhistoria - Kultur i Sverige\",\"isPartOf\":{\"@id\":\"https:\\\/\\\/kultur.nu\\\/#website\"},\"primaryImageOfPage\":{\"@id\":\"https:\\\/\\\/kultur.nu\\\/harstilar\\\/#primaryimage\"},\"image\":{\"@id\":\"https:\\\/\\\/kultur.nu\\\/harstilar\\\/#primaryimage\"},\"thumbnailUrl\":\"https:\\\/\\\/kultur.nu\\\/wp-content\\\/uploads\\\/2026\\\/02\\\/Harstilar-i-Sverige-som-kulturhistoria.webp\",\"datePublished\":\"2026-02-16T01:41:43+00:00\",\"dateModified\":\"2026-02-16T01:52:32+00:00\",\"breadcrumb\":{\"@id\":\"https:\\\/\\\/kultur.nu\\\/harstilar\\\/#breadcrumb\"},\"inLanguage\":\"en-US\",\"potentialAction\":[{\"@type\":\"ReadAction\",\"target\":[\"https:\\\/\\\/kultur.nu\\\/harstilar\\\/\"]}]},{\"@type\":\"ImageObject\",\"inLanguage\":\"en-US\",\"@id\":\"https:\\\/\\\/kultur.nu\\\/harstilar\\\/#primaryimage\",\"url\":\"https:\\\/\\\/kultur.nu\\\/wp-content\\\/uploads\\\/2026\\\/02\\\/Harstilar-i-Sverige-som-kulturhistoria.webp\",\"contentUrl\":\"https:\\\/\\\/kultur.nu\\\/wp-content\\\/uploads\\\/2026\\\/02\\\/Harstilar-i-Sverige-som-kulturhistoria.webp\",\"width\":800,\"height\":539,\"caption\":\"H\u00e5rstilar i Sverige som kulturhistoria\"},{\"@type\":\"BreadcrumbList\",\"@id\":\"https:\\\/\\\/kultur.nu\\\/harstilar\\\/#breadcrumb\",\"itemListElement\":[{\"@type\":\"ListItem\",\"position\":1,\"name\":\"Hem\",\"item\":\"https:\\\/\\\/kultur.nu\\\/\"},{\"@type\":\"ListItem\",\"position\":2,\"name\":\"H\u00e5rstilar i Sverige som kulturhistoria\"}]},{\"@type\":\"WebSite\",\"@id\":\"https:\\\/\\\/kultur.nu\\\/#website\",\"url\":\"https:\\\/\\\/kultur.nu\\\/\",\"name\":\"Kultur i Sverige\",\"description\":\"\",\"publisher\":{\"@id\":\"https:\\\/\\\/kultur.nu\\\/#organization\"},\"potentialAction\":[{\"@type\":\"SearchAction\",\"target\":{\"@type\":\"EntryPoint\",\"urlTemplate\":\"https:\\\/\\\/kultur.nu\\\/?s={search_term_string}\"},\"query-input\":{\"@type\":\"PropertyValueSpecification\",\"valueRequired\":true,\"valueName\":\"search_term_string\"}}],\"inLanguage\":\"en-US\"},{\"@type\":\"Organization\",\"@id\":\"https:\\\/\\\/kultur.nu\\\/#organization\",\"name\":\"Kultur i Sverige\",\"url\":\"https:\\\/\\\/kultur.nu\\\/\",\"logo\":{\"@type\":\"ImageObject\",\"inLanguage\":\"en-US\",\"@id\":\"https:\\\/\\\/kultur.nu\\\/#\\\/schema\\\/logo\\\/image\\\/\",\"url\":\"https:\\\/\\\/kultur.nu\\\/wp-content\\\/uploads\\\/2025\\\/10\\\/cropped-Kultur.nu-logo.webp\",\"contentUrl\":\"https:\\\/\\\/kultur.nu\\\/wp-content\\\/uploads\\\/2025\\\/10\\\/cropped-Kultur.nu-logo.webp\",\"width\":510,\"height\":95,\"caption\":\"Kultur i Sverige\"},\"image\":{\"@id\":\"https:\\\/\\\/kultur.nu\\\/#\\\/schema\\\/logo\\\/image\\\/\"}},{\"@type\":\"Person\",\"@id\":\"https:\\\/\\\/kultur.nu\\\/#\\\/schema\\\/person\\\/cbafe9491d5ea09a25eace8883923b2c\",\"name\":\"Annica\",\"image\":{\"@type\":\"ImageObject\",\"inLanguage\":\"en-US\",\"@id\":\"https:\\\/\\\/secure.gravatar.com\\\/avatar\\\/d78c2d842df13ded689c841d90a91fd72f6cc9e7250f7066a537c14f82302546?s=96&d=mm&r=g\",\"url\":\"https:\\\/\\\/secure.gravatar.com\\\/avatar\\\/d78c2d842df13ded689c841d90a91fd72f6cc9e7250f7066a537c14f82302546?s=96&d=mm&r=g\",\"contentUrl\":\"https:\\\/\\\/secure.gravatar.com\\\/avatar\\\/d78c2d842df13ded689c841d90a91fd72f6cc9e7250f7066a537c14f82302546?s=96&d=mm&r=g\",\"caption\":\"Annica\"},\"description\":\"Annika Axelsson \u00e4r kulturskribent p\u00e5 Kultur.nu, d\u00e4r hon skriver om litteratur, film, teater, konst och samtida kulturdebatt. Hon har ett s\u00e4rskilt intresse f\u00f6r hur kultur speglar samh\u00e4llsf\u00f6r\u00e4ndringar, identitet och vardagslivet. Annika har studerat litteraturvetenskap och kulturjournalistik vid Stockholms universitet. Hon har \u00e4ven l\u00e4st konstvetenskap och medievetenskap, vilket ger henne en bred grund n\u00e4r hon analyserar b\u00e5de klassiska verk och moderna kulturuttryck. P\u00e5 Kultur.nu skriver Annika fr\u00e4mst recensioner, f\u00f6rdjupande artiklar och personliga kr\u00f6nikor. Hon bevakar nya b\u00f6cker, uppm\u00e4rksammade teaterf\u00f6rest\u00e4llningar, filmfestivaler, utst\u00e4llningar och aktuella kulturh\u00e4ndelser. Hennes texter k\u00e4nnetecknas av ett nyfiket, kunnigt och tillg\u00e4ngligt spr\u00e5k, d\u00e4r hon vill g\u00f6ra kultur l\u00e4ttare att f\u00f6rst\u00e5 utan att f\u00f6renkla den. Hon har tidigare arbetat med redaktionellt inneh\u00e5ll, intervjuer och kulturbevakning f\u00f6r b\u00e5de digitala magasin och lokala publikationer. I sitt skrivande \u00e5terkommer hon ofta till fr\u00e5gor om ber\u00e4ttande, kreativitet, klass, k\u00f6nsroller och kulturens plats i det moderna samh\u00e4llet.\",\"sameAs\":[\"https:\\\/\\\/kultur.nu\"],\"url\":\"https:\\\/\\\/kultur.nu\\\/en\\\/author\\\/annica\\\/\"}]}<\/script>\n<!-- \/ Yoast SEO plugin. -->","yoast_head_json":{"title":"H\u00e5rstilar i Sverige som kulturhistoria - Kultur i Sverige","robots":{"index":"index","follow":"follow","max-snippet":"max-snippet:-1","max-image-preview":"max-image-preview:large","max-video-preview":"max-video-preview:-1"},"canonical":"https:\/\/kultur.nu\/en\/harstilar\/","og_locale":"en_US","og_type":"article","og_title":"H\u00e5rstilar i Sverige som kulturhistoria - Kultur i Sverige","og_description":"H\u00e5rstilar \u00e4r en del av kulturhistorien, inte bara av modehistorien. I en svensk kontext visar&hellip;","og_url":"https:\/\/kultur.nu\/en\/harstilar\/","og_site_name":"Kultur i Sverige","article_published_time":"2026-02-16T01:41:43+00:00","article_modified_time":"2026-02-16T01:52:32+00:00","og_image":[{"width":800,"height":539,"url":"https:\/\/kultur.nu\/wp-content\/uploads\/2026\/02\/Harstilar-i-Sverige-som-kulturhistoria.webp","type":"image\/webp"}],"author":"Annica","twitter_card":"summary_large_image","twitter_misc":{"Written by":"Annica","Est. reading time":"5 minutes"},"schema":{"@context":"https:\/\/schema.org","@graph":[{"@type":"Article","@id":"https:\/\/kultur.nu\/harstilar\/#article","isPartOf":{"@id":"https:\/\/kultur.nu\/harstilar\/"},"author":{"name":"Annica","@id":"https:\/\/kultur.nu\/#\/schema\/person\/cbafe9491d5ea09a25eace8883923b2c"},"headline":"H\u00e5rstilar i Sverige som kulturhistoria","datePublished":"2026-02-16T01:41:43+00:00","dateModified":"2026-02-16T01:52:32+00:00","mainEntityOfPage":{"@id":"https:\/\/kultur.nu\/harstilar\/"},"wordCount":960,"commentCount":0,"publisher":{"@id":"https:\/\/kultur.nu\/#organization"},"image":{"@id":"https:\/\/kultur.nu\/harstilar\/#primaryimage"},"thumbnailUrl":"https:\/\/kultur.nu\/wp-content\/uploads\/2026\/02\/Harstilar-i-Sverige-som-kulturhistoria.webp","articleSection":["Aktuellt"],"inLanguage":"en-US","potentialAction":[{"@type":"CommentAction","name":"Comment","target":["https:\/\/kultur.nu\/harstilar\/#respond"]}]},{"@type":"WebPage","@id":"https:\/\/kultur.nu\/harstilar\/","url":"https:\/\/kultur.nu\/harstilar\/","name":"H\u00e5rstilar i Sverige som kulturhistoria - Kultur i Sverige","isPartOf":{"@id":"https:\/\/kultur.nu\/#website"},"primaryImageOfPage":{"@id":"https:\/\/kultur.nu\/harstilar\/#primaryimage"},"image":{"@id":"https:\/\/kultur.nu\/harstilar\/#primaryimage"},"thumbnailUrl":"https:\/\/kultur.nu\/wp-content\/uploads\/2026\/02\/Harstilar-i-Sverige-som-kulturhistoria.webp","datePublished":"2026-02-16T01:41:43+00:00","dateModified":"2026-02-16T01:52:32+00:00","breadcrumb":{"@id":"https:\/\/kultur.nu\/harstilar\/#breadcrumb"},"inLanguage":"en-US","potentialAction":[{"@type":"ReadAction","target":["https:\/\/kultur.nu\/harstilar\/"]}]},{"@type":"ImageObject","inLanguage":"en-US","@id":"https:\/\/kultur.nu\/harstilar\/#primaryimage","url":"https:\/\/kultur.nu\/wp-content\/uploads\/2026\/02\/Harstilar-i-Sverige-som-kulturhistoria.webp","contentUrl":"https:\/\/kultur.nu\/wp-content\/uploads\/2026\/02\/Harstilar-i-Sverige-som-kulturhistoria.webp","width":800,"height":539,"caption":"H\u00e5rstilar i Sverige som kulturhistoria"},{"@type":"BreadcrumbList","@id":"https:\/\/kultur.nu\/harstilar\/#breadcrumb","itemListElement":[{"@type":"ListItem","position":1,"name":"Hem","item":"https:\/\/kultur.nu\/"},{"@type":"ListItem","position":2,"name":"H\u00e5rstilar i Sverige som kulturhistoria"}]},{"@type":"WebSite","@id":"https:\/\/kultur.nu\/#website","url":"https:\/\/kultur.nu\/","name":"Kultur i Sverige","description":"","publisher":{"@id":"https:\/\/kultur.nu\/#organization"},"potentialAction":[{"@type":"SearchAction","target":{"@type":"EntryPoint","urlTemplate":"https:\/\/kultur.nu\/?s={search_term_string}"},"query-input":{"@type":"PropertyValueSpecification","valueRequired":true,"valueName":"search_term_string"}}],"inLanguage":"en-US"},{"@type":"Organization","@id":"https:\/\/kultur.nu\/#organization","name":"Kultur i Sverige","url":"https:\/\/kultur.nu\/","logo":{"@type":"ImageObject","inLanguage":"en-US","@id":"https:\/\/kultur.nu\/#\/schema\/logo\/image\/","url":"https:\/\/kultur.nu\/wp-content\/uploads\/2025\/10\/cropped-Kultur.nu-logo.webp","contentUrl":"https:\/\/kultur.nu\/wp-content\/uploads\/2025\/10\/cropped-Kultur.nu-logo.webp","width":510,"height":95,"caption":"Kultur i Sverige"},"image":{"@id":"https:\/\/kultur.nu\/#\/schema\/logo\/image\/"}},{"@type":"Person","@id":"https:\/\/kultur.nu\/#\/schema\/person\/cbafe9491d5ea09a25eace8883923b2c","name":"Annica","image":{"@type":"ImageObject","inLanguage":"en-US","@id":"https:\/\/secure.gravatar.com\/avatar\/d78c2d842df13ded689c841d90a91fd72f6cc9e7250f7066a537c14f82302546?s=96&d=mm&r=g","url":"https:\/\/secure.gravatar.com\/avatar\/d78c2d842df13ded689c841d90a91fd72f6cc9e7250f7066a537c14f82302546?s=96&d=mm&r=g","contentUrl":"https:\/\/secure.gravatar.com\/avatar\/d78c2d842df13ded689c841d90a91fd72f6cc9e7250f7066a537c14f82302546?s=96&d=mm&r=g","caption":"Annica"},"description":"Annika Axelsson \u00e4r kulturskribent p\u00e5 Kultur.nu, d\u00e4r hon skriver om litteratur, film, teater, konst och samtida kulturdebatt. Hon har ett s\u00e4rskilt intresse f\u00f6r hur kultur speglar samh\u00e4llsf\u00f6r\u00e4ndringar, identitet och vardagslivet. Annika har studerat litteraturvetenskap och kulturjournalistik vid Stockholms universitet. Hon har \u00e4ven l\u00e4st konstvetenskap och medievetenskap, vilket ger henne en bred grund n\u00e4r hon analyserar b\u00e5de klassiska verk och moderna kulturuttryck. P\u00e5 Kultur.nu skriver Annika fr\u00e4mst recensioner, f\u00f6rdjupande artiklar och personliga kr\u00f6nikor. Hon bevakar nya b\u00f6cker, uppm\u00e4rksammade teaterf\u00f6rest\u00e4llningar, filmfestivaler, utst\u00e4llningar och aktuella kulturh\u00e4ndelser. Hennes texter k\u00e4nnetecknas av ett nyfiket, kunnigt och tillg\u00e4ngligt spr\u00e5k, d\u00e4r hon vill g\u00f6ra kultur l\u00e4ttare att f\u00f6rst\u00e5 utan att f\u00f6renkla den. Hon har tidigare arbetat med redaktionellt inneh\u00e5ll, intervjuer och kulturbevakning f\u00f6r b\u00e5de digitala magasin och lokala publikationer. I sitt skrivande \u00e5terkommer hon ofta till fr\u00e5gor om ber\u00e4ttande, kreativitet, klass, k\u00f6nsroller och kulturens plats i det moderna samh\u00e4llet.","sameAs":["https:\/\/kultur.nu"],"url":"https:\/\/kultur.nu\/en\/author\/annica\/"}]}},"_links":{"self":[{"href":"https:\/\/kultur.nu\/en\/wp-json\/wp\/v2\/posts\/737","targetHints":{"allow":["GET"]}}],"collection":[{"href":"https:\/\/kultur.nu\/en\/wp-json\/wp\/v2\/posts"}],"about":[{"href":"https:\/\/kultur.nu\/en\/wp-json\/wp\/v2\/types\/post"}],"author":[{"embeddable":true,"href":"https:\/\/kultur.nu\/en\/wp-json\/wp\/v2\/users\/1"}],"replies":[{"embeddable":true,"href":"https:\/\/kultur.nu\/en\/wp-json\/wp\/v2\/comments?post=737"}],"version-history":[{"count":3,"href":"https:\/\/kultur.nu\/en\/wp-json\/wp\/v2\/posts\/737\/revisions"}],"predecessor-version":[{"id":744,"href":"https:\/\/kultur.nu\/en\/wp-json\/wp\/v2\/posts\/737\/revisions\/744"}],"wp:featuredmedia":[{"embeddable":true,"href":"https:\/\/kultur.nu\/en\/wp-json\/wp\/v2\/media\/738"}],"wp:attachment":[{"href":"https:\/\/kultur.nu\/en\/wp-json\/wp\/v2\/media?parent=737"}],"wp:term":[{"taxonomy":"category","embeddable":true,"href":"https:\/\/kultur.nu\/en\/wp-json\/wp\/v2\/categories?post=737"},{"taxonomy":"post_tag","embeddable":true,"href":"https:\/\/kultur.nu\/en\/wp-json\/wp\/v2\/tags?post=737"}],"curies":[{"name":"wp","href":"https:\/\/api.w.org\/{rel}","templated":true}]}}