{"id":746,"date":"2025-10-26T15:12:04","date_gmt":"2025-10-26T14:12:04","guid":{"rendered":"https:\/\/kultur.nu\/?p=746"},"modified":"2026-02-26T15:20:59","modified_gmt":"2026-02-26T14:20:59","slug":"varfor-firar-man-midsommar","status":"publish","type":"post","link":"https:\/\/kultur.nu\/en\/varfor-firar-man-midsommar\/","title":{"rendered":"Varf\u00f6r firar man midsommar och vad betyder traditionen egentligen?"},"content":{"rendered":"<p>Midsommar \u00e4r en av Sveriges mest \u00e4lskade h\u00f6gtider och markerar starten p\u00e5 sommaren, ljuset och ledigheten. Men varf\u00f6r firar man midsommar egentligen? Svaret finns i en blandning av ur\u00e5ldriga naturtraditioner, bondesamh\u00e4llets livsrytm och senare kristna influenser. H\u00f6gtiden handlar i grunden om att fira naturens kraft, ljusets \u00e5terkomst och gemenskapen mellan m\u00e4nniskor under \u00e5rets ljusaste tid.<\/p>\n\n\n\n<h2 class=\"wp-block-heading\">Vad \u00e4r midsommar och varf\u00f6r firas den?<\/h2>\n\n\n\n<p>Midsommar firas i anslutning till sommarsolst\u00e5ndet, runt den 21 juni, n\u00e4r solen st\u00e5r som h\u00f6gst p\u00e5 himlen och dagarna \u00e4r som l\u00e4ngst. Det h\u00e4r fenomenet har fascinerat m\u00e4nniskor i tusentals \u00e5r. N\u00e4r ljuset kulminerar uppst\u00e5r en naturlig anledning att samlas, festa och markera att en ny fas i \u00e5ret b\u00f6rjar.<\/p>\n\n\n\n<p>Historiskt sett firade man midsommar f\u00f6r att hylla ljuset och naturens \u00f6verfl\u00f6d. Det var en tid d\u00e5 v\u00e4xtligheten stod i full blom och jordbrukets framtid s\u00e5g lovande ut. I bondesamh\u00e4llet fungerade midsommar som en tydlig brytpunkt i arbets\u00e5ret. V\u00e5ren var \u00f6ver, sommarens arbete stod f\u00f6r d\u00f6rren, och firandet blev ett s\u00e4tt att ta paus och samla kraft inf\u00f6r resten av s\u00e4songen.<\/p>\n\n\n\n<p>Det \u00e4r d\u00e4rf\u00f6r midsommar inte bara \u00e4r en fest, utan ocks\u00e5 en symbol f\u00f6r hopp, tillv\u00e4xt och livets cykler.<\/p>\n\n\n\n<h2 class=\"wp-block-heading\">Midsommarens ursprung i gamla naturtraditioner<\/h2>\n\n\n\n<p>Innan kristendomen n\u00e5dde Norden var midsommar en hednisk h\u00f6gtid kopplad till naturens krafter. Man trodde att midsommarnatten var fylld av magi, och att naturen d\u00e5 hade s\u00e4rskilda krafter som kunde p\u00e5verka m\u00e4nniskors liv och framtid.<\/p>\n\n\n\n<p>F\u00f6rest\u00e4llningar om \u00f6vernaturliga v\u00e4sen, v\u00e4xters l\u00e4kande kraft och sp\u00e5domar var vanliga. Det handlade inte bara om fest utan ocks\u00e5 om tro p\u00e5 att naturen kunde ge b\u00e5de skydd och tur. Den h\u00e4r kopplingen till naturens mystik lever kvar i m\u00e5nga <a href=\"https:\/\/kultur.nu\/en\/traditioner-i-sverige\/\">traditioner<\/a> \u00e4n i dag, \u00e4ven om de flesta i dag ser midsommar mer som en glad sommarfest \u00e4n som en magisk ritual.<\/p>\n\n\n\n<p>Med kristendomens inf\u00f6rande i Sverige kopplades midsommar samman med Johannes D\u00f6parens dag den 24 juni. Trots det beh\u00f6ll h\u00f6gtiden mycket av sin ursprungliga karakt\u00e4r. Den fortsatte att handla mer om ljus, natur och gemenskap \u00e4n om kyrkliga ceremonier.<\/p>\n\n\n\n<figure class=\"wp-block-image size-large\"><img loading=\"lazy\" decoding=\"async\" width=\"1024\" height=\"680\" src=\"https:\/\/kultur.nu\/wp-content\/uploads\/2025\/10\/image20-1024x680.webp\" alt=\"Midsommarens ursprung i gamla naturtraditioner\" class=\"wp-image-750\" srcset=\"https:\/\/kultur.nu\/wp-content\/uploads\/2025\/10\/image20-1024x680.webp 1024w, https:\/\/kultur.nu\/wp-content\/uploads\/2025\/10\/image20-300x199.webp 300w, https:\/\/kultur.nu\/wp-content\/uploads\/2025\/10\/image20-768x510.webp 768w, https:\/\/kultur.nu\/wp-content\/uploads\/2025\/10\/image20.webp 1200w\" sizes=\"auto, (max-width: 1024px) 100vw, 1024px\" \/><\/figure>\n\n\n\n<h2 class=\"wp-block-heading\">Traditioner som visar varf\u00f6r man firar midsommar<\/h2>\n\n\n\n<p>Det finns flera klassiska traditioner som tydligt visar varf\u00f6r midsommar firas. Varje tradition b\u00e4r sp\u00e5r av gamla symboler f\u00f6r fruktbarhet, natur och livsgl\u00e4dje.<\/p>\n\n\n\n<h3 class=\"wp-block-heading\">Midsommarst\u00e5ngen och dess symbolik<\/h3>\n\n\n\n<p>Midsommarst\u00e5ngen \u00e4r kanske den mest k\u00e4nda symbolen f\u00f6r h\u00f6gtiden. Den dekoreras med blommor och gr\u00f6nt och reses som en central punkt f\u00f6r firandet. Ursprungligen ses den som en fruktbarhetssymbol och en hyllning till naturens livskraft.<\/p>\n\n\n\n<p>Att dansa runt midsommarst\u00e5ngen med familj och v\u00e4nner \u00e4r ett s\u00e4tt att fira gemenskap och gl\u00e4dje i naturens n\u00e4rhet.<\/p>\n\n\n\n<h3 class=\"wp-block-heading\">Blommor och magiska traditioner<\/h3>\n\n\n\n<p>Att plocka sju eller nio olika blommor och l\u00e4gga under kudden \u00e4r en v\u00e4lk\u00e4nd midsommartradition. F\u00f6rr trodde man att man d\u00e5 skulle dr\u00f6mma om sin framtida partner. Traditionen speglar den gamla tron p\u00e5 midsommarnattens magiska kraft.<\/p>\n\n\n\n<p>Blommor och gr\u00f6nt anv\u00e4nds ocks\u00e5 f\u00f6r att dekorera hus, kransar och bord. Det symboliserar naturens \u00f6verfl\u00f6d och livets f\u00f6rnyelse.<\/p>\n\n\n\n<h3 class=\"wp-block-heading\">Maten som h\u00f6r midsommar till<\/h3>\n\n\n\n<p>Maten spelar en stor roll i firandet och visar tydligt kopplingen till sommarens f\u00f6rsta sk\u00f6rd. Klassiska r\u00e4tter som sill, f\u00e4rskpotatis med dill och jordgubbar markerar att naturen nu ger sina f\u00f6rsta g\u00e5vor.<\/p>\n\n\n\n<p>M\u00e5ltiderna \u00e4r ofta l\u00e5nga och festliga och inneh\u00e5ller s\u00e5ng, skratt och gemenskap, vilket f\u00f6rst\u00e4rker k\u00e4nslan av att midsommar handlar om mer \u00e4n bara traditioner.<\/p>\n\n\n\n<h3 class=\"wp-block-heading\">Gemenskapen som \u00e4r k\u00e4rnan i firandet<\/h3>\n\n\n\n<p>Det kanske viktigaste sk\u00e4let till att midsommar firas \u00e4r gemenskapen. Familj, v\u00e4nner och grannar samlas f\u00f6r att \u00e4ta, dansa och umg\u00e5s. H\u00f6gtiden har alltid varit social och knuten till att m\u00e4nniskor m\u00f6ts i naturen under \u00e5rets ljusaste period.<\/p>\n\n\n\n<div style=\"border-left:6px solid #6bbf59; background-color:#eef9f0; padding:18px; margin:25px 0; color:#000;\"> <h3>\ud83c\udf3c Visste du detta om midsommar?<\/h3> <strong>Midsommar<\/strong> infaller alltid en fredag mellan den 19 och 25 juni i Sverige. Den exakta placeringen best\u00e4ms f\u00f6r att ge en l\u00e5nghelg varje \u00e5r, vilket g\u00f6r h\u00f6gtiden unik eftersom den inte ligger p\u00e5 ett fast datum som m\u00e5nga andra traditioner. <\/div>\n\n\n\n<h2 class=\"wp-block-heading\">Varf\u00f6r firar man midsommar i Norden?<\/h2>\n\n\n\n<p>Midsommar firas inte bara i Sverige utan i hela Norden, \u00e4ven om traditionerna skiljer sig n\u00e5got \u00e5t. I Finland \u00e4r h\u00f6gtiden minst lika viktig och firas ofta med bastu, midsommarbrasor och festm\u00e5ltider med nypotatis och jordgubbar. D\u00e4r f\u00f6rekommer midsommarst\u00e5ng mer s\u00e4llan, men finns bland annat p\u00e5 \u00c5land.<\/p>\n\n\n\n<p>I Norge och Danmark kallas dagen f\u00f6r S:t Hans dag och firandet \u00e4r ofta mer l\u00e5gm\u00e4lt, men eldar och gemenskap st\u00e5r fortfarande i centrum. Trots variationerna \u00e4r den gemensamma n\u00e4mnaren tydlig: midsommar handlar om att fira ljuset, naturen och sommaren.<\/p>\n\n\n\n<figure class=\"wp-block-image size-large\"><img loading=\"lazy\" decoding=\"async\" width=\"1024\" height=\"670\" src=\"https:\/\/kultur.nu\/wp-content\/uploads\/2025\/10\/image19-1024x670.webp\" alt=\"Varf\u00f6r firar man midsommar i Norden\" class=\"wp-image-751\" srcset=\"https:\/\/kultur.nu\/wp-content\/uploads\/2025\/10\/image19-1024x670.webp 1024w, https:\/\/kultur.nu\/wp-content\/uploads\/2025\/10\/image19-300x196.webp 300w, https:\/\/kultur.nu\/wp-content\/uploads\/2025\/10\/image19-768x502.webp 768w, https:\/\/kultur.nu\/wp-content\/uploads\/2025\/10\/image19.webp 1200w\" sizes=\"auto, (max-width: 1024px) 100vw, 1024px\" \/><\/figure>\n\n\n\n<h2 class=\"wp-block-heading\">Midsommar som start p\u00e5 sommar och ledighet<\/h2>\n\n\n\n<p>I dagens samh\u00e4lle fungerar midsommar ofta som den symboliska starten p\u00e5 sommaren. Skolor har slutat, m\u00e5nga g\u00e5r p\u00e5 semester och tempot i vardagen saktar ner. D\u00e4rf\u00f6r har h\u00f6gtiden blivit en mark\u00f6r f\u00f6r frihet, v\u00e4rme och lata sommardagar.<\/p>\n\n\n\n<p>Den h\u00e4r rollen \u00e4r inte ny. Redan i det f\u00f6rindustriella bondesamh\u00e4llet var midsommar en brytpunkt i arbets\u00e5ret. Efter en intensiv v\u00e5r kunde man ta en paus och fira innan det fortsatta arbetet p\u00e5 \u00e5krar och g\u00e5rdar tog fart igen.<\/p>\n\n\n\n<p>Det g\u00f6r att midsommar b\u00e5de historiskt och i dag symboliserar \u00f6verg\u00e5ngen fr\u00e5n arbete till sommarens l\u00e4ttare liv.<\/p>\n\n\n\n<h2 class=\"wp-block-heading\">D\u00e4rf\u00f6r lever traditionen kvar \u00e4n i dag<\/h2>\n\n\n\n<p>Att midsommar fortfarande firas med stor entusiasm beror p\u00e5 att h\u00f6gtiden f\u00f6renar flera starka symboler: natur, ljus, gemenskap och tradition. Den ger en k\u00e4nsla av kontinuitet, d\u00e4r moderna firanden knyter an till flera hundra \u00e5r gamla seder.<\/p>\n\n\n\n<p>Det \u00e4r ocks\u00e5 en h\u00f6gtid som inte kr\u00e4ver stora f\u00f6rberedelser. En midsommarst\u00e5ng, lite blommor, god mat och m\u00e4nniskor att umg\u00e5s med r\u00e4cker l\u00e5ngt. Just enkelheten g\u00f6r att traditionen forts\u00e4tter att k\u00e4nnas relevant \u00e4ven i ett modernt samh\u00e4lle.<\/p>\n\n\n\n<h2 class=\"wp-block-heading\">Vanliga fr\u00e5gor om midsommarfirandet<\/h2>\n\n\n\n<h3 class=\"wp-block-heading\">Varf\u00f6r firas midsommar kring sommarsolst\u00e5ndet?<\/h3>\n\n\n\n<p>Det beror p\u00e5 att sommarsolst\u00e5ndet markerar \u00e5rets l\u00e4ngsta dag och ljusaste period, vilket historiskt setts som en kraftfull och symbolisk tidpunkt att fira naturens livskraft.<\/p>\n\n\n\n<h3 class=\"wp-block-heading\">Varf\u00f6r dansar man runt midsommarst\u00e5ngen?<\/h3>\n\n\n\n<p>Dansen runt st\u00e5ngen har r\u00f6tter i gamla fruktbarhetsritualer och symboliserar gl\u00e4dje, gemenskap och naturens cykler.<\/p>\n\n\n\n<h3 class=\"wp-block-heading\">Varf\u00f6r \u00e4ter man s\u00e4rskild mat p\u00e5 midsommar?<\/h3>\n\n\n\n<p>Maten speglar sommarens f\u00f6rsta sk\u00f6rd och visar naturens \u00f6verfl\u00f6d med f\u00e4rskpotatis, sill och jordgubbar som centrala inslag.<\/p>\n\n\n\n<h3 class=\"wp-block-heading\">Varf\u00f6r ans\u00e5gs midsommarnatten vara magisk?<\/h3>\n\n\n\n<p>F\u00f6rr trodde man att naturen hade extra starka krafter under \u00e5rets ljusaste natt, vilket gjorde tiden l\u00e4mplig f\u00f6r sp\u00e5domar och ritualer.<\/p>\n\n\n\n<h2 class=\"wp-block-heading\">Hur midsommar forts\u00e4tter att utvecklas<\/h2>\n\n\n\n<p>Trots sina gamla r\u00f6tter forts\u00e4tter midsommar att f\u00f6r\u00e4ndras. I dag firas den b\u00e5de p\u00e5 landet, i sk\u00e4rg\u00e5rdar och i st\u00e4der, ofta med egna variationer av traditioner. Vissa fokuserar p\u00e5 <a href=\"https:\/\/kultur.nu\/en\/dans\/\">dans<\/a> och lekar, andra p\u00e5 mat och stillsam samvaro i naturen.<\/p>\n\n\n\n<p>Samtidigt \u00e4r k\u00e4rnan densamma som f\u00f6rr: att samlas, njuta av ljuset och fira sommaren. Traditionen lever vidare eftersom den \u00e4r flexibel och kan anpassas efter varje generations s\u00e4tt att fira, samtidigt som symboliken kring naturens kraft och gemenskap finns kvar.<\/p>\n\n\n\n<p>Det \u00e4r just den kombinationen av historia, natur och social gemenskap som g\u00f6r att svaret p\u00e5 fr\u00e5gan varf\u00f6r firar man midsommar fortfarande k\u00e4nns lika relevant varje sommar n\u00e4r m\u00e4nniskor samlas f\u00f6r att fira varf\u00f6r firar man midsommar.<\/p>","protected":false},"excerpt":{"rendered":"<p>Midsommar \u00e4r en av Sveriges mest \u00e4lskade h\u00f6gtider och markerar starten p\u00e5 sommaren, ljuset och&hellip;<\/p>","protected":false},"author":1,"featured_media":748,"comment_status":"open","ping_status":"open","sticky":false,"template":"","format":"standard","meta":{"_yoast_wpseo_focuskw":"","_yoast_wpseo_title":"","_yoast_wpseo_metadesc":"","_yoast_wpseo_meta-robots-noindex":"","_yoast_wpseo_meta-robots-nofollow":"","_yoast_wpseo_canonical":"","_yoast_wpseo_opengraph-title":"","_yoast_wpseo_opengraph-description":"","_yoast_wpseo_twitter-title":"","_yoast_wpseo_twitter-description":"","footnotes":"","rank_math_description":"","rank_math_focus_keyword":"","rank_math_title":"","rank_math_canonical_url":"","rank_math_robots":"","rank_math_facebook_title":"","rank_math_facebook_description":"","rank_math_twitter_title":"","rank_math_twitter_description":""},"categories":[2],"tags":[],"class_list":["post-746","post","type-post","status-publish","format-standard","has-post-thumbnail","hentry","category-aktuellt"],"yoast_head":"<!-- This site is optimized with the Yoast SEO plugin v27.5 - https:\/\/yoast.com\/product\/yoast-seo-wordpress\/ -->\n<title>Varf\u00f6r firar man midsommar och vad betyder traditionen egentligen? - Kultur i Sverige<\/title>\n<meta name=\"robots\" content=\"index, follow, max-snippet:-1, max-image-preview:large, max-video-preview:-1\" \/>\n<link rel=\"canonical\" href=\"https:\/\/kultur.nu\/en\/varfor-firar-man-midsommar\/\" \/>\n<meta property=\"og:locale\" content=\"en_US\" \/>\n<meta property=\"og:type\" content=\"article\" \/>\n<meta property=\"og:title\" content=\"Varf\u00f6r firar man midsommar och vad betyder traditionen egentligen? - Kultur i Sverige\" \/>\n<meta property=\"og:description\" content=\"Midsommar \u00e4r en av Sveriges mest \u00e4lskade h\u00f6gtider och markerar starten p\u00e5 sommaren, ljuset och&hellip;\" \/>\n<meta property=\"og:url\" content=\"https:\/\/kultur.nu\/en\/varfor-firar-man-midsommar\/\" \/>\n<meta property=\"og:site_name\" content=\"Kultur i Sverige\" \/>\n<meta property=\"article:published_time\" content=\"2025-10-26T14:12:04+00:00\" \/>\n<meta property=\"article:modified_time\" content=\"2026-02-26T14:20:59+00:00\" \/>\n<meta property=\"og:image\" content=\"https:\/\/kultur.nu\/wp-content\/uploads\/2025\/10\/image21.webp\" \/>\n\t<meta property=\"og:image:width\" content=\"1024\" \/>\n\t<meta property=\"og:image:height\" content=\"780\" \/>\n\t<meta property=\"og:image:type\" content=\"image\/webp\" \/>\n<meta name=\"author\" content=\"Annica\" \/>\n<meta name=\"twitter:card\" content=\"summary_large_image\" \/>\n<meta name=\"twitter:label1\" content=\"Written by\" \/>\n\t<meta name=\"twitter:data1\" content=\"Annica\" \/>\n\t<meta name=\"twitter:label2\" content=\"Est. reading time\" \/>\n\t<meta name=\"twitter:data2\" content=\"7 minutes\" \/>\n<script type=\"application\/ld+json\" class=\"yoast-schema-graph\">{\"@context\":\"https:\\\/\\\/schema.org\",\"@graph\":[{\"@type\":\"Article\",\"@id\":\"https:\\\/\\\/kultur.nu\\\/varfor-firar-man-midsommar\\\/#article\",\"isPartOf\":{\"@id\":\"https:\\\/\\\/kultur.nu\\\/varfor-firar-man-midsommar\\\/\"},\"author\":{\"name\":\"Annica\",\"@id\":\"https:\\\/\\\/kultur.nu\\\/#\\\/schema\\\/person\\\/cbafe9491d5ea09a25eace8883923b2c\"},\"headline\":\"Varf\u00f6r firar man midsommar och vad betyder traditionen egentligen?\",\"datePublished\":\"2025-10-26T14:12:04+00:00\",\"dateModified\":\"2026-02-26T14:20:59+00:00\",\"mainEntityOfPage\":{\"@id\":\"https:\\\/\\\/kultur.nu\\\/varfor-firar-man-midsommar\\\/\"},\"wordCount\":1337,\"commentCount\":0,\"publisher\":{\"@id\":\"https:\\\/\\\/kultur.nu\\\/#organization\"},\"image\":{\"@id\":\"https:\\\/\\\/kultur.nu\\\/varfor-firar-man-midsommar\\\/#primaryimage\"},\"thumbnailUrl\":\"https:\\\/\\\/kultur.nu\\\/wp-content\\\/uploads\\\/2025\\\/10\\\/image21.webp\",\"articleSection\":[\"Aktuellt\"],\"inLanguage\":\"en-US\",\"potentialAction\":[{\"@type\":\"CommentAction\",\"name\":\"Comment\",\"target\":[\"https:\\\/\\\/kultur.nu\\\/varfor-firar-man-midsommar\\\/#respond\"]}]},{\"@type\":\"WebPage\",\"@id\":\"https:\\\/\\\/kultur.nu\\\/varfor-firar-man-midsommar\\\/\",\"url\":\"https:\\\/\\\/kultur.nu\\\/varfor-firar-man-midsommar\\\/\",\"name\":\"Varf\u00f6r firar man midsommar och vad betyder traditionen egentligen? - Kultur i Sverige\",\"isPartOf\":{\"@id\":\"https:\\\/\\\/kultur.nu\\\/#website\"},\"primaryImageOfPage\":{\"@id\":\"https:\\\/\\\/kultur.nu\\\/varfor-firar-man-midsommar\\\/#primaryimage\"},\"image\":{\"@id\":\"https:\\\/\\\/kultur.nu\\\/varfor-firar-man-midsommar\\\/#primaryimage\"},\"thumbnailUrl\":\"https:\\\/\\\/kultur.nu\\\/wp-content\\\/uploads\\\/2025\\\/10\\\/image21.webp\",\"datePublished\":\"2025-10-26T14:12:04+00:00\",\"dateModified\":\"2026-02-26T14:20:59+00:00\",\"breadcrumb\":{\"@id\":\"https:\\\/\\\/kultur.nu\\\/varfor-firar-man-midsommar\\\/#breadcrumb\"},\"inLanguage\":\"en-US\",\"potentialAction\":[{\"@type\":\"ReadAction\",\"target\":[\"https:\\\/\\\/kultur.nu\\\/varfor-firar-man-midsommar\\\/\"]}]},{\"@type\":\"ImageObject\",\"inLanguage\":\"en-US\",\"@id\":\"https:\\\/\\\/kultur.nu\\\/varfor-firar-man-midsommar\\\/#primaryimage\",\"url\":\"https:\\\/\\\/kultur.nu\\\/wp-content\\\/uploads\\\/2025\\\/10\\\/image21.webp\",\"contentUrl\":\"https:\\\/\\\/kultur.nu\\\/wp-content\\\/uploads\\\/2025\\\/10\\\/image21.webp\",\"width\":1024,\"height\":780,\"caption\":\"varf\u00f6r firar man midsommar\"},{\"@type\":\"BreadcrumbList\",\"@id\":\"https:\\\/\\\/kultur.nu\\\/varfor-firar-man-midsommar\\\/#breadcrumb\",\"itemListElement\":[{\"@type\":\"ListItem\",\"position\":1,\"name\":\"Hem\",\"item\":\"https:\\\/\\\/kultur.nu\\\/\"},{\"@type\":\"ListItem\",\"position\":2,\"name\":\"Varf\u00f6r firar man midsommar och vad betyder traditionen egentligen?\"}]},{\"@type\":\"WebSite\",\"@id\":\"https:\\\/\\\/kultur.nu\\\/#website\",\"url\":\"https:\\\/\\\/kultur.nu\\\/\",\"name\":\"Kultur i Sverige\",\"description\":\"\",\"publisher\":{\"@id\":\"https:\\\/\\\/kultur.nu\\\/#organization\"},\"potentialAction\":[{\"@type\":\"SearchAction\",\"target\":{\"@type\":\"EntryPoint\",\"urlTemplate\":\"https:\\\/\\\/kultur.nu\\\/?s={search_term_string}\"},\"query-input\":{\"@type\":\"PropertyValueSpecification\",\"valueRequired\":true,\"valueName\":\"search_term_string\"}}],\"inLanguage\":\"en-US\"},{\"@type\":\"Organization\",\"@id\":\"https:\\\/\\\/kultur.nu\\\/#organization\",\"name\":\"Kultur i Sverige\",\"url\":\"https:\\\/\\\/kultur.nu\\\/\",\"logo\":{\"@type\":\"ImageObject\",\"inLanguage\":\"en-US\",\"@id\":\"https:\\\/\\\/kultur.nu\\\/#\\\/schema\\\/logo\\\/image\\\/\",\"url\":\"https:\\\/\\\/kultur.nu\\\/wp-content\\\/uploads\\\/2025\\\/10\\\/cropped-Kultur.nu-logo.webp\",\"contentUrl\":\"https:\\\/\\\/kultur.nu\\\/wp-content\\\/uploads\\\/2025\\\/10\\\/cropped-Kultur.nu-logo.webp\",\"width\":510,\"height\":95,\"caption\":\"Kultur i Sverige\"},\"image\":{\"@id\":\"https:\\\/\\\/kultur.nu\\\/#\\\/schema\\\/logo\\\/image\\\/\"}},{\"@type\":\"Person\",\"@id\":\"https:\\\/\\\/kultur.nu\\\/#\\\/schema\\\/person\\\/cbafe9491d5ea09a25eace8883923b2c\",\"name\":\"Annica\",\"image\":{\"@type\":\"ImageObject\",\"inLanguage\":\"en-US\",\"@id\":\"https:\\\/\\\/secure.gravatar.com\\\/avatar\\\/d78c2d842df13ded689c841d90a91fd72f6cc9e7250f7066a537c14f82302546?s=96&d=mm&r=g\",\"url\":\"https:\\\/\\\/secure.gravatar.com\\\/avatar\\\/d78c2d842df13ded689c841d90a91fd72f6cc9e7250f7066a537c14f82302546?s=96&d=mm&r=g\",\"contentUrl\":\"https:\\\/\\\/secure.gravatar.com\\\/avatar\\\/d78c2d842df13ded689c841d90a91fd72f6cc9e7250f7066a537c14f82302546?s=96&d=mm&r=g\",\"caption\":\"Annica\"},\"description\":\"Annika Axelsson \u00e4r kulturskribent p\u00e5 Kultur.nu, d\u00e4r hon skriver om litteratur, film, teater, konst och samtida kulturdebatt. Hon har ett s\u00e4rskilt intresse f\u00f6r hur kultur speglar samh\u00e4llsf\u00f6r\u00e4ndringar, identitet och vardagslivet. Annika har studerat litteraturvetenskap och kulturjournalistik vid Stockholms universitet. Hon har \u00e4ven l\u00e4st konstvetenskap och medievetenskap, vilket ger henne en bred grund n\u00e4r hon analyserar b\u00e5de klassiska verk och moderna kulturuttryck. P\u00e5 Kultur.nu skriver Annika fr\u00e4mst recensioner, f\u00f6rdjupande artiklar och personliga kr\u00f6nikor. Hon bevakar nya b\u00f6cker, uppm\u00e4rksammade teaterf\u00f6rest\u00e4llningar, filmfestivaler, utst\u00e4llningar och aktuella kulturh\u00e4ndelser. Hennes texter k\u00e4nnetecknas av ett nyfiket, kunnigt och tillg\u00e4ngligt spr\u00e5k, d\u00e4r hon vill g\u00f6ra kultur l\u00e4ttare att f\u00f6rst\u00e5 utan att f\u00f6renkla den. Hon har tidigare arbetat med redaktionellt inneh\u00e5ll, intervjuer och kulturbevakning f\u00f6r b\u00e5de digitala magasin och lokala publikationer. I sitt skrivande \u00e5terkommer hon ofta till fr\u00e5gor om ber\u00e4ttande, kreativitet, klass, k\u00f6nsroller och kulturens plats i det moderna samh\u00e4llet.\",\"sameAs\":[\"https:\\\/\\\/kultur.nu\"],\"url\":\"https:\\\/\\\/kultur.nu\\\/en\\\/author\\\/annica\\\/\"}]}<\/script>\n<!-- \/ Yoast SEO plugin. -->","yoast_head_json":{"title":"Varf\u00f6r firar man midsommar och vad betyder traditionen egentligen? - Kultur i Sverige","robots":{"index":"index","follow":"follow","max-snippet":"max-snippet:-1","max-image-preview":"max-image-preview:large","max-video-preview":"max-video-preview:-1"},"canonical":"https:\/\/kultur.nu\/en\/varfor-firar-man-midsommar\/","og_locale":"en_US","og_type":"article","og_title":"Varf\u00f6r firar man midsommar och vad betyder traditionen egentligen? - Kultur i Sverige","og_description":"Midsommar \u00e4r en av Sveriges mest \u00e4lskade h\u00f6gtider och markerar starten p\u00e5 sommaren, ljuset och&hellip;","og_url":"https:\/\/kultur.nu\/en\/varfor-firar-man-midsommar\/","og_site_name":"Kultur i Sverige","article_published_time":"2025-10-26T14:12:04+00:00","article_modified_time":"2026-02-26T14:20:59+00:00","og_image":[{"width":1024,"height":780,"url":"https:\/\/kultur.nu\/wp-content\/uploads\/2025\/10\/image21.webp","type":"image\/webp"}],"author":"Annica","twitter_card":"summary_large_image","twitter_misc":{"Written by":"Annica","Est. reading time":"7 minutes"},"schema":{"@context":"https:\/\/schema.org","@graph":[{"@type":"Article","@id":"https:\/\/kultur.nu\/varfor-firar-man-midsommar\/#article","isPartOf":{"@id":"https:\/\/kultur.nu\/varfor-firar-man-midsommar\/"},"author":{"name":"Annica","@id":"https:\/\/kultur.nu\/#\/schema\/person\/cbafe9491d5ea09a25eace8883923b2c"},"headline":"Varf\u00f6r firar man midsommar och vad betyder traditionen egentligen?","datePublished":"2025-10-26T14:12:04+00:00","dateModified":"2026-02-26T14:20:59+00:00","mainEntityOfPage":{"@id":"https:\/\/kultur.nu\/varfor-firar-man-midsommar\/"},"wordCount":1337,"commentCount":0,"publisher":{"@id":"https:\/\/kultur.nu\/#organization"},"image":{"@id":"https:\/\/kultur.nu\/varfor-firar-man-midsommar\/#primaryimage"},"thumbnailUrl":"https:\/\/kultur.nu\/wp-content\/uploads\/2025\/10\/image21.webp","articleSection":["Aktuellt"],"inLanguage":"en-US","potentialAction":[{"@type":"CommentAction","name":"Comment","target":["https:\/\/kultur.nu\/varfor-firar-man-midsommar\/#respond"]}]},{"@type":"WebPage","@id":"https:\/\/kultur.nu\/varfor-firar-man-midsommar\/","url":"https:\/\/kultur.nu\/varfor-firar-man-midsommar\/","name":"Varf\u00f6r firar man midsommar och vad betyder traditionen egentligen? - Kultur i Sverige","isPartOf":{"@id":"https:\/\/kultur.nu\/#website"},"primaryImageOfPage":{"@id":"https:\/\/kultur.nu\/varfor-firar-man-midsommar\/#primaryimage"},"image":{"@id":"https:\/\/kultur.nu\/varfor-firar-man-midsommar\/#primaryimage"},"thumbnailUrl":"https:\/\/kultur.nu\/wp-content\/uploads\/2025\/10\/image21.webp","datePublished":"2025-10-26T14:12:04+00:00","dateModified":"2026-02-26T14:20:59+00:00","breadcrumb":{"@id":"https:\/\/kultur.nu\/varfor-firar-man-midsommar\/#breadcrumb"},"inLanguage":"en-US","potentialAction":[{"@type":"ReadAction","target":["https:\/\/kultur.nu\/varfor-firar-man-midsommar\/"]}]},{"@type":"ImageObject","inLanguage":"en-US","@id":"https:\/\/kultur.nu\/varfor-firar-man-midsommar\/#primaryimage","url":"https:\/\/kultur.nu\/wp-content\/uploads\/2025\/10\/image21.webp","contentUrl":"https:\/\/kultur.nu\/wp-content\/uploads\/2025\/10\/image21.webp","width":1024,"height":780,"caption":"varf\u00f6r firar man midsommar"},{"@type":"BreadcrumbList","@id":"https:\/\/kultur.nu\/varfor-firar-man-midsommar\/#breadcrumb","itemListElement":[{"@type":"ListItem","position":1,"name":"Hem","item":"https:\/\/kultur.nu\/"},{"@type":"ListItem","position":2,"name":"Varf\u00f6r firar man midsommar och vad betyder traditionen egentligen?"}]},{"@type":"WebSite","@id":"https:\/\/kultur.nu\/#website","url":"https:\/\/kultur.nu\/","name":"Kultur i Sverige","description":"","publisher":{"@id":"https:\/\/kultur.nu\/#organization"},"potentialAction":[{"@type":"SearchAction","target":{"@type":"EntryPoint","urlTemplate":"https:\/\/kultur.nu\/?s={search_term_string}"},"query-input":{"@type":"PropertyValueSpecification","valueRequired":true,"valueName":"search_term_string"}}],"inLanguage":"en-US"},{"@type":"Organization","@id":"https:\/\/kultur.nu\/#organization","name":"Kultur i Sverige","url":"https:\/\/kultur.nu\/","logo":{"@type":"ImageObject","inLanguage":"en-US","@id":"https:\/\/kultur.nu\/#\/schema\/logo\/image\/","url":"https:\/\/kultur.nu\/wp-content\/uploads\/2025\/10\/cropped-Kultur.nu-logo.webp","contentUrl":"https:\/\/kultur.nu\/wp-content\/uploads\/2025\/10\/cropped-Kultur.nu-logo.webp","width":510,"height":95,"caption":"Kultur i Sverige"},"image":{"@id":"https:\/\/kultur.nu\/#\/schema\/logo\/image\/"}},{"@type":"Person","@id":"https:\/\/kultur.nu\/#\/schema\/person\/cbafe9491d5ea09a25eace8883923b2c","name":"Annica","image":{"@type":"ImageObject","inLanguage":"en-US","@id":"https:\/\/secure.gravatar.com\/avatar\/d78c2d842df13ded689c841d90a91fd72f6cc9e7250f7066a537c14f82302546?s=96&d=mm&r=g","url":"https:\/\/secure.gravatar.com\/avatar\/d78c2d842df13ded689c841d90a91fd72f6cc9e7250f7066a537c14f82302546?s=96&d=mm&r=g","contentUrl":"https:\/\/secure.gravatar.com\/avatar\/d78c2d842df13ded689c841d90a91fd72f6cc9e7250f7066a537c14f82302546?s=96&d=mm&r=g","caption":"Annica"},"description":"Annika Axelsson \u00e4r kulturskribent p\u00e5 Kultur.nu, d\u00e4r hon skriver om litteratur, film, teater, konst och samtida kulturdebatt. Hon har ett s\u00e4rskilt intresse f\u00f6r hur kultur speglar samh\u00e4llsf\u00f6r\u00e4ndringar, identitet och vardagslivet. Annika har studerat litteraturvetenskap och kulturjournalistik vid Stockholms universitet. Hon har \u00e4ven l\u00e4st konstvetenskap och medievetenskap, vilket ger henne en bred grund n\u00e4r hon analyserar b\u00e5de klassiska verk och moderna kulturuttryck. P\u00e5 Kultur.nu skriver Annika fr\u00e4mst recensioner, f\u00f6rdjupande artiklar och personliga kr\u00f6nikor. Hon bevakar nya b\u00f6cker, uppm\u00e4rksammade teaterf\u00f6rest\u00e4llningar, filmfestivaler, utst\u00e4llningar och aktuella kulturh\u00e4ndelser. Hennes texter k\u00e4nnetecknas av ett nyfiket, kunnigt och tillg\u00e4ngligt spr\u00e5k, d\u00e4r hon vill g\u00f6ra kultur l\u00e4ttare att f\u00f6rst\u00e5 utan att f\u00f6renkla den. Hon har tidigare arbetat med redaktionellt inneh\u00e5ll, intervjuer och kulturbevakning f\u00f6r b\u00e5de digitala magasin och lokala publikationer. I sitt skrivande \u00e5terkommer hon ofta till fr\u00e5gor om ber\u00e4ttande, kreativitet, klass, k\u00f6nsroller och kulturens plats i det moderna samh\u00e4llet.","sameAs":["https:\/\/kultur.nu"],"url":"https:\/\/kultur.nu\/en\/author\/annica\/"}]}},"_links":{"self":[{"href":"https:\/\/kultur.nu\/en\/wp-json\/wp\/v2\/posts\/746","targetHints":{"allow":["GET"]}}],"collection":[{"href":"https:\/\/kultur.nu\/en\/wp-json\/wp\/v2\/posts"}],"about":[{"href":"https:\/\/kultur.nu\/en\/wp-json\/wp\/v2\/types\/post"}],"author":[{"embeddable":true,"href":"https:\/\/kultur.nu\/en\/wp-json\/wp\/v2\/users\/1"}],"replies":[{"embeddable":true,"href":"https:\/\/kultur.nu\/en\/wp-json\/wp\/v2\/comments?post=746"}],"version-history":[{"count":4,"href":"https:\/\/kultur.nu\/en\/wp-json\/wp\/v2\/posts\/746\/revisions"}],"predecessor-version":[{"id":754,"href":"https:\/\/kultur.nu\/en\/wp-json\/wp\/v2\/posts\/746\/revisions\/754"}],"wp:featuredmedia":[{"embeddable":true,"href":"https:\/\/kultur.nu\/en\/wp-json\/wp\/v2\/media\/748"}],"wp:attachment":[{"href":"https:\/\/kultur.nu\/en\/wp-json\/wp\/v2\/media?parent=746"}],"wp:term":[{"taxonomy":"category","embeddable":true,"href":"https:\/\/kultur.nu\/en\/wp-json\/wp\/v2\/categories?post=746"},{"taxonomy":"post_tag","embeddable":true,"href":"https:\/\/kultur.nu\/en\/wp-json\/wp\/v2\/tags?post=746"}],"curies":[{"name":"wp","href":"https:\/\/api.w.org\/{rel}","templated":true}]}}