{"id":755,"date":"2025-11-27T14:06:52","date_gmt":"2025-11-27T13:06:52","guid":{"rendered":"https:\/\/kultur.nu\/?p=755"},"modified":"2026-02-27T14:21:35","modified_gmt":"2026-02-27T13:21:35","slug":"svensk-folkdrakt","status":"publish","type":"post","link":"https:\/\/kultur.nu\/en\/svensk-folkdrakt\/","title":{"rendered":"Svensk folkdr\u00e4kt \u00e4r fortfarande sj\u00e4lvklar vid fest"},"content":{"rendered":"<p>Svensk folkdr\u00e4kt \u00e4r inte en utkl\u00e4dnad du tar p\u00e5 dig f\u00f6r att se historisk ut. Det \u00e4r en levande tradition som ber\u00e4ttar var du kommer ifr\u00e5n, hur m\u00e4nniskor levde f\u00f6rr och varf\u00f6r vissa lokala uttryck har \u00f6verlevt l\u00e5ngt efter att vardagsmodet f\u00f6r\u00e4ndrades. I grunden handlar folkdr\u00e4kt om allmogens kl\u00e4dsel fr\u00e5n tiden f\u00f6re industrialismen, med tydliga skillnader mellan bygder och ofta flera varianter i samma omr\u00e5de beroende p\u00e5 \u00e5rstid, arbete, h\u00f6gtid och om du var gift eller ogift. I dag anv\u00e4nds dr\u00e4kten fr\u00e4mst vid h\u00f6gtidliga tillf\u00e4llen som <a href=\"https:\/\/kultur.nu\/en\/varfor-firar-vi-nationaldagen\/\">nationaldagen<\/a>, <a href=\"https:\/\/kultur.nu\/en\/varfor-firar-man-midsommar\/\">midsommar<\/a>, dop, skolavslutningar och dansuppvisningar, och det \u00e4r just den mixen av historia och nutid som g\u00f6r den s\u00e5 rolig att l\u00e4ra k\u00e4nna.<\/p>\n<h2>Vad en svensk folkdr\u00e4kt egentligen \u00e4r<\/h2>\n<p>I vardagligt spr\u00e5k kan folkdr\u00e4kt betyda lite olika saker. Ibland syftar det p\u00e5 en helt traditionell dr\u00e4kt fr\u00e5n ett omr\u00e5de, ibland p\u00e5 en nyare dr\u00e4kt som har inspirerats av \u00e4ldre dr\u00e4ktskick. Den mer strikta definitionen \u00e4r d\u00e4remot tydlig: en folkdr\u00e4kt \u00e4r en dr\u00e4kt som burits av bondebefolkningen, som har lokal s\u00e4rpr\u00e4gel, som har utvecklats under l\u00e5ng tid inom ett avgr\u00e4nsat omr\u00e5de och som skiljer sig fr\u00e5n b\u00e5de grannbygder och modedr\u00e4kten.<\/p>\n<p>Det viktiga h\u00e4r \u00e4r att det inte bara finns en version per plats. I samma bygd kan det ha funnits flera varianter, och det \u00e4r ocks\u00e5 d\u00e4rf\u00f6r en modern, nyproducerad kopia kan r\u00e4knas som folkdr\u00e4kt om den bygger p\u00e5 en variant som \u00e4r k\u00e4nd och lokalt f\u00f6rankrad.<\/p>\n<h2>D\u00e4rf\u00f6r finns det s\u00e5 m\u00e5nga olika folkdr\u00e4kter i Sverige<\/h2>\n<p>Sverige har ett imponerande antal dokumenterade dr\u00e4kttraditioner. Det brukar anges att det finns drygt 840 svenska folkdr\u00e4kter i landet, inklusive samiska dr\u00e4kter. Att antalet \u00e4r s\u00e5 stort beror p\u00e5 att dr\u00e4ktskicket v\u00e4xte fram lokalt, och att varje omr\u00e5de hade sina egna normer f\u00f6r material, f\u00e4rger, snitt, dekorationer och accessoarer.<\/p>\n<p>M\u00e5nga dr\u00e4kter ser \u201dtypiskt svenska\u201d ut f\u00f6r ett tr\u00e4nat \u00f6ga, men det \u00e4r just detaljerna som g\u00f6r skillnaden. F\u00f6rkl\u00e4dets v\u00e4vning, livstyckets f\u00e4rg, m\u00f6ssans form eller en viss randning kan peka p\u00e5 exakt socken eller h\u00e4rad.<\/p>\n<h2>Svensk folkdr\u00e4kt i vardag och h\u00f6gtid<\/h2>\n<p>En sak som ofta missas \u00e4r att folkdr\u00e4kten historiskt var kl\u00e4der som anv\u00e4ndes \u00e5ret runt, inte bara till fest. D\u00e4rf\u00f6r kunde samma bygd ha b\u00e5de enklare och finare varianter, och dessutom plagg som var mer praktiska f\u00f6r arbete.<\/p>\n<p>Typiska delar i kvinnodr\u00e4kter \u00e4r ofta yllekjol, s\u00e4rk, f\u00f6rkl\u00e4de, livstycke samt sjal och huvudbonad. Mansdr\u00e4kter inneh\u00e5ller ofta kn\u00e4 eller l\u00e5ngbyxor i ylle eller skinn, skjorta och v\u00e4st, och huvudbonader som hatt, r\u00f6d luva eller kaskett. Ytterplagg i ylle, som jacka eller rock, f\u00f6rekommer ocks\u00e5.<\/p>\n<p>F\u00f6r dig som vill f\u00f6rst\u00e5 helheten kan det hj\u00e4lpa att t\u00e4nka i lager och funktion. Du kan se dr\u00e4kten som ett genomt\u00e4nkt system d\u00e4r b\u00e5de klimat och sociala regler spelade in.<\/p>\n<p>H\u00e4r \u00e4r n\u00e5gra exempel p\u00e5 fr\u00e5gor som brukar g\u00f6ra det l\u00e4ttare att l\u00e4sa av en dr\u00e4kt:<\/p>\n<ul>\n<li>\u00c4r den t\u00e4nkt f\u00f6r arbete eller h\u00f6gtid, utifr\u00e5n material och dekor<\/li>\n<li>Finns det huvudbonad, och vad s\u00e4ger den om sammanhanget<\/li>\n<li>Har dr\u00e4kten tydliga lokala k\u00e4nnetecken i f\u00e4rg eller m\u00f6nster<\/li>\n<li>Vilka accessoarer ing\u00e5r, som sjal, b\u00e4lte eller v\u00e4st<\/li>\n<\/ul>\n<p><img loading=\"lazy\" decoding=\"async\" class=\"alignnone size-full wp-image-757\" src=\"https:\/\/kultur.nu\/wp-content\/uploads\/2026\/02\/image22.webp\" alt=\"Svensk folkdr\u00e4kt i vardag och h\u00f6gtid\" width=\"1200\" height=\"453\" srcset=\"https:\/\/kultur.nu\/wp-content\/uploads\/2026\/02\/image22.webp 1200w, https:\/\/kultur.nu\/wp-content\/uploads\/2026\/02\/image22-300x113.webp 300w, https:\/\/kultur.nu\/wp-content\/uploads\/2026\/02\/image22-1024x387.webp 1024w, https:\/\/kultur.nu\/wp-content\/uploads\/2026\/02\/image22-768x290.webp 768w\" sizes=\"auto, (max-width: 1200px) 100vw, 1200px\" \/><\/p>\n<h2>Folkdr\u00e4kt i Dalarna<\/h2>\n<p>Folkdr\u00e4kt Dalarna \u00e4r n\u00e4stan ett eget universum, och det \u00e4r inte bara en k\u00e4nsla. Dalarna brukar anges ha flest dr\u00e4kter i landet, med 97 dr\u00e4kter totalt. Det \u00e4r en f\u00f6rklaring till varf\u00f6r s\u00e5 m\u00e5nga associerar svensk folkdr\u00e4kt med just Dalarna, s\u00e4rskilt i sammanhang som midsommar, <a href=\"https:\/\/kultur.nu\/en\/dans\/folkdans\/\">folkdans<\/a> och hembygdsfiranden.<\/p>\n<p>En extra intressant detalj \u00e4r att Nordiska museets dr\u00e4ktsamling faktiskt har sina r\u00f6tter i en resa i Dalarna. Sommaren 1872 s\u00e5g Artur och Sofi Hazelius hur m\u00e4nniskor lade undan sina \u00e4ldre dr\u00e4kter och gick \u00f6ver till kl\u00e4der som f\u00f6ljde tidens nya ideal. Det blev en v\u00e4ckarklocka. Id\u00e9n om att bevara den \u00e4ldre folkkulturen tog fart, och insamlandet av dr\u00e4kter blev grunden till museet. F\u00f6rem\u00e5let med inventarienummer 1 i samlingen \u00e4r en kjol som h\u00f6r till en hel kvinnodr\u00e4kt fr\u00e5n Stora Tuna i Dalarna, vilket s\u00e4ger en hel del om var allt b\u00f6rjade.<\/p>\n<h2>Folkdr\u00e4kt i Stockholm<\/h2>\n<p>N\u00e4r du h\u00f6r folkdr\u00e4kt Stockholm kan det betyda olika saker beroende p\u00e5 sammanhang. Historiskt har inga dr\u00e4kter egentligen representerat ett helt landskap eller en hel stor region p\u00e5 ett \u201dofficiellt\u201d s\u00e4tt, men i samband med hembygdsr\u00f6relsens framv\u00e4xt under b\u00f6rjan av 1900 talet v\u00e4xte en vilja fram att skapa dr\u00e4kter \u00e4ven f\u00f6r omr\u00e5den d\u00e4r man inte hade bevarat ett tydligt dokumenterat dr\u00e4ktskick.<\/p>\n<p>Det \u00e4r h\u00e4r begrepp som bygdedr\u00e4kt och sockendr\u00e4kt blir viktiga. Vissa dr\u00e4kter \u00e4r rekonstruerade eller komponerade, vilket i praktiken kan vara det du st\u00f6ter p\u00e5 i storstadsn\u00e4ra sammanhang d\u00e4r det historiska underlaget \u00e4r mer splittrat eller d\u00e4r traditionen inte levt kvar lika starkt i vardagen.<\/p>\n<h2>Folkdr\u00e4kt i Sk\u00e5ne<\/h2>\n<p>Folkdr\u00e4kt Sk\u00e5ne \u00e4r ett bra exempel p\u00e5 att det faktiskt finns m\u00e5nga dokumenterade <a href=\"https:\/\/kultur.nu\/en\/traditioner-i-sverige\/\">traditioner<\/a> kvar. Sk\u00e5ne brukar anges ha 44 dr\u00e4kter totalt, med b\u00e5de kvinnliga och manliga varianter. Det g\u00f6r att du kan hitta tydligt lokala uttryck d\u00e4r snitt, tygval och detaljer skiljer sig fr\u00e5n andra delar av landet.<\/p>\n<p>F\u00f6r att f\u00f6rst\u00e5 hur en dr\u00e4kt har skapats brukar man dela in svenska folkdr\u00e4kter i tre huvudgrupper:<\/p>\n<h3>Dokumenterad dr\u00e4kt<\/h3>\n<p>H\u00e4r finns bevarade plagg fr\u00e5n tiden d\u00e5 dr\u00e4kten anv\u00e4ndes traditionellt i omr\u00e5det, i praktiken fram till ungef\u00e4r 1850, allts\u00e5 f\u00f6re industrialismen. Dr\u00e4kten \u00e4r direkt knuten till allmogen som faktiskt bar den.<\/p>\n<h3>Rekonstruerad dr\u00e4kt<\/h3>\n<p>H\u00e4r saknas original f\u00f6r vissa delar. Man \u00e5terskapar de saknade plaggen med hj\u00e4lp av kunskap om bygden och k\u00e4llor som foton, bilder, bouppteckningar eller dokumenterade plagg fr\u00e5n grannsocknar. M\u00e5nga s\u00e5dana dr\u00e4kter blev vanliga n\u00e4r intresset \u00f6kade under 1970 talet.<\/p>\n<h3>Komponerad dr\u00e4kt<\/h3>\n<p>H\u00e4r finns ingen tydlig historisk f\u00f6rlaga f\u00f6r ett komplett dr\u00e4ktskick i bygden. Dr\u00e4kten skapas med folkdr\u00e4kter som f\u00f6rebild, ibland med inspiration fr\u00e5n bevarade fragment eller lokala textilsp\u00e5r. M\u00e5nga landskapsdr\u00e4kter och \u00e4ven sverigedr\u00e4kten brukar lyftas i den h\u00e4r kategorin.<\/p>\n<div style=\"border-left: 6px solid #2b7a78; background-color: #e7f6f5; padding: 18px; margin: 24px 0; color: #000;\">\n<h3>\ud83e\uddf5 Snabbt tips f\u00f6r dig som vill prova dr\u00e4kt<\/h3>\n<p><strong>B\u00f6rja med passformen<\/strong> f\u00f6re allt annat: om livet sitter r\u00e4tt och kjoll\u00e4ngden k\u00e4nns naturlig blir helheten snygg direkt. L\u00e4gg sedan till <strong>huvudbonad<\/strong> och <strong>sjal<\/strong> sist, eftersom de ofta avg\u00f6r uttrycket mer \u00e4n du tror n\u00e4r du ser dig i spegeln.<\/p>\n<\/div>\n<h2>K\u00f6pa svensk folkdr\u00e4kt utan att g\u00e5 vilse<\/h2>\n<p>K\u00f6pa svensk folkdr\u00e4kt \u00e4r en vanlig tanke inf\u00f6r nationaldagen, ett br\u00f6llop eller en dansuppvisning, men det \u00e4r l\u00e4tt att k\u00e4nna sig \u00f6verv\u00e4ldigad. Dr\u00e4kter kan vara allt fr\u00e5n noggrant handsydda kopior till moderna tolkningar med inspiration fr\u00e5n \u00e4ldre plagg. Det viktiga \u00e4r att du f\u00f6rst best\u00e4mmer vilket sammanhang dr\u00e4kten ska anv\u00e4ndas i och vilken geografisk anknytning du vill ha.<\/p>\n<p>Ett smart s\u00e4tt att g\u00f6ra valet enklare \u00e4r att utg\u00e5 fr\u00e5n din egen koppling. Har du <a href=\"https:\/\/kultur.nu\/en\/slaktforskning\/\">sl\u00e4kt<\/a> i ett visst landskap, eller k\u00e4nns en viss tradition extra hemma f\u00f6r dig? I praktiken \u00e4r det ofta roligare att b\u00e4ra en dr\u00e4kt som betyder n\u00e5got, \u00e4n att bara v\u00e4lja den som \u00e4r mest k\u00e4nd.<\/p>\n<p>T\u00e4nk ocks\u00e5 p\u00e5 att dr\u00e4kter historiskt haft variationer, s\u00e5 det kan finnas flera \u201dr\u00e4tta\u201d v\u00e4gar inom samma bygd. Det g\u00f6r dr\u00e4ktintresset mindre stelt och mer personligt.<\/p>\n<p><img loading=\"lazy\" decoding=\"async\" class=\"alignnone size-full wp-image-758\" src=\"https:\/\/kultur.nu\/wp-content\/uploads\/2026\/02\/image24.webp\" alt=\"K\u00f6pa svensk folkdr\u00e4kt utan att g\u00e5 vilse\" width=\"1140\" height=\"825\" srcset=\"https:\/\/kultur.nu\/wp-content\/uploads\/2026\/02\/image24.webp 1140w, https:\/\/kultur.nu\/wp-content\/uploads\/2026\/02\/image24-300x217.webp 300w, https:\/\/kultur.nu\/wp-content\/uploads\/2026\/02\/image24-1024x741.webp 1024w, https:\/\/kultur.nu\/wp-content\/uploads\/2026\/02\/image24-768x556.webp 768w\" sizes=\"auto, (max-width: 1140px) 100vw, 1140px\" \/><\/p>\n<h2>Sverigedr\u00e4kten och hur en nationell dr\u00e4kt blev officiell<\/h2>\n<p>Sverigedr\u00e4kten \u00e4r speciell eftersom den representerar hela landet snarare \u00e4n en enskild socken. Den har r\u00f6tter i den nationalromantiska tiden, och 1902 grundade M\u00e4rta J\u00f6rgensen Svenska Kvinnliga Nationaldr\u00e4ktsf\u00f6reningen i Falun. Tanken var att uppmuntra till dr\u00e4ktbruk och minska beroendet av utl\u00e4ndska modeideal. Dr\u00e4kten kallas ofta sverigedr\u00e4kten i dag, men har ocks\u00e5 haft ett mer formellt namn som f\u00f6reningens festdr\u00e4kt.<\/p>\n<p>Den mest k\u00e4nda varianten har bl\u00e5 kjol och gult f\u00f6rkl\u00e4de, och livstycket finns i f\u00e4rgkombinationer som knyter an till flaggans f\u00e4rger och tidens material. Dr\u00e4kten f\u00f6ll i gl\u00f6mska under andra v\u00e4rldskriget, men fick ny uppm\u00e4rksamhet senare, och 1983 blev den i sin mest k\u00e4nda utformning officiell nationaldr\u00e4kt p\u00e5 svenska flaggans dag, som senare blev nationaldag. I dag syns den ibland vid officiella tillf\u00e4llen, inte minst p\u00e5 kungliga.<\/p>\n<div style=\"border-left: 6px solid #d4a017; background-color: #fff4cc; padding: 18px; margin: 24px 0; color: #000;\">\n<h3>Fun fact om f\u00e4rger och symbolik<\/h3>\n<p>Sverigedr\u00e4ktens mest igenk\u00e4nda uttryck bygger p\u00e5 <strong>bl\u00e5tt<\/strong> och <strong>gult<\/strong>, men bakgrunden \u00e4r mer praktisk \u00e4n m\u00e5nga tror. N\u00e4r f\u00e4rgerna togs fram utgick man fr\u00e5n hur den svenska flaggan s\u00e5g ut kring sekelskiftet 1900, d\u00e5 textilier ofta var i ull och f\u00e4rgningen inte gav samma starka nyanser som moderna material. D\u00e4rf\u00f6r handlar f\u00e4rgvalet inte bara om symbolik utan ocks\u00e5 om tidens teknik, och resultatet blev en dr\u00e4kt som b\u00e5de fungerar som h\u00f6gtidsplagg och som tydlig markering av en nationell identitet.<\/p>\n<\/div>\n<h2>S\u00e5 anv\u00e4nds svensk folkdr\u00e4kt i dag utan att k\u00e4nnas stelt<\/h2>\n<p>Det fina med dagens dr\u00e4ktbruk \u00e4r att det b\u00e5de kan vara traditionellt och avslappnat p\u00e5 samma g\u00e5ng. Du kan b\u00e4ra dr\u00e4kten helt enligt lokala regler i ett h\u00f6gtidligt sammanhang, eller anv\u00e4nda den som tydlig festmark\u00f6r n\u00e4r du vill k\u00e4nna dig extra uppkl\u00e4dd. M\u00e5nga v\u00e4ljer dr\u00e4kt vid skolavslutningar och nationaldagen f\u00f6r att den direkt signalerar h\u00f6gtid, utan att du beh\u00f6ver t\u00e4nka p\u00e5 trend eller dresscode.<\/p>\n<p>Och oavsett om du dras till folkdr\u00e4kt Dalarna, funderar p\u00e5 folkdr\u00e4kt Stockholm, gillar uttrycket i folkdr\u00e4kt Sk\u00e5ne eller bara vill f\u00f6rst\u00e5 dr\u00e4ktens historia b\u00e4ttre, s\u00e5 \u00e4r po\u00e4ngen densamma: du b\u00e4r en ber\u00e4ttelse i tyg, f\u00e4rg och form, och den ber\u00e4ttelsen heter svensk folkdr\u00e4kt.<\/p>","protected":false},"excerpt":{"rendered":"<p>Svensk folkdr\u00e4kt \u00e4r inte en utkl\u00e4dnad du tar p\u00e5 dig f\u00f6r att se historisk ut.&hellip;<\/p>","protected":false},"author":1,"featured_media":756,"comment_status":"open","ping_status":"open","sticky":false,"template":"","format":"standard","meta":{"_yoast_wpseo_focuskw":"","_yoast_wpseo_title":"","_yoast_wpseo_metadesc":"","_yoast_wpseo_meta-robots-noindex":"","_yoast_wpseo_meta-robots-nofollow":"","_yoast_wpseo_canonical":"","_yoast_wpseo_opengraph-title":"","_yoast_wpseo_opengraph-description":"","_yoast_wpseo_twitter-title":"","_yoast_wpseo_twitter-description":"","footnotes":"","rank_math_description":"","rank_math_focus_keyword":"","rank_math_title":"","rank_math_canonical_url":"","rank_math_robots":"","rank_math_facebook_title":"","rank_math_facebook_description":"","rank_math_twitter_title":"","rank_math_twitter_description":""},"categories":[2],"tags":[],"class_list":["post-755","post","type-post","status-publish","format-standard","has-post-thumbnail","hentry","category-aktuellt"],"yoast_head":"<!-- This site is optimized with the Yoast SEO plugin v27.5 - https:\/\/yoast.com\/product\/yoast-seo-wordpress\/ -->\n<title>Svensk folkdr\u00e4kt \u00e4r fortfarande sj\u00e4lvklar vid fest - Kultur i Sverige<\/title>\n<meta name=\"robots\" content=\"index, follow, max-snippet:-1, max-image-preview:large, max-video-preview:-1\" \/>\n<link rel=\"canonical\" href=\"https:\/\/kultur.nu\/en\/svensk-folkdrakt\/\" \/>\n<meta property=\"og:locale\" content=\"en_US\" \/>\n<meta property=\"og:type\" content=\"article\" \/>\n<meta property=\"og:title\" content=\"Svensk folkdr\u00e4kt \u00e4r fortfarande sj\u00e4lvklar vid fest - Kultur i Sverige\" \/>\n<meta property=\"og:description\" content=\"Svensk folkdr\u00e4kt \u00e4r inte en utkl\u00e4dnad du tar p\u00e5 dig f\u00f6r att se historisk ut.&hellip;\" \/>\n<meta property=\"og:url\" content=\"https:\/\/kultur.nu\/en\/svensk-folkdrakt\/\" \/>\n<meta property=\"og:site_name\" content=\"Kultur i Sverige\" \/>\n<meta property=\"article:published_time\" content=\"2025-11-27T13:06:52+00:00\" \/>\n<meta property=\"article:modified_time\" content=\"2026-02-27T13:21:35+00:00\" \/>\n<meta property=\"og:image\" content=\"https:\/\/kultur.nu\/wp-content\/uploads\/2026\/02\/image23.webp\" \/>\n\t<meta property=\"og:image:width\" content=\"1000\" \/>\n\t<meta property=\"og:image:height\" content=\"796\" \/>\n\t<meta property=\"og:image:type\" content=\"image\/webp\" \/>\n<meta name=\"author\" content=\"Annica\" \/>\n<meta name=\"twitter:card\" content=\"summary_large_image\" \/>\n<meta name=\"twitter:label1\" content=\"Written by\" \/>\n\t<meta name=\"twitter:data1\" content=\"Annica\" \/>\n\t<meta name=\"twitter:label2\" content=\"Est. reading time\" \/>\n\t<meta name=\"twitter:data2\" content=\"9 minutes\" \/>\n<script type=\"application\/ld+json\" class=\"yoast-schema-graph\">{\"@context\":\"https:\\\/\\\/schema.org\",\"@graph\":[{\"@type\":\"Article\",\"@id\":\"https:\\\/\\\/kultur.nu\\\/svensk-folkdrakt\\\/#article\",\"isPartOf\":{\"@id\":\"https:\\\/\\\/kultur.nu\\\/svensk-folkdrakt\\\/\"},\"author\":{\"name\":\"Annica\",\"@id\":\"https:\\\/\\\/kultur.nu\\\/#\\\/schema\\\/person\\\/cbafe9491d5ea09a25eace8883923b2c\"},\"headline\":\"Svensk folkdr\u00e4kt \u00e4r fortfarande sj\u00e4lvklar vid fest\",\"datePublished\":\"2025-11-27T13:06:52+00:00\",\"dateModified\":\"2026-02-27T13:21:35+00:00\",\"mainEntityOfPage\":{\"@id\":\"https:\\\/\\\/kultur.nu\\\/svensk-folkdrakt\\\/\"},\"wordCount\":1797,\"commentCount\":0,\"publisher\":{\"@id\":\"https:\\\/\\\/kultur.nu\\\/#organization\"},\"image\":{\"@id\":\"https:\\\/\\\/kultur.nu\\\/svensk-folkdrakt\\\/#primaryimage\"},\"thumbnailUrl\":\"https:\\\/\\\/kultur.nu\\\/wp-content\\\/uploads\\\/2026\\\/02\\\/image23.webp\",\"articleSection\":[\"Aktuellt\"],\"inLanguage\":\"en-US\",\"potentialAction\":[{\"@type\":\"CommentAction\",\"name\":\"Comment\",\"target\":[\"https:\\\/\\\/kultur.nu\\\/svensk-folkdrakt\\\/#respond\"]}]},{\"@type\":\"WebPage\",\"@id\":\"https:\\\/\\\/kultur.nu\\\/svensk-folkdrakt\\\/\",\"url\":\"https:\\\/\\\/kultur.nu\\\/svensk-folkdrakt\\\/\",\"name\":\"Svensk folkdr\u00e4kt \u00e4r fortfarande sj\u00e4lvklar vid fest - Kultur i Sverige\",\"isPartOf\":{\"@id\":\"https:\\\/\\\/kultur.nu\\\/#website\"},\"primaryImageOfPage\":{\"@id\":\"https:\\\/\\\/kultur.nu\\\/svensk-folkdrakt\\\/#primaryimage\"},\"image\":{\"@id\":\"https:\\\/\\\/kultur.nu\\\/svensk-folkdrakt\\\/#primaryimage\"},\"thumbnailUrl\":\"https:\\\/\\\/kultur.nu\\\/wp-content\\\/uploads\\\/2026\\\/02\\\/image23.webp\",\"datePublished\":\"2025-11-27T13:06:52+00:00\",\"dateModified\":\"2026-02-27T13:21:35+00:00\",\"breadcrumb\":{\"@id\":\"https:\\\/\\\/kultur.nu\\\/svensk-folkdrakt\\\/#breadcrumb\"},\"inLanguage\":\"en-US\",\"potentialAction\":[{\"@type\":\"ReadAction\",\"target\":[\"https:\\\/\\\/kultur.nu\\\/svensk-folkdrakt\\\/\"]}]},{\"@type\":\"ImageObject\",\"inLanguage\":\"en-US\",\"@id\":\"https:\\\/\\\/kultur.nu\\\/svensk-folkdrakt\\\/#primaryimage\",\"url\":\"https:\\\/\\\/kultur.nu\\\/wp-content\\\/uploads\\\/2026\\\/02\\\/image23.webp\",\"contentUrl\":\"https:\\\/\\\/kultur.nu\\\/wp-content\\\/uploads\\\/2026\\\/02\\\/image23.webp\",\"width\":1000,\"height\":796,\"caption\":\"svensk folkdr\u00e4kt\"},{\"@type\":\"BreadcrumbList\",\"@id\":\"https:\\\/\\\/kultur.nu\\\/svensk-folkdrakt\\\/#breadcrumb\",\"itemListElement\":[{\"@type\":\"ListItem\",\"position\":1,\"name\":\"Hem\",\"item\":\"https:\\\/\\\/kultur.nu\\\/\"},{\"@type\":\"ListItem\",\"position\":2,\"name\":\"Svensk folkdr\u00e4kt \u00e4r fortfarande sj\u00e4lvklar vid fest\"}]},{\"@type\":\"WebSite\",\"@id\":\"https:\\\/\\\/kultur.nu\\\/#website\",\"url\":\"https:\\\/\\\/kultur.nu\\\/\",\"name\":\"Kultur i Sverige\",\"description\":\"\",\"publisher\":{\"@id\":\"https:\\\/\\\/kultur.nu\\\/#organization\"},\"potentialAction\":[{\"@type\":\"SearchAction\",\"target\":{\"@type\":\"EntryPoint\",\"urlTemplate\":\"https:\\\/\\\/kultur.nu\\\/?s={search_term_string}\"},\"query-input\":{\"@type\":\"PropertyValueSpecification\",\"valueRequired\":true,\"valueName\":\"search_term_string\"}}],\"inLanguage\":\"en-US\"},{\"@type\":\"Organization\",\"@id\":\"https:\\\/\\\/kultur.nu\\\/#organization\",\"name\":\"Kultur i Sverige\",\"url\":\"https:\\\/\\\/kultur.nu\\\/\",\"logo\":{\"@type\":\"ImageObject\",\"inLanguage\":\"en-US\",\"@id\":\"https:\\\/\\\/kultur.nu\\\/#\\\/schema\\\/logo\\\/image\\\/\",\"url\":\"https:\\\/\\\/kultur.nu\\\/wp-content\\\/uploads\\\/2025\\\/10\\\/cropped-Kultur.nu-logo.webp\",\"contentUrl\":\"https:\\\/\\\/kultur.nu\\\/wp-content\\\/uploads\\\/2025\\\/10\\\/cropped-Kultur.nu-logo.webp\",\"width\":510,\"height\":95,\"caption\":\"Kultur i Sverige\"},\"image\":{\"@id\":\"https:\\\/\\\/kultur.nu\\\/#\\\/schema\\\/logo\\\/image\\\/\"}},{\"@type\":\"Person\",\"@id\":\"https:\\\/\\\/kultur.nu\\\/#\\\/schema\\\/person\\\/cbafe9491d5ea09a25eace8883923b2c\",\"name\":\"Annica\",\"image\":{\"@type\":\"ImageObject\",\"inLanguage\":\"en-US\",\"@id\":\"https:\\\/\\\/secure.gravatar.com\\\/avatar\\\/d78c2d842df13ded689c841d90a91fd72f6cc9e7250f7066a537c14f82302546?s=96&d=mm&r=g\",\"url\":\"https:\\\/\\\/secure.gravatar.com\\\/avatar\\\/d78c2d842df13ded689c841d90a91fd72f6cc9e7250f7066a537c14f82302546?s=96&d=mm&r=g\",\"contentUrl\":\"https:\\\/\\\/secure.gravatar.com\\\/avatar\\\/d78c2d842df13ded689c841d90a91fd72f6cc9e7250f7066a537c14f82302546?s=96&d=mm&r=g\",\"caption\":\"Annica\"},\"description\":\"Annika Axelsson \u00e4r kulturskribent p\u00e5 Kultur.nu, d\u00e4r hon skriver om litteratur, film, teater, konst och samtida kulturdebatt. Hon har ett s\u00e4rskilt intresse f\u00f6r hur kultur speglar samh\u00e4llsf\u00f6r\u00e4ndringar, identitet och vardagslivet. Annika har studerat litteraturvetenskap och kulturjournalistik vid Stockholms universitet. Hon har \u00e4ven l\u00e4st konstvetenskap och medievetenskap, vilket ger henne en bred grund n\u00e4r hon analyserar b\u00e5de klassiska verk och moderna kulturuttryck. P\u00e5 Kultur.nu skriver Annika fr\u00e4mst recensioner, f\u00f6rdjupande artiklar och personliga kr\u00f6nikor. Hon bevakar nya b\u00f6cker, uppm\u00e4rksammade teaterf\u00f6rest\u00e4llningar, filmfestivaler, utst\u00e4llningar och aktuella kulturh\u00e4ndelser. Hennes texter k\u00e4nnetecknas av ett nyfiket, kunnigt och tillg\u00e4ngligt spr\u00e5k, d\u00e4r hon vill g\u00f6ra kultur l\u00e4ttare att f\u00f6rst\u00e5 utan att f\u00f6renkla den. Hon har tidigare arbetat med redaktionellt inneh\u00e5ll, intervjuer och kulturbevakning f\u00f6r b\u00e5de digitala magasin och lokala publikationer. I sitt skrivande \u00e5terkommer hon ofta till fr\u00e5gor om ber\u00e4ttande, kreativitet, klass, k\u00f6nsroller och kulturens plats i det moderna samh\u00e4llet.\",\"sameAs\":[\"https:\\\/\\\/kultur.nu\"],\"url\":\"https:\\\/\\\/kultur.nu\\\/en\\\/author\\\/annica\\\/\"}]}<\/script>\n<!-- \/ Yoast SEO plugin. -->","yoast_head_json":{"title":"Svensk folkdr\u00e4kt \u00e4r fortfarande sj\u00e4lvklar vid fest - Kultur i Sverige","robots":{"index":"index","follow":"follow","max-snippet":"max-snippet:-1","max-image-preview":"max-image-preview:large","max-video-preview":"max-video-preview:-1"},"canonical":"https:\/\/kultur.nu\/en\/svensk-folkdrakt\/","og_locale":"en_US","og_type":"article","og_title":"Svensk folkdr\u00e4kt \u00e4r fortfarande sj\u00e4lvklar vid fest - Kultur i Sverige","og_description":"Svensk folkdr\u00e4kt \u00e4r inte en utkl\u00e4dnad du tar p\u00e5 dig f\u00f6r att se historisk ut.&hellip;","og_url":"https:\/\/kultur.nu\/en\/svensk-folkdrakt\/","og_site_name":"Kultur i Sverige","article_published_time":"2025-11-27T13:06:52+00:00","article_modified_time":"2026-02-27T13:21:35+00:00","og_image":[{"width":1000,"height":796,"url":"https:\/\/kultur.nu\/wp-content\/uploads\/2026\/02\/image23.webp","type":"image\/webp"}],"author":"Annica","twitter_card":"summary_large_image","twitter_misc":{"Written by":"Annica","Est. reading time":"9 minutes"},"schema":{"@context":"https:\/\/schema.org","@graph":[{"@type":"Article","@id":"https:\/\/kultur.nu\/svensk-folkdrakt\/#article","isPartOf":{"@id":"https:\/\/kultur.nu\/svensk-folkdrakt\/"},"author":{"name":"Annica","@id":"https:\/\/kultur.nu\/#\/schema\/person\/cbafe9491d5ea09a25eace8883923b2c"},"headline":"Svensk folkdr\u00e4kt \u00e4r fortfarande sj\u00e4lvklar vid fest","datePublished":"2025-11-27T13:06:52+00:00","dateModified":"2026-02-27T13:21:35+00:00","mainEntityOfPage":{"@id":"https:\/\/kultur.nu\/svensk-folkdrakt\/"},"wordCount":1797,"commentCount":0,"publisher":{"@id":"https:\/\/kultur.nu\/#organization"},"image":{"@id":"https:\/\/kultur.nu\/svensk-folkdrakt\/#primaryimage"},"thumbnailUrl":"https:\/\/kultur.nu\/wp-content\/uploads\/2026\/02\/image23.webp","articleSection":["Aktuellt"],"inLanguage":"en-US","potentialAction":[{"@type":"CommentAction","name":"Comment","target":["https:\/\/kultur.nu\/svensk-folkdrakt\/#respond"]}]},{"@type":"WebPage","@id":"https:\/\/kultur.nu\/svensk-folkdrakt\/","url":"https:\/\/kultur.nu\/svensk-folkdrakt\/","name":"Svensk folkdr\u00e4kt \u00e4r fortfarande sj\u00e4lvklar vid fest - Kultur i Sverige","isPartOf":{"@id":"https:\/\/kultur.nu\/#website"},"primaryImageOfPage":{"@id":"https:\/\/kultur.nu\/svensk-folkdrakt\/#primaryimage"},"image":{"@id":"https:\/\/kultur.nu\/svensk-folkdrakt\/#primaryimage"},"thumbnailUrl":"https:\/\/kultur.nu\/wp-content\/uploads\/2026\/02\/image23.webp","datePublished":"2025-11-27T13:06:52+00:00","dateModified":"2026-02-27T13:21:35+00:00","breadcrumb":{"@id":"https:\/\/kultur.nu\/svensk-folkdrakt\/#breadcrumb"},"inLanguage":"en-US","potentialAction":[{"@type":"ReadAction","target":["https:\/\/kultur.nu\/svensk-folkdrakt\/"]}]},{"@type":"ImageObject","inLanguage":"en-US","@id":"https:\/\/kultur.nu\/svensk-folkdrakt\/#primaryimage","url":"https:\/\/kultur.nu\/wp-content\/uploads\/2026\/02\/image23.webp","contentUrl":"https:\/\/kultur.nu\/wp-content\/uploads\/2026\/02\/image23.webp","width":1000,"height":796,"caption":"svensk folkdr\u00e4kt"},{"@type":"BreadcrumbList","@id":"https:\/\/kultur.nu\/svensk-folkdrakt\/#breadcrumb","itemListElement":[{"@type":"ListItem","position":1,"name":"Hem","item":"https:\/\/kultur.nu\/"},{"@type":"ListItem","position":2,"name":"Svensk folkdr\u00e4kt \u00e4r fortfarande sj\u00e4lvklar vid fest"}]},{"@type":"WebSite","@id":"https:\/\/kultur.nu\/#website","url":"https:\/\/kultur.nu\/","name":"Kultur i Sverige","description":"","publisher":{"@id":"https:\/\/kultur.nu\/#organization"},"potentialAction":[{"@type":"SearchAction","target":{"@type":"EntryPoint","urlTemplate":"https:\/\/kultur.nu\/?s={search_term_string}"},"query-input":{"@type":"PropertyValueSpecification","valueRequired":true,"valueName":"search_term_string"}}],"inLanguage":"en-US"},{"@type":"Organization","@id":"https:\/\/kultur.nu\/#organization","name":"Kultur i Sverige","url":"https:\/\/kultur.nu\/","logo":{"@type":"ImageObject","inLanguage":"en-US","@id":"https:\/\/kultur.nu\/#\/schema\/logo\/image\/","url":"https:\/\/kultur.nu\/wp-content\/uploads\/2025\/10\/cropped-Kultur.nu-logo.webp","contentUrl":"https:\/\/kultur.nu\/wp-content\/uploads\/2025\/10\/cropped-Kultur.nu-logo.webp","width":510,"height":95,"caption":"Kultur i Sverige"},"image":{"@id":"https:\/\/kultur.nu\/#\/schema\/logo\/image\/"}},{"@type":"Person","@id":"https:\/\/kultur.nu\/#\/schema\/person\/cbafe9491d5ea09a25eace8883923b2c","name":"Annica","image":{"@type":"ImageObject","inLanguage":"en-US","@id":"https:\/\/secure.gravatar.com\/avatar\/d78c2d842df13ded689c841d90a91fd72f6cc9e7250f7066a537c14f82302546?s=96&d=mm&r=g","url":"https:\/\/secure.gravatar.com\/avatar\/d78c2d842df13ded689c841d90a91fd72f6cc9e7250f7066a537c14f82302546?s=96&d=mm&r=g","contentUrl":"https:\/\/secure.gravatar.com\/avatar\/d78c2d842df13ded689c841d90a91fd72f6cc9e7250f7066a537c14f82302546?s=96&d=mm&r=g","caption":"Annica"},"description":"Annika Axelsson \u00e4r kulturskribent p\u00e5 Kultur.nu, d\u00e4r hon skriver om litteratur, film, teater, konst och samtida kulturdebatt. Hon har ett s\u00e4rskilt intresse f\u00f6r hur kultur speglar samh\u00e4llsf\u00f6r\u00e4ndringar, identitet och vardagslivet. Annika har studerat litteraturvetenskap och kulturjournalistik vid Stockholms universitet. Hon har \u00e4ven l\u00e4st konstvetenskap och medievetenskap, vilket ger henne en bred grund n\u00e4r hon analyserar b\u00e5de klassiska verk och moderna kulturuttryck. P\u00e5 Kultur.nu skriver Annika fr\u00e4mst recensioner, f\u00f6rdjupande artiklar och personliga kr\u00f6nikor. Hon bevakar nya b\u00f6cker, uppm\u00e4rksammade teaterf\u00f6rest\u00e4llningar, filmfestivaler, utst\u00e4llningar och aktuella kulturh\u00e4ndelser. Hennes texter k\u00e4nnetecknas av ett nyfiket, kunnigt och tillg\u00e4ngligt spr\u00e5k, d\u00e4r hon vill g\u00f6ra kultur l\u00e4ttare att f\u00f6rst\u00e5 utan att f\u00f6renkla den. Hon har tidigare arbetat med redaktionellt inneh\u00e5ll, intervjuer och kulturbevakning f\u00f6r b\u00e5de digitala magasin och lokala publikationer. I sitt skrivande \u00e5terkommer hon ofta till fr\u00e5gor om ber\u00e4ttande, kreativitet, klass, k\u00f6nsroller och kulturens plats i det moderna samh\u00e4llet.","sameAs":["https:\/\/kultur.nu"],"url":"https:\/\/kultur.nu\/en\/author\/annica\/"}]}},"_links":{"self":[{"href":"https:\/\/kultur.nu\/en\/wp-json\/wp\/v2\/posts\/755","targetHints":{"allow":["GET"]}}],"collection":[{"href":"https:\/\/kultur.nu\/en\/wp-json\/wp\/v2\/posts"}],"about":[{"href":"https:\/\/kultur.nu\/en\/wp-json\/wp\/v2\/types\/post"}],"author":[{"embeddable":true,"href":"https:\/\/kultur.nu\/en\/wp-json\/wp\/v2\/users\/1"}],"replies":[{"embeddable":true,"href":"https:\/\/kultur.nu\/en\/wp-json\/wp\/v2\/comments?post=755"}],"version-history":[{"count":2,"href":"https:\/\/kultur.nu\/en\/wp-json\/wp\/v2\/posts\/755\/revisions"}],"predecessor-version":[{"id":760,"href":"https:\/\/kultur.nu\/en\/wp-json\/wp\/v2\/posts\/755\/revisions\/760"}],"wp:featuredmedia":[{"embeddable":true,"href":"https:\/\/kultur.nu\/en\/wp-json\/wp\/v2\/media\/756"}],"wp:attachment":[{"href":"https:\/\/kultur.nu\/en\/wp-json\/wp\/v2\/media?parent=755"}],"wp:term":[{"taxonomy":"category","embeddable":true,"href":"https:\/\/kultur.nu\/en\/wp-json\/wp\/v2\/categories?post=755"},{"taxonomy":"post_tag","embeddable":true,"href":"https:\/\/kultur.nu\/en\/wp-json\/wp\/v2\/tags?post=755"}],"curies":[{"name":"wp","href":"https:\/\/api.w.org\/{rel}","templated":true}]}}