{"id":761,"date":"2025-12-27T14:32:52","date_gmt":"2025-12-27T13:32:52","guid":{"rendered":"https:\/\/kultur.nu\/?p=761"},"modified":"2026-02-27T14:39:08","modified_gmt":"2026-02-27T13:39:08","slug":"varfor-firar-vi-nationaldagen","status":"publish","type":"post","link":"https:\/\/kultur.nu\/en\/varfor-firar-vi-nationaldagen\/","title":{"rendered":"Varf\u00f6r firar vi nationaldagen?"},"content":{"rendered":"<p>Varf\u00f6r firar vi nationaldagen? Det enkla svaret \u00e4r att dagen markerar tv\u00e5 viktiga historiska h\u00e4ndelser i Sverige: valet av Gustav Vasa till kung \u00e5r 1523 och antagandet av 1809 \u00e5rs regeringsform. Tillsammans symboliserar dessa h\u00e4ndelser b\u00e5de nationens sj\u00e4lvst\u00e4ndighet och utvecklingen av en modern stat. Nationaldagen den 6 juni handlar d\u00e4rf\u00f6r inte bara om flaggor och firande, utan om att uppm\u00e4rksamma Sveriges historia, identitet och demokratiska grund.<\/p>\n<h2>Historien bakom varf\u00f6r firar vi nationaldagen<\/h2>\n<p>Bakgrunden till den svenska nationaldagen \u00e4r n\u00e4ra kopplad till landets v\u00e4g mot sj\u00e4lvst\u00e4ndighet. N\u00e4r Gustav Vasa valdes till kung den 6 juni 1523 br\u00f6ts Kalmarunionen och Sverige blev ett sj\u00e4lvst\u00e4ndigt rike. Den h\u00e4r h\u00e4ndelsen ses som en symbolisk startpunkt f\u00f6r den moderna svenska staten, \u00e4ven om landet naturligtvis hade en l\u00e4ngre historia f\u00f6re detta.<\/p>\n<p>Den andra viktiga h\u00e4ndelsen intr\u00e4ffade 1809 n\u00e4r en ny regeringsform antogs. Den begr\u00e4nsade kungamakten och lade grunden f\u00f6r det politiska system som senare utvecklades till dagens demokrati. Genom att knyta nationaldagen till b\u00e5de 1523 och 1809 lyfter man fram tv\u00e5 centrala teman: frihet och styrelseskick.<\/p>\n<p>Under slutet av 1800 talet v\u00e4xte en \u00f6nskan fram om en gemensam nationell dag. Inspiration kom fr\u00e5n grannl\u00e4nder som Norge och Danmark, som redan hade tydliga nationaldagar. Sverige b\u00f6rjade d\u00e4rf\u00f6r diskutera vilken dag som b\u00e4st kunde representera landets historia och identitet, och valet f\u00f6ll till slut p\u00e5 den 6 juni.<\/p>\n<h2>Fr\u00e5n flaggdag till officiell nationaldag<\/h2>\n<p>Till en b\u00f6rjan var den 6 juni inte en nationaldag i modern mening, utan kallades i st\u00e4llet Svenska flaggans dag. Firandet b\u00f6rjade i slutet av 1800 talet och fick gradvis st\u00f6rre betydelse. Genom ceremonier, flagghissningar och <a href=\"https:\/\/kultur.nu\/en\/\">kulturella<\/a> evenemang v\u00e4xte traditionen fram steg f\u00f6r steg.<\/p>\n<p>Det var f\u00f6rst 1983 som dagen officiellt blev Sveriges nationaldag. Det innebar att den fick en tydligare symbolisk status som hela nationens dag, inte bara en flaggdag. \u00c4nd\u00e5 dr\u00f6jde det ytterligare innan den blev en helgdag. F\u00f6rst \u00e5r 2005 blev nationaldagen en r\u00f6d dag i kalendern, vilket gjorde att fler kunde delta i firandet och ta del av aktiviteter runt om i landet.<\/p>\n<p>Utvecklingen visar hur en tradition kan v\u00e4xa fram \u00f6ver tid. Fr\u00e5n en id\u00e9 inspirerad av andra l\u00e4nder blev den 6 juni successivt en sj\u00e4lvklar del av den svenska h\u00f6gtidskalendern.<\/p>\n<p><img loading=\"lazy\" decoding=\"async\" class=\"alignnone size-full wp-image-763\" src=\"https:\/\/kultur.nu\/wp-content\/uploads\/2026\/02\/image28.webp\" alt=\"Fr\u00e5n flaggdag till officiell nationaldag\" width=\"1200\" height=\"884\" srcset=\"https:\/\/kultur.nu\/wp-content\/uploads\/2026\/02\/image28.webp 1200w, https:\/\/kultur.nu\/wp-content\/uploads\/2026\/02\/image28-300x221.webp 300w, https:\/\/kultur.nu\/wp-content\/uploads\/2026\/02\/image28-1024x754.webp 1024w, https:\/\/kultur.nu\/wp-content\/uploads\/2026\/02\/image28-768x566.webp 768w\" sizes=\"auto, (max-width: 1200px) 100vw, 1200px\" \/><\/p>\n<h2>Vad nationaldagen symboliserar i dag<\/h2>\n<p>I dag handlar nationaldagen mindre om specifika historiska h\u00e4ndelser och mer om vad Sverige st\u00e5r f\u00f6r som nation. Frihet, demokrati och gemenskap \u00e4r centrala teman. Firandet kan d\u00e4rf\u00f6r se v\u00e4ldigt olika ut beroende p\u00e5 var du befinner dig. I vissa st\u00e4der h\u00e5lls stora ceremonier med tal och <a href=\"https:\/\/kultur.nu\/en\/musik\/\">musik<\/a>, medan mindre orter ofta firar mer lokalt med flaggor, s\u00e5ng och familjeaktiviteter.<\/p>\n<p>Nationaldagen \u00e4r ocks\u00e5 ett tillf\u00e4lle att uppm\u00e4rksamma m\u00e4nniskor som blivit svenska medborgare. P\u00e5 m\u00e5nga platser h\u00e5lls medborgarskapsceremonier d\u00e4r nya medborgare v\u00e4lkomnas. Det ger dagen en tydlig koppling till nutiden och visar att nationaldagen inte bara handlar om historia utan ocks\u00e5 om framtiden.<\/p>\n<p>Samtidigt \u00e4r firandet ofta ganska stillsamt j\u00e4mf\u00f6rt med andra l\u00e4nders nationaldagar. Det svenska firandet pr\u00e4glas mer av tradition och eftertanke \u00e4n av stora milit\u00e4rparader eller massiva folkfester. Det g\u00f6r dagen unik och speglar en mer l\u00e5gm\u00e4ld nationell identitet.<\/p>\n<h2>Varf\u00f6r firar vi nationaldagen den 6 juni?<\/h2>\n<p>Valet av just den 6 juni \u00e4r ingen slump. Datumet knyter ihop Sveriges v\u00e4g mot sj\u00e4lvst\u00e4ndighet och utvecklingen av en modern stat. Det \u00e4r allts\u00e5 inte en enskild h\u00e4ndelse som firas, utan en kombination av symboliska milstolpar.<\/p>\n<p>F\u00f6r m\u00e5nga blir det tydligare om du ser dagen som en p\u00e5minnelse om tv\u00e5 saker:<\/p>\n<ul>\n<li>Sveriges sj\u00e4lvst\u00e4ndighet fr\u00e5n Kalmarunionen \u00e5r 1523<\/li>\n<li>En ny grundlag 1809 som begr\u00e4nsade kungamakten och st\u00e4rkte folkstyret<\/li>\n<\/ul>\n<p>Genom att lyfta b\u00e5da dessa h\u00e4ndelser visar nationaldagen b\u00e5de landets historiska r\u00f6tter och dess demokratiska utveckling. Det \u00e4r en balans mellan tradition och samh\u00e4llsf\u00f6r\u00e4ndring som g\u00f6r att dagen fortfarande k\u00e4nns relevant.<\/p>\n<div style=\"border-left: 6px solid #005293; background-color: #e6f0fa; padding: 18px; margin: 24px 0; color: #000;\">\n<h3>Visste du detta om den 6 juni?<\/h3>\n<p>Den 6 juni blev inte en <strong>r\u00f6d dag<\/strong> f\u00f6rr\u00e4n 2005, vilket g\u00f6r den till en av de yngsta helgdagarna i Sverige. Trots att firandet har r\u00f6tter i 1800 talet fick dagen allts\u00e5 sin fulla status som nationell helg l\u00e5ngt senare \u00e4n m\u00e5nga tror.<\/p>\n<\/div>\n<h2>Hur firandet har f\u00f6r\u00e4ndrats \u00f6ver tid<\/h2>\n<p>N\u00e4r traditionen b\u00f6rjade p\u00e5 1890 talet var den ganska formell och fr\u00e4mst kopplad till organisationer och ceremonier. Under 1900 talet v\u00e4xte firandet sakta men s\u00e4kert, men det var f\u00f6rst under senare delen av seklet som dagen b\u00f6rjade k\u00e4nnas mer folklig.<\/p>\n<p>I dag kan firandet inneh\u00e5lla allt fr\u00e5n picknick i parker till musikupptr\u00e4danden och h\u00f6gtidliga ceremonier vid kungliga slott eller stadshus. Det finns allts\u00e5 inget enda s\u00e4tt att fira p\u00e5, vilket g\u00f6r att dagen kan anpassas efter olika generationer och sammanhang.<\/p>\n<p>Den h\u00e4r utvecklingen visar hur en nationaldag inte \u00e4r statisk. Den f\u00f6r\u00e4ndras i takt med samh\u00e4llet och f\u00e5r nya betydelser beroende p\u00e5 hur m\u00e4nniskor v\u00e4ljer att fira den. P\u00e5 s\u00e5 s\u00e4tt blir nationaldagen en spegel av hur Sverige ser p\u00e5 sig sj\u00e4lvt vid olika tidpunkter i historien.<\/p>\n<h2>D\u00e4rf\u00f6r k\u00e4nns nationaldagen ibland mindre \u00e4n andra h\u00f6gtider<\/h2>\n<p>M\u00e5nga upplever att nationaldagen inte firas lika stort som <a href=\"https:\/\/kultur.nu\/en\/varfor-firar-man-midsommar\/\">midsommar<\/a> eller jul. En f\u00f6rklaring \u00e4r att den saknar gamla folkliga <a href=\"https:\/\/kultur.nu\/en\/traditioner-i-sverige\/\">traditioner<\/a> som <a href=\"https:\/\/kultur.nu\/en\/dans\/\">dans<\/a>, s\u00e4rskild mat eller ritualer som levt kvar i generationer. Nationaldagen v\u00e4xte fram mer som en symbolisk h\u00f6gtid \u00e4n som en folklig fest.<\/p>\n<p>En annan orsak \u00e4r att den blev helgdag relativt sent. Eftersom den inte alltid varit en ledig dag har den inte hunnit rota sig lika djupt i m\u00e4nniskors vardagstraditioner. Det tar tid att skapa nya vanor, och m\u00e5nga h\u00e5ller fortfarande fast vid \u00e4ldre h\u00f6gtider som k\u00e4nns mer personliga och familj\u00e4ra.<\/p>\n<p>Samtidigt har intresset \u00f6kat de senaste \u00e5ren, s\u00e4rskilt genom st\u00f6rre offentliga firanden och medborgarskapsceremonier. Dagen f\u00e5r d\u00e4rmed en allt tydligare roll som en gemensam nationell symbol.<\/p>\n<p><img loading=\"lazy\" decoding=\"async\" class=\"alignnone size-full wp-image-764\" src=\"https:\/\/kultur.nu\/wp-content\/uploads\/2026\/02\/image26.webp\" alt=\"D\u00e4rf\u00f6r k\u00e4nns nationaldagen ibland mindre \u00e4n andra h\u00f6gtider\" width=\"1200\" height=\"625\" srcset=\"https:\/\/kultur.nu\/wp-content\/uploads\/2026\/02\/image26.webp 1200w, https:\/\/kultur.nu\/wp-content\/uploads\/2026\/02\/image26-300x156.webp 300w, https:\/\/kultur.nu\/wp-content\/uploads\/2026\/02\/image26-1024x533.webp 1024w, https:\/\/kultur.nu\/wp-content\/uploads\/2026\/02\/image26-768x400.webp 768w\" sizes=\"auto, (max-width: 1200px) 100vw, 1200px\" \/><\/p>\n<h2>Vad du egentligen firar n\u00e4r du firar nationaldagen<\/h2>\n<p>N\u00e4r du hissar flaggan den 6 juni firar du egentligen flera saker samtidigt. Det handlar om landets historia, dess demokratiska utveckling och k\u00e4nslan av samh\u00f6righet. Nationaldagen fungerar d\u00e4rf\u00f6r som en p\u00e5minnelse om b\u00e5de det f\u00f6rflutna och det samh\u00e4lle som finns i dag.<\/p>\n<p>Du firar ocks\u00e5 id\u00e9n om Sverige som nation, inte bara som geografiskt omr\u00e5de utan som ett samh\u00e4lle med gemensamma v\u00e4rderingar och traditioner. Det kan vara allt fr\u00e5n spr\u00e5ket och kulturen till de lagar och institutioner som formar vardagen.<\/p>\n<h3>Ett firande som forts\u00e4tter att utvecklas<\/h3>\n<p>Nationaldagen \u00e4r fortfarande en relativt ung tradition i j\u00e4mf\u00f6relse med m\u00e5nga andra h\u00f6gtider. Det inneb\u00e4r att s\u00e4ttet att fira den forts\u00e4tter att f\u00f6r\u00e4ndras. Nya generationer tolkar dagen p\u00e5 sitt eget s\u00e4tt, och olika regioner kan skapa egna lokala traditioner kring firandet.<\/p>\n<p>Det g\u00f6r ocks\u00e5 att nationaldagen kan k\u00e4nnas b\u00e5de historisk och modern p\u00e5 samma g\u00e5ng. Den b\u00e4r med sig minnet av viktiga h\u00e4ndelser men formas st\u00e4ndigt av hur m\u00e4nniskor v\u00e4ljer att uppm\u00e4rksamma den i nutid. P\u00e5 s\u00e5 s\u00e4tt blir dagen levande och relevant, oavsett om firandet sker i stor skala eller i liten krets, och det \u00e4r d\u00e4rf\u00f6r fr\u00e5gan forts\u00e4tter att v\u00e4cka nyfikenhet kring varf\u00f6r firar vi nationaldagen.<\/p>","protected":false},"excerpt":{"rendered":"<p>Varf\u00f6r firar vi nationaldagen? Det enkla svaret \u00e4r att dagen markerar tv\u00e5 viktiga historiska h\u00e4ndelser&hellip;<\/p>","protected":false},"author":1,"featured_media":762,"comment_status":"open","ping_status":"open","sticky":false,"template":"","format":"standard","meta":{"_yoast_wpseo_focuskw":"","_yoast_wpseo_title":"","_yoast_wpseo_metadesc":"","_yoast_wpseo_meta-robots-noindex":"","_yoast_wpseo_meta-robots-nofollow":"","_yoast_wpseo_canonical":"","_yoast_wpseo_opengraph-title":"","_yoast_wpseo_opengraph-description":"","_yoast_wpseo_twitter-title":"","_yoast_wpseo_twitter-description":"","footnotes":"","rank_math_description":"","rank_math_focus_keyword":"","rank_math_title":"","rank_math_canonical_url":"","rank_math_robots":"","rank_math_facebook_title":"","rank_math_facebook_description":"","rank_math_twitter_title":"","rank_math_twitter_description":""},"categories":[2],"tags":[],"class_list":["post-761","post","type-post","status-publish","format-standard","has-post-thumbnail","hentry","category-aktuellt"],"yoast_head":"<!-- This site is optimized with the Yoast SEO plugin v27.5 - https:\/\/yoast.com\/product\/yoast-seo-wordpress\/ -->\n<title>Varf\u00f6r firar vi nationaldagen? - Kultur i Sverige<\/title>\n<meta name=\"robots\" content=\"index, follow, max-snippet:-1, max-image-preview:large, max-video-preview:-1\" \/>\n<link rel=\"canonical\" href=\"https:\/\/kultur.nu\/en\/varfor-firar-vi-nationaldagen\/\" \/>\n<meta property=\"og:locale\" content=\"en_US\" \/>\n<meta property=\"og:type\" content=\"article\" \/>\n<meta property=\"og:title\" content=\"Varf\u00f6r firar vi nationaldagen? - Kultur i Sverige\" \/>\n<meta property=\"og:description\" content=\"Varf\u00f6r firar vi nationaldagen? Det enkla svaret \u00e4r att dagen markerar tv\u00e5 viktiga historiska h\u00e4ndelser&hellip;\" \/>\n<meta property=\"og:url\" content=\"https:\/\/kultur.nu\/en\/varfor-firar-vi-nationaldagen\/\" \/>\n<meta property=\"og:site_name\" content=\"Kultur i Sverige\" \/>\n<meta property=\"article:published_time\" content=\"2025-12-27T13:32:52+00:00\" \/>\n<meta property=\"article:modified_time\" content=\"2026-02-27T13:39:08+00:00\" \/>\n<meta property=\"og:image\" content=\"https:\/\/kultur.nu\/wp-content\/uploads\/2026\/02\/image25.webp\" \/>\n\t<meta property=\"og:image:width\" content=\"1200\" \/>\n\t<meta property=\"og:image:height\" content=\"800\" \/>\n\t<meta property=\"og:image:type\" content=\"image\/webp\" \/>\n<meta name=\"author\" content=\"Annica\" \/>\n<meta name=\"twitter:card\" content=\"summary_large_image\" \/>\n<meta name=\"twitter:label1\" content=\"Written by\" \/>\n\t<meta name=\"twitter:data1\" content=\"Annica\" \/>\n\t<meta name=\"twitter:label2\" content=\"Est. reading time\" \/>\n\t<meta name=\"twitter:data2\" content=\"6 minutes\" \/>\n<script type=\"application\/ld+json\" class=\"yoast-schema-graph\">{\"@context\":\"https:\\\/\\\/schema.org\",\"@graph\":[{\"@type\":\"Article\",\"@id\":\"https:\\\/\\\/kultur.nu\\\/varfor-firar-vi-nationaldagen\\\/#article\",\"isPartOf\":{\"@id\":\"https:\\\/\\\/kultur.nu\\\/varfor-firar-vi-nationaldagen\\\/\"},\"author\":{\"name\":\"Annica\",\"@id\":\"https:\\\/\\\/kultur.nu\\\/#\\\/schema\\\/person\\\/cbafe9491d5ea09a25eace8883923b2c\"},\"headline\":\"Varf\u00f6r firar vi nationaldagen?\",\"datePublished\":\"2025-12-27T13:32:52+00:00\",\"dateModified\":\"2026-02-27T13:39:08+00:00\",\"mainEntityOfPage\":{\"@id\":\"https:\\\/\\\/kultur.nu\\\/varfor-firar-vi-nationaldagen\\\/\"},\"wordCount\":1300,\"commentCount\":0,\"publisher\":{\"@id\":\"https:\\\/\\\/kultur.nu\\\/#organization\"},\"image\":{\"@id\":\"https:\\\/\\\/kultur.nu\\\/varfor-firar-vi-nationaldagen\\\/#primaryimage\"},\"thumbnailUrl\":\"https:\\\/\\\/kultur.nu\\\/wp-content\\\/uploads\\\/2026\\\/02\\\/image25.webp\",\"articleSection\":[\"Aktuellt\"],\"inLanguage\":\"en-US\",\"potentialAction\":[{\"@type\":\"CommentAction\",\"name\":\"Comment\",\"target\":[\"https:\\\/\\\/kultur.nu\\\/varfor-firar-vi-nationaldagen\\\/#respond\"]}]},{\"@type\":\"WebPage\",\"@id\":\"https:\\\/\\\/kultur.nu\\\/varfor-firar-vi-nationaldagen\\\/\",\"url\":\"https:\\\/\\\/kultur.nu\\\/varfor-firar-vi-nationaldagen\\\/\",\"name\":\"Varf\u00f6r firar vi nationaldagen? - Kultur i Sverige\",\"isPartOf\":{\"@id\":\"https:\\\/\\\/kultur.nu\\\/#website\"},\"primaryImageOfPage\":{\"@id\":\"https:\\\/\\\/kultur.nu\\\/varfor-firar-vi-nationaldagen\\\/#primaryimage\"},\"image\":{\"@id\":\"https:\\\/\\\/kultur.nu\\\/varfor-firar-vi-nationaldagen\\\/#primaryimage\"},\"thumbnailUrl\":\"https:\\\/\\\/kultur.nu\\\/wp-content\\\/uploads\\\/2026\\\/02\\\/image25.webp\",\"datePublished\":\"2025-12-27T13:32:52+00:00\",\"dateModified\":\"2026-02-27T13:39:08+00:00\",\"breadcrumb\":{\"@id\":\"https:\\\/\\\/kultur.nu\\\/varfor-firar-vi-nationaldagen\\\/#breadcrumb\"},\"inLanguage\":\"en-US\",\"potentialAction\":[{\"@type\":\"ReadAction\",\"target\":[\"https:\\\/\\\/kultur.nu\\\/varfor-firar-vi-nationaldagen\\\/\"]}]},{\"@type\":\"ImageObject\",\"inLanguage\":\"en-US\",\"@id\":\"https:\\\/\\\/kultur.nu\\\/varfor-firar-vi-nationaldagen\\\/#primaryimage\",\"url\":\"https:\\\/\\\/kultur.nu\\\/wp-content\\\/uploads\\\/2026\\\/02\\\/image25.webp\",\"contentUrl\":\"https:\\\/\\\/kultur.nu\\\/wp-content\\\/uploads\\\/2026\\\/02\\\/image25.webp\",\"width\":1200,\"height\":800,\"caption\":\"Varf\u00f6r firar vi nationaldagen?\"},{\"@type\":\"BreadcrumbList\",\"@id\":\"https:\\\/\\\/kultur.nu\\\/varfor-firar-vi-nationaldagen\\\/#breadcrumb\",\"itemListElement\":[{\"@type\":\"ListItem\",\"position\":1,\"name\":\"Hem\",\"item\":\"https:\\\/\\\/kultur.nu\\\/\"},{\"@type\":\"ListItem\",\"position\":2,\"name\":\"Varf\u00f6r firar vi nationaldagen?\"}]},{\"@type\":\"WebSite\",\"@id\":\"https:\\\/\\\/kultur.nu\\\/#website\",\"url\":\"https:\\\/\\\/kultur.nu\\\/\",\"name\":\"Kultur i Sverige\",\"description\":\"\",\"publisher\":{\"@id\":\"https:\\\/\\\/kultur.nu\\\/#organization\"},\"potentialAction\":[{\"@type\":\"SearchAction\",\"target\":{\"@type\":\"EntryPoint\",\"urlTemplate\":\"https:\\\/\\\/kultur.nu\\\/?s={search_term_string}\"},\"query-input\":{\"@type\":\"PropertyValueSpecification\",\"valueRequired\":true,\"valueName\":\"search_term_string\"}}],\"inLanguage\":\"en-US\"},{\"@type\":\"Organization\",\"@id\":\"https:\\\/\\\/kultur.nu\\\/#organization\",\"name\":\"Kultur i Sverige\",\"url\":\"https:\\\/\\\/kultur.nu\\\/\",\"logo\":{\"@type\":\"ImageObject\",\"inLanguage\":\"en-US\",\"@id\":\"https:\\\/\\\/kultur.nu\\\/#\\\/schema\\\/logo\\\/image\\\/\",\"url\":\"https:\\\/\\\/kultur.nu\\\/wp-content\\\/uploads\\\/2025\\\/10\\\/cropped-Kultur.nu-logo.webp\",\"contentUrl\":\"https:\\\/\\\/kultur.nu\\\/wp-content\\\/uploads\\\/2025\\\/10\\\/cropped-Kultur.nu-logo.webp\",\"width\":510,\"height\":95,\"caption\":\"Kultur i Sverige\"},\"image\":{\"@id\":\"https:\\\/\\\/kultur.nu\\\/#\\\/schema\\\/logo\\\/image\\\/\"}},{\"@type\":\"Person\",\"@id\":\"https:\\\/\\\/kultur.nu\\\/#\\\/schema\\\/person\\\/cbafe9491d5ea09a25eace8883923b2c\",\"name\":\"Annica\",\"image\":{\"@type\":\"ImageObject\",\"inLanguage\":\"en-US\",\"@id\":\"https:\\\/\\\/secure.gravatar.com\\\/avatar\\\/d78c2d842df13ded689c841d90a91fd72f6cc9e7250f7066a537c14f82302546?s=96&d=mm&r=g\",\"url\":\"https:\\\/\\\/secure.gravatar.com\\\/avatar\\\/d78c2d842df13ded689c841d90a91fd72f6cc9e7250f7066a537c14f82302546?s=96&d=mm&r=g\",\"contentUrl\":\"https:\\\/\\\/secure.gravatar.com\\\/avatar\\\/d78c2d842df13ded689c841d90a91fd72f6cc9e7250f7066a537c14f82302546?s=96&d=mm&r=g\",\"caption\":\"Annica\"},\"description\":\"Annika Axelsson \u00e4r kulturskribent p\u00e5 Kultur.nu, d\u00e4r hon skriver om litteratur, film, teater, konst och samtida kulturdebatt. Hon har ett s\u00e4rskilt intresse f\u00f6r hur kultur speglar samh\u00e4llsf\u00f6r\u00e4ndringar, identitet och vardagslivet. Annika har studerat litteraturvetenskap och kulturjournalistik vid Stockholms universitet. Hon har \u00e4ven l\u00e4st konstvetenskap och medievetenskap, vilket ger henne en bred grund n\u00e4r hon analyserar b\u00e5de klassiska verk och moderna kulturuttryck. P\u00e5 Kultur.nu skriver Annika fr\u00e4mst recensioner, f\u00f6rdjupande artiklar och personliga kr\u00f6nikor. Hon bevakar nya b\u00f6cker, uppm\u00e4rksammade teaterf\u00f6rest\u00e4llningar, filmfestivaler, utst\u00e4llningar och aktuella kulturh\u00e4ndelser. Hennes texter k\u00e4nnetecknas av ett nyfiket, kunnigt och tillg\u00e4ngligt spr\u00e5k, d\u00e4r hon vill g\u00f6ra kultur l\u00e4ttare att f\u00f6rst\u00e5 utan att f\u00f6renkla den. Hon har tidigare arbetat med redaktionellt inneh\u00e5ll, intervjuer och kulturbevakning f\u00f6r b\u00e5de digitala magasin och lokala publikationer. I sitt skrivande \u00e5terkommer hon ofta till fr\u00e5gor om ber\u00e4ttande, kreativitet, klass, k\u00f6nsroller och kulturens plats i det moderna samh\u00e4llet.\",\"sameAs\":[\"https:\\\/\\\/kultur.nu\"],\"url\":\"https:\\\/\\\/kultur.nu\\\/en\\\/author\\\/annica\\\/\"}]}<\/script>\n<!-- \/ Yoast SEO plugin. -->","yoast_head_json":{"title":"Varf\u00f6r firar vi nationaldagen? - Kultur i Sverige","robots":{"index":"index","follow":"follow","max-snippet":"max-snippet:-1","max-image-preview":"max-image-preview:large","max-video-preview":"max-video-preview:-1"},"canonical":"https:\/\/kultur.nu\/en\/varfor-firar-vi-nationaldagen\/","og_locale":"en_US","og_type":"article","og_title":"Varf\u00f6r firar vi nationaldagen? - Kultur i Sverige","og_description":"Varf\u00f6r firar vi nationaldagen? Det enkla svaret \u00e4r att dagen markerar tv\u00e5 viktiga historiska h\u00e4ndelser&hellip;","og_url":"https:\/\/kultur.nu\/en\/varfor-firar-vi-nationaldagen\/","og_site_name":"Kultur i Sverige","article_published_time":"2025-12-27T13:32:52+00:00","article_modified_time":"2026-02-27T13:39:08+00:00","og_image":[{"width":1200,"height":800,"url":"https:\/\/kultur.nu\/wp-content\/uploads\/2026\/02\/image25.webp","type":"image\/webp"}],"author":"Annica","twitter_card":"summary_large_image","twitter_misc":{"Written by":"Annica","Est. reading time":"6 minutes"},"schema":{"@context":"https:\/\/schema.org","@graph":[{"@type":"Article","@id":"https:\/\/kultur.nu\/varfor-firar-vi-nationaldagen\/#article","isPartOf":{"@id":"https:\/\/kultur.nu\/varfor-firar-vi-nationaldagen\/"},"author":{"name":"Annica","@id":"https:\/\/kultur.nu\/#\/schema\/person\/cbafe9491d5ea09a25eace8883923b2c"},"headline":"Varf\u00f6r firar vi nationaldagen?","datePublished":"2025-12-27T13:32:52+00:00","dateModified":"2026-02-27T13:39:08+00:00","mainEntityOfPage":{"@id":"https:\/\/kultur.nu\/varfor-firar-vi-nationaldagen\/"},"wordCount":1300,"commentCount":0,"publisher":{"@id":"https:\/\/kultur.nu\/#organization"},"image":{"@id":"https:\/\/kultur.nu\/varfor-firar-vi-nationaldagen\/#primaryimage"},"thumbnailUrl":"https:\/\/kultur.nu\/wp-content\/uploads\/2026\/02\/image25.webp","articleSection":["Aktuellt"],"inLanguage":"en-US","potentialAction":[{"@type":"CommentAction","name":"Comment","target":["https:\/\/kultur.nu\/varfor-firar-vi-nationaldagen\/#respond"]}]},{"@type":"WebPage","@id":"https:\/\/kultur.nu\/varfor-firar-vi-nationaldagen\/","url":"https:\/\/kultur.nu\/varfor-firar-vi-nationaldagen\/","name":"Varf\u00f6r firar vi nationaldagen? - Kultur i Sverige","isPartOf":{"@id":"https:\/\/kultur.nu\/#website"},"primaryImageOfPage":{"@id":"https:\/\/kultur.nu\/varfor-firar-vi-nationaldagen\/#primaryimage"},"image":{"@id":"https:\/\/kultur.nu\/varfor-firar-vi-nationaldagen\/#primaryimage"},"thumbnailUrl":"https:\/\/kultur.nu\/wp-content\/uploads\/2026\/02\/image25.webp","datePublished":"2025-12-27T13:32:52+00:00","dateModified":"2026-02-27T13:39:08+00:00","breadcrumb":{"@id":"https:\/\/kultur.nu\/varfor-firar-vi-nationaldagen\/#breadcrumb"},"inLanguage":"en-US","potentialAction":[{"@type":"ReadAction","target":["https:\/\/kultur.nu\/varfor-firar-vi-nationaldagen\/"]}]},{"@type":"ImageObject","inLanguage":"en-US","@id":"https:\/\/kultur.nu\/varfor-firar-vi-nationaldagen\/#primaryimage","url":"https:\/\/kultur.nu\/wp-content\/uploads\/2026\/02\/image25.webp","contentUrl":"https:\/\/kultur.nu\/wp-content\/uploads\/2026\/02\/image25.webp","width":1200,"height":800,"caption":"Varf\u00f6r firar vi nationaldagen?"},{"@type":"BreadcrumbList","@id":"https:\/\/kultur.nu\/varfor-firar-vi-nationaldagen\/#breadcrumb","itemListElement":[{"@type":"ListItem","position":1,"name":"Hem","item":"https:\/\/kultur.nu\/"},{"@type":"ListItem","position":2,"name":"Varf\u00f6r firar vi nationaldagen?"}]},{"@type":"WebSite","@id":"https:\/\/kultur.nu\/#website","url":"https:\/\/kultur.nu\/","name":"Kultur i Sverige","description":"","publisher":{"@id":"https:\/\/kultur.nu\/#organization"},"potentialAction":[{"@type":"SearchAction","target":{"@type":"EntryPoint","urlTemplate":"https:\/\/kultur.nu\/?s={search_term_string}"},"query-input":{"@type":"PropertyValueSpecification","valueRequired":true,"valueName":"search_term_string"}}],"inLanguage":"en-US"},{"@type":"Organization","@id":"https:\/\/kultur.nu\/#organization","name":"Kultur i Sverige","url":"https:\/\/kultur.nu\/","logo":{"@type":"ImageObject","inLanguage":"en-US","@id":"https:\/\/kultur.nu\/#\/schema\/logo\/image\/","url":"https:\/\/kultur.nu\/wp-content\/uploads\/2025\/10\/cropped-Kultur.nu-logo.webp","contentUrl":"https:\/\/kultur.nu\/wp-content\/uploads\/2025\/10\/cropped-Kultur.nu-logo.webp","width":510,"height":95,"caption":"Kultur i Sverige"},"image":{"@id":"https:\/\/kultur.nu\/#\/schema\/logo\/image\/"}},{"@type":"Person","@id":"https:\/\/kultur.nu\/#\/schema\/person\/cbafe9491d5ea09a25eace8883923b2c","name":"Annica","image":{"@type":"ImageObject","inLanguage":"en-US","@id":"https:\/\/secure.gravatar.com\/avatar\/d78c2d842df13ded689c841d90a91fd72f6cc9e7250f7066a537c14f82302546?s=96&d=mm&r=g","url":"https:\/\/secure.gravatar.com\/avatar\/d78c2d842df13ded689c841d90a91fd72f6cc9e7250f7066a537c14f82302546?s=96&d=mm&r=g","contentUrl":"https:\/\/secure.gravatar.com\/avatar\/d78c2d842df13ded689c841d90a91fd72f6cc9e7250f7066a537c14f82302546?s=96&d=mm&r=g","caption":"Annica"},"description":"Annika Axelsson \u00e4r kulturskribent p\u00e5 Kultur.nu, d\u00e4r hon skriver om litteratur, film, teater, konst och samtida kulturdebatt. Hon har ett s\u00e4rskilt intresse f\u00f6r hur kultur speglar samh\u00e4llsf\u00f6r\u00e4ndringar, identitet och vardagslivet. Annika har studerat litteraturvetenskap och kulturjournalistik vid Stockholms universitet. Hon har \u00e4ven l\u00e4st konstvetenskap och medievetenskap, vilket ger henne en bred grund n\u00e4r hon analyserar b\u00e5de klassiska verk och moderna kulturuttryck. P\u00e5 Kultur.nu skriver Annika fr\u00e4mst recensioner, f\u00f6rdjupande artiklar och personliga kr\u00f6nikor. Hon bevakar nya b\u00f6cker, uppm\u00e4rksammade teaterf\u00f6rest\u00e4llningar, filmfestivaler, utst\u00e4llningar och aktuella kulturh\u00e4ndelser. Hennes texter k\u00e4nnetecknas av ett nyfiket, kunnigt och tillg\u00e4ngligt spr\u00e5k, d\u00e4r hon vill g\u00f6ra kultur l\u00e4ttare att f\u00f6rst\u00e5 utan att f\u00f6renkla den. Hon har tidigare arbetat med redaktionellt inneh\u00e5ll, intervjuer och kulturbevakning f\u00f6r b\u00e5de digitala magasin och lokala publikationer. I sitt skrivande \u00e5terkommer hon ofta till fr\u00e5gor om ber\u00e4ttande, kreativitet, klass, k\u00f6nsroller och kulturens plats i det moderna samh\u00e4llet.","sameAs":["https:\/\/kultur.nu"],"url":"https:\/\/kultur.nu\/en\/author\/annica\/"}]}},"_links":{"self":[{"href":"https:\/\/kultur.nu\/en\/wp-json\/wp\/v2\/posts\/761","targetHints":{"allow":["GET"]}}],"collection":[{"href":"https:\/\/kultur.nu\/en\/wp-json\/wp\/v2\/posts"}],"about":[{"href":"https:\/\/kultur.nu\/en\/wp-json\/wp\/v2\/types\/post"}],"author":[{"embeddable":true,"href":"https:\/\/kultur.nu\/en\/wp-json\/wp\/v2\/users\/1"}],"replies":[{"embeddable":true,"href":"https:\/\/kultur.nu\/en\/wp-json\/wp\/v2\/comments?post=761"}],"version-history":[{"count":2,"href":"https:\/\/kultur.nu\/en\/wp-json\/wp\/v2\/posts\/761\/revisions"}],"predecessor-version":[{"id":766,"href":"https:\/\/kultur.nu\/en\/wp-json\/wp\/v2\/posts\/761\/revisions\/766"}],"wp:featuredmedia":[{"embeddable":true,"href":"https:\/\/kultur.nu\/en\/wp-json\/wp\/v2\/media\/762"}],"wp:attachment":[{"href":"https:\/\/kultur.nu\/en\/wp-json\/wp\/v2\/media?parent=761"}],"wp:term":[{"taxonomy":"category","embeddable":true,"href":"https:\/\/kultur.nu\/en\/wp-json\/wp\/v2\/categories?post=761"},{"taxonomy":"post_tag","embeddable":true,"href":"https:\/\/kultur.nu\/en\/wp-json\/wp\/v2\/tags?post=761"}],"curies":[{"name":"wp","href":"https:\/\/api.w.org\/{rel}","templated":true}]}}