{"id":767,"date":"2026-01-27T15:05:42","date_gmt":"2026-01-27T14:05:42","guid":{"rendered":"https:\/\/kultur.nu\/?p=767"},"modified":"2026-02-27T15:15:28","modified_gmt":"2026-02-27T14:15:28","slug":"filmen-midsommar","status":"publish","type":"post","link":"https:\/\/kultur.nu\/en\/filmen-midsommar\/","title":{"rendered":"Filmen Midsommar som skr\u00e4ckupplevelse i nordiskt dagsljus"},"content":{"rendered":"<p>Filmen <a href=\"https:\/\/kultur.nu\/en\/varfor-firar-man-midsommar\/\">Midsommar<\/a> \u00e4r en psykologisk skr\u00e4ckfilm som utspelar sig i ett till synes idylliskt svenskt sommarlandskap, d\u00e4r ljusa dagar och traditionella firanden d\u00f6ljer n\u00e5got betydligt m\u00f6rkare. Du f\u00f6ljer ett amerikanskt par vars relation redan \u00e4r anstr\u00e4ngd n\u00e4r de reser till en isolerad by i Sverige f\u00f6r att uppleva ett unikt midsommarfirande. Det som b\u00f6rjar som en kulturell resa utvecklas snabbt till en oroande och obehaglig upplevelse d\u00e4r ritualer, relationer och psykologiska sp\u00e4nningar st\u00e5r i centrum.<\/p>\n<h2>Vad handlar filmen Midsommar om egentligen?<\/h2>\n<p>Filmen Midsommar kretsar kring Dani och Christian, ett ungt par vars f\u00f6rh\u00e5llande \u00e4r p\u00e5 v\u00e4g att falla is\u00e4r. Dani b\u00e4r p\u00e5 djup sorg efter en personlig tragedi, medan Christian mest stannar kvar av pliktk\u00e4nsla. N\u00e4r han planerar en resa till Sverige med sina v\u00e4nner f\u00f6ljer Dani med, i hopp om att deras relation ska kunna r\u00e4ddas eller \u00e5tminstone f\u00e5 en ny riktning.<\/p>\n<p>Resan g\u00e5r till en avl\u00e4gsen by som firar midsommar enligt gamla <a href=\"https:\/\/kultur.nu\/en\/traditioner-i-sverige\/\">traditioner<\/a>. Till en b\u00f6rjan k\u00e4nns allt charmigt och exotiskt. Den ljusa sommaren, de blomsterkl\u00e4dda \u00e4ngarna och den v\u00e4nliga gemenskapen skapar en n\u00e4stan sagolik st\u00e4mning. Men sakta b\u00f6rjar obehagliga detaljer krypa fram. Ritualer som f\u00f6rst verkar m\u00e4rkliga visar sig vara n\u00e5got mycket mer skr\u00e4mmande, och bes\u00f6karna inser gradvis att de befinner sig i en milj\u00f6 d\u00e4r andra regler g\u00e4ller.<\/p>\n<p>Filmen bygger upp sin skr\u00e4ck l\u00e5ngsamt och metodiskt. I st\u00e4llet f\u00f6r snabba skr\u00e4mselmoment f\u00e5r du f\u00f6lja hur st\u00e4mningen f\u00f6r\u00e4ndras scen f\u00f6r scen, vilket g\u00f6r upplevelsen mer psykologiskt tryckande \u00e4n traditionell skr\u00e4ck.<\/p>\n<h2>Rollistan i Midsommar och vilka sk\u00e5despelare som b\u00e4r ber\u00e4ttelsen<\/h2>\n<p>Rollistan i Midsommar \u00e4r central f\u00f6r att filmen ska fungera s\u00e5 starkt k\u00e4nslom\u00e4ssigt. Sk\u00e5despelarna g\u00f6r att relationerna k\u00e4nns trov\u00e4rdiga, vilket f\u00f6rst\u00e4rker obehaget n\u00e4r situationen blir allt mer extrem. Florence Pugh g\u00f6r en mycket uppm\u00e4rksammad tolkning av Dani, d\u00e4r sorg, s\u00e5rbarhet och behov av tillh\u00f6righet st\u00e5r i fokus. Jack Reynor spelar Christian och gestaltar en karakt\u00e4r som \u00e4r b\u00e5de os\u00e4ker och k\u00e4nslom\u00e4ssigt distanserad.<\/p>\n<p>De viktigaste rollerna i filmen inkluderar:<\/p>\n<ul>\n<li>Florence Pugh som Dani<\/li>\n<li>Jack Reynor som Christian<\/li>\n<li>Will Poulter som Mark<\/li>\n<li>William Jackson Harper som Josh<\/li>\n<li>Vilhelm Blomgren som Pelle<\/li>\n<li>Archie Madekwe som Simon<\/li>\n<li>Ellora Torchia som Connie<\/li>\n<\/ul>\n<p>Varje karakt\u00e4r reagerar olika p\u00e5 det som sker i byn. Vissa f\u00f6rs\u00f6ker f\u00f6rst\u00e5 traditionerna akademiskt, andra sk\u00e4mtar bort det obehagliga, medan n\u00e5gra l\u00e5ngsamt inser att de befinner sig i verklig fara. Den h\u00e4r variationen i reaktioner skapar dynamik och g\u00f6r att du som tittare hela tiden v\u00e4xlar mellan fascination och oro.<\/p>\n<p><img loading=\"lazy\" decoding=\"async\" class=\"alignnone size-full wp-image-769\" src=\"https:\/\/kultur.nu\/wp-content\/uploads\/2026\/02\/image29.webp\" alt=\"Rollistan i Midsommar och vilka sk\u00e5despelare som b\u00e4r ber\u00e4ttelsen\" width=\"1200\" height=\"673\" srcset=\"https:\/\/kultur.nu\/wp-content\/uploads\/2026\/02\/image29.webp 1200w, https:\/\/kultur.nu\/wp-content\/uploads\/2026\/02\/image29-300x168.webp 300w, https:\/\/kultur.nu\/wp-content\/uploads\/2026\/02\/image29-1024x574.webp 1024w, https:\/\/kultur.nu\/wp-content\/uploads\/2026\/02\/image29-768x431.webp 768w\" sizes=\"auto, (max-width: 1200px) 100vw, 1200px\" \/><\/p>\n<h2>Varf\u00f6r filmen Midsommar k\u00e4nns annorlunda \u00e4n klassisk skr\u00e4ck?<\/h2>\n<p>Filmen Midsommar bryter mot m\u00e5nga av skr\u00e4ckgenrens vanligaste grepp. I st\u00e4llet f\u00f6r m\u00f6rker, skuggor och nattliga hot utspelar sig det mesta i fullt dagsljus. Den ljusa svenska sommaren anv\u00e4nds som kontrast till det som sker, vilket g\u00f6r de obehagliga h\u00e4ndelserna \u00e4nnu mer st\u00f6rande.<\/p>\n<p>Skr\u00e4cken ligger ofta i st\u00e4mningen snarare \u00e4n i pl\u00f6tsliga chocker. Ritualerna presenteras lugnt och n\u00e4stan pedagogiskt, vilket g\u00f6r dem desto mer oroande. Filmen leker ocks\u00e5 med <a href=\"https:\/\/kultur.nu\/en\/kulturkrockar\/\">kulturkrockar<\/a>, d\u00e4r bes\u00f6karnas f\u00f6rs\u00f6k att f\u00f6rst\u00e5 traditionerna leder till f\u00f6rvirring och gradvis v\u00e4xande r\u00e4dsla.<\/p>\n<p>N\u00e5gra element som g\u00f6r filmen unik \u00e4r:<\/p>\n<ul>\n<li>Den l\u00e5ngsamma uppbyggnaden av obehag<\/li>\n<li>Den st\u00e4ndiga n\u00e4rvaron av starkt dagsljus<\/li>\n<li>Fokus p\u00e5 relationer och psykologiska konflikter<\/li>\n<\/ul>\n<p>Detta g\u00f6r att filmen k\u00e4nns mer som ett emotionellt drama med skr\u00e4ckinslag \u00e4n en klassisk skr\u00e4ckfilm.<\/p>\n<h2>Var kan du titta p\u00e5 Midsommar i dag?<\/h2>\n<p>Att titta p\u00e5 Midsommar \u00e4r en upplevelse som ofta v\u00e4xer vid upprepade visningar. Filmen hade premi\u00e4r 2019 och har sedan dess blivit n\u00e5got av en modern kultfilm inom genren. M\u00e5nga v\u00e4ljer att se den flera g\u00e5nger eftersom detaljer i symbolik, bildspr\u00e5k och dialog f\u00e5r nya betydelser n\u00e4r du redan k\u00e4nner till handlingen.<\/p>\n<p>N\u00e4r du planerar att titta p\u00e5 Midsommar \u00e4r det en f\u00f6rdel att ha gott om tid och m\u00f6jlighet att se filmen ost\u00f6rt. Den l\u00e5ngsamma tempot och de m\u00e5nga visuella detaljerna g\u00f6r att upplevelsen blir starkare om du verkligen l\u00e5ter dig dras in i st\u00e4mningen. Flera tittare uppskattar ocks\u00e5 att diskutera filmen efter\u00e5t, eftersom tolkningarna kan skilja sig \u00e5t beroende p\u00e5 vad du f\u00e4ster mest uppm\u00e4rksamhet vid.<\/p>\n<p>Filmen fungerar dessutom bra b\u00e5de f\u00f6r den som gillar psykologiska dramer och f\u00f6r den som s\u00f6ker en mer konstn\u00e4rlig skr\u00e4ckupplevelse.<\/p>\n<p><img loading=\"lazy\" decoding=\"async\" class=\"alignnone size-full wp-image-771\" src=\"https:\/\/kultur.nu\/wp-content\/uploads\/2026\/02\/image31.webp\" alt=\"Var kan du titta p\u00e5 Midsommar i dag?\" width=\"1200\" height=\"766\" srcset=\"https:\/\/kultur.nu\/wp-content\/uploads\/2026\/02\/image31.webp 1200w, https:\/\/kultur.nu\/wp-content\/uploads\/2026\/02\/image31-300x192.webp 300w, https:\/\/kultur.nu\/wp-content\/uploads\/2026\/02\/image31-1024x654.webp 1024w, https:\/\/kultur.nu\/wp-content\/uploads\/2026\/02\/image31-768x490.webp 768w\" sizes=\"auto, (max-width: 1200px) 100vw, 1200px\" \/><\/p>\n<h2>Inspelningsplatsen och hur milj\u00f6n f\u00f6rst\u00e4rker k\u00e4nslan<\/h2>\n<p>Trots att handlingen utspelar sig i en svensk by i H\u00e4lsingland spelades m\u00e5nga scener in i Ungern. Milj\u00f6erna \u00e4r dock utformade f\u00f6r att \u00e5terskapa en idealiserad bild av svensk sommar med blomster\u00e4ngar, vita kl\u00e4der och traditionella symboler. Den visuella estetiken blir n\u00e4stan hypnotisk och f\u00f6rst\u00e4rker kontrasten mellan sk\u00f6nhet och obehag.<\/p>\n<p>Den isolerade byn fungerar som en egen v\u00e4rld, avskild fr\u00e5n resten av samh\u00e4llet. Ju l\u00e4ngre bes\u00f6karna stannar, desto mer anpassar de sig till byns normer, vilket skapar en k\u00e4nsla av att de l\u00e5ngsamt tappar kontrollen \u00f6ver sin egen situation. Den \u00f6ppna naturen skapar paradoxalt nog en k\u00e4nsla av inst\u00e4ngdhet, eftersom det inte finns n\u00e5gon enkel v\u00e4g d\u00e4rifr\u00e5n.<\/p>\n<p><img loading=\"lazy\" decoding=\"async\" class=\"alignnone size-full wp-image-770\" src=\"https:\/\/kultur.nu\/wp-content\/uploads\/2026\/02\/image32.webp\" alt=\"Inspelningsplatsen och hur milj\u00f6n f\u00f6rst\u00e4rker k\u00e4nslan\" width=\"1200\" height=\"597\" srcset=\"https:\/\/kultur.nu\/wp-content\/uploads\/2026\/02\/image32.webp 1200w, https:\/\/kultur.nu\/wp-content\/uploads\/2026\/02\/image32-300x149.webp 300w, https:\/\/kultur.nu\/wp-content\/uploads\/2026\/02\/image32-1024x509.webp 1024w, https:\/\/kultur.nu\/wp-content\/uploads\/2026\/02\/image32-768x382.webp 768w\" sizes=\"auto, (max-width: 1200px) 100vw, 1200px\" \/><\/p>\n<h2>Symbolik och teman som g\u00f6r filmen Midsommar s\u00e5 omdiskuterad<\/h2>\n<p>Filmen Midsommar \u00e4r fylld av symbolik kring naturens cykler, gemenskap och individens behov av tillh\u00f6righet. Genom midsommarfirandet som ramverk utforskar filmen hur traditioner kan fungera b\u00e5de som trygghet och som kontrollmekanism. Det g\u00f6r att skr\u00e4cken inte bara handlar om det som sker p\u00e5 ytan, utan ocks\u00e5 om psykologiska processer.<\/p>\n<p>Teman som sorg, beroende och identitet l\u00f6per genom hela ber\u00e4ttelsen. Dani s\u00f6ker tr\u00f6st efter en traumatisk h\u00e4ndelse, medan Christian och hans v\u00e4nner mest ser resan som en kulturell upplevelse. Denna obalans g\u00f6r att deras upplevelser av byn blir helt olika, vilket skapar b\u00e5de konflikter och emotionell sp\u00e4nning.<\/p>\n<p>Filmen v\u00e4cker ocks\u00e5 fr\u00e5gor om hur l\u00e5ngt m\u00e4nniskor kan g\u00e5 f\u00f6r att k\u00e4nna samh\u00f6righet och hur grupptryck kan f\u00f6r\u00e4ndra individens moral. Det \u00e4r en av anledningarna till att m\u00e5nga forts\u00e4tter att analysera och diskutera filmen l\u00e5ngt efter att de har valt att titta p\u00e5 Midsommar i filmen Midsommar.<\/p>","protected":false},"excerpt":{"rendered":"<p>Filmen Midsommar \u00e4r en psykologisk skr\u00e4ckfilm som utspelar sig i ett till synes idylliskt svenskt&hellip;<\/p>","protected":false},"author":1,"featured_media":768,"comment_status":"open","ping_status":"open","sticky":false,"template":"","format":"standard","meta":{"_yoast_wpseo_focuskw":"","_yoast_wpseo_title":"","_yoast_wpseo_metadesc":"","_yoast_wpseo_meta-robots-noindex":"","_yoast_wpseo_meta-robots-nofollow":"","_yoast_wpseo_canonical":"","_yoast_wpseo_opengraph-title":"","_yoast_wpseo_opengraph-description":"","_yoast_wpseo_twitter-title":"","_yoast_wpseo_twitter-description":"","footnotes":"","rank_math_description":"","rank_math_focus_keyword":"","rank_math_title":"","rank_math_canonical_url":"","rank_math_robots":"","rank_math_facebook_title":"","rank_math_facebook_description":"","rank_math_twitter_title":"","rank_math_twitter_description":""},"categories":[2],"tags":[],"class_list":["post-767","post","type-post","status-publish","format-standard","has-post-thumbnail","hentry","category-aktuellt"],"yoast_head":"<!-- This site is optimized with the Yoast SEO plugin v27.5 - https:\/\/yoast.com\/product\/yoast-seo-wordpress\/ -->\n<title>Filmen Midsommar som skr\u00e4ckupplevelse i nordiskt dagsljus - Kultur i Sverige<\/title>\n<meta name=\"robots\" content=\"index, follow, max-snippet:-1, max-image-preview:large, max-video-preview:-1\" \/>\n<link rel=\"canonical\" href=\"https:\/\/kultur.nu\/en\/filmen-midsommar\/\" \/>\n<meta property=\"og:locale\" content=\"en_US\" \/>\n<meta property=\"og:type\" content=\"article\" \/>\n<meta property=\"og:title\" content=\"Filmen Midsommar som skr\u00e4ckupplevelse i nordiskt dagsljus - Kultur i Sverige\" \/>\n<meta property=\"og:description\" content=\"Filmen Midsommar \u00e4r en psykologisk skr\u00e4ckfilm som utspelar sig i ett till synes idylliskt svenskt&hellip;\" \/>\n<meta property=\"og:url\" content=\"https:\/\/kultur.nu\/en\/filmen-midsommar\/\" \/>\n<meta property=\"og:site_name\" content=\"Kultur i Sverige\" \/>\n<meta property=\"article:published_time\" content=\"2026-01-27T14:05:42+00:00\" \/>\n<meta property=\"article:modified_time\" content=\"2026-02-27T14:15:28+00:00\" \/>\n<meta property=\"og:image\" content=\"https:\/\/kultur.nu\/wp-content\/uploads\/2026\/02\/image30.webp\" \/>\n\t<meta property=\"og:image:width\" content=\"1200\" \/>\n\t<meta property=\"og:image:height\" content=\"675\" \/>\n\t<meta property=\"og:image:type\" content=\"image\/webp\" \/>\n<meta name=\"author\" content=\"Annica\" \/>\n<meta name=\"twitter:card\" content=\"summary_large_image\" \/>\n<meta name=\"twitter:label1\" content=\"Written by\" \/>\n\t<meta name=\"twitter:data1\" content=\"Annica\" \/>\n\t<meta name=\"twitter:label2\" content=\"Est. reading time\" \/>\n\t<meta name=\"twitter:data2\" content=\"6 minutes\" \/>\n<script type=\"application\/ld+json\" class=\"yoast-schema-graph\">{\"@context\":\"https:\\\/\\\/schema.org\",\"@graph\":[{\"@type\":\"Article\",\"@id\":\"https:\\\/\\\/kultur.nu\\\/filmen-midsommar\\\/#article\",\"isPartOf\":{\"@id\":\"https:\\\/\\\/kultur.nu\\\/filmen-midsommar\\\/\"},\"author\":{\"name\":\"Annica\",\"@id\":\"https:\\\/\\\/kultur.nu\\\/#\\\/schema\\\/person\\\/cbafe9491d5ea09a25eace8883923b2c\"},\"headline\":\"Filmen Midsommar som skr\u00e4ckupplevelse i nordiskt dagsljus\",\"datePublished\":\"2026-01-27T14:05:42+00:00\",\"dateModified\":\"2026-02-27T14:15:28+00:00\",\"mainEntityOfPage\":{\"@id\":\"https:\\\/\\\/kultur.nu\\\/filmen-midsommar\\\/\"},\"wordCount\":1151,\"commentCount\":0,\"publisher\":{\"@id\":\"https:\\\/\\\/kultur.nu\\\/#organization\"},\"image\":{\"@id\":\"https:\\\/\\\/kultur.nu\\\/filmen-midsommar\\\/#primaryimage\"},\"thumbnailUrl\":\"https:\\\/\\\/kultur.nu\\\/wp-content\\\/uploads\\\/2026\\\/02\\\/image30.webp\",\"articleSection\":[\"Aktuellt\"],\"inLanguage\":\"en-US\",\"potentialAction\":[{\"@type\":\"CommentAction\",\"name\":\"Comment\",\"target\":[\"https:\\\/\\\/kultur.nu\\\/filmen-midsommar\\\/#respond\"]}]},{\"@type\":\"WebPage\",\"@id\":\"https:\\\/\\\/kultur.nu\\\/filmen-midsommar\\\/\",\"url\":\"https:\\\/\\\/kultur.nu\\\/filmen-midsommar\\\/\",\"name\":\"Filmen Midsommar som skr\u00e4ckupplevelse i nordiskt dagsljus - Kultur i Sverige\",\"isPartOf\":{\"@id\":\"https:\\\/\\\/kultur.nu\\\/#website\"},\"primaryImageOfPage\":{\"@id\":\"https:\\\/\\\/kultur.nu\\\/filmen-midsommar\\\/#primaryimage\"},\"image\":{\"@id\":\"https:\\\/\\\/kultur.nu\\\/filmen-midsommar\\\/#primaryimage\"},\"thumbnailUrl\":\"https:\\\/\\\/kultur.nu\\\/wp-content\\\/uploads\\\/2026\\\/02\\\/image30.webp\",\"datePublished\":\"2026-01-27T14:05:42+00:00\",\"dateModified\":\"2026-02-27T14:15:28+00:00\",\"breadcrumb\":{\"@id\":\"https:\\\/\\\/kultur.nu\\\/filmen-midsommar\\\/#breadcrumb\"},\"inLanguage\":\"en-US\",\"potentialAction\":[{\"@type\":\"ReadAction\",\"target\":[\"https:\\\/\\\/kultur.nu\\\/filmen-midsommar\\\/\"]}]},{\"@type\":\"ImageObject\",\"inLanguage\":\"en-US\",\"@id\":\"https:\\\/\\\/kultur.nu\\\/filmen-midsommar\\\/#primaryimage\",\"url\":\"https:\\\/\\\/kultur.nu\\\/wp-content\\\/uploads\\\/2026\\\/02\\\/image30.webp\",\"contentUrl\":\"https:\\\/\\\/kultur.nu\\\/wp-content\\\/uploads\\\/2026\\\/02\\\/image30.webp\",\"width\":1200,\"height\":675,\"caption\":\"filmen Midsommar\"},{\"@type\":\"BreadcrumbList\",\"@id\":\"https:\\\/\\\/kultur.nu\\\/filmen-midsommar\\\/#breadcrumb\",\"itemListElement\":[{\"@type\":\"ListItem\",\"position\":1,\"name\":\"Hem\",\"item\":\"https:\\\/\\\/kultur.nu\\\/\"},{\"@type\":\"ListItem\",\"position\":2,\"name\":\"Filmen Midsommar som skr\u00e4ckupplevelse i nordiskt dagsljus\"}]},{\"@type\":\"WebSite\",\"@id\":\"https:\\\/\\\/kultur.nu\\\/#website\",\"url\":\"https:\\\/\\\/kultur.nu\\\/\",\"name\":\"Kultur i Sverige\",\"description\":\"\",\"publisher\":{\"@id\":\"https:\\\/\\\/kultur.nu\\\/#organization\"},\"potentialAction\":[{\"@type\":\"SearchAction\",\"target\":{\"@type\":\"EntryPoint\",\"urlTemplate\":\"https:\\\/\\\/kultur.nu\\\/?s={search_term_string}\"},\"query-input\":{\"@type\":\"PropertyValueSpecification\",\"valueRequired\":true,\"valueName\":\"search_term_string\"}}],\"inLanguage\":\"en-US\"},{\"@type\":\"Organization\",\"@id\":\"https:\\\/\\\/kultur.nu\\\/#organization\",\"name\":\"Kultur i Sverige\",\"url\":\"https:\\\/\\\/kultur.nu\\\/\",\"logo\":{\"@type\":\"ImageObject\",\"inLanguage\":\"en-US\",\"@id\":\"https:\\\/\\\/kultur.nu\\\/#\\\/schema\\\/logo\\\/image\\\/\",\"url\":\"https:\\\/\\\/kultur.nu\\\/wp-content\\\/uploads\\\/2025\\\/10\\\/cropped-Kultur.nu-logo.webp\",\"contentUrl\":\"https:\\\/\\\/kultur.nu\\\/wp-content\\\/uploads\\\/2025\\\/10\\\/cropped-Kultur.nu-logo.webp\",\"width\":510,\"height\":95,\"caption\":\"Kultur i Sverige\"},\"image\":{\"@id\":\"https:\\\/\\\/kultur.nu\\\/#\\\/schema\\\/logo\\\/image\\\/\"}},{\"@type\":\"Person\",\"@id\":\"https:\\\/\\\/kultur.nu\\\/#\\\/schema\\\/person\\\/cbafe9491d5ea09a25eace8883923b2c\",\"name\":\"Annica\",\"image\":{\"@type\":\"ImageObject\",\"inLanguage\":\"en-US\",\"@id\":\"https:\\\/\\\/secure.gravatar.com\\\/avatar\\\/d78c2d842df13ded689c841d90a91fd72f6cc9e7250f7066a537c14f82302546?s=96&d=mm&r=g\",\"url\":\"https:\\\/\\\/secure.gravatar.com\\\/avatar\\\/d78c2d842df13ded689c841d90a91fd72f6cc9e7250f7066a537c14f82302546?s=96&d=mm&r=g\",\"contentUrl\":\"https:\\\/\\\/secure.gravatar.com\\\/avatar\\\/d78c2d842df13ded689c841d90a91fd72f6cc9e7250f7066a537c14f82302546?s=96&d=mm&r=g\",\"caption\":\"Annica\"},\"description\":\"Annika Axelsson \u00e4r kulturskribent p\u00e5 Kultur.nu, d\u00e4r hon skriver om litteratur, film, teater, konst och samtida kulturdebatt. Hon har ett s\u00e4rskilt intresse f\u00f6r hur kultur speglar samh\u00e4llsf\u00f6r\u00e4ndringar, identitet och vardagslivet. Annika har studerat litteraturvetenskap och kulturjournalistik vid Stockholms universitet. Hon har \u00e4ven l\u00e4st konstvetenskap och medievetenskap, vilket ger henne en bred grund n\u00e4r hon analyserar b\u00e5de klassiska verk och moderna kulturuttryck. P\u00e5 Kultur.nu skriver Annika fr\u00e4mst recensioner, f\u00f6rdjupande artiklar och personliga kr\u00f6nikor. Hon bevakar nya b\u00f6cker, uppm\u00e4rksammade teaterf\u00f6rest\u00e4llningar, filmfestivaler, utst\u00e4llningar och aktuella kulturh\u00e4ndelser. Hennes texter k\u00e4nnetecknas av ett nyfiket, kunnigt och tillg\u00e4ngligt spr\u00e5k, d\u00e4r hon vill g\u00f6ra kultur l\u00e4ttare att f\u00f6rst\u00e5 utan att f\u00f6renkla den. Hon har tidigare arbetat med redaktionellt inneh\u00e5ll, intervjuer och kulturbevakning f\u00f6r b\u00e5de digitala magasin och lokala publikationer. I sitt skrivande \u00e5terkommer hon ofta till fr\u00e5gor om ber\u00e4ttande, kreativitet, klass, k\u00f6nsroller och kulturens plats i det moderna samh\u00e4llet.\",\"sameAs\":[\"https:\\\/\\\/kultur.nu\"],\"url\":\"https:\\\/\\\/kultur.nu\\\/en\\\/author\\\/annica\\\/\"}]}<\/script>\n<!-- \/ Yoast SEO plugin. -->","yoast_head_json":{"title":"Filmen Midsommar som skr\u00e4ckupplevelse i nordiskt dagsljus - Kultur i Sverige","robots":{"index":"index","follow":"follow","max-snippet":"max-snippet:-1","max-image-preview":"max-image-preview:large","max-video-preview":"max-video-preview:-1"},"canonical":"https:\/\/kultur.nu\/en\/filmen-midsommar\/","og_locale":"en_US","og_type":"article","og_title":"Filmen Midsommar som skr\u00e4ckupplevelse i nordiskt dagsljus - Kultur i Sverige","og_description":"Filmen Midsommar \u00e4r en psykologisk skr\u00e4ckfilm som utspelar sig i ett till synes idylliskt svenskt&hellip;","og_url":"https:\/\/kultur.nu\/en\/filmen-midsommar\/","og_site_name":"Kultur i Sverige","article_published_time":"2026-01-27T14:05:42+00:00","article_modified_time":"2026-02-27T14:15:28+00:00","og_image":[{"width":1200,"height":675,"url":"https:\/\/kultur.nu\/wp-content\/uploads\/2026\/02\/image30.webp","type":"image\/webp"}],"author":"Annica","twitter_card":"summary_large_image","twitter_misc":{"Written by":"Annica","Est. reading time":"6 minutes"},"schema":{"@context":"https:\/\/schema.org","@graph":[{"@type":"Article","@id":"https:\/\/kultur.nu\/filmen-midsommar\/#article","isPartOf":{"@id":"https:\/\/kultur.nu\/filmen-midsommar\/"},"author":{"name":"Annica","@id":"https:\/\/kultur.nu\/#\/schema\/person\/cbafe9491d5ea09a25eace8883923b2c"},"headline":"Filmen Midsommar som skr\u00e4ckupplevelse i nordiskt dagsljus","datePublished":"2026-01-27T14:05:42+00:00","dateModified":"2026-02-27T14:15:28+00:00","mainEntityOfPage":{"@id":"https:\/\/kultur.nu\/filmen-midsommar\/"},"wordCount":1151,"commentCount":0,"publisher":{"@id":"https:\/\/kultur.nu\/#organization"},"image":{"@id":"https:\/\/kultur.nu\/filmen-midsommar\/#primaryimage"},"thumbnailUrl":"https:\/\/kultur.nu\/wp-content\/uploads\/2026\/02\/image30.webp","articleSection":["Aktuellt"],"inLanguage":"en-US","potentialAction":[{"@type":"CommentAction","name":"Comment","target":["https:\/\/kultur.nu\/filmen-midsommar\/#respond"]}]},{"@type":"WebPage","@id":"https:\/\/kultur.nu\/filmen-midsommar\/","url":"https:\/\/kultur.nu\/filmen-midsommar\/","name":"Filmen Midsommar som skr\u00e4ckupplevelse i nordiskt dagsljus - Kultur i Sverige","isPartOf":{"@id":"https:\/\/kultur.nu\/#website"},"primaryImageOfPage":{"@id":"https:\/\/kultur.nu\/filmen-midsommar\/#primaryimage"},"image":{"@id":"https:\/\/kultur.nu\/filmen-midsommar\/#primaryimage"},"thumbnailUrl":"https:\/\/kultur.nu\/wp-content\/uploads\/2026\/02\/image30.webp","datePublished":"2026-01-27T14:05:42+00:00","dateModified":"2026-02-27T14:15:28+00:00","breadcrumb":{"@id":"https:\/\/kultur.nu\/filmen-midsommar\/#breadcrumb"},"inLanguage":"en-US","potentialAction":[{"@type":"ReadAction","target":["https:\/\/kultur.nu\/filmen-midsommar\/"]}]},{"@type":"ImageObject","inLanguage":"en-US","@id":"https:\/\/kultur.nu\/filmen-midsommar\/#primaryimage","url":"https:\/\/kultur.nu\/wp-content\/uploads\/2026\/02\/image30.webp","contentUrl":"https:\/\/kultur.nu\/wp-content\/uploads\/2026\/02\/image30.webp","width":1200,"height":675,"caption":"filmen Midsommar"},{"@type":"BreadcrumbList","@id":"https:\/\/kultur.nu\/filmen-midsommar\/#breadcrumb","itemListElement":[{"@type":"ListItem","position":1,"name":"Hem","item":"https:\/\/kultur.nu\/"},{"@type":"ListItem","position":2,"name":"Filmen Midsommar som skr\u00e4ckupplevelse i nordiskt dagsljus"}]},{"@type":"WebSite","@id":"https:\/\/kultur.nu\/#website","url":"https:\/\/kultur.nu\/","name":"Kultur i Sverige","description":"","publisher":{"@id":"https:\/\/kultur.nu\/#organization"},"potentialAction":[{"@type":"SearchAction","target":{"@type":"EntryPoint","urlTemplate":"https:\/\/kultur.nu\/?s={search_term_string}"},"query-input":{"@type":"PropertyValueSpecification","valueRequired":true,"valueName":"search_term_string"}}],"inLanguage":"en-US"},{"@type":"Organization","@id":"https:\/\/kultur.nu\/#organization","name":"Kultur i Sverige","url":"https:\/\/kultur.nu\/","logo":{"@type":"ImageObject","inLanguage":"en-US","@id":"https:\/\/kultur.nu\/#\/schema\/logo\/image\/","url":"https:\/\/kultur.nu\/wp-content\/uploads\/2025\/10\/cropped-Kultur.nu-logo.webp","contentUrl":"https:\/\/kultur.nu\/wp-content\/uploads\/2025\/10\/cropped-Kultur.nu-logo.webp","width":510,"height":95,"caption":"Kultur i Sverige"},"image":{"@id":"https:\/\/kultur.nu\/#\/schema\/logo\/image\/"}},{"@type":"Person","@id":"https:\/\/kultur.nu\/#\/schema\/person\/cbafe9491d5ea09a25eace8883923b2c","name":"Annica","image":{"@type":"ImageObject","inLanguage":"en-US","@id":"https:\/\/secure.gravatar.com\/avatar\/d78c2d842df13ded689c841d90a91fd72f6cc9e7250f7066a537c14f82302546?s=96&d=mm&r=g","url":"https:\/\/secure.gravatar.com\/avatar\/d78c2d842df13ded689c841d90a91fd72f6cc9e7250f7066a537c14f82302546?s=96&d=mm&r=g","contentUrl":"https:\/\/secure.gravatar.com\/avatar\/d78c2d842df13ded689c841d90a91fd72f6cc9e7250f7066a537c14f82302546?s=96&d=mm&r=g","caption":"Annica"},"description":"Annika Axelsson \u00e4r kulturskribent p\u00e5 Kultur.nu, d\u00e4r hon skriver om litteratur, film, teater, konst och samtida kulturdebatt. Hon har ett s\u00e4rskilt intresse f\u00f6r hur kultur speglar samh\u00e4llsf\u00f6r\u00e4ndringar, identitet och vardagslivet. Annika har studerat litteraturvetenskap och kulturjournalistik vid Stockholms universitet. Hon har \u00e4ven l\u00e4st konstvetenskap och medievetenskap, vilket ger henne en bred grund n\u00e4r hon analyserar b\u00e5de klassiska verk och moderna kulturuttryck. P\u00e5 Kultur.nu skriver Annika fr\u00e4mst recensioner, f\u00f6rdjupande artiklar och personliga kr\u00f6nikor. Hon bevakar nya b\u00f6cker, uppm\u00e4rksammade teaterf\u00f6rest\u00e4llningar, filmfestivaler, utst\u00e4llningar och aktuella kulturh\u00e4ndelser. Hennes texter k\u00e4nnetecknas av ett nyfiket, kunnigt och tillg\u00e4ngligt spr\u00e5k, d\u00e4r hon vill g\u00f6ra kultur l\u00e4ttare att f\u00f6rst\u00e5 utan att f\u00f6renkla den. Hon har tidigare arbetat med redaktionellt inneh\u00e5ll, intervjuer och kulturbevakning f\u00f6r b\u00e5de digitala magasin och lokala publikationer. I sitt skrivande \u00e5terkommer hon ofta till fr\u00e5gor om ber\u00e4ttande, kreativitet, klass, k\u00f6nsroller och kulturens plats i det moderna samh\u00e4llet.","sameAs":["https:\/\/kultur.nu"],"url":"https:\/\/kultur.nu\/en\/author\/annica\/"}]}},"_links":{"self":[{"href":"https:\/\/kultur.nu\/en\/wp-json\/wp\/v2\/posts\/767","targetHints":{"allow":["GET"]}}],"collection":[{"href":"https:\/\/kultur.nu\/en\/wp-json\/wp\/v2\/posts"}],"about":[{"href":"https:\/\/kultur.nu\/en\/wp-json\/wp\/v2\/types\/post"}],"author":[{"embeddable":true,"href":"https:\/\/kultur.nu\/en\/wp-json\/wp\/v2\/users\/1"}],"replies":[{"embeddable":true,"href":"https:\/\/kultur.nu\/en\/wp-json\/wp\/v2\/comments?post=767"}],"version-history":[{"count":2,"href":"https:\/\/kultur.nu\/en\/wp-json\/wp\/v2\/posts\/767\/revisions"}],"predecessor-version":[{"id":773,"href":"https:\/\/kultur.nu\/en\/wp-json\/wp\/v2\/posts\/767\/revisions\/773"}],"wp:featuredmedia":[{"embeddable":true,"href":"https:\/\/kultur.nu\/en\/wp-json\/wp\/v2\/media\/768"}],"wp:attachment":[{"href":"https:\/\/kultur.nu\/en\/wp-json\/wp\/v2\/media?parent=767"}],"wp:term":[{"taxonomy":"category","embeddable":true,"href":"https:\/\/kultur.nu\/en\/wp-json\/wp\/v2\/categories?post=767"},{"taxonomy":"post_tag","embeddable":true,"href":"https:\/\/kultur.nu\/en\/wp-json\/wp\/v2\/tags?post=767"}],"curies":[{"name":"wp","href":"https:\/\/api.w.org\/{rel}","templated":true}]}}