{"id":774,"date":"2026-02-27T15:23:51","date_gmt":"2026-02-27T14:23:51","guid":{"rendered":"https:\/\/kultur.nu\/?p=774"},"modified":"2026-02-27T15:24:00","modified_gmt":"2026-02-27T14:24:00","slug":"gyllene-tider-film","status":"publish","type":"post","link":"https:\/\/kultur.nu\/en\/gyllene-tider-film\/","title":{"rendered":"Sommartider &#8211; filmen som skildrar hur Gyllene Tider tog sina f\u00f6rsta steg"},"content":{"rendered":"<p>Sommartider \u00e4r en svensk dramafilm fr\u00e5n <a href=\"https:\/\/kultur.nu\/en\/kultur-2024-en-tid-av-forandring-och-mangfald\/\">2024<\/a> som f\u00f6ljer hur bandet Gyllene Tider bildas och v\u00e4xer fram under ungdoms\u00e5ren i Halmstad. Du m\u00f6ter Per Gessle som en kreativ men os\u00e4ker gymnasieelev som k\u00e4nner sig som en outsider, men som hittar en v\u00e4g fram\u00e5t genom musiken. Tillsammans med MP, Micke, Anders och G\u00f6ran utvecklas v\u00e4nskap, l\u00e5tskrivande och dr\u00f6mmar om att sl\u00e5 igenom. Filmen ger en varm och realistisk bild av hur ett band faktiskt skapas l\u00e5ngt innan ber\u00f6mmelsen kommer.<\/p>\n<h2>Vad handlar Sommartider om och hur skildras bandets b\u00f6rjan?<\/h2>\n<p>Sommartider kretsar kring ungdomstiden i Halmstad d\u00e4r Per Gessle uppt\u00e4cker att musiken kan bli en v\u00e4g bort fr\u00e5n k\u00e4nslan av utanf\u00f6rskap. N\u00e4r han m\u00f6ter likasinnade v\u00e4nner uppst\u00e5r snabbt ett kreativt samarbete som blir grunden till Gyllene Tider. Du f\u00e5r f\u00f6lja hur repetitioner, l\u00e5tskrivande och gemensamma m\u00e5l l\u00e5ngsamt formar gruppen till ett riktigt band.<\/p>\n<p>Ber\u00e4ttelsen betonar att v\u00e4gen mot framg\u00e5ng inte \u00e4r rak. Det handlar om att v\u00e5ga testa id\u00e9er, misslyckas och f\u00f6rs\u00f6ka igen. Samtidigt skildras v\u00e4nskapen som den viktigaste motorn bakom allt. Relationen mellan medlemmarna g\u00f6r att de forts\u00e4tter \u00e4ven n\u00e4r os\u00e4kerheten \u00e4r stor.<\/p>\n<p>Filmen visar ocks\u00e5 hur en lokal musikscen kan bli grogrund f\u00f6r n\u00e5got st\u00f6rre. Genom sm\u00e5 spelningar och kreativt samarbete v\u00e4xer en identitet fram som senare skulle komma att pr\u00e4gla svensk popmusik under l\u00e5ng tid.<\/p>\n<h2>Rollistan i Sommartider och vilka sk\u00e5despelare som gestaltar verkliga personer<\/h2>\n<p>Rollistan i Sommartider \u00e4r avg\u00f6rande f\u00f6r att historien ska k\u00e4nnas levande eftersom den bygger p\u00e5 verkliga personer. Sk\u00e5despelarna tolkar medlemmarna i Gyllene Tider under deras ungdoms\u00e5r och f\u00e5ngar b\u00e5de personligheter och gruppdynamik p\u00e5 ett \u00f6vertygande s\u00e4tt.<\/p>\n<p>De viktigaste rollerna inkluderar:<\/p>\n<ul>\n<li>Valdemar Wahlbeck som Per Gessle<\/li>\n<li>Ville L\u00f6fgren som Mats \u201dMP\u201d Persson<\/li>\n<li>Phoenix Parnevik som Micke Syd Andersson<\/li>\n<li>Lance Hedman Graaf som Anders Herrlin<\/li>\n<li>Xawier Kulas som G\u00f6ran Fritzon<\/li>\n<li>Per Lasson som Kurt Gessle<\/li>\n<li>Lova Schildt som \u00c5sa<\/li>\n<li>Hampus Hallberg som Lasse Lindbom<\/li>\n<li>Anastasios Soulis som Kjell Andersson<\/li>\n<li>Felix Sandman som Tobbe<\/li>\n<li>Ella Tiritiello som Marie Fredriksson<\/li>\n<\/ul>\n<p>Rollistan breddar ber\u00e4ttelsen genom att \u00e4ven inkludera personer runt bandet som p\u00e5verkar deras resa, fr\u00e5n familj till musikbranschens nyckelpersoner. Det ger en mer komplett bild av hur b\u00e5de privatliv och karri\u00e4r fl\u00e4tas samman.<\/p>\n<p><img loading=\"lazy\" decoding=\"async\" class=\"alignnone size-full wp-image-776\" src=\"https:\/\/kultur.nu\/wp-content\/uploads\/2026\/02\/image33.webp\" alt=\"Rollistan i Sommartider och vilka sk\u00e5despelare som gestaltar verkliga personer\" width=\"1200\" height=\"675\" srcset=\"https:\/\/kultur.nu\/wp-content\/uploads\/2026\/02\/image33.webp 1200w, https:\/\/kultur.nu\/wp-content\/uploads\/2026\/02\/image33-300x169.webp 300w, https:\/\/kultur.nu\/wp-content\/uploads\/2026\/02\/image33-1024x576.webp 1024w, https:\/\/kultur.nu\/wp-content\/uploads\/2026\/02\/image33-768x432.webp 768w\" sizes=\"auto, (max-width: 1200px) 100vw, 1200px\" \/><\/p>\n<h2>Varf\u00f6r v\u00e4cker Sommartider s\u00e5 stark nostalgi hos publiken?<\/h2>\n<p>Filmen v\u00e4cker stark nostalgi eftersom den utspelar sig under en tid d\u00e5 popmusiken hade en tydlig koppling till ungdomskultur och lokala musikscener. Milj\u00f6erna, kl\u00e4derna och tonl\u00e4get speglar en period d\u00e4r dr\u00f6mmar om <a href=\"https:\/\/kultur.nu\/en\/musik\/\">musik<\/a> ofta b\u00f6rjade i sm\u00e5 replokaler snarare \u00e4n i stora studios.<\/p>\n<p>Nostalgin f\u00f6rst\u00e4rks av att ber\u00e4ttelsen bygger p\u00e5 verkliga h\u00e4ndelser. Du f\u00e5r uppleva hur unga m\u00e4nniskor med begr\u00e4nsade resurser \u00e4nd\u00e5 v\u00e5gar satsa p\u00e5 sin passion. Det g\u00f6r historien inspirerande och jordn\u00e4ra p\u00e5 samma g\u00e5ng.<\/p>\n<p>Flera detaljer bidrar till k\u00e4nslan:<\/p>\n<ul>\n<li>Skildringen av gymnasietiden och v\u00e4nskapens betydelse<\/li>\n<li>Den lokala musikmilj\u00f6n i Halmstad<\/li>\n<li>De f\u00f6rsta stegen mot att bli ett professionellt band<\/li>\n<\/ul>\n<p>Tillsammans skapar dessa element en varm och igenk\u00e4nnbar atmosf\u00e4r som g\u00f6r att publiken l\u00e4tt dras in i ber\u00e4ttelsen.<\/p>\n<h2>Hur visar filmen bandets utveckling fr\u00e5n v\u00e4nner till musikgrupp?<\/h2>\n<p>Filmen skildrar utvecklingen fr\u00e5n ett g\u00e4ng v\u00e4nner med gemensamt intresse till ett band med tydliga ambitioner. Repetitioner, id\u00e9utbyten och sm\u00e5 framtr\u00e4danden blir viktiga steg i processen. Du f\u00e5r se hur varje medlem bidrar med sin personlighet och musikalitet, vilket formar bandets unika stil.<\/p>\n<p>Utvecklingen pr\u00e4glas av b\u00e5de os\u00e4kerhet och entusiasm. Det finns stunder d\u00e4r dr\u00f6mmarna k\u00e4nns l\u00e5ngt borta, men ocks\u00e5 \u00f6gonblick d\u00e4r potentialen blir tydlig. Just kontrasten mellan tvekan och m\u00e5lmedvetenhet g\u00f6r ber\u00e4ttelsen engagerande.<\/p>\n<h3>V\u00e4nskapen som grund f\u00f6r samarbetet<\/h3>\n<p>V\u00e4nskapen fungerar som stabil bas f\u00f6r allt skapande. Den g\u00f6r att gruppen v\u00e5gar forts\u00e4tta \u00e4ven n\u00e4r resultatet inte blir perfekt direkt.<\/p>\n<h3>Kreativiteten som driver handlingen fram\u00e5t<\/h3>\n<p>Musiken blir ett s\u00e4tt att uttrycka k\u00e4nslor och id\u00e9er. Genom l\u00e5tskrivande och gemensamma repetitioner hittar bandet sin riktning.<\/p>\n<h3>Fr\u00e5n replokal till st\u00f6rre dr\u00f6mmar<\/h3>\n<p>Filmen visar hur sm\u00e5 steg kan leda till st\u00f6rre visioner. Det som b\u00f6rjar som ett skolband utvecklas gradvis till ett projekt med tydliga framtidsm\u00e5l.<\/p>\n<p><img loading=\"lazy\" decoding=\"async\" class=\"alignnone size-full wp-image-777\" src=\"https:\/\/kultur.nu\/wp-content\/uploads\/2026\/02\/image36.webp\" alt=\"Hur visar filmen bandets utveckling fr\u00e5n v\u00e4nner till musikgrupp?\" width=\"1200\" height=\"800\" srcset=\"https:\/\/kultur.nu\/wp-content\/uploads\/2026\/02\/image36.webp 1200w, https:\/\/kultur.nu\/wp-content\/uploads\/2026\/02\/image36-300x200.webp 300w, https:\/\/kultur.nu\/wp-content\/uploads\/2026\/02\/image36-1024x683.webp 1024w, https:\/\/kultur.nu\/wp-content\/uploads\/2026\/02\/image36-768x512.webp 768w\" sizes=\"auto, (max-width: 1200px) 100vw, 1200px\" \/><\/p>\n<h2>Var kan du se Sommartider och vem passar filmen f\u00f6r?<\/h2>\n<p>Sommartider hade biopremi\u00e4r i Sverige sommaren 2024 och riktar sig b\u00e5de till fans av Gyllene Tider och till en yngre publik som vill uppt\u00e4cka historien bakom bandets framg\u00e5ngar. Du beh\u00f6ver inte vara insatt i deras musik f\u00f6r att uppskatta ber\u00e4ttelsen, eftersom den i grunden handlar om v\u00e4nskap, skapargl\u00e4dje och modet att f\u00f6lja sina dr\u00f6mmar.<\/p>\n<p>Filmen passar s\u00e4rskilt bra om du gillar musikdramer som fokuserar p\u00e5 relationer snarare \u00e4n bara k\u00e4ndisskap. Den visar hur kreativitet kan f\u00f6rena m\u00e4nniskor och hur sm\u00e5 beslut under ungdoms\u00e5ren kan p\u00e5verka hela livet, vilket g\u00f6r Sommartider till en sj\u00e4lvklar gyllene tider <a href=\"https:\/\/kultur.nu\/en\/film\/\">film<\/a>.<\/p>","protected":false},"excerpt":{"rendered":"<p>Sommartider \u00e4r en svensk dramafilm fr\u00e5n 2024 som f\u00f6ljer hur bandet Gyllene Tider bildas och&hellip;<\/p>","protected":false},"author":1,"featured_media":775,"comment_status":"open","ping_status":"open","sticky":false,"template":"","format":"standard","meta":{"_yoast_wpseo_focuskw":"","_yoast_wpseo_title":"","_yoast_wpseo_metadesc":"","_yoast_wpseo_meta-robots-noindex":"","_yoast_wpseo_meta-robots-nofollow":"","_yoast_wpseo_canonical":"","_yoast_wpseo_opengraph-title":"","_yoast_wpseo_opengraph-description":"","_yoast_wpseo_twitter-title":"","_yoast_wpseo_twitter-description":"","footnotes":"","rank_math_description":"","rank_math_focus_keyword":"","rank_math_title":"","rank_math_canonical_url":"","rank_math_robots":"","rank_math_facebook_title":"","rank_math_facebook_description":"","rank_math_twitter_title":"","rank_math_twitter_description":""},"categories":[2],"tags":[],"class_list":["post-774","post","type-post","status-publish","format-standard","has-post-thumbnail","hentry","category-aktuellt"],"yoast_head":"<!-- This site is optimized with the Yoast SEO plugin v27.5 - https:\/\/yoast.com\/product\/yoast-seo-wordpress\/ -->\n<title>Sommartider - filmen som skildrar hur Gyllene Tider tog sina f\u00f6rsta steg - Kultur i Sverige<\/title>\n<meta name=\"robots\" content=\"index, follow, max-snippet:-1, max-image-preview:large, max-video-preview:-1\" \/>\n<link rel=\"canonical\" href=\"https:\/\/kultur.nu\/en\/gyllene-tider-film\/\" \/>\n<meta property=\"og:locale\" content=\"en_US\" \/>\n<meta property=\"og:type\" content=\"article\" \/>\n<meta property=\"og:title\" content=\"Sommartider - filmen som skildrar hur Gyllene Tider tog sina f\u00f6rsta steg - Kultur i Sverige\" \/>\n<meta property=\"og:description\" content=\"Sommartider \u00e4r en svensk dramafilm fr\u00e5n 2024 som f\u00f6ljer hur bandet Gyllene Tider bildas och&hellip;\" \/>\n<meta property=\"og:url\" content=\"https:\/\/kultur.nu\/en\/gyllene-tider-film\/\" \/>\n<meta property=\"og:site_name\" content=\"Kultur i Sverige\" \/>\n<meta property=\"article:published_time\" content=\"2026-02-27T14:23:51+00:00\" \/>\n<meta property=\"article:modified_time\" content=\"2026-02-27T14:24:00+00:00\" \/>\n<meta property=\"og:image\" content=\"https:\/\/kultur.nu\/wp-content\/uploads\/2026\/02\/image35.webp\" \/>\n\t<meta property=\"og:image:width\" content=\"1200\" \/>\n\t<meta property=\"og:image:height\" content=\"675\" \/>\n\t<meta property=\"og:image:type\" content=\"image\/webp\" \/>\n<meta name=\"author\" content=\"Annica\" \/>\n<meta name=\"twitter:card\" content=\"summary_large_image\" \/>\n<meta name=\"twitter:label1\" content=\"Written by\" \/>\n\t<meta name=\"twitter:data1\" content=\"Annica\" \/>\n\t<meta name=\"twitter:label2\" content=\"Est. reading time\" \/>\n\t<meta name=\"twitter:data2\" content=\"4 minutes\" \/>\n<script type=\"application\/ld+json\" class=\"yoast-schema-graph\">{\"@context\":\"https:\\\/\\\/schema.org\",\"@graph\":[{\"@type\":\"Article\",\"@id\":\"https:\\\/\\\/kultur.nu\\\/gyllene-tider-film\\\/#article\",\"isPartOf\":{\"@id\":\"https:\\\/\\\/kultur.nu\\\/gyllene-tider-film\\\/\"},\"author\":{\"name\":\"Annica\",\"@id\":\"https:\\\/\\\/kultur.nu\\\/#\\\/schema\\\/person\\\/cbafe9491d5ea09a25eace8883923b2c\"},\"headline\":\"Sommartider &#8211; filmen som skildrar hur Gyllene Tider tog sina f\u00f6rsta steg\",\"datePublished\":\"2026-02-27T14:23:51+00:00\",\"dateModified\":\"2026-02-27T14:24:00+00:00\",\"mainEntityOfPage\":{\"@id\":\"https:\\\/\\\/kultur.nu\\\/gyllene-tider-film\\\/\"},\"wordCount\":912,\"commentCount\":0,\"publisher\":{\"@id\":\"https:\\\/\\\/kultur.nu\\\/#organization\"},\"image\":{\"@id\":\"https:\\\/\\\/kultur.nu\\\/gyllene-tider-film\\\/#primaryimage\"},\"thumbnailUrl\":\"https:\\\/\\\/kultur.nu\\\/wp-content\\\/uploads\\\/2026\\\/02\\\/image35.webp\",\"articleSection\":[\"Aktuellt\"],\"inLanguage\":\"en-US\",\"potentialAction\":[{\"@type\":\"CommentAction\",\"name\":\"Comment\",\"target\":[\"https:\\\/\\\/kultur.nu\\\/gyllene-tider-film\\\/#respond\"]}]},{\"@type\":\"WebPage\",\"@id\":\"https:\\\/\\\/kultur.nu\\\/gyllene-tider-film\\\/\",\"url\":\"https:\\\/\\\/kultur.nu\\\/gyllene-tider-film\\\/\",\"name\":\"Sommartider - filmen som skildrar hur Gyllene Tider tog sina f\u00f6rsta steg - Kultur i Sverige\",\"isPartOf\":{\"@id\":\"https:\\\/\\\/kultur.nu\\\/#website\"},\"primaryImageOfPage\":{\"@id\":\"https:\\\/\\\/kultur.nu\\\/gyllene-tider-film\\\/#primaryimage\"},\"image\":{\"@id\":\"https:\\\/\\\/kultur.nu\\\/gyllene-tider-film\\\/#primaryimage\"},\"thumbnailUrl\":\"https:\\\/\\\/kultur.nu\\\/wp-content\\\/uploads\\\/2026\\\/02\\\/image35.webp\",\"datePublished\":\"2026-02-27T14:23:51+00:00\",\"dateModified\":\"2026-02-27T14:24:00+00:00\",\"breadcrumb\":{\"@id\":\"https:\\\/\\\/kultur.nu\\\/gyllene-tider-film\\\/#breadcrumb\"},\"inLanguage\":\"en-US\",\"potentialAction\":[{\"@type\":\"ReadAction\",\"target\":[\"https:\\\/\\\/kultur.nu\\\/gyllene-tider-film\\\/\"]}]},{\"@type\":\"ImageObject\",\"inLanguage\":\"en-US\",\"@id\":\"https:\\\/\\\/kultur.nu\\\/gyllene-tider-film\\\/#primaryimage\",\"url\":\"https:\\\/\\\/kultur.nu\\\/wp-content\\\/uploads\\\/2026\\\/02\\\/image35.webp\",\"contentUrl\":\"https:\\\/\\\/kultur.nu\\\/wp-content\\\/uploads\\\/2026\\\/02\\\/image35.webp\",\"width\":1200,\"height\":675,\"caption\":\"gyllene tider film\"},{\"@type\":\"BreadcrumbList\",\"@id\":\"https:\\\/\\\/kultur.nu\\\/gyllene-tider-film\\\/#breadcrumb\",\"itemListElement\":[{\"@type\":\"ListItem\",\"position\":1,\"name\":\"Hem\",\"item\":\"https:\\\/\\\/kultur.nu\\\/\"},{\"@type\":\"ListItem\",\"position\":2,\"name\":\"Sommartider &#8211; filmen som skildrar hur Gyllene Tider tog sina f\u00f6rsta steg\"}]},{\"@type\":\"WebSite\",\"@id\":\"https:\\\/\\\/kultur.nu\\\/#website\",\"url\":\"https:\\\/\\\/kultur.nu\\\/\",\"name\":\"Kultur i Sverige\",\"description\":\"\",\"publisher\":{\"@id\":\"https:\\\/\\\/kultur.nu\\\/#organization\"},\"potentialAction\":[{\"@type\":\"SearchAction\",\"target\":{\"@type\":\"EntryPoint\",\"urlTemplate\":\"https:\\\/\\\/kultur.nu\\\/?s={search_term_string}\"},\"query-input\":{\"@type\":\"PropertyValueSpecification\",\"valueRequired\":true,\"valueName\":\"search_term_string\"}}],\"inLanguage\":\"en-US\"},{\"@type\":\"Organization\",\"@id\":\"https:\\\/\\\/kultur.nu\\\/#organization\",\"name\":\"Kultur i Sverige\",\"url\":\"https:\\\/\\\/kultur.nu\\\/\",\"logo\":{\"@type\":\"ImageObject\",\"inLanguage\":\"en-US\",\"@id\":\"https:\\\/\\\/kultur.nu\\\/#\\\/schema\\\/logo\\\/image\\\/\",\"url\":\"https:\\\/\\\/kultur.nu\\\/wp-content\\\/uploads\\\/2025\\\/10\\\/cropped-Kultur.nu-logo.webp\",\"contentUrl\":\"https:\\\/\\\/kultur.nu\\\/wp-content\\\/uploads\\\/2025\\\/10\\\/cropped-Kultur.nu-logo.webp\",\"width\":510,\"height\":95,\"caption\":\"Kultur i Sverige\"},\"image\":{\"@id\":\"https:\\\/\\\/kultur.nu\\\/#\\\/schema\\\/logo\\\/image\\\/\"}},{\"@type\":\"Person\",\"@id\":\"https:\\\/\\\/kultur.nu\\\/#\\\/schema\\\/person\\\/cbafe9491d5ea09a25eace8883923b2c\",\"name\":\"Annica\",\"image\":{\"@type\":\"ImageObject\",\"inLanguage\":\"en-US\",\"@id\":\"https:\\\/\\\/secure.gravatar.com\\\/avatar\\\/d78c2d842df13ded689c841d90a91fd72f6cc9e7250f7066a537c14f82302546?s=96&d=mm&r=g\",\"url\":\"https:\\\/\\\/secure.gravatar.com\\\/avatar\\\/d78c2d842df13ded689c841d90a91fd72f6cc9e7250f7066a537c14f82302546?s=96&d=mm&r=g\",\"contentUrl\":\"https:\\\/\\\/secure.gravatar.com\\\/avatar\\\/d78c2d842df13ded689c841d90a91fd72f6cc9e7250f7066a537c14f82302546?s=96&d=mm&r=g\",\"caption\":\"Annica\"},\"description\":\"Annika Axelsson \u00e4r kulturskribent p\u00e5 Kultur.nu, d\u00e4r hon skriver om litteratur, film, teater, konst och samtida kulturdebatt. Hon har ett s\u00e4rskilt intresse f\u00f6r hur kultur speglar samh\u00e4llsf\u00f6r\u00e4ndringar, identitet och vardagslivet. Annika har studerat litteraturvetenskap och kulturjournalistik vid Stockholms universitet. Hon har \u00e4ven l\u00e4st konstvetenskap och medievetenskap, vilket ger henne en bred grund n\u00e4r hon analyserar b\u00e5de klassiska verk och moderna kulturuttryck. P\u00e5 Kultur.nu skriver Annika fr\u00e4mst recensioner, f\u00f6rdjupande artiklar och personliga kr\u00f6nikor. Hon bevakar nya b\u00f6cker, uppm\u00e4rksammade teaterf\u00f6rest\u00e4llningar, filmfestivaler, utst\u00e4llningar och aktuella kulturh\u00e4ndelser. Hennes texter k\u00e4nnetecknas av ett nyfiket, kunnigt och tillg\u00e4ngligt spr\u00e5k, d\u00e4r hon vill g\u00f6ra kultur l\u00e4ttare att f\u00f6rst\u00e5 utan att f\u00f6renkla den. Hon har tidigare arbetat med redaktionellt inneh\u00e5ll, intervjuer och kulturbevakning f\u00f6r b\u00e5de digitala magasin och lokala publikationer. I sitt skrivande \u00e5terkommer hon ofta till fr\u00e5gor om ber\u00e4ttande, kreativitet, klass, k\u00f6nsroller och kulturens plats i det moderna samh\u00e4llet.\",\"sameAs\":[\"https:\\\/\\\/kultur.nu\"],\"url\":\"https:\\\/\\\/kultur.nu\\\/en\\\/author\\\/annica\\\/\"}]}<\/script>\n<!-- \/ Yoast SEO plugin. -->","yoast_head_json":{"title":"Sommartider - filmen som skildrar hur Gyllene Tider tog sina f\u00f6rsta steg - Kultur i Sverige","robots":{"index":"index","follow":"follow","max-snippet":"max-snippet:-1","max-image-preview":"max-image-preview:large","max-video-preview":"max-video-preview:-1"},"canonical":"https:\/\/kultur.nu\/en\/gyllene-tider-film\/","og_locale":"en_US","og_type":"article","og_title":"Sommartider - filmen som skildrar hur Gyllene Tider tog sina f\u00f6rsta steg - Kultur i Sverige","og_description":"Sommartider \u00e4r en svensk dramafilm fr\u00e5n 2024 som f\u00f6ljer hur bandet Gyllene Tider bildas och&hellip;","og_url":"https:\/\/kultur.nu\/en\/gyllene-tider-film\/","og_site_name":"Kultur i Sverige","article_published_time":"2026-02-27T14:23:51+00:00","article_modified_time":"2026-02-27T14:24:00+00:00","og_image":[{"width":1200,"height":675,"url":"https:\/\/kultur.nu\/wp-content\/uploads\/2026\/02\/image35.webp","type":"image\/webp"}],"author":"Annica","twitter_card":"summary_large_image","twitter_misc":{"Written by":"Annica","Est. reading time":"4 minutes"},"schema":{"@context":"https:\/\/schema.org","@graph":[{"@type":"Article","@id":"https:\/\/kultur.nu\/gyllene-tider-film\/#article","isPartOf":{"@id":"https:\/\/kultur.nu\/gyllene-tider-film\/"},"author":{"name":"Annica","@id":"https:\/\/kultur.nu\/#\/schema\/person\/cbafe9491d5ea09a25eace8883923b2c"},"headline":"Sommartider &#8211; filmen som skildrar hur Gyllene Tider tog sina f\u00f6rsta steg","datePublished":"2026-02-27T14:23:51+00:00","dateModified":"2026-02-27T14:24:00+00:00","mainEntityOfPage":{"@id":"https:\/\/kultur.nu\/gyllene-tider-film\/"},"wordCount":912,"commentCount":0,"publisher":{"@id":"https:\/\/kultur.nu\/#organization"},"image":{"@id":"https:\/\/kultur.nu\/gyllene-tider-film\/#primaryimage"},"thumbnailUrl":"https:\/\/kultur.nu\/wp-content\/uploads\/2026\/02\/image35.webp","articleSection":["Aktuellt"],"inLanguage":"en-US","potentialAction":[{"@type":"CommentAction","name":"Comment","target":["https:\/\/kultur.nu\/gyllene-tider-film\/#respond"]}]},{"@type":"WebPage","@id":"https:\/\/kultur.nu\/gyllene-tider-film\/","url":"https:\/\/kultur.nu\/gyllene-tider-film\/","name":"Sommartider - filmen som skildrar hur Gyllene Tider tog sina f\u00f6rsta steg - Kultur i Sverige","isPartOf":{"@id":"https:\/\/kultur.nu\/#website"},"primaryImageOfPage":{"@id":"https:\/\/kultur.nu\/gyllene-tider-film\/#primaryimage"},"image":{"@id":"https:\/\/kultur.nu\/gyllene-tider-film\/#primaryimage"},"thumbnailUrl":"https:\/\/kultur.nu\/wp-content\/uploads\/2026\/02\/image35.webp","datePublished":"2026-02-27T14:23:51+00:00","dateModified":"2026-02-27T14:24:00+00:00","breadcrumb":{"@id":"https:\/\/kultur.nu\/gyllene-tider-film\/#breadcrumb"},"inLanguage":"en-US","potentialAction":[{"@type":"ReadAction","target":["https:\/\/kultur.nu\/gyllene-tider-film\/"]}]},{"@type":"ImageObject","inLanguage":"en-US","@id":"https:\/\/kultur.nu\/gyllene-tider-film\/#primaryimage","url":"https:\/\/kultur.nu\/wp-content\/uploads\/2026\/02\/image35.webp","contentUrl":"https:\/\/kultur.nu\/wp-content\/uploads\/2026\/02\/image35.webp","width":1200,"height":675,"caption":"gyllene tider film"},{"@type":"BreadcrumbList","@id":"https:\/\/kultur.nu\/gyllene-tider-film\/#breadcrumb","itemListElement":[{"@type":"ListItem","position":1,"name":"Hem","item":"https:\/\/kultur.nu\/"},{"@type":"ListItem","position":2,"name":"Sommartider &#8211; filmen som skildrar hur Gyllene Tider tog sina f\u00f6rsta steg"}]},{"@type":"WebSite","@id":"https:\/\/kultur.nu\/#website","url":"https:\/\/kultur.nu\/","name":"Kultur i Sverige","description":"","publisher":{"@id":"https:\/\/kultur.nu\/#organization"},"potentialAction":[{"@type":"SearchAction","target":{"@type":"EntryPoint","urlTemplate":"https:\/\/kultur.nu\/?s={search_term_string}"},"query-input":{"@type":"PropertyValueSpecification","valueRequired":true,"valueName":"search_term_string"}}],"inLanguage":"en-US"},{"@type":"Organization","@id":"https:\/\/kultur.nu\/#organization","name":"Kultur i Sverige","url":"https:\/\/kultur.nu\/","logo":{"@type":"ImageObject","inLanguage":"en-US","@id":"https:\/\/kultur.nu\/#\/schema\/logo\/image\/","url":"https:\/\/kultur.nu\/wp-content\/uploads\/2025\/10\/cropped-Kultur.nu-logo.webp","contentUrl":"https:\/\/kultur.nu\/wp-content\/uploads\/2025\/10\/cropped-Kultur.nu-logo.webp","width":510,"height":95,"caption":"Kultur i Sverige"},"image":{"@id":"https:\/\/kultur.nu\/#\/schema\/logo\/image\/"}},{"@type":"Person","@id":"https:\/\/kultur.nu\/#\/schema\/person\/cbafe9491d5ea09a25eace8883923b2c","name":"Annica","image":{"@type":"ImageObject","inLanguage":"en-US","@id":"https:\/\/secure.gravatar.com\/avatar\/d78c2d842df13ded689c841d90a91fd72f6cc9e7250f7066a537c14f82302546?s=96&d=mm&r=g","url":"https:\/\/secure.gravatar.com\/avatar\/d78c2d842df13ded689c841d90a91fd72f6cc9e7250f7066a537c14f82302546?s=96&d=mm&r=g","contentUrl":"https:\/\/secure.gravatar.com\/avatar\/d78c2d842df13ded689c841d90a91fd72f6cc9e7250f7066a537c14f82302546?s=96&d=mm&r=g","caption":"Annica"},"description":"Annika Axelsson \u00e4r kulturskribent p\u00e5 Kultur.nu, d\u00e4r hon skriver om litteratur, film, teater, konst och samtida kulturdebatt. Hon har ett s\u00e4rskilt intresse f\u00f6r hur kultur speglar samh\u00e4llsf\u00f6r\u00e4ndringar, identitet och vardagslivet. Annika har studerat litteraturvetenskap och kulturjournalistik vid Stockholms universitet. Hon har \u00e4ven l\u00e4st konstvetenskap och medievetenskap, vilket ger henne en bred grund n\u00e4r hon analyserar b\u00e5de klassiska verk och moderna kulturuttryck. P\u00e5 Kultur.nu skriver Annika fr\u00e4mst recensioner, f\u00f6rdjupande artiklar och personliga kr\u00f6nikor. Hon bevakar nya b\u00f6cker, uppm\u00e4rksammade teaterf\u00f6rest\u00e4llningar, filmfestivaler, utst\u00e4llningar och aktuella kulturh\u00e4ndelser. Hennes texter k\u00e4nnetecknas av ett nyfiket, kunnigt och tillg\u00e4ngligt spr\u00e5k, d\u00e4r hon vill g\u00f6ra kultur l\u00e4ttare att f\u00f6rst\u00e5 utan att f\u00f6renkla den. Hon har tidigare arbetat med redaktionellt inneh\u00e5ll, intervjuer och kulturbevakning f\u00f6r b\u00e5de digitala magasin och lokala publikationer. I sitt skrivande \u00e5terkommer hon ofta till fr\u00e5gor om ber\u00e4ttande, kreativitet, klass, k\u00f6nsroller och kulturens plats i det moderna samh\u00e4llet.","sameAs":["https:\/\/kultur.nu"],"url":"https:\/\/kultur.nu\/en\/author\/annica\/"}]}},"_links":{"self":[{"href":"https:\/\/kultur.nu\/en\/wp-json\/wp\/v2\/posts\/774","targetHints":{"allow":["GET"]}}],"collection":[{"href":"https:\/\/kultur.nu\/en\/wp-json\/wp\/v2\/posts"}],"about":[{"href":"https:\/\/kultur.nu\/en\/wp-json\/wp\/v2\/types\/post"}],"author":[{"embeddable":true,"href":"https:\/\/kultur.nu\/en\/wp-json\/wp\/v2\/users\/1"}],"replies":[{"embeddable":true,"href":"https:\/\/kultur.nu\/en\/wp-json\/wp\/v2\/comments?post=774"}],"version-history":[{"count":2,"href":"https:\/\/kultur.nu\/en\/wp-json\/wp\/v2\/posts\/774\/revisions"}],"predecessor-version":[{"id":779,"href":"https:\/\/kultur.nu\/en\/wp-json\/wp\/v2\/posts\/774\/revisions\/779"}],"wp:featuredmedia":[{"embeddable":true,"href":"https:\/\/kultur.nu\/en\/wp-json\/wp\/v2\/media\/775"}],"wp:attachment":[{"href":"https:\/\/kultur.nu\/en\/wp-json\/wp\/v2\/media?parent=774"}],"wp:term":[{"taxonomy":"category","embeddable":true,"href":"https:\/\/kultur.nu\/en\/wp-json\/wp\/v2\/categories?post=774"},{"taxonomy":"post_tag","embeddable":true,"href":"https:\/\/kultur.nu\/en\/wp-json\/wp\/v2\/tags?post=774"}],"curies":[{"name":"wp","href":"https:\/\/api.w.org\/{rel}","templated":true}]}}