{"id":793,"date":"2026-03-11T02:56:30","date_gmt":"2026-03-11T01:56:30","guid":{"rendered":"https:\/\/kultur.nu\/?p=793"},"modified":"2026-03-11T03:06:59","modified_gmt":"2026-03-11T02:06:59","slug":"traditioner-i-sverige","status":"publish","type":"post","link":"https:\/\/kultur.nu\/en\/traditioner-i-sverige\/","title":{"rendered":"Traditioner i Sverige"},"content":{"rendered":"<p>Sverige \u00e4r ett land d\u00e4r <strong>traditioner<\/strong> fortfarande har en tydlig plats i vardagen. En del firanden \u00e4r stora och sj\u00e4lvklara, medan andra lever kvar mer stilla i hemmen, i skolorna eller i mindre sammanhang. Det handlar inte bara om h\u00f6gtider, utan ocks\u00e5 om s\u00e5dant som \u00e5terkommer varje \u00e5r och som hj\u00e4lper m\u00e4nniskor att k\u00e4nna igen \u00e5rstidernas skiften. Vissa traditioner \u00e4r djupt f\u00f6rankrade i religionen, andra kommer fr\u00e5n bondesamh\u00e4llet, och en del \u00e4r ganska moderna men har \u00e4nd\u00e5 blivit en naturlig del av det svenska livet.<\/p>\n<p>Det som g\u00f6r svenska traditioner intressanta \u00e4r att de rymmer b\u00e5de det h\u00f6gtidliga och det enkla. En <a href=\"https:\/\/kultur.nu\/en\/varfor-firar-man-midsommar\/\">midsommar<\/a> kan best\u00e5 av en blomsterkrans, sill och <a href=\"https:\/\/kultur.nu\/en\/dans\/\">dans<\/a> runt midsommarst\u00e5ngen, medan en annan tradition kan vara s\u00e5 vardaglig som att samlas f\u00f6r fika eller att \u00e4ta en semla p\u00e5 fettisdagen. Det finns allts\u00e5 b\u00e5de stora nationella h\u00f6gtider och mindre vanor som \u00e4nd\u00e5 s\u00e4ger mycket om hur Sverige fungerar som <a href=\"https:\/\/kultur.nu\/en\/\">kultur<\/a> och samh\u00e4lle.<\/p>\n<h2>H\u00f6gtider som pr\u00e4glar \u00e5ret<\/h2>\n<p>M\u00e5nga av de vanligaste traditionerna i Sverige f\u00f6ljer ett tydligt \u00e5rshjul. N\u00e4r m\u00f6rkret kommer f\u00e5r jul och lucia en s\u00e4rskild betydelse. N\u00e4r v\u00e5ren n\u00e4rmar sig kommer p\u00e5sk, valborg och fettisdagen. Sommaren f\u00f6rknippas med midsommar, och sensommaren har sina kr\u00e4ftskivor. Det g\u00f6r att traditionerna n\u00e4stan fungerar som en kalender i sig.<\/p>\n<table>\n<thead>\n<tr>\n<th>Tradition<\/th>\n<th>Tid p\u00e5 \u00e5ret<\/th>\n<th>Det som brukar k\u00e4nneteckna firandet<\/th>\n<\/tr>\n<\/thead>\n<tbody>\n<tr>\n<td>Jul<\/td>\n<td>December<\/td>\n<td>Julgran, advent, julmat, julklappar och samvaro med familjen.<\/td>\n<\/tr>\n<tr>\n<td>Lucia<\/td>\n<td>13 december<\/td>\n<td>Luciat\u00e5g, ljus, s\u00e5ng och lussekatter.<\/td>\n<\/tr>\n<tr>\n<td>Ny\u00e5r<\/td>\n<td>31 december<\/td>\n<td>Festmiddag, fyrverkerier, tolvslag och ny\u00e5rsl\u00f6ften.<\/td>\n<\/tr>\n<tr>\n<td>Fettisdagen<\/td>\n<td>Februari eller mars<\/td>\n<td>Semlor, kaffe och ett tydligt tecken p\u00e5 att v\u00e5ren n\u00e4rmar sig.<\/td>\n<\/tr>\n<tr>\n<td>P\u00e5sk<\/td>\n<td>Mars eller april<\/td>\n<td>P\u00e5sk\u00e4gg, p\u00e5skmat, fj\u00e4drar och barn som kl\u00e4r ut sig.<\/td>\n<\/tr>\n<tr>\n<td>Valborg<\/td>\n<td>30 april<\/td>\n<td>Brasor, k\u00f6rs\u00e5ng och firande av v\u00e5ren.<\/td>\n<\/tr>\n<tr>\n<td>Midsommar<\/td>\n<td>Juni<\/td>\n<td>Midsommarst\u00e5ng, sill, f\u00e4rskpotatis, jordgubbar och lekar.<\/td>\n<\/tr>\n<tr>\n<td>Kr\u00e4ftskiva<\/td>\n<td>Augusti<\/td>\n<td>Kr\u00e4ftor, pappershattar, snapsvisor och lyktor.<\/td>\n<\/tr>\n<\/tbody>\n<\/table>\n<p>Julen \u00e4r f\u00f6r m\u00e5nga den st\u00f6rsta h\u00f6gtiden i Sverige. Den har en s\u00e4rskild tyngd, b\u00e5de kulturellt och k\u00e4nslom\u00e4ssigt. Det handlar inte bara om sj\u00e4lva julafton, utan om hela perioden f\u00f6re jul. Adventsstakar, stj\u00e4rnor i f\u00f6nstren, pepparkakor och gl\u00f6gg bygger upp en st\u00e4mning som m\u00e5nga f\u00f6rknippar med trygghet och familjeliv. F\u00f6r m\u00e5nga \u00e4r det ocks\u00e5 viktigt att maten ser ut p\u00e5 ett visst s\u00e4tt, med julskinka, sill, k\u00f6ttbullar och annat som h\u00f6r julbordet till.<\/p>\n<p>Lucia kommer mitt i det m\u00f6rkaste vinterhalv\u00e5ret och har d\u00e4rf\u00f6r en egen plats i svensk tradition. Ett luciat\u00e5g i en skola, kyrka eller p\u00e5 en arbetsplats \u00e4r n\u00e5got som m\u00e5nga svenskar har vuxit upp med. Det finns n\u00e5got stilla och vackert i den traditionen, s\u00e4rskilt n\u00e4r december annars ofta \u00e4r en ganska stressig m\u00e5nad.<\/p>\n<h2>Svenska traditioner som n\u00e4stan alla k\u00e4nner igen<\/h2>\n<p>Det finns n\u00e5gra traditioner som n\u00e4stan blivit symboler f\u00f6r Sverige. De dyker upp i bilder, i turistguider och i m\u00e4nniskors egna minnen fr\u00e5n barndomen. Det \u00e4r s\u00e5dant som ofta f\u00f6rs vidare mellan generationer, \u00e4ven n\u00e4r detaljerna f\u00f6r\u00e4ndras.<\/p>\n<ul>\n<li>Midsommar h\u00f6r till det mest typiskt svenska, med en midsommarst\u00e5ng, blomsterkransar och ett firande som n\u00e4stan alltid sker utomhus.<\/li>\n<li>Julen \u00e4r fortfarande en av de h\u00f6gtider som samlar flest familjer runt ett gemensamt bord.<\/li>\n<li>Lucia lever kvar som en tradition d\u00e4r s\u00e5ng, ljus och st\u00e4mning st\u00e5r i centrum.<\/li>\n<li>Valborg markerar \u00f6verg\u00e5ngen fr\u00e5n en l\u00e5ng vinter till en ljusare tid p\u00e5 \u00e5ret.<\/li>\n<li>Fettisdagen har en sj\u00e4lvklar plats i Sverige, eftersom semlan \u00e4r en av de mest \u00e4lskade s\u00e4songsbakelserna vi har.<\/li>\n<\/ul>\n<p>Just fettisdagen \u00e4r ett bra exempel p\u00e5 hur en ganska enkel tradition kan f\u00e5 en stor plats i kulturen. Det \u00e4r inte en ledig dag och inte ett stort offentligt firande p\u00e5 samma s\u00e4tt som midsommar eller jul, men \u00e4nd\u00e5 vet n\u00e4stan alla vad dagen inneb\u00e4r. Semlan s\u00e4ljs i caf\u00e9er, bagerier och matbutiker l\u00e5ngt innan sj\u00e4lva dagen \u00e4r h\u00e4r, och varje \u00e5r uppst\u00e5r samma diskussion om n\u00e4r det egentligen \u00e4r okej att b\u00f6rja \u00e4ta den. Det s\u00e4ger en del om hur l\u00e4tt en gammal tradition kan leva vidare i en modern vardag.<\/p>\n<p>P\u00e5sken har ocks\u00e5 en tydlig plats i Sverige, \u00e4ven om den ofta firas lugnare \u00e4n jul. Barn kl\u00e4r ibland ut sig till p\u00e5skk\u00e4rringar och g\u00e5r runt med teckningar eller kort, och m\u00e5nga familjer samlas kring en p\u00e5skm\u00e5ltid med \u00e4gg, sill och lax. P\u00e5sken \u00e4r dessutom en h\u00f6gtid d\u00e4r f\u00e4rgerna f\u00e5r ta plats p\u00e5 ett annat s\u00e4tt \u00e4n under resten av \u00e5ret.<\/p>\n<h2>De lite mer udda inslagen<\/h2>\n<p>Alla svenska traditioner \u00e4r inte h\u00f6gtidliga. En del \u00e4r tv\u00e4rtom ganska l\u00e4ttsamma, lite m\u00e4rkliga eller v\u00e4ldigt vardagliga. Det \u00e4r ofta just de traditionerna som utomst\u00e5ende l\u00e4gger m\u00e4rke till f\u00f6rst.<\/p>\n<ul>\n<li>Kr\u00e4ftskivan \u00e4r en av de mer s\u00e4regna svenska traditionerna, d\u00e4r hattar, haklappar och <a href=\"https:\/\/kultur.nu\/en\/musik\/visor\/\">visor<\/a> g\u00f6r kv\u00e4llen b\u00e5de h\u00f6gljudd och l\u00e4tt kaotisk.<\/li>\n<li>Surstr\u00f6mmingspremi\u00e4ren \u00e4r en tradition som v\u00e4cker nyfikenhet, men ocks\u00e5 tvekan hos den som aldrig har varit med om den.<\/li>\n<li>Studenten \u00e4r en modern tradition som i Sverige blivit ett stort offentligt firande med flak, skyltar och mycket ljud.<\/li>\n<li>Fredagsmys \u00e4r ingen gammal h\u00f6gtid, men det har \u00e4nd\u00e5 blivit en \u00e5terkommande vana i m\u00e5nga svenska hem.<\/li>\n<li>Fika \u00e4r inte en h\u00f6gtid i vanlig mening, men fungerar n\u00e4stan som en social ritual i Sverige.<\/li>\n<\/ul>\n<p>Kr\u00e4ftskivan \u00e4r ett bra exempel p\u00e5 en tradition som b\u00e5de k\u00e4nns gammal och levande p\u00e5 samma g\u00e5ng. Den \u00e4r st\u00f6kigare \u00e4n m\u00e5nga andra svenska h\u00f6gtider och har en annan ton \u00e4n till exempel jul eller lucia. H\u00e4r finns det mer skratt, mer s\u00e5ng och ofta ett mindre formellt s\u00e4tt att umg\u00e5s p\u00e5.<\/p>\n<p>Fredagsmys \u00e4r d\u00e4remot ett nyare fenomen, men det s\u00e4ger mycket om det svenska vardagslivet. Att avsluta veckan hemma med n\u00e5got gott att \u00e4ta, en <a href=\"https:\/\/kultur.nu\/en\/film\/\">film<\/a> eller ett tv-program och en lugn kv\u00e4ll med familjen har blivit en sorts modern tradition. Det \u00e4r kanske inte ett <a href=\"https:\/\/kultur.nu\/en\/kulturarv\/\">kulturarv<\/a> i gammal mening, men det \u00e4r \u00e4nd\u00e5 ett \u00e5terkommande m\u00f6nster som m\u00e5nga k\u00e4nner igen sig i.<\/p>\n<h2>D\u00e4rf\u00f6r lever traditionerna vidare<\/h2>\n<p>Det finns en anledning till att traditioner h\u00e5ller sig kvar, \u00e4ven i ett modernt samh\u00e4lle d\u00e4r mycket annat f\u00f6r\u00e4ndras snabbt. De ger en k\u00e4nsla av sammanhang. N\u00e4r en viss mat dukas fram, n\u00e4r en s\u00e4rskild s\u00e5ng sjungs eller n\u00e4r en viss dag \u00e5terkommer i kalendern, vet m\u00e4nniskor vad det betyder. Det skapar igenk\u00e4nning och ocks\u00e5 en k\u00e4nsla av tillh\u00f6righet.<\/p>\n<p>Samtidigt \u00e4r det viktigt att f\u00f6rst\u00e5 att traditioner inte \u00e4r helt fasta. En svensk jul i dag beh\u00f6ver inte se ut som en svensk jul gjorde f\u00f6r femtio \u00e5r sedan. En midsommar i stan kan vara lika betydelsefull som ett firande p\u00e5 landet. En familj kanske firar p\u00e5 sitt eget s\u00e4tt, men k\u00e4nner \u00e4nd\u00e5 att det \u00e4r en del av samma svenska tradition.<\/p>\n<p>Det \u00e4r just d\u00e4r mycket av det intressanta finns. Traditioner i Sverige handlar inte bara om gamla regler, utan om s\u00e5dant m\u00e4nniskor forts\u00e4tter att samlas kring eftersom det fortfarande betyder n\u00e5got. Fr\u00e5n lucia och midsommar till fettisdagen och kr\u00e4ftskivan finns det en tydlig r\u00f6d tr\u00e5d: maten, \u00e5rstiderna, gemenskapen och viljan att g\u00f6ra n\u00e5got tillsammans som \u00e5terkommer \u00e5r efter \u00e5r.<\/p>","protected":false},"excerpt":{"rendered":"<p>Sverige \u00e4r ett land d\u00e4r traditioner fortfarande har en tydlig plats i vardagen. En del&hellip;<\/p>","protected":false},"author":1,"featured_media":796,"comment_status":"open","ping_status":"open","sticky":false,"template":"","format":"standard","meta":{"_yoast_wpseo_focuskw":"","_yoast_wpseo_title":"","_yoast_wpseo_metadesc":"","_yoast_wpseo_meta-robots-noindex":"","_yoast_wpseo_meta-robots-nofollow":"","_yoast_wpseo_canonical":"","_yoast_wpseo_opengraph-title":"","_yoast_wpseo_opengraph-description":"","_yoast_wpseo_twitter-title":"","_yoast_wpseo_twitter-description":"","footnotes":"","rank_math_description":"","rank_math_focus_keyword":"","rank_math_title":"","rank_math_canonical_url":"","rank_math_robots":"","rank_math_facebook_title":"","rank_math_facebook_description":"","rank_math_twitter_title":"","rank_math_twitter_description":""},"categories":[2],"tags":[],"class_list":["post-793","post","type-post","status-publish","format-standard","has-post-thumbnail","hentry","category-aktuellt"],"yoast_head":"<!-- This site is optimized with the Yoast SEO plugin v27.5 - https:\/\/yoast.com\/product\/yoast-seo-wordpress\/ -->\n<title>Traditioner i Sverige - Kultur i Sverige<\/title>\n<meta name=\"robots\" content=\"index, follow, max-snippet:-1, max-image-preview:large, max-video-preview:-1\" \/>\n<link rel=\"canonical\" href=\"https:\/\/kultur.nu\/en\/traditioner-i-sverige\/\" \/>\n<meta property=\"og:locale\" content=\"en_US\" \/>\n<meta property=\"og:type\" content=\"article\" \/>\n<meta property=\"og:title\" content=\"Traditioner i Sverige - Kultur i Sverige\" \/>\n<meta property=\"og:description\" content=\"Sverige \u00e4r ett land d\u00e4r traditioner fortfarande har en tydlig plats i vardagen. En del&hellip;\" \/>\n<meta property=\"og:url\" content=\"https:\/\/kultur.nu\/en\/traditioner-i-sverige\/\" \/>\n<meta property=\"og:site_name\" content=\"Kultur i Sverige\" \/>\n<meta property=\"article:published_time\" content=\"2026-03-11T01:56:30+00:00\" \/>\n<meta property=\"article:modified_time\" content=\"2026-03-11T02:06:59+00:00\" \/>\n<meta property=\"og:image\" content=\"https:\/\/kultur.nu\/wp-content\/uploads\/2026\/03\/Traditioner-i-Sverige.webp\" \/>\n\t<meta property=\"og:image:width\" content=\"800\" \/>\n\t<meta property=\"og:image:height\" content=\"519\" \/>\n\t<meta property=\"og:image:type\" content=\"image\/webp\" \/>\n<meta name=\"author\" content=\"Annica\" \/>\n<meta name=\"twitter:card\" content=\"summary_large_image\" \/>\n<meta name=\"twitter:label1\" content=\"Written by\" \/>\n\t<meta name=\"twitter:data1\" content=\"Annica\" \/>\n\t<meta name=\"twitter:label2\" content=\"Est. reading time\" \/>\n\t<meta name=\"twitter:data2\" content=\"7 minutes\" \/>\n<script type=\"application\/ld+json\" class=\"yoast-schema-graph\">{\"@context\":\"https:\\\/\\\/schema.org\",\"@graph\":[{\"@type\":\"Article\",\"@id\":\"https:\\\/\\\/kultur.nu\\\/traditioner-i-sverige\\\/#article\",\"isPartOf\":{\"@id\":\"https:\\\/\\\/kultur.nu\\\/traditioner-i-sverige\\\/\"},\"author\":{\"name\":\"Annica\",\"@id\":\"https:\\\/\\\/kultur.nu\\\/#\\\/schema\\\/person\\\/cbafe9491d5ea09a25eace8883923b2c\"},\"headline\":\"Traditioner i Sverige\",\"datePublished\":\"2026-03-11T01:56:30+00:00\",\"dateModified\":\"2026-03-11T02:06:59+00:00\",\"mainEntityOfPage\":{\"@id\":\"https:\\\/\\\/kultur.nu\\\/traditioner-i-sverige\\\/\"},\"wordCount\":1340,\"commentCount\":0,\"publisher\":{\"@id\":\"https:\\\/\\\/kultur.nu\\\/#organization\"},\"image\":{\"@id\":\"https:\\\/\\\/kultur.nu\\\/traditioner-i-sverige\\\/#primaryimage\"},\"thumbnailUrl\":\"https:\\\/\\\/kultur.nu\\\/wp-content\\\/uploads\\\/2026\\\/03\\\/Traditioner-i-Sverige.webp\",\"articleSection\":[\"Aktuellt\"],\"inLanguage\":\"en-US\",\"potentialAction\":[{\"@type\":\"CommentAction\",\"name\":\"Comment\",\"target\":[\"https:\\\/\\\/kultur.nu\\\/traditioner-i-sverige\\\/#respond\"]}]},{\"@type\":\"WebPage\",\"@id\":\"https:\\\/\\\/kultur.nu\\\/traditioner-i-sverige\\\/\",\"url\":\"https:\\\/\\\/kultur.nu\\\/traditioner-i-sverige\\\/\",\"name\":\"Traditioner i Sverige - Kultur i Sverige\",\"isPartOf\":{\"@id\":\"https:\\\/\\\/kultur.nu\\\/#website\"},\"primaryImageOfPage\":{\"@id\":\"https:\\\/\\\/kultur.nu\\\/traditioner-i-sverige\\\/#primaryimage\"},\"image\":{\"@id\":\"https:\\\/\\\/kultur.nu\\\/traditioner-i-sverige\\\/#primaryimage\"},\"thumbnailUrl\":\"https:\\\/\\\/kultur.nu\\\/wp-content\\\/uploads\\\/2026\\\/03\\\/Traditioner-i-Sverige.webp\",\"datePublished\":\"2026-03-11T01:56:30+00:00\",\"dateModified\":\"2026-03-11T02:06:59+00:00\",\"breadcrumb\":{\"@id\":\"https:\\\/\\\/kultur.nu\\\/traditioner-i-sverige\\\/#breadcrumb\"},\"inLanguage\":\"en-US\",\"potentialAction\":[{\"@type\":\"ReadAction\",\"target\":[\"https:\\\/\\\/kultur.nu\\\/traditioner-i-sverige\\\/\"]}]},{\"@type\":\"ImageObject\",\"inLanguage\":\"en-US\",\"@id\":\"https:\\\/\\\/kultur.nu\\\/traditioner-i-sverige\\\/#primaryimage\",\"url\":\"https:\\\/\\\/kultur.nu\\\/wp-content\\\/uploads\\\/2026\\\/03\\\/Traditioner-i-Sverige.webp\",\"contentUrl\":\"https:\\\/\\\/kultur.nu\\\/wp-content\\\/uploads\\\/2026\\\/03\\\/Traditioner-i-Sverige.webp\",\"width\":800,\"height\":519,\"caption\":\"Traditioner i Sverige\"},{\"@type\":\"BreadcrumbList\",\"@id\":\"https:\\\/\\\/kultur.nu\\\/traditioner-i-sverige\\\/#breadcrumb\",\"itemListElement\":[{\"@type\":\"ListItem\",\"position\":1,\"name\":\"Hem\",\"item\":\"https:\\\/\\\/kultur.nu\\\/\"},{\"@type\":\"ListItem\",\"position\":2,\"name\":\"Traditioner i Sverige\"}]},{\"@type\":\"WebSite\",\"@id\":\"https:\\\/\\\/kultur.nu\\\/#website\",\"url\":\"https:\\\/\\\/kultur.nu\\\/\",\"name\":\"Kultur i Sverige\",\"description\":\"\",\"publisher\":{\"@id\":\"https:\\\/\\\/kultur.nu\\\/#organization\"},\"potentialAction\":[{\"@type\":\"SearchAction\",\"target\":{\"@type\":\"EntryPoint\",\"urlTemplate\":\"https:\\\/\\\/kultur.nu\\\/?s={search_term_string}\"},\"query-input\":{\"@type\":\"PropertyValueSpecification\",\"valueRequired\":true,\"valueName\":\"search_term_string\"}}],\"inLanguage\":\"en-US\"},{\"@type\":\"Organization\",\"@id\":\"https:\\\/\\\/kultur.nu\\\/#organization\",\"name\":\"Kultur i Sverige\",\"url\":\"https:\\\/\\\/kultur.nu\\\/\",\"logo\":{\"@type\":\"ImageObject\",\"inLanguage\":\"en-US\",\"@id\":\"https:\\\/\\\/kultur.nu\\\/#\\\/schema\\\/logo\\\/image\\\/\",\"url\":\"https:\\\/\\\/kultur.nu\\\/wp-content\\\/uploads\\\/2025\\\/10\\\/cropped-Kultur.nu-logo.webp\",\"contentUrl\":\"https:\\\/\\\/kultur.nu\\\/wp-content\\\/uploads\\\/2025\\\/10\\\/cropped-Kultur.nu-logo.webp\",\"width\":510,\"height\":95,\"caption\":\"Kultur i Sverige\"},\"image\":{\"@id\":\"https:\\\/\\\/kultur.nu\\\/#\\\/schema\\\/logo\\\/image\\\/\"}},{\"@type\":\"Person\",\"@id\":\"https:\\\/\\\/kultur.nu\\\/#\\\/schema\\\/person\\\/cbafe9491d5ea09a25eace8883923b2c\",\"name\":\"Annica\",\"image\":{\"@type\":\"ImageObject\",\"inLanguage\":\"en-US\",\"@id\":\"https:\\\/\\\/secure.gravatar.com\\\/avatar\\\/d78c2d842df13ded689c841d90a91fd72f6cc9e7250f7066a537c14f82302546?s=96&d=mm&r=g\",\"url\":\"https:\\\/\\\/secure.gravatar.com\\\/avatar\\\/d78c2d842df13ded689c841d90a91fd72f6cc9e7250f7066a537c14f82302546?s=96&d=mm&r=g\",\"contentUrl\":\"https:\\\/\\\/secure.gravatar.com\\\/avatar\\\/d78c2d842df13ded689c841d90a91fd72f6cc9e7250f7066a537c14f82302546?s=96&d=mm&r=g\",\"caption\":\"Annica\"},\"description\":\"Annika Axelsson \u00e4r kulturskribent p\u00e5 Kultur.nu, d\u00e4r hon skriver om litteratur, film, teater, konst och samtida kulturdebatt. Hon har ett s\u00e4rskilt intresse f\u00f6r hur kultur speglar samh\u00e4llsf\u00f6r\u00e4ndringar, identitet och vardagslivet. Annika har studerat litteraturvetenskap och kulturjournalistik vid Stockholms universitet. Hon har \u00e4ven l\u00e4st konstvetenskap och medievetenskap, vilket ger henne en bred grund n\u00e4r hon analyserar b\u00e5de klassiska verk och moderna kulturuttryck. P\u00e5 Kultur.nu skriver Annika fr\u00e4mst recensioner, f\u00f6rdjupande artiklar och personliga kr\u00f6nikor. Hon bevakar nya b\u00f6cker, uppm\u00e4rksammade teaterf\u00f6rest\u00e4llningar, filmfestivaler, utst\u00e4llningar och aktuella kulturh\u00e4ndelser. Hennes texter k\u00e4nnetecknas av ett nyfiket, kunnigt och tillg\u00e4ngligt spr\u00e5k, d\u00e4r hon vill g\u00f6ra kultur l\u00e4ttare att f\u00f6rst\u00e5 utan att f\u00f6renkla den. Hon har tidigare arbetat med redaktionellt inneh\u00e5ll, intervjuer och kulturbevakning f\u00f6r b\u00e5de digitala magasin och lokala publikationer. I sitt skrivande \u00e5terkommer hon ofta till fr\u00e5gor om ber\u00e4ttande, kreativitet, klass, k\u00f6nsroller och kulturens plats i det moderna samh\u00e4llet.\",\"sameAs\":[\"https:\\\/\\\/kultur.nu\"],\"url\":\"https:\\\/\\\/kultur.nu\\\/en\\\/author\\\/annica\\\/\"}]}<\/script>\n<!-- \/ Yoast SEO plugin. -->","yoast_head_json":{"title":"Traditioner i Sverige - Kultur i Sverige","robots":{"index":"index","follow":"follow","max-snippet":"max-snippet:-1","max-image-preview":"max-image-preview:large","max-video-preview":"max-video-preview:-1"},"canonical":"https:\/\/kultur.nu\/en\/traditioner-i-sverige\/","og_locale":"en_US","og_type":"article","og_title":"Traditioner i Sverige - Kultur i Sverige","og_description":"Sverige \u00e4r ett land d\u00e4r traditioner fortfarande har en tydlig plats i vardagen. En del&hellip;","og_url":"https:\/\/kultur.nu\/en\/traditioner-i-sverige\/","og_site_name":"Kultur i Sverige","article_published_time":"2026-03-11T01:56:30+00:00","article_modified_time":"2026-03-11T02:06:59+00:00","og_image":[{"width":800,"height":519,"url":"https:\/\/kultur.nu\/wp-content\/uploads\/2026\/03\/Traditioner-i-Sverige.webp","type":"image\/webp"}],"author":"Annica","twitter_card":"summary_large_image","twitter_misc":{"Written by":"Annica","Est. reading time":"7 minutes"},"schema":{"@context":"https:\/\/schema.org","@graph":[{"@type":"Article","@id":"https:\/\/kultur.nu\/traditioner-i-sverige\/#article","isPartOf":{"@id":"https:\/\/kultur.nu\/traditioner-i-sverige\/"},"author":{"name":"Annica","@id":"https:\/\/kultur.nu\/#\/schema\/person\/cbafe9491d5ea09a25eace8883923b2c"},"headline":"Traditioner i Sverige","datePublished":"2026-03-11T01:56:30+00:00","dateModified":"2026-03-11T02:06:59+00:00","mainEntityOfPage":{"@id":"https:\/\/kultur.nu\/traditioner-i-sverige\/"},"wordCount":1340,"commentCount":0,"publisher":{"@id":"https:\/\/kultur.nu\/#organization"},"image":{"@id":"https:\/\/kultur.nu\/traditioner-i-sverige\/#primaryimage"},"thumbnailUrl":"https:\/\/kultur.nu\/wp-content\/uploads\/2026\/03\/Traditioner-i-Sverige.webp","articleSection":["Aktuellt"],"inLanguage":"en-US","potentialAction":[{"@type":"CommentAction","name":"Comment","target":["https:\/\/kultur.nu\/traditioner-i-sverige\/#respond"]}]},{"@type":"WebPage","@id":"https:\/\/kultur.nu\/traditioner-i-sverige\/","url":"https:\/\/kultur.nu\/traditioner-i-sverige\/","name":"Traditioner i Sverige - Kultur i Sverige","isPartOf":{"@id":"https:\/\/kultur.nu\/#website"},"primaryImageOfPage":{"@id":"https:\/\/kultur.nu\/traditioner-i-sverige\/#primaryimage"},"image":{"@id":"https:\/\/kultur.nu\/traditioner-i-sverige\/#primaryimage"},"thumbnailUrl":"https:\/\/kultur.nu\/wp-content\/uploads\/2026\/03\/Traditioner-i-Sverige.webp","datePublished":"2026-03-11T01:56:30+00:00","dateModified":"2026-03-11T02:06:59+00:00","breadcrumb":{"@id":"https:\/\/kultur.nu\/traditioner-i-sverige\/#breadcrumb"},"inLanguage":"en-US","potentialAction":[{"@type":"ReadAction","target":["https:\/\/kultur.nu\/traditioner-i-sverige\/"]}]},{"@type":"ImageObject","inLanguage":"en-US","@id":"https:\/\/kultur.nu\/traditioner-i-sverige\/#primaryimage","url":"https:\/\/kultur.nu\/wp-content\/uploads\/2026\/03\/Traditioner-i-Sverige.webp","contentUrl":"https:\/\/kultur.nu\/wp-content\/uploads\/2026\/03\/Traditioner-i-Sverige.webp","width":800,"height":519,"caption":"Traditioner i Sverige"},{"@type":"BreadcrumbList","@id":"https:\/\/kultur.nu\/traditioner-i-sverige\/#breadcrumb","itemListElement":[{"@type":"ListItem","position":1,"name":"Hem","item":"https:\/\/kultur.nu\/"},{"@type":"ListItem","position":2,"name":"Traditioner i Sverige"}]},{"@type":"WebSite","@id":"https:\/\/kultur.nu\/#website","url":"https:\/\/kultur.nu\/","name":"Kultur i Sverige","description":"","publisher":{"@id":"https:\/\/kultur.nu\/#organization"},"potentialAction":[{"@type":"SearchAction","target":{"@type":"EntryPoint","urlTemplate":"https:\/\/kultur.nu\/?s={search_term_string}"},"query-input":{"@type":"PropertyValueSpecification","valueRequired":true,"valueName":"search_term_string"}}],"inLanguage":"en-US"},{"@type":"Organization","@id":"https:\/\/kultur.nu\/#organization","name":"Kultur i Sverige","url":"https:\/\/kultur.nu\/","logo":{"@type":"ImageObject","inLanguage":"en-US","@id":"https:\/\/kultur.nu\/#\/schema\/logo\/image\/","url":"https:\/\/kultur.nu\/wp-content\/uploads\/2025\/10\/cropped-Kultur.nu-logo.webp","contentUrl":"https:\/\/kultur.nu\/wp-content\/uploads\/2025\/10\/cropped-Kultur.nu-logo.webp","width":510,"height":95,"caption":"Kultur i Sverige"},"image":{"@id":"https:\/\/kultur.nu\/#\/schema\/logo\/image\/"}},{"@type":"Person","@id":"https:\/\/kultur.nu\/#\/schema\/person\/cbafe9491d5ea09a25eace8883923b2c","name":"Annica","image":{"@type":"ImageObject","inLanguage":"en-US","@id":"https:\/\/secure.gravatar.com\/avatar\/d78c2d842df13ded689c841d90a91fd72f6cc9e7250f7066a537c14f82302546?s=96&d=mm&r=g","url":"https:\/\/secure.gravatar.com\/avatar\/d78c2d842df13ded689c841d90a91fd72f6cc9e7250f7066a537c14f82302546?s=96&d=mm&r=g","contentUrl":"https:\/\/secure.gravatar.com\/avatar\/d78c2d842df13ded689c841d90a91fd72f6cc9e7250f7066a537c14f82302546?s=96&d=mm&r=g","caption":"Annica"},"description":"Annika Axelsson \u00e4r kulturskribent p\u00e5 Kultur.nu, d\u00e4r hon skriver om litteratur, film, teater, konst och samtida kulturdebatt. Hon har ett s\u00e4rskilt intresse f\u00f6r hur kultur speglar samh\u00e4llsf\u00f6r\u00e4ndringar, identitet och vardagslivet. Annika har studerat litteraturvetenskap och kulturjournalistik vid Stockholms universitet. Hon har \u00e4ven l\u00e4st konstvetenskap och medievetenskap, vilket ger henne en bred grund n\u00e4r hon analyserar b\u00e5de klassiska verk och moderna kulturuttryck. P\u00e5 Kultur.nu skriver Annika fr\u00e4mst recensioner, f\u00f6rdjupande artiklar och personliga kr\u00f6nikor. Hon bevakar nya b\u00f6cker, uppm\u00e4rksammade teaterf\u00f6rest\u00e4llningar, filmfestivaler, utst\u00e4llningar och aktuella kulturh\u00e4ndelser. Hennes texter k\u00e4nnetecknas av ett nyfiket, kunnigt och tillg\u00e4ngligt spr\u00e5k, d\u00e4r hon vill g\u00f6ra kultur l\u00e4ttare att f\u00f6rst\u00e5 utan att f\u00f6renkla den. Hon har tidigare arbetat med redaktionellt inneh\u00e5ll, intervjuer och kulturbevakning f\u00f6r b\u00e5de digitala magasin och lokala publikationer. I sitt skrivande \u00e5terkommer hon ofta till fr\u00e5gor om ber\u00e4ttande, kreativitet, klass, k\u00f6nsroller och kulturens plats i det moderna samh\u00e4llet.","sameAs":["https:\/\/kultur.nu"],"url":"https:\/\/kultur.nu\/en\/author\/annica\/"}]}},"_links":{"self":[{"href":"https:\/\/kultur.nu\/en\/wp-json\/wp\/v2\/posts\/793","targetHints":{"allow":["GET"]}}],"collection":[{"href":"https:\/\/kultur.nu\/en\/wp-json\/wp\/v2\/posts"}],"about":[{"href":"https:\/\/kultur.nu\/en\/wp-json\/wp\/v2\/types\/post"}],"author":[{"embeddable":true,"href":"https:\/\/kultur.nu\/en\/wp-json\/wp\/v2\/users\/1"}],"replies":[{"embeddable":true,"href":"https:\/\/kultur.nu\/en\/wp-json\/wp\/v2\/comments?post=793"}],"version-history":[{"count":4,"href":"https:\/\/kultur.nu\/en\/wp-json\/wp\/v2\/posts\/793\/revisions"}],"predecessor-version":[{"id":801,"href":"https:\/\/kultur.nu\/en\/wp-json\/wp\/v2\/posts\/793\/revisions\/801"}],"wp:featuredmedia":[{"embeddable":true,"href":"https:\/\/kultur.nu\/en\/wp-json\/wp\/v2\/media\/796"}],"wp:attachment":[{"href":"https:\/\/kultur.nu\/en\/wp-json\/wp\/v2\/media?parent=793"}],"wp:term":[{"taxonomy":"category","embeddable":true,"href":"https:\/\/kultur.nu\/en\/wp-json\/wp\/v2\/categories?post=793"},{"taxonomy":"post_tag","embeddable":true,"href":"https:\/\/kultur.nu\/en\/wp-json\/wp\/v2\/tags?post=793"}],"curies":[{"name":"wp","href":"https:\/\/api.w.org\/{rel}","templated":true}]}}