{"id":798,"date":"2026-01-11T03:02:38","date_gmt":"2026-01-11T02:02:38","guid":{"rendered":"https:\/\/kultur.nu\/?p=798"},"modified":"2026-03-11T03:15:56","modified_gmt":"2026-03-11T02:15:56","slug":"kulturkrockar","status":"publish","type":"post","link":"https:\/\/kultur.nu\/en\/kulturkrockar\/","title":{"rendered":"Kulturkrockar och hur de p\u00e5verkar vardagslivet"},"content":{"rendered":"<p>Den som flyttar till Sverige, jobbar med svenskar eller bara umg\u00e5s n\u00e4ra med m\u00e4nniskor h\u00e4r m\u00e4rker ganska snabbt att <strong>kulturkrockar<\/strong> s\u00e4llan handlar om n\u00e5got dramatiskt. Ofta \u00e4r det sm\u00e5 saker som skaver. Det kan vara tystnaden i ett s\u00e4llskap, hur l\u00e5ngt i f\u00f6rv\u00e4g man f\u00f6rv\u00e4ntas planera, varf\u00f6r folk tar av sig skorna direkt innanf\u00f6r d\u00f6rren eller varf\u00f6r n\u00e5gon s\u00e4ger \u201cdet kanske vi kan titta p\u00e5\u201d n\u00e4r de egentligen menar nej.<\/p>\n<p>Just d\u00e4rf\u00f6r blir kulturkrockar i Sverige ofta lite sv\u00e5ra att f\u00f6rst\u00e5 i b\u00f6rjan. Det \u00e4r inte alltid n\u00e5gon s\u00e4ger rakt ut att n\u00e5got blev konstigt. I st\u00e4llet m\u00e4rks det i st\u00e4mningen, i kroppsspr\u00e5ket eller i att n\u00e5gon pl\u00f6tsligt blir mer formell. Sverige \u00e4r p\u00e5 m\u00e5nga s\u00e4tt ett \u00f6ppet och modernt land, men det finns ocks\u00e5 tydliga sociala koder. M\u00e5nga av dem sitter djupt.<\/p>\n<h2>D\u00e4r det oftast sk\u00e4r sig f\u00f6rst<\/h2>\n<p>En vanlig kulturkrock i Sverige handlar om avst\u00e5nd, b\u00e5de fysiskt och socialt. Svenskar uppfattas ofta som v\u00e4nliga men reserverade. Man \u00e4r g\u00e4rna hj\u00e4lpsam, men inte alltid spontan p\u00e5 det s\u00e4tt som m\u00e4nniskor fr\u00e5n andra kulturer v\u00e4ntar sig. Det kan g\u00f6ra att en person upplevs som kall, n\u00e4r den i sj\u00e4lva verket bara f\u00f6rs\u00f6ker vara respektfull.<\/p>\n<p>Ett annat omr\u00e5de \u00e4r tid. I Sverige ses punktlighet ofta som en fr\u00e5ga om h\u00e4nsyn. Kommer du sent utan att s\u00e4ga till kan det tolkas som att du inte respekterar den andres tid. Samtidigt kan svenskar uppfattas som \u00f6verdrivet styrda av kalendern. M\u00e5nga vill boka en enkel fika flera dagar i f\u00f6rv\u00e4g, n\u00e5got som kan k\u00e4nnas stelt f\u00f6r den som \u00e4r van vid ett mer spontant umg\u00e4nge.<\/p>\n<table>\n<thead>\n<tr>\n<th>Situation<\/th>\n<th>Vad som ofta h\u00e4nder<\/th>\n<th>Varf\u00f6r det kan k\u00e4nnas konstigt<\/th>\n<\/tr>\n<\/thead>\n<tbody>\n<tr>\n<td>Tystnad i samtal<\/td>\n<td>Svenskar fyller inte alltid varje paus<\/td>\n<td>I m\u00e5nga l\u00e4nder tolkas tystnad som obehag eller ointresse<\/td>\n<\/tr>\n<tr>\n<td>Punktlighet<\/td>\n<td>N\u00e5gon kommer exakt p\u00e5 minuten<\/td>\n<td>Det kan uppfattas som stelt eller v\u00e4l kontrollerat<\/td>\n<\/tr>\n<tr>\n<td>Hemmabes\u00f6k<\/td>\n<td>Skorna tas av direkt innanf\u00f6r d\u00f6rren<\/td>\n<td>Den som inte k\u00e4nner till regeln kan k\u00e4nna sig os\u00e4ker<\/td>\n<\/tr>\n<tr>\n<td>Planering<\/td>\n<td>\u00c4ven enkla tr\u00e4ffar bokas i f\u00f6rv\u00e4g<\/td>\n<td>Det kan k\u00e4nnas mindre varmt eller spontant<\/td>\n<\/tr>\n<tr>\n<td>Konflikter<\/td>\n<td>Kritik uttrycks f\u00f6rsiktigt<\/td>\n<td>Budskapet kan bli sv\u00e5rt att tolka<\/td>\n<\/tr>\n<tr>\n<td>K\u00f6er<\/td>\n<td>Alla v\u00e4ntar lugnt p\u00e5 sin tur<\/td>\n<td>Den som g\u00e5r f\u00f6re m\u00e4rker snabbt att det inte uppskattas<\/td>\n<\/tr>\n<\/tbody>\n<\/table>\n<h2>Vanliga kulturkrockar i vardagen<\/h2>\n<p>Det \u00e4r ofta i helt vanliga situationer som skillnaderna blir tydligast:<\/p>\n<ul>\n<li><strong>Personligt utrymme:<\/strong> M\u00e5nga i Sverige vill ha ett tydligt avst\u00e5nd till andra, b\u00e5de i k\u00f6er, p\u00e5 bussen och i samtal. Att st\u00e5 f\u00f6r n\u00e4ra kan upplevas som p\u00e5tr\u00e4ngande, \u00e4ven om det inte alls \u00e4r menat s\u00e5.<\/li>\n<li><strong>Skor inomhus:<\/strong> I m\u00e5nga svenska hem tar man av sig skorna direkt. Den som kliver in med skor kan uppfattas som slarvig, fast det bara handlar om en annan vana.<\/li>\n<li><strong>Tyst kollektivtrafik:<\/strong> P\u00e5 bussar och t\u00e5g \u00e4r det vanligt att prata l\u00e5gm\u00e4lt. H\u00f6ga telefonsamtal eller videos utan h\u00f6rlurar v\u00e4cker irritation snabbt.<\/li>\n<li><strong>K\u00f6ande:<\/strong> Svenskar \u00e4r ofta noga med ordning i k\u00f6er. Att tr\u00e4nga sig f\u00f6re, ens av misstag, kan skapa en d\u00e5lig st\u00e4mning direkt.<\/li>\n<li><strong>Planerade sociala liv:<\/strong> M\u00e5nga vill veta tid, plats och g\u00e4rna hur l\u00e4nge n\u00e5got ska p\u00e5g\u00e5. F\u00f6r den som \u00e4r mer spontan kan det k\u00e4nnas ovanligt strikt.<\/li>\n<li><strong>Indirekta nej:<\/strong> I Sverige s\u00e4ger man inte alltid nej rakt ut. Formuleringar som \u201cvi f\u00e5r se\u201d eller \u201cdet blir nog sv\u00e5rt\u201d kan i sj\u00e4lva verket betyda att det inte blir av.<\/li>\n<\/ul>\n<h2>Svensk artighet kan misstolkas<\/h2>\n<p>En sak som ofta f\u00f6rv\u00e5nar m\u00e4nniskor \u00e4r att svensk artighet inte alltid ser s\u00e4rskilt varm ut p\u00e5 ytan. I vissa kulturer visar man v\u00e4nlighet genom att vara engagerad, fr\u00e5ga mycket, bjuda in snabbt och prata livligt. I Sverige visar man ofta h\u00e4nsyn genom att inte vara f\u00f6r p\u00e5tr\u00e4ngande. Man st\u00f6r inte, man pressar inte, man fr\u00e5gar inte f\u00f6r privat.<\/p>\n<p>Det kan skapa m\u00e4rkliga situationer. En ny granne kanske tycker att ingen h\u00e4lsar ordentligt. Samtidigt tycker grannarna att de \u00e4r artiga, eftersom de inte vill tr\u00e4nga sig p\u00e5. P\u00e5 en arbetsplats kan en utl\u00e4ndsk medarbetare v\u00e4nta sig tydliga instruktioner, medan chefen tror att frihet \u00e4r ett tecken p\u00e5 f\u00f6rtroende. B\u00e5da menar v\u00e4l, men b\u00e5da blir f\u00f6rvirrade.<\/p>\n<h2>N\u00e4r fika, tv\u00e4ttstugan och lagom blir en fr\u00e5ga<\/h2>\n<p>Vissa svenska kulturkrockar kan verka sm\u00e5, men de s\u00e4ger mycket om hur samh\u00e4llet fungerar. Fika \u00e4r ett bra exempel. F\u00f6r m\u00e5nga \u00e4r det bara kaffe och n\u00e5got s\u00f6tt. I Sverige \u00e4r det ocks\u00e5 en social ritual, s\u00e4rskilt p\u00e5 jobbet. Att aldrig f\u00f6lja med kan g\u00f6ra att man missar sm\u00e5pratet d\u00e4r relationer byggs upp.<\/p>\n<p>Tv\u00e4ttstugan \u00e4r ett annat n\u00e4stan klassiskt exempel. I m\u00e5nga flerfamiljshus finns bokade tider, tydliga regler och en f\u00f6rv\u00e4ntan om att man l\u00e4mnar allt rent efter sig. Den som missar detta m\u00e4rker snabbt att det inte bara handlar om tv\u00e4tt, utan om ordning, respekt och gemensamt ansvar.<\/p>\n<p>\u00c4ven id\u00e9n om lagom kan skapa kulturkrockar. Sverige uppskattar ofta balans, m\u00e5ttfullhet och en viss f\u00f6rsiktighet med att ta f\u00f6r mycket plats. F\u00f6r den som kommer fr\u00e5n en <a href=\"https:\/\/kultur.nu\/en\/\">kultur<\/a> d\u00e4r man g\u00e4rna visar stolthet, talar h\u00f6gt eller uttrycker sig med st\u00f6rre k\u00e4nslor kan det k\u00e4nnas d\u00e4mpat. Samtidigt kan svenskar tycka att n\u00e5gon \u00e4r f\u00f6r mycket, n\u00e4r personen bara \u00e4r naturlig enligt sin egen kulturella bakgrund.<\/p>\n<h2>Mer udda kulturkrockar som \u00e4nd\u00e5 dyker upp<\/h2>\n<p>Det finns ocks\u00e5 s\u00e5dant som m\u00e5nga inte t\u00e4nker p\u00e5 f\u00f6rr\u00e4n de st\u00e5r mitt i det:<\/p>\n<ul>\n<li><strong>Att inte sm\u00e5prata med fr\u00e4mlingar:<\/strong> I vissa l\u00e4gen g\u00f6r svenskar g\u00e4rna det, men l\u00e5ngt ifr\u00e5n alltid. Ett l\u00e5ngt samtal med en ok\u00e4nd p\u00e5 bussen kan k\u00e4nnas ov\u00e4ntat.<\/li>\n<li><strong>Att barn f\u00e5r prata fritt med vuxna:<\/strong> Svensk barnuppfostran upplevs ibland som ovanligt j\u00e4mlik. Barn f\u00f6rv\u00e4ntas f\u00e5 s\u00e4ga vad de tycker.<\/li>\n<li><strong>Att titlar anv\u00e4nds sparsamt:<\/strong> M\u00e5nga s\u00e4ger f\u00f6rnamn \u00e4ven till chefer, l\u00e4rare och personer i h\u00f6ga positioner.<\/li>\n<li><strong>Att man g\u00e4rna delar notan:<\/strong> Vid restaurangbes\u00f6k \u00e4r det vanligt att var och en betalar f\u00f6r sig sj\u00e4lv. I andra kulturer ses det som sn\u00e5lt eller stelt.<\/li>\n<li><strong>Att ensamhet inte alltid ses som n\u00e5got negativt:<\/strong> Att sitta ensam p\u00e5 ett caf\u00e9, g\u00e5 p\u00e5 bio sj\u00e4lv eller vara tyst en hel kv\u00e4ll \u00e4r inte lika laddat som p\u00e5 m\u00e5nga andra h\u00e5ll.<\/li>\n<li><strong>Att regler f\u00f6ljs \u00e4ven n\u00e4r ingen ser:<\/strong> Det g\u00e4ller allt fr\u00e5n \u00f6verg\u00e5ngsst\u00e4llen till \u00e5tervinning och bokningssystem. F\u00f6r vissa k\u00e4nns det imponerande, f\u00f6r andra \u00f6verdrivet.<\/li>\n<\/ul>\n<h2>N\u00e4r sm\u00e5 skillnader blir l\u00e4ttare att f\u00f6rst\u00e5<\/h2>\n<p>De flesta kulturkrockar i Sverige g\u00e5r att hantera ganska enkelt n\u00e4r man v\u00e4l f\u00f6rst\u00e5r vad som ligger bakom dem. Det handlar s\u00e4llan om att n\u00e5gon vill vara otrevlig. Ofta handlar det om olika s\u00e4tt att visa respekt, omtanke eller h\u00e4nsyn.<\/p>\n<p>Det som f\u00f6rst k\u00e4nns stelt kan senare k\u00e4nnas tryggt. Det som f\u00f6rst verkar kallt kan visa sig vara omt\u00e4nksamt. Och det som ser sj\u00e4lvklart ut f\u00f6r en svensk kan vara helt nytt f\u00f6r n\u00e5gon annan. Just d\u00e4r uppst\u00e5r kulturkrocken, men ocks\u00e5 m\u00f6jligheten att f\u00f6rst\u00e5 varandra b\u00e4ttre. Det \u00e4r ofta inte de stora skillnaderna som avg\u00f6r hur man trivs i Sverige, utan de sm\u00e5 detaljerna i vardagen.<\/p>","protected":false},"excerpt":{"rendered":"<p>Den som flyttar till Sverige, jobbar med svenskar eller bara umg\u00e5s n\u00e4ra med m\u00e4nniskor h\u00e4r&hellip;<\/p>","protected":false},"author":1,"featured_media":802,"comment_status":"open","ping_status":"open","sticky":false,"template":"","format":"standard","meta":{"_yoast_wpseo_focuskw":"","_yoast_wpseo_title":"","_yoast_wpseo_metadesc":"","_yoast_wpseo_meta-robots-noindex":"","_yoast_wpseo_meta-robots-nofollow":"","_yoast_wpseo_canonical":"","_yoast_wpseo_opengraph-title":"","_yoast_wpseo_opengraph-description":"","_yoast_wpseo_twitter-title":"","_yoast_wpseo_twitter-description":"","footnotes":"","rank_math_description":"","rank_math_focus_keyword":"","rank_math_title":"","rank_math_canonical_url":"","rank_math_robots":"","rank_math_facebook_title":"","rank_math_facebook_description":"","rank_math_twitter_title":"","rank_math_twitter_description":""},"categories":[2],"tags":[],"class_list":["post-798","post","type-post","status-publish","format-standard","has-post-thumbnail","hentry","category-aktuellt"],"yoast_head":"<!-- This site is optimized with the Yoast SEO plugin v27.5 - https:\/\/yoast.com\/product\/yoast-seo-wordpress\/ -->\n<title>Kulturkrockar och hur de p\u00e5verkar vardagslivet - Kultur i Sverige<\/title>\n<meta name=\"robots\" content=\"index, follow, max-snippet:-1, max-image-preview:large, max-video-preview:-1\" \/>\n<link rel=\"canonical\" href=\"https:\/\/kultur.nu\/en\/kulturkrockar\/\" \/>\n<meta property=\"og:locale\" content=\"en_US\" \/>\n<meta property=\"og:type\" content=\"article\" \/>\n<meta property=\"og:title\" content=\"Kulturkrockar och hur de p\u00e5verkar vardagslivet - Kultur i Sverige\" \/>\n<meta property=\"og:description\" content=\"Den som flyttar till Sverige, jobbar med svenskar eller bara umg\u00e5s n\u00e4ra med m\u00e4nniskor h\u00e4r&hellip;\" \/>\n<meta property=\"og:url\" content=\"https:\/\/kultur.nu\/en\/kulturkrockar\/\" \/>\n<meta property=\"og:site_name\" content=\"Kultur i Sverige\" \/>\n<meta property=\"article:published_time\" content=\"2026-01-11T02:02:38+00:00\" \/>\n<meta property=\"article:modified_time\" content=\"2026-03-11T02:15:56+00:00\" \/>\n<meta property=\"og:image\" content=\"https:\/\/kultur.nu\/wp-content\/uploads\/2026\/01\/Kulturkrockar.webp\" \/>\n\t<meta property=\"og:image:width\" content=\"800\" \/>\n\t<meta property=\"og:image:height\" content=\"532\" \/>\n\t<meta property=\"og:image:type\" content=\"image\/webp\" \/>\n<meta name=\"author\" content=\"Annica\" \/>\n<meta name=\"twitter:card\" content=\"summary_large_image\" \/>\n<meta name=\"twitter:label1\" content=\"Written by\" \/>\n\t<meta name=\"twitter:data1\" content=\"Annica\" \/>\n\t<meta name=\"twitter:label2\" content=\"Est. reading time\" \/>\n\t<meta name=\"twitter:data2\" content=\"7 minutes\" \/>\n<script type=\"application\/ld+json\" class=\"yoast-schema-graph\">{\"@context\":\"https:\\\/\\\/schema.org\",\"@graph\":[{\"@type\":\"Article\",\"@id\":\"https:\\\/\\\/kultur.nu\\\/kulturkrockar\\\/#article\",\"isPartOf\":{\"@id\":\"https:\\\/\\\/kultur.nu\\\/kulturkrockar\\\/\"},\"author\":{\"name\":\"Annica\",\"@id\":\"https:\\\/\\\/kultur.nu\\\/#\\\/schema\\\/person\\\/cbafe9491d5ea09a25eace8883923b2c\"},\"headline\":\"Kulturkrockar och hur de p\u00e5verkar vardagslivet\",\"datePublished\":\"2026-01-11T02:02:38+00:00\",\"dateModified\":\"2026-03-11T02:15:56+00:00\",\"mainEntityOfPage\":{\"@id\":\"https:\\\/\\\/kultur.nu\\\/kulturkrockar\\\/\"},\"wordCount\":1379,\"commentCount\":0,\"publisher\":{\"@id\":\"https:\\\/\\\/kultur.nu\\\/#organization\"},\"image\":{\"@id\":\"https:\\\/\\\/kultur.nu\\\/kulturkrockar\\\/#primaryimage\"},\"thumbnailUrl\":\"https:\\\/\\\/kultur.nu\\\/wp-content\\\/uploads\\\/2026\\\/01\\\/Kulturkrockar.webp\",\"articleSection\":[\"Aktuellt\"],\"inLanguage\":\"en-US\",\"potentialAction\":[{\"@type\":\"CommentAction\",\"name\":\"Comment\",\"target\":[\"https:\\\/\\\/kultur.nu\\\/kulturkrockar\\\/#respond\"]}]},{\"@type\":\"WebPage\",\"@id\":\"https:\\\/\\\/kultur.nu\\\/kulturkrockar\\\/\",\"url\":\"https:\\\/\\\/kultur.nu\\\/kulturkrockar\\\/\",\"name\":\"Kulturkrockar och hur de p\u00e5verkar vardagslivet - Kultur i Sverige\",\"isPartOf\":{\"@id\":\"https:\\\/\\\/kultur.nu\\\/#website\"},\"primaryImageOfPage\":{\"@id\":\"https:\\\/\\\/kultur.nu\\\/kulturkrockar\\\/#primaryimage\"},\"image\":{\"@id\":\"https:\\\/\\\/kultur.nu\\\/kulturkrockar\\\/#primaryimage\"},\"thumbnailUrl\":\"https:\\\/\\\/kultur.nu\\\/wp-content\\\/uploads\\\/2026\\\/01\\\/Kulturkrockar.webp\",\"datePublished\":\"2026-01-11T02:02:38+00:00\",\"dateModified\":\"2026-03-11T02:15:56+00:00\",\"breadcrumb\":{\"@id\":\"https:\\\/\\\/kultur.nu\\\/kulturkrockar\\\/#breadcrumb\"},\"inLanguage\":\"en-US\",\"potentialAction\":[{\"@type\":\"ReadAction\",\"target\":[\"https:\\\/\\\/kultur.nu\\\/kulturkrockar\\\/\"]}]},{\"@type\":\"ImageObject\",\"inLanguage\":\"en-US\",\"@id\":\"https:\\\/\\\/kultur.nu\\\/kulturkrockar\\\/#primaryimage\",\"url\":\"https:\\\/\\\/kultur.nu\\\/wp-content\\\/uploads\\\/2026\\\/01\\\/Kulturkrockar.webp\",\"contentUrl\":\"https:\\\/\\\/kultur.nu\\\/wp-content\\\/uploads\\\/2026\\\/01\\\/Kulturkrockar.webp\",\"width\":800,\"height\":532,\"caption\":\"Kulturkrockar\"},{\"@type\":\"BreadcrumbList\",\"@id\":\"https:\\\/\\\/kultur.nu\\\/kulturkrockar\\\/#breadcrumb\",\"itemListElement\":[{\"@type\":\"ListItem\",\"position\":1,\"name\":\"Hem\",\"item\":\"https:\\\/\\\/kultur.nu\\\/\"},{\"@type\":\"ListItem\",\"position\":2,\"name\":\"Kulturkrockar och hur de p\u00e5verkar vardagslivet\"}]},{\"@type\":\"WebSite\",\"@id\":\"https:\\\/\\\/kultur.nu\\\/#website\",\"url\":\"https:\\\/\\\/kultur.nu\\\/\",\"name\":\"Kultur i Sverige\",\"description\":\"\",\"publisher\":{\"@id\":\"https:\\\/\\\/kultur.nu\\\/#organization\"},\"potentialAction\":[{\"@type\":\"SearchAction\",\"target\":{\"@type\":\"EntryPoint\",\"urlTemplate\":\"https:\\\/\\\/kultur.nu\\\/?s={search_term_string}\"},\"query-input\":{\"@type\":\"PropertyValueSpecification\",\"valueRequired\":true,\"valueName\":\"search_term_string\"}}],\"inLanguage\":\"en-US\"},{\"@type\":\"Organization\",\"@id\":\"https:\\\/\\\/kultur.nu\\\/#organization\",\"name\":\"Kultur i Sverige\",\"url\":\"https:\\\/\\\/kultur.nu\\\/\",\"logo\":{\"@type\":\"ImageObject\",\"inLanguage\":\"en-US\",\"@id\":\"https:\\\/\\\/kultur.nu\\\/#\\\/schema\\\/logo\\\/image\\\/\",\"url\":\"https:\\\/\\\/kultur.nu\\\/wp-content\\\/uploads\\\/2025\\\/10\\\/cropped-Kultur.nu-logo.webp\",\"contentUrl\":\"https:\\\/\\\/kultur.nu\\\/wp-content\\\/uploads\\\/2025\\\/10\\\/cropped-Kultur.nu-logo.webp\",\"width\":510,\"height\":95,\"caption\":\"Kultur i Sverige\"},\"image\":{\"@id\":\"https:\\\/\\\/kultur.nu\\\/#\\\/schema\\\/logo\\\/image\\\/\"}},{\"@type\":\"Person\",\"@id\":\"https:\\\/\\\/kultur.nu\\\/#\\\/schema\\\/person\\\/cbafe9491d5ea09a25eace8883923b2c\",\"name\":\"Annica\",\"image\":{\"@type\":\"ImageObject\",\"inLanguage\":\"en-US\",\"@id\":\"https:\\\/\\\/secure.gravatar.com\\\/avatar\\\/d78c2d842df13ded689c841d90a91fd72f6cc9e7250f7066a537c14f82302546?s=96&d=mm&r=g\",\"url\":\"https:\\\/\\\/secure.gravatar.com\\\/avatar\\\/d78c2d842df13ded689c841d90a91fd72f6cc9e7250f7066a537c14f82302546?s=96&d=mm&r=g\",\"contentUrl\":\"https:\\\/\\\/secure.gravatar.com\\\/avatar\\\/d78c2d842df13ded689c841d90a91fd72f6cc9e7250f7066a537c14f82302546?s=96&d=mm&r=g\",\"caption\":\"Annica\"},\"description\":\"Annika Axelsson \u00e4r kulturskribent p\u00e5 Kultur.nu, d\u00e4r hon skriver om litteratur, film, teater, konst och samtida kulturdebatt. Hon har ett s\u00e4rskilt intresse f\u00f6r hur kultur speglar samh\u00e4llsf\u00f6r\u00e4ndringar, identitet och vardagslivet. Annika har studerat litteraturvetenskap och kulturjournalistik vid Stockholms universitet. Hon har \u00e4ven l\u00e4st konstvetenskap och medievetenskap, vilket ger henne en bred grund n\u00e4r hon analyserar b\u00e5de klassiska verk och moderna kulturuttryck. P\u00e5 Kultur.nu skriver Annika fr\u00e4mst recensioner, f\u00f6rdjupande artiklar och personliga kr\u00f6nikor. Hon bevakar nya b\u00f6cker, uppm\u00e4rksammade teaterf\u00f6rest\u00e4llningar, filmfestivaler, utst\u00e4llningar och aktuella kulturh\u00e4ndelser. Hennes texter k\u00e4nnetecknas av ett nyfiket, kunnigt och tillg\u00e4ngligt spr\u00e5k, d\u00e4r hon vill g\u00f6ra kultur l\u00e4ttare att f\u00f6rst\u00e5 utan att f\u00f6renkla den. Hon har tidigare arbetat med redaktionellt inneh\u00e5ll, intervjuer och kulturbevakning f\u00f6r b\u00e5de digitala magasin och lokala publikationer. I sitt skrivande \u00e5terkommer hon ofta till fr\u00e5gor om ber\u00e4ttande, kreativitet, klass, k\u00f6nsroller och kulturens plats i det moderna samh\u00e4llet.\",\"sameAs\":[\"https:\\\/\\\/kultur.nu\"],\"url\":\"https:\\\/\\\/kultur.nu\\\/en\\\/author\\\/annica\\\/\"}]}<\/script>\n<!-- \/ Yoast SEO plugin. -->","yoast_head_json":{"title":"Kulturkrockar och hur de p\u00e5verkar vardagslivet - Kultur i Sverige","robots":{"index":"index","follow":"follow","max-snippet":"max-snippet:-1","max-image-preview":"max-image-preview:large","max-video-preview":"max-video-preview:-1"},"canonical":"https:\/\/kultur.nu\/en\/kulturkrockar\/","og_locale":"en_US","og_type":"article","og_title":"Kulturkrockar och hur de p\u00e5verkar vardagslivet - Kultur i Sverige","og_description":"Den som flyttar till Sverige, jobbar med svenskar eller bara umg\u00e5s n\u00e4ra med m\u00e4nniskor h\u00e4r&hellip;","og_url":"https:\/\/kultur.nu\/en\/kulturkrockar\/","og_site_name":"Kultur i Sverige","article_published_time":"2026-01-11T02:02:38+00:00","article_modified_time":"2026-03-11T02:15:56+00:00","og_image":[{"width":800,"height":532,"url":"https:\/\/kultur.nu\/wp-content\/uploads\/2026\/01\/Kulturkrockar.webp","type":"image\/webp"}],"author":"Annica","twitter_card":"summary_large_image","twitter_misc":{"Written by":"Annica","Est. reading time":"7 minutes"},"schema":{"@context":"https:\/\/schema.org","@graph":[{"@type":"Article","@id":"https:\/\/kultur.nu\/kulturkrockar\/#article","isPartOf":{"@id":"https:\/\/kultur.nu\/kulturkrockar\/"},"author":{"name":"Annica","@id":"https:\/\/kultur.nu\/#\/schema\/person\/cbafe9491d5ea09a25eace8883923b2c"},"headline":"Kulturkrockar och hur de p\u00e5verkar vardagslivet","datePublished":"2026-01-11T02:02:38+00:00","dateModified":"2026-03-11T02:15:56+00:00","mainEntityOfPage":{"@id":"https:\/\/kultur.nu\/kulturkrockar\/"},"wordCount":1379,"commentCount":0,"publisher":{"@id":"https:\/\/kultur.nu\/#organization"},"image":{"@id":"https:\/\/kultur.nu\/kulturkrockar\/#primaryimage"},"thumbnailUrl":"https:\/\/kultur.nu\/wp-content\/uploads\/2026\/01\/Kulturkrockar.webp","articleSection":["Aktuellt"],"inLanguage":"en-US","potentialAction":[{"@type":"CommentAction","name":"Comment","target":["https:\/\/kultur.nu\/kulturkrockar\/#respond"]}]},{"@type":"WebPage","@id":"https:\/\/kultur.nu\/kulturkrockar\/","url":"https:\/\/kultur.nu\/kulturkrockar\/","name":"Kulturkrockar och hur de p\u00e5verkar vardagslivet - Kultur i Sverige","isPartOf":{"@id":"https:\/\/kultur.nu\/#website"},"primaryImageOfPage":{"@id":"https:\/\/kultur.nu\/kulturkrockar\/#primaryimage"},"image":{"@id":"https:\/\/kultur.nu\/kulturkrockar\/#primaryimage"},"thumbnailUrl":"https:\/\/kultur.nu\/wp-content\/uploads\/2026\/01\/Kulturkrockar.webp","datePublished":"2026-01-11T02:02:38+00:00","dateModified":"2026-03-11T02:15:56+00:00","breadcrumb":{"@id":"https:\/\/kultur.nu\/kulturkrockar\/#breadcrumb"},"inLanguage":"en-US","potentialAction":[{"@type":"ReadAction","target":["https:\/\/kultur.nu\/kulturkrockar\/"]}]},{"@type":"ImageObject","inLanguage":"en-US","@id":"https:\/\/kultur.nu\/kulturkrockar\/#primaryimage","url":"https:\/\/kultur.nu\/wp-content\/uploads\/2026\/01\/Kulturkrockar.webp","contentUrl":"https:\/\/kultur.nu\/wp-content\/uploads\/2026\/01\/Kulturkrockar.webp","width":800,"height":532,"caption":"Kulturkrockar"},{"@type":"BreadcrumbList","@id":"https:\/\/kultur.nu\/kulturkrockar\/#breadcrumb","itemListElement":[{"@type":"ListItem","position":1,"name":"Hem","item":"https:\/\/kultur.nu\/"},{"@type":"ListItem","position":2,"name":"Kulturkrockar och hur de p\u00e5verkar vardagslivet"}]},{"@type":"WebSite","@id":"https:\/\/kultur.nu\/#website","url":"https:\/\/kultur.nu\/","name":"Kultur i Sverige","description":"","publisher":{"@id":"https:\/\/kultur.nu\/#organization"},"potentialAction":[{"@type":"SearchAction","target":{"@type":"EntryPoint","urlTemplate":"https:\/\/kultur.nu\/?s={search_term_string}"},"query-input":{"@type":"PropertyValueSpecification","valueRequired":true,"valueName":"search_term_string"}}],"inLanguage":"en-US"},{"@type":"Organization","@id":"https:\/\/kultur.nu\/#organization","name":"Kultur i Sverige","url":"https:\/\/kultur.nu\/","logo":{"@type":"ImageObject","inLanguage":"en-US","@id":"https:\/\/kultur.nu\/#\/schema\/logo\/image\/","url":"https:\/\/kultur.nu\/wp-content\/uploads\/2025\/10\/cropped-Kultur.nu-logo.webp","contentUrl":"https:\/\/kultur.nu\/wp-content\/uploads\/2025\/10\/cropped-Kultur.nu-logo.webp","width":510,"height":95,"caption":"Kultur i Sverige"},"image":{"@id":"https:\/\/kultur.nu\/#\/schema\/logo\/image\/"}},{"@type":"Person","@id":"https:\/\/kultur.nu\/#\/schema\/person\/cbafe9491d5ea09a25eace8883923b2c","name":"Annica","image":{"@type":"ImageObject","inLanguage":"en-US","@id":"https:\/\/secure.gravatar.com\/avatar\/d78c2d842df13ded689c841d90a91fd72f6cc9e7250f7066a537c14f82302546?s=96&d=mm&r=g","url":"https:\/\/secure.gravatar.com\/avatar\/d78c2d842df13ded689c841d90a91fd72f6cc9e7250f7066a537c14f82302546?s=96&d=mm&r=g","contentUrl":"https:\/\/secure.gravatar.com\/avatar\/d78c2d842df13ded689c841d90a91fd72f6cc9e7250f7066a537c14f82302546?s=96&d=mm&r=g","caption":"Annica"},"description":"Annika Axelsson \u00e4r kulturskribent p\u00e5 Kultur.nu, d\u00e4r hon skriver om litteratur, film, teater, konst och samtida kulturdebatt. Hon har ett s\u00e4rskilt intresse f\u00f6r hur kultur speglar samh\u00e4llsf\u00f6r\u00e4ndringar, identitet och vardagslivet. Annika har studerat litteraturvetenskap och kulturjournalistik vid Stockholms universitet. Hon har \u00e4ven l\u00e4st konstvetenskap och medievetenskap, vilket ger henne en bred grund n\u00e4r hon analyserar b\u00e5de klassiska verk och moderna kulturuttryck. P\u00e5 Kultur.nu skriver Annika fr\u00e4mst recensioner, f\u00f6rdjupande artiklar och personliga kr\u00f6nikor. Hon bevakar nya b\u00f6cker, uppm\u00e4rksammade teaterf\u00f6rest\u00e4llningar, filmfestivaler, utst\u00e4llningar och aktuella kulturh\u00e4ndelser. Hennes texter k\u00e4nnetecknas av ett nyfiket, kunnigt och tillg\u00e4ngligt spr\u00e5k, d\u00e4r hon vill g\u00f6ra kultur l\u00e4ttare att f\u00f6rst\u00e5 utan att f\u00f6renkla den. Hon har tidigare arbetat med redaktionellt inneh\u00e5ll, intervjuer och kulturbevakning f\u00f6r b\u00e5de digitala magasin och lokala publikationer. I sitt skrivande \u00e5terkommer hon ofta till fr\u00e5gor om ber\u00e4ttande, kreativitet, klass, k\u00f6nsroller och kulturens plats i det moderna samh\u00e4llet.","sameAs":["https:\/\/kultur.nu"],"url":"https:\/\/kultur.nu\/en\/author\/annica\/"}]}},"_links":{"self":[{"href":"https:\/\/kultur.nu\/en\/wp-json\/wp\/v2\/posts\/798","targetHints":{"allow":["GET"]}}],"collection":[{"href":"https:\/\/kultur.nu\/en\/wp-json\/wp\/v2\/posts"}],"about":[{"href":"https:\/\/kultur.nu\/en\/wp-json\/wp\/v2\/types\/post"}],"author":[{"embeddable":true,"href":"https:\/\/kultur.nu\/en\/wp-json\/wp\/v2\/users\/1"}],"replies":[{"embeddable":true,"href":"https:\/\/kultur.nu\/en\/wp-json\/wp\/v2\/comments?post=798"}],"version-history":[{"count":5,"href":"https:\/\/kultur.nu\/en\/wp-json\/wp\/v2\/posts\/798\/revisions"}],"predecessor-version":[{"id":806,"href":"https:\/\/kultur.nu\/en\/wp-json\/wp\/v2\/posts\/798\/revisions\/806"}],"wp:featuredmedia":[{"embeddable":true,"href":"https:\/\/kultur.nu\/en\/wp-json\/wp\/v2\/media\/802"}],"wp:attachment":[{"href":"https:\/\/kultur.nu\/en\/wp-json\/wp\/v2\/media?parent=798"}],"wp:term":[{"taxonomy":"category","embeddable":true,"href":"https:\/\/kultur.nu\/en\/wp-json\/wp\/v2\/categories?post=798"},{"taxonomy":"post_tag","embeddable":true,"href":"https:\/\/kultur.nu\/en\/wp-json\/wp\/v2\/tags?post=798"}],"curies":[{"name":"wp","href":"https:\/\/api.w.org\/{rel}","templated":true}]}}