{"id":838,"date":"2026-05-01T15:40:00","date_gmt":"2026-05-01T13:40:00","guid":{"rendered":"https:\/\/kultur.nu\/?p=838"},"modified":"2026-04-30T05:42:58","modified_gmt":"2026-04-30T03:42:58","slug":"liseberg-kulturinstitution","status":"publish","type":"post","link":"https:\/\/kultur.nu\/en\/liseberg-kulturinstitution\/","title":{"rendered":"Liseberg som kulturinstitution &#8211; mer \u00e4n en n\u00f6jespark"},"content":{"rendered":"<p>De flesta t\u00e4nker p\u00e5 <strong>Liseberg<\/strong> som \u00e5kattraktioner, sockervadd och de d\u00e4r rosa kaninerna man inte riktigt vet vart de kommer ifr\u00e5n. Det \u00e4r en helt r\u00e4ttvis bild. Men det \u00e4r ocks\u00e5 bara halva sanningen. N\u00e4r parken slog upp portarna f\u00f6rsta g\u00e5ngen 1923, var den en del av en jubileumsutst\u00e4llning. Den var allts\u00e5 redan fr\u00e5n b\u00f6rjan t\u00e4nkt som en kulturh\u00e4ndelse i G\u00f6teborg, inte bara som ett st\u00e4lle man \u00e5ker till f\u00f6r att skrika i en berg- och dalbana. Den biten har p\u00e5 n\u00e5got s\u00e4tt smugit sig undan i den allm\u00e4nna bilden, vilket \u00e4r synd. F\u00f6r det \u00e4r just kombinationen av n\u00f6je, <a href=\"https:\/\/kultur.nu\/en\/musik\/\">musik<\/a>, <a href=\"https:\/\/kultur.nu\/en\/dans\/\">dans<\/a> och sommarst\u00e4mning som g\u00f6r Liseberg till en av Sveriges mest stabila <a href=\"https:\/\/kultur.nu\/en\/\">kulturella<\/a> institutioner.<\/p>\n<p>I dag \u00e4r Liseberg \u00f6ver 100 \u00e5r gammalt, och s\u00e4songen 2026 \u00e4r parkens 102:a sommar. N\u00e4r du st\u00e5r och tittar ut \u00f6ver Lisebergshjulet en juniafton, med doften av popcorn, ljudet fr\u00e5n en stor scen och tusentals m\u00e4nniskor som r\u00f6r sig samtidigt, \u00e4r det egentligen ett ganska udda kulturuttryck. Det \u00e4r en folkfest som p\u00e5g\u00e5r i \u00f6ver fem m\u00e5nader varje \u00e5r, och som de flesta svenskar har en personlig relation till.<\/p>\n<h2>En park byggd av jubileums\u00e5r och stora sv\u00e4ngar<\/h2>\n<p>Liseberg invigdes som en del av G\u00f6teborgsutst\u00e4llningen 1923, ett firande av att staden fyllde 300 \u00e5r. Bakgrunden \u00e4r inte oviktig. Sverige byggde under tidigt 1900-tal upp ett intresse f\u00f6r att skapa offentliga m\u00f6tesplatser, och Liseberg var ett av flera projekt som f\u00f6ddes i den andan. Parken l\u00e5g fr\u00e5n b\u00f6rjan p\u00e5 en kulle som G\u00f6teborgarna under flera decennier anv\u00e4nt f\u00f6r promenader, picknick och dans, vilket g\u00f6r att det redan fanns en st\u00e4mning d\u00e4r innan det f\u00f6rsta pariserhjulet ens kommit p\u00e5 plats.<\/p>\n<p>Det dr\u00f6jde inte l\u00e4nge innan Liseberg blev mer \u00e4n en utst\u00e4llning. Parken blev kvar, v\u00e4xte \u00e5r f\u00f6r \u00e5r och b\u00f6rjade dra publik fr\u00e5n hela landet. Under 1900-talets g\u00e5ng byggdes nya \u00e5k, dansbanor, scener, restauranger och konsertomr\u00e5den, och successivt etablerades parken som ett av G\u00f6teborgs absoluta signum, sida vid sida med stadens hamn och avenyn.<\/p>\n<h2>Dansbanan, scenen och musikens roll<\/h2>\n<p>Det \u00e4r h\u00e4r Lisebergs kulturella betydelse blir extra tydlig. Parken har under decennier varit en av Sveriges viktigaste m\u00f6tesplatser f\u00f6r svensk <a href=\"https:\/\/kultur.nu\/musik\/dansbandsmusik\/\">dansbandsmusik<\/a>, schlager och popul\u00e4rmusik. Under sommaren blandas stora scenbokningar med klassiska dansbanor som Lisebergshallen och Stora Scenen, d\u00e4r allt fr\u00e5n etablerade artister till nya namn tar plats.<\/p>\n<p>F\u00f6r m\u00e5nga i Sverige \u00e4r ordet &#8221;Liseberg&#8221; lika starkt kopplat till en sommarkonsert som till en \u00e5kattraktion. Det \u00e4r inte ovanligt att m\u00e4nniskor minns sin f\u00f6rsta storakonsert d\u00e4rifr\u00e5n, eller en sommarkv\u00e4ll med onsdagsdansen som blivit kvar i minnet i flera \u00e5r.<\/p>\n<h2>S\u00e4songen 2026 i korthet<\/h2>\n<p>Sommars\u00e4songen 2026 \u00f6ppnade l\u00f6rdag 18 april och h\u00e5ller p\u00e5 fram till 20 september. Bland nyheterna finns en helt ny familjeattraktion som heter Stormv\u00e5g, en s\u00e5 kallad Wild Swing XL placerad nere vid v\u00e4stkustomr\u00e5det. Parken har ocks\u00e5 ut\u00f6kat satsningen p\u00e5 mat- och musikhelger i Hamnomr\u00e5det, s\u00e5 att omr\u00e5det under flera helger f\u00f6rvandlas till en levande festival d\u00e4r maten \u00e4r en lika stor del av upplevelsen som musiken.<\/p>\n<p>F\u00f6r dig som vill ha en \u00f6verblick \u00f6ver ungef\u00e4rliga priser ser det ut s\u00e5 h\u00e4r n\u00e4r du k\u00f6per online direkt via Liseberg.<\/p>\n<div style=\"overflow-x:auto;-webkit-overflow-scrolling:touch;margin:20px 0;\">\n<table style=\"width: 100%; border-collapse: collapse; font-size: 15px; margin: 20px 0;\">\n<thead>\n<tr style=\"background: #4a6741; color: #fff;\">\n<th style=\"padding: 10px; text-align: left; border: 1px solid #d8d8d8;\">Biljett<\/th>\n<th style=\"padding: 10px; text-align: left; border: 1px solid #d8d8d8;\">Cirkapris vuxen<\/th>\n<th style=\"padding: 10px; text-align: left; border: 1px solid #d8d8d8;\">Cirkapris barn<\/th>\n<\/tr>\n<\/thead>\n<tbody>\n<tr>\n<td style=\"padding: 10px; border: 1px solid #d8d8d8;\">Entr\u00e9 + \u00e5kpass online<\/td>\n<td style=\"padding: 10px; border: 1px solid #d8d8d8;\">cirka 625 kr<\/td>\n<td style=\"padding: 10px; border: 1px solid #d8d8d8;\">cirka 410 kr<\/td>\n<\/tr>\n<tr style=\"background: #f7f7f4;\">\n<td style=\"padding: 10px; border: 1px solid #d8d8d8;\">Entr\u00e9 + \u00e5kpass i kassan<\/td>\n<td style=\"padding: 10px; border: 1px solid #d8d8d8;\">cirka 695 kr<\/td>\n<td style=\"padding: 10px; border: 1px solid #d8d8d8;\">cirka 415 kr<\/td>\n<\/tr>\n<tr>\n<td style=\"padding: 10px; border: 1px solid #d8d8d8;\">Endast entr\u00e9<\/td>\n<td style=\"padding: 10px; border: 1px solid #d8d8d8;\">cirka 165 kr<\/td>\n<td style=\"padding: 10px; border: 1px solid #d8d8d8;\">cirka 165 kr<\/td>\n<\/tr>\n<\/tbody>\n<\/table>\n<\/div>\n<p style=\"font-size: 13px; color: #666; font-style: italic;\">Prisuppgifterna \u00e4r ungef\u00e4rliga och baserade p\u00e5 s\u00e4songspriser fr\u00e5n Liseberg och TV4 Nyheterna v\u00e5ren 2026. Aktuella priser hittar du alltid p\u00e5 Lisebergs egen webbplats.<\/p>\n<h2>Halloween, jul och dragningskraften som inte tar slut<\/h2>\n<p>Det som g\u00f6r Liseberg ovanligt j\u00e4mf\u00f6rt med andra svenska n\u00f6jesparker \u00e4r att s\u00e4songerna numera f\u00f6ljer en ganska ambiti\u00f6s rytm. Efter sommars\u00e4songen tar Halloween p\u00e5 Liseberg vid, en period som vuxit till en av G\u00f6teborgs st\u00f6rsta s\u00e4songsfester med sp\u00f6khus, dimma, tematiserade gr\u00e4nder och ett m\u00f6rkare, lite vassare tilltal. Sedan kommer Jul p\u00e5 Liseberg, som blivit en av landets st\u00f6rsta julmarknader och numera r\u00e4knas som en av G\u00f6teborgs viktigaste turistdragare under december.<\/p>\n<p>Det betyder att parken \u00e4r tillg\u00e4nglig f\u00f6r bes\u00f6k i n\u00e5gon form under stora delar av \u00e5ret. Det \u00e4r inget som h\u00e4nder av en slump. Det \u00e4r resultatet av ett medvetet arbete med att etablera Liseberg som en plats man bes\u00f6ker av tradition, inte bara av impuls.<\/p>\n<h2>D\u00e4rf\u00f6r \u00e4r Liseberg en del av svensk kultur<\/h2>\n<p>Det finns n\u00e5gra konkreta saker som g\u00f6r att Liseberg fungerar som kulturinstitution och inte bara som n\u00f6jespark.<\/p>\n<ul style=\"background: #f6f7f3; border-left: 4px solid #4a6741; padding: 15px 20px 15px 35px; margin: 20px 0; line-height: 1.7;\">\n<li>Parken \u00e4r knuten till G\u00f6teborgs identitet p\u00e5 samma s\u00e4tt som Skansen \u00e4r knuten till Stockholms.<\/li>\n<li>Den har en obruten historia sedan 1923, vilket \u00e4r ovanligt f\u00f6r en svensk publik institution av den h\u00e4r storleken.<\/li>\n<li>Den \u00e4r en arena f\u00f6r svensk <a href=\"https:\/\/kultur.nu\/popularkultur\/\">popul\u00e4rkultur<\/a>, fr\u00e5n <a href=\"https:\/\/kultur.nu\/en\/musik\/dansbandsmusik\/\">dansband<\/a> och schlager till nyare popmusik.<\/li>\n<li>Den fungerar som ett gemensamt minne, d\u00e4r olika generationer ofta har egna upplevelser d\u00e4rifr\u00e5n.<\/li>\n<li>Den uppdaterar sig kontinuerligt utan att tappa sin grundton, vilket f\u00e5 kulturella institutioner klarar i l\u00e4ngden.<\/li>\n<\/ul>\n<p>Just det sista \u00e4r v\u00e4rt att n\u00e4mna. Liseberg har gjort tunga investeringar i nya \u00e5k, samtidigt som man beh\u00e5llit klassiker som Lisebergshjulet och Lisebergsbanan. Lisebergshjulet \u00e4r ett bra exempel: en attraktion som funnits sedan 1960-talet och som s\u00e5 att s\u00e4ga blivit en symbol f\u00f6r parken. Det \u00e4r en av f\u00e5 platser d\u00e4r man kan se G\u00f6teborg fr\u00e5n ovan utan att stiga in i en byggnad.<\/p>\n<h2>Att bes\u00f6ka Liseberg utan att fastna i \u00e5ken<\/h2>\n<p>Det finns ett trick som inte alla k\u00e4nner till, och det \u00e4r att Liseberg fungerar lika bra som promenadpark som det fungerar som \u00e5kpark. Du kan k\u00f6pa enbart entr\u00e9 och promenera runt utan \u00e5kpass, s\u00e4tta dig p\u00e5 en uteservering, lyssna p\u00e5 musik fr\u00e5n n\u00e5gon av scenerna och bara vara d\u00e4r. Det \u00e4r ett s\u00e4tt att uppleva parken som p\u00e5minner mer om ett kulturhus \u00e4n en n\u00f6jespark, och det s\u00e4ger en del om hur stort utbudet faktiskt \u00e4r.<\/p>\n<p>F\u00f6r dig som vill l\u00e4sa mer om hur svenska n\u00f6jesparker priss\u00e4tts och hur s\u00e4songen ser ut i \u00e5r har <a href=\"https:\/\/www.tv4.se\/artikel\/5vL0uNcppeIGynOuqaKqLw\/sa-mycket-kostar-de-svenska-noejesparkerna-2025-se-hela-listan\" target=\"_blank\" rel=\"noopener\">TV4 Nyheterna en bra \u00f6versikt<\/a> som j\u00e4mf\u00f6r Liseberg med \u00f6vriga parker i landet. Och f\u00f6r den som planerar ett bes\u00f6k \u00e4r <a href=\"https:\/\/www.liseberg.se\/\" target=\"_blank\" rel=\"noopener\">Lisebergs egen sida<\/a> alltid den mest aktuella k\u00e4llan f\u00f6r datum och priser.<\/p>\n<h2>Vanliga fr\u00e5gor om Liseberg<\/h2>\n<h3>N\u00e4r \u00f6ppnar Liseberg sommars\u00e4songen 2026?<\/h3>\n<p>S\u00e4songen \u00f6ppnade l\u00f6rdag 18 april 2026 och h\u00e5ller p\u00e5 till och med 20 september 2026.<\/p>\n<h3>Hur gammalt \u00e4r Liseberg?<\/h3>\n<p>Liseberg invigdes 1923 som en del av G\u00f6teborgsutst\u00e4llningen, vilket g\u00f6r s\u00e4songen 2026 till parkens 102:a sommars\u00e4song.<\/p>\n<h3>Vad kostar intr\u00e4de till Liseberg?<\/h3>\n<p>Endast entr\u00e9 ligger p\u00e5 cirka 165 kr f\u00f6r b\u00e5de vuxna och barn. Entr\u00e9 och \u00e5kpass online kostar cirka 625 kr f\u00f6r vuxen och cirka 410 kr f\u00f6r barn under sommars\u00e4songen 2026.<\/p>\n<h3>Vilken \u00e4r Lisebergs nyaste \u00e5kattraktion?<\/h3>\n<p>Den nya familjeattraktionen Stormv\u00e5g har premi\u00e4r sommaren 2026. Det \u00e4r en s\u00e5 kallad Wild Swing XL-modell p\u00e5 14,5 meter med 24 \u00e5kplatser.<\/p>\n<h3>\u00c4r Liseberg \u00f6ppet under vintern?<\/h3>\n<p>Ja, parken \u00e4r \u00e4ven \u00f6ppen under Halloween-s\u00e4songen i oktober till november och under Jul p\u00e5 Liseberg fr\u00e5n mitten av november till slutet av december.<\/p>\n<p style=\"margin-top: 30px; padding: 12px 16px; background: #f6f7f3; border-left: 4px solid #4a6741; font-size: 14px; color: #333;\"><strong>\u24d8 Senast uppdaterad<\/strong> 1 maj 2026<\/p>\n<p><script type=\"application\/ld+json\">\n{\n  \"@context\": \"https:\/\/schema.org\",\n  \"@type\": \"FAQPage\",\n  \"mainEntity\": [\n    {\n      \"@type\": \"Question\",\n      \"name\": \"N\u00e4r \u00f6ppnar Liseberg sommars\u00e4songen 2026?\",\n      \"acceptedAnswer\": {\n        \"@type\": \"Answer\",\n        \"text\": \"S\u00e4songen \u00f6ppnade l\u00f6rdag 18 april 2026 och h\u00e5ller p\u00e5 till och med 20 september 2026.\"\n      }\n    },\n    {\n      \"@type\": \"Question\",\n      \"name\": \"Hur gammalt \u00e4r Liseberg?\",\n      \"acceptedAnswer\": {\n        \"@type\": \"Answer\",\n        \"text\": \"Liseberg invigdes 1923 som en del av G\u00f6teborgsutst\u00e4llningen, vilket g\u00f6r s\u00e4songen 2026 till parkens 102:a sommars\u00e4song.\"\n      }\n    },\n    {\n      \"@type\": \"Question\",\n      \"name\": \"Vad kostar intr\u00e4de till Liseberg?\",\n      \"acceptedAnswer\": {\n        \"@type\": \"Answer\",\n        \"text\": \"Endast entr\u00e9 ligger p\u00e5 cirka 165 kr f\u00f6r b\u00e5de vuxna och barn. Entr\u00e9 och \u00e5kpass online kostar cirka 625 kr f\u00f6r vuxen och cirka 410 kr f\u00f6r barn under sommars\u00e4songen 2026.\"\n      }\n    },\n    {\n      \"@type\": \"Question\",\n      \"name\": \"Vilken \u00e4r Lisebergs nyaste \u00e5kattraktion?\",\n      \"acceptedAnswer\": {\n        \"@type\": \"Answer\",\n        \"text\": \"Den nya familjeattraktionen Stormv\u00e5g har premi\u00e4r sommaren 2026. Det \u00e4r en s\u00e5 kallad Wild Swing XL-modell p\u00e5 14,5 meter med 24 \u00e5kplatser.\"\n      }\n    },\n    {\n      \"@type\": \"Question\",\n      \"name\": \"\u00c4r Liseberg \u00f6ppet under vintern?\",\n      \"acceptedAnswer\": {\n        \"@type\": \"Answer\",\n        \"text\": \"Ja, parken \u00e4r \u00e4ven \u00f6ppen under Halloween-s\u00e4songen i oktober till november och under Jul p\u00e5 Liseberg fr\u00e5n mitten av november till slutet av december.\"\n      }\n    }\n  ]\n}\n<\/script><\/p>\n","protected":false},"excerpt":{"rendered":"<p>Liseberg \u00e4r inte bara \u00e5k och sockervadd. H\u00e4r \u00e4r historien om varf\u00f6r n\u00f6jesparken i G\u00f6teborg blivit ett av Sveriges starkaste kulturella minnen, med dans, musik och 102 \u00e5r av tradition.<\/p>","protected":false},"author":1,"featured_media":869,"comment_status":"open","ping_status":"open","sticky":false,"template":"","format":"standard","meta":{"_yoast_wpseo_focuskw":"Liseberg","_yoast_wpseo_title":"Liseberg som kulturinstitution - mer \u00e4n en n\u00f6jespark","_yoast_wpseo_metadesc":"Liseberg \u00e4r inte bara \u00e5k och sockervadd. H\u00e4r \u00e4r historien om varf\u00f6r n\u00f6jesparken i G\u00f6teborg blivit ett av Sveriges starkaste kulturella minnen, med dans, musik och 102 \u00e5r av tradition.","_yoast_wpseo_meta-robots-noindex":"","_yoast_wpseo_meta-robots-nofollow":"","_yoast_wpseo_canonical":"","_yoast_wpseo_opengraph-title":"","_yoast_wpseo_opengraph-description":"","_yoast_wpseo_twitter-title":"","_yoast_wpseo_twitter-description":"","footnotes":"","rank_math_description":"Liseberg \u00e4r inte bara \u00e5k och sockervadd. H\u00e4r \u00e4r historien om varf\u00f6r n\u00f6jesparken i G\u00f6teborg blivit ett av Sveriges starkaste kulturella minnen, med dans, musik och 102 \u00e5r av tradition.","rank_math_focus_keyword":"Liseberg","rank_math_title":"Liseberg som kulturinstitution - mer \u00e4n en n\u00f6jespark","rank_math_canonical_url":"","rank_math_robots":"","rank_math_facebook_title":"","rank_math_facebook_description":"","rank_math_twitter_title":"","rank_math_twitter_description":""},"categories":[2],"tags":[12,9,10,8,11,13,14],"class_list":["post-838","post","type-post","status-publish","format-standard","has-post-thumbnail","hentry","category-aktuellt","tag-dansbana","tag-goteborg","tag-kulturarv","tag-liseberg","tag-nojespark","tag-sommar-i-sverige","tag-svensk-popularkultur"],"yoast_head":"<!-- This site is optimized with the Yoast SEO plugin v27.5 - https:\/\/yoast.com\/product\/yoast-seo-wordpress\/ -->\n<title>Liseberg som kulturinstitution - mer \u00e4n en n\u00f6jespark<\/title>\n<meta name=\"description\" content=\"Liseberg \u00e4r inte bara \u00e5k och sockervadd. H\u00e4r \u00e4r historien om varf\u00f6r n\u00f6jesparken i G\u00f6teborg blivit ett av Sveriges starkaste kulturella minnen, med dans, musik och 102 \u00e5r av tradition.\" \/>\n<meta name=\"robots\" content=\"index, follow, max-snippet:-1, max-image-preview:large, max-video-preview:-1\" \/>\n<link rel=\"canonical\" href=\"https:\/\/kultur.nu\/en\/liseberg-kulturinstitution\/\" \/>\n<meta property=\"og:locale\" content=\"en_US\" \/>\n<meta property=\"og:type\" content=\"article\" \/>\n<meta property=\"og:title\" content=\"Liseberg som kulturinstitution - mer \u00e4n en n\u00f6jespark\" \/>\n<meta property=\"og:description\" content=\"Liseberg \u00e4r inte bara \u00e5k och sockervadd. H\u00e4r \u00e4r historien om varf\u00f6r n\u00f6jesparken i G\u00f6teborg blivit ett av Sveriges starkaste kulturella minnen, med dans, musik och 102 \u00e5r av tradition.\" \/>\n<meta property=\"og:url\" content=\"https:\/\/kultur.nu\/en\/liseberg-kulturinstitution\/\" \/>\n<meta property=\"og:site_name\" content=\"Kultur i Sverige\" \/>\n<meta property=\"article:published_time\" content=\"2026-05-01T13:40:00+00:00\" \/>\n<meta property=\"og:image\" content=\"https:\/\/kultur.nu\/wp-content\/uploads\/2026\/05\/Liseberg-som-kulturinstitution-mer-an-en-nojespark.webp\" \/>\n\t<meta property=\"og:image:width\" content=\"727\" \/>\n\t<meta property=\"og:image:height\" content=\"440\" \/>\n\t<meta property=\"og:image:type\" content=\"image\/webp\" \/>\n<meta name=\"author\" content=\"Annica\" \/>\n<meta name=\"twitter:card\" content=\"summary_large_image\" \/>\n<meta name=\"twitter:label1\" content=\"Written by\" \/>\n\t<meta name=\"twitter:data1\" content=\"Annica\" \/>\n\t<meta name=\"twitter:label2\" content=\"Est. reading time\" \/>\n\t<meta name=\"twitter:data2\" content=\"6 minutes\" \/>\n<script type=\"application\/ld+json\" class=\"yoast-schema-graph\">{\"@context\":\"https:\\\/\\\/schema.org\",\"@graph\":[{\"@type\":\"Article\",\"@id\":\"https:\\\/\\\/kultur.nu\\\/liseberg-kulturinstitution\\\/#article\",\"isPartOf\":{\"@id\":\"https:\\\/\\\/kultur.nu\\\/liseberg-kulturinstitution\\\/\"},\"author\":{\"name\":\"Annica\",\"@id\":\"https:\\\/\\\/kultur.nu\\\/#\\\/schema\\\/person\\\/cbafe9491d5ea09a25eace8883923b2c\"},\"headline\":\"Liseberg som kulturinstitution &#8211; mer \u00e4n en n\u00f6jespark\",\"datePublished\":\"2026-05-01T13:40:00+00:00\",\"mainEntityOfPage\":{\"@id\":\"https:\\\/\\\/kultur.nu\\\/liseberg-kulturinstitution\\\/\"},\"wordCount\":1296,\"commentCount\":0,\"publisher\":{\"@id\":\"https:\\\/\\\/kultur.nu\\\/#organization\"},\"image\":{\"@id\":\"https:\\\/\\\/kultur.nu\\\/liseberg-kulturinstitution\\\/#primaryimage\"},\"thumbnailUrl\":\"https:\\\/\\\/kultur.nu\\\/wp-content\\\/uploads\\\/2026\\\/05\\\/Liseberg-som-kulturinstitution-mer-an-en-nojespark.webp\",\"keywords\":[\"dansbana\",\"G\u00f6teborg\",\"kulturarv\",\"Liseberg\",\"n\u00f6jespark\",\"sommar i Sverige\",\"svensk popul\u00e4rkultur\"],\"articleSection\":[\"Aktuellt\"],\"inLanguage\":\"en-US\",\"potentialAction\":[{\"@type\":\"CommentAction\",\"name\":\"Comment\",\"target\":[\"https:\\\/\\\/kultur.nu\\\/liseberg-kulturinstitution\\\/#respond\"]}]},{\"@type\":\"WebPage\",\"@id\":\"https:\\\/\\\/kultur.nu\\\/liseberg-kulturinstitution\\\/\",\"url\":\"https:\\\/\\\/kultur.nu\\\/liseberg-kulturinstitution\\\/\",\"name\":\"Liseberg som kulturinstitution - mer \u00e4n en n\u00f6jespark\",\"isPartOf\":{\"@id\":\"https:\\\/\\\/kultur.nu\\\/#website\"},\"primaryImageOfPage\":{\"@id\":\"https:\\\/\\\/kultur.nu\\\/liseberg-kulturinstitution\\\/#primaryimage\"},\"image\":{\"@id\":\"https:\\\/\\\/kultur.nu\\\/liseberg-kulturinstitution\\\/#primaryimage\"},\"thumbnailUrl\":\"https:\\\/\\\/kultur.nu\\\/wp-content\\\/uploads\\\/2026\\\/05\\\/Liseberg-som-kulturinstitution-mer-an-en-nojespark.webp\",\"datePublished\":\"2026-05-01T13:40:00+00:00\",\"description\":\"Liseberg \u00e4r inte bara \u00e5k och sockervadd. H\u00e4r \u00e4r historien om varf\u00f6r n\u00f6jesparken i G\u00f6teborg blivit ett av Sveriges starkaste kulturella minnen, med dans, musik och 102 \u00e5r av tradition.\",\"breadcrumb\":{\"@id\":\"https:\\\/\\\/kultur.nu\\\/liseberg-kulturinstitution\\\/#breadcrumb\"},\"inLanguage\":\"en-US\",\"potentialAction\":[{\"@type\":\"ReadAction\",\"target\":[\"https:\\\/\\\/kultur.nu\\\/liseberg-kulturinstitution\\\/\"]}]},{\"@type\":\"ImageObject\",\"inLanguage\":\"en-US\",\"@id\":\"https:\\\/\\\/kultur.nu\\\/liseberg-kulturinstitution\\\/#primaryimage\",\"url\":\"https:\\\/\\\/kultur.nu\\\/wp-content\\\/uploads\\\/2026\\\/05\\\/Liseberg-som-kulturinstitution-mer-an-en-nojespark.webp\",\"contentUrl\":\"https:\\\/\\\/kultur.nu\\\/wp-content\\\/uploads\\\/2026\\\/05\\\/Liseberg-som-kulturinstitution-mer-an-en-nojespark.webp\",\"width\":727,\"height\":440,\"caption\":\"Liseberg som kulturinstitution - mer \u00e4n en n\u00f6jespark\"},{\"@type\":\"BreadcrumbList\",\"@id\":\"https:\\\/\\\/kultur.nu\\\/liseberg-kulturinstitution\\\/#breadcrumb\",\"itemListElement\":[{\"@type\":\"ListItem\",\"position\":1,\"name\":\"Hem\",\"item\":\"https:\\\/\\\/kultur.nu\\\/\"},{\"@type\":\"ListItem\",\"position\":2,\"name\":\"Liseberg som kulturinstitution &#8211; mer \u00e4n en n\u00f6jespark\"}]},{\"@type\":\"WebSite\",\"@id\":\"https:\\\/\\\/kultur.nu\\\/#website\",\"url\":\"https:\\\/\\\/kultur.nu\\\/\",\"name\":\"Kultur i Sverige\",\"description\":\"\",\"publisher\":{\"@id\":\"https:\\\/\\\/kultur.nu\\\/#organization\"},\"potentialAction\":[{\"@type\":\"SearchAction\",\"target\":{\"@type\":\"EntryPoint\",\"urlTemplate\":\"https:\\\/\\\/kultur.nu\\\/?s={search_term_string}\"},\"query-input\":{\"@type\":\"PropertyValueSpecification\",\"valueRequired\":true,\"valueName\":\"search_term_string\"}}],\"inLanguage\":\"en-US\"},{\"@type\":\"Organization\",\"@id\":\"https:\\\/\\\/kultur.nu\\\/#organization\",\"name\":\"Kultur i Sverige\",\"url\":\"https:\\\/\\\/kultur.nu\\\/\",\"logo\":{\"@type\":\"ImageObject\",\"inLanguage\":\"en-US\",\"@id\":\"https:\\\/\\\/kultur.nu\\\/#\\\/schema\\\/logo\\\/image\\\/\",\"url\":\"https:\\\/\\\/kultur.nu\\\/wp-content\\\/uploads\\\/2025\\\/10\\\/cropped-Kultur.nu-logo.webp\",\"contentUrl\":\"https:\\\/\\\/kultur.nu\\\/wp-content\\\/uploads\\\/2025\\\/10\\\/cropped-Kultur.nu-logo.webp\",\"width\":510,\"height\":95,\"caption\":\"Kultur i Sverige\"},\"image\":{\"@id\":\"https:\\\/\\\/kultur.nu\\\/#\\\/schema\\\/logo\\\/image\\\/\"}},{\"@type\":\"Person\",\"@id\":\"https:\\\/\\\/kultur.nu\\\/#\\\/schema\\\/person\\\/cbafe9491d5ea09a25eace8883923b2c\",\"name\":\"Annica\",\"image\":{\"@type\":\"ImageObject\",\"inLanguage\":\"en-US\",\"@id\":\"https:\\\/\\\/secure.gravatar.com\\\/avatar\\\/d78c2d842df13ded689c841d90a91fd72f6cc9e7250f7066a537c14f82302546?s=96&d=mm&r=g\",\"url\":\"https:\\\/\\\/secure.gravatar.com\\\/avatar\\\/d78c2d842df13ded689c841d90a91fd72f6cc9e7250f7066a537c14f82302546?s=96&d=mm&r=g\",\"contentUrl\":\"https:\\\/\\\/secure.gravatar.com\\\/avatar\\\/d78c2d842df13ded689c841d90a91fd72f6cc9e7250f7066a537c14f82302546?s=96&d=mm&r=g\",\"caption\":\"Annica\"},\"description\":\"Annika Axelsson \u00e4r kulturskribent p\u00e5 Kultur.nu, d\u00e4r hon skriver om litteratur, film, teater, konst och samtida kulturdebatt. Hon har ett s\u00e4rskilt intresse f\u00f6r hur kultur speglar samh\u00e4llsf\u00f6r\u00e4ndringar, identitet och vardagslivet. Annika har studerat litteraturvetenskap och kulturjournalistik vid Stockholms universitet. Hon har \u00e4ven l\u00e4st konstvetenskap och medievetenskap, vilket ger henne en bred grund n\u00e4r hon analyserar b\u00e5de klassiska verk och moderna kulturuttryck. P\u00e5 Kultur.nu skriver Annika fr\u00e4mst recensioner, f\u00f6rdjupande artiklar och personliga kr\u00f6nikor. Hon bevakar nya b\u00f6cker, uppm\u00e4rksammade teaterf\u00f6rest\u00e4llningar, filmfestivaler, utst\u00e4llningar och aktuella kulturh\u00e4ndelser. Hennes texter k\u00e4nnetecknas av ett nyfiket, kunnigt och tillg\u00e4ngligt spr\u00e5k, d\u00e4r hon vill g\u00f6ra kultur l\u00e4ttare att f\u00f6rst\u00e5 utan att f\u00f6renkla den. Hon har tidigare arbetat med redaktionellt inneh\u00e5ll, intervjuer och kulturbevakning f\u00f6r b\u00e5de digitala magasin och lokala publikationer. I sitt skrivande \u00e5terkommer hon ofta till fr\u00e5gor om ber\u00e4ttande, kreativitet, klass, k\u00f6nsroller och kulturens plats i det moderna samh\u00e4llet.\",\"sameAs\":[\"https:\\\/\\\/kultur.nu\"],\"url\":\"https:\\\/\\\/kultur.nu\\\/en\\\/author\\\/annica\\\/\"}]}<\/script>\n<!-- \/ Yoast SEO plugin. -->","yoast_head_json":{"title":"Liseberg som kulturinstitution - mer \u00e4n en n\u00f6jespark","description":"Liseberg \u00e4r inte bara \u00e5k och sockervadd. H\u00e4r \u00e4r historien om varf\u00f6r n\u00f6jesparken i G\u00f6teborg blivit ett av Sveriges starkaste kulturella minnen, med dans, musik och 102 \u00e5r av tradition.","robots":{"index":"index","follow":"follow","max-snippet":"max-snippet:-1","max-image-preview":"max-image-preview:large","max-video-preview":"max-video-preview:-1"},"canonical":"https:\/\/kultur.nu\/en\/liseberg-kulturinstitution\/","og_locale":"en_US","og_type":"article","og_title":"Liseberg som kulturinstitution - mer \u00e4n en n\u00f6jespark","og_description":"Liseberg \u00e4r inte bara \u00e5k och sockervadd. H\u00e4r \u00e4r historien om varf\u00f6r n\u00f6jesparken i G\u00f6teborg blivit ett av Sveriges starkaste kulturella minnen, med dans, musik och 102 \u00e5r av tradition.","og_url":"https:\/\/kultur.nu\/en\/liseberg-kulturinstitution\/","og_site_name":"Kultur i Sverige","article_published_time":"2026-05-01T13:40:00+00:00","og_image":[{"width":727,"height":440,"url":"https:\/\/kultur.nu\/wp-content\/uploads\/2026\/05\/Liseberg-som-kulturinstitution-mer-an-en-nojespark.webp","type":"image\/webp"}],"author":"Annica","twitter_card":"summary_large_image","twitter_misc":{"Written by":"Annica","Est. reading time":"6 minutes"},"schema":{"@context":"https:\/\/schema.org","@graph":[{"@type":"Article","@id":"https:\/\/kultur.nu\/liseberg-kulturinstitution\/#article","isPartOf":{"@id":"https:\/\/kultur.nu\/liseberg-kulturinstitution\/"},"author":{"name":"Annica","@id":"https:\/\/kultur.nu\/#\/schema\/person\/cbafe9491d5ea09a25eace8883923b2c"},"headline":"Liseberg som kulturinstitution &#8211; mer \u00e4n en n\u00f6jespark","datePublished":"2026-05-01T13:40:00+00:00","mainEntityOfPage":{"@id":"https:\/\/kultur.nu\/liseberg-kulturinstitution\/"},"wordCount":1296,"commentCount":0,"publisher":{"@id":"https:\/\/kultur.nu\/#organization"},"image":{"@id":"https:\/\/kultur.nu\/liseberg-kulturinstitution\/#primaryimage"},"thumbnailUrl":"https:\/\/kultur.nu\/wp-content\/uploads\/2026\/05\/Liseberg-som-kulturinstitution-mer-an-en-nojespark.webp","keywords":["dansbana","G\u00f6teborg","kulturarv","Liseberg","n\u00f6jespark","sommar i Sverige","svensk popul\u00e4rkultur"],"articleSection":["Aktuellt"],"inLanguage":"en-US","potentialAction":[{"@type":"CommentAction","name":"Comment","target":["https:\/\/kultur.nu\/liseberg-kulturinstitution\/#respond"]}]},{"@type":"WebPage","@id":"https:\/\/kultur.nu\/liseberg-kulturinstitution\/","url":"https:\/\/kultur.nu\/liseberg-kulturinstitution\/","name":"Liseberg som kulturinstitution - mer \u00e4n en n\u00f6jespark","isPartOf":{"@id":"https:\/\/kultur.nu\/#website"},"primaryImageOfPage":{"@id":"https:\/\/kultur.nu\/liseberg-kulturinstitution\/#primaryimage"},"image":{"@id":"https:\/\/kultur.nu\/liseberg-kulturinstitution\/#primaryimage"},"thumbnailUrl":"https:\/\/kultur.nu\/wp-content\/uploads\/2026\/05\/Liseberg-som-kulturinstitution-mer-an-en-nojespark.webp","datePublished":"2026-05-01T13:40:00+00:00","description":"Liseberg \u00e4r inte bara \u00e5k och sockervadd. H\u00e4r \u00e4r historien om varf\u00f6r n\u00f6jesparken i G\u00f6teborg blivit ett av Sveriges starkaste kulturella minnen, med dans, musik och 102 \u00e5r av tradition.","breadcrumb":{"@id":"https:\/\/kultur.nu\/liseberg-kulturinstitution\/#breadcrumb"},"inLanguage":"en-US","potentialAction":[{"@type":"ReadAction","target":["https:\/\/kultur.nu\/liseberg-kulturinstitution\/"]}]},{"@type":"ImageObject","inLanguage":"en-US","@id":"https:\/\/kultur.nu\/liseberg-kulturinstitution\/#primaryimage","url":"https:\/\/kultur.nu\/wp-content\/uploads\/2026\/05\/Liseberg-som-kulturinstitution-mer-an-en-nojespark.webp","contentUrl":"https:\/\/kultur.nu\/wp-content\/uploads\/2026\/05\/Liseberg-som-kulturinstitution-mer-an-en-nojespark.webp","width":727,"height":440,"caption":"Liseberg som kulturinstitution - mer \u00e4n en n\u00f6jespark"},{"@type":"BreadcrumbList","@id":"https:\/\/kultur.nu\/liseberg-kulturinstitution\/#breadcrumb","itemListElement":[{"@type":"ListItem","position":1,"name":"Hem","item":"https:\/\/kultur.nu\/"},{"@type":"ListItem","position":2,"name":"Liseberg som kulturinstitution &#8211; mer \u00e4n en n\u00f6jespark"}]},{"@type":"WebSite","@id":"https:\/\/kultur.nu\/#website","url":"https:\/\/kultur.nu\/","name":"Kultur i Sverige","description":"","publisher":{"@id":"https:\/\/kultur.nu\/#organization"},"potentialAction":[{"@type":"SearchAction","target":{"@type":"EntryPoint","urlTemplate":"https:\/\/kultur.nu\/?s={search_term_string}"},"query-input":{"@type":"PropertyValueSpecification","valueRequired":true,"valueName":"search_term_string"}}],"inLanguage":"en-US"},{"@type":"Organization","@id":"https:\/\/kultur.nu\/#organization","name":"Kultur i Sverige","url":"https:\/\/kultur.nu\/","logo":{"@type":"ImageObject","inLanguage":"en-US","@id":"https:\/\/kultur.nu\/#\/schema\/logo\/image\/","url":"https:\/\/kultur.nu\/wp-content\/uploads\/2025\/10\/cropped-Kultur.nu-logo.webp","contentUrl":"https:\/\/kultur.nu\/wp-content\/uploads\/2025\/10\/cropped-Kultur.nu-logo.webp","width":510,"height":95,"caption":"Kultur i Sverige"},"image":{"@id":"https:\/\/kultur.nu\/#\/schema\/logo\/image\/"}},{"@type":"Person","@id":"https:\/\/kultur.nu\/#\/schema\/person\/cbafe9491d5ea09a25eace8883923b2c","name":"Annica","image":{"@type":"ImageObject","inLanguage":"en-US","@id":"https:\/\/secure.gravatar.com\/avatar\/d78c2d842df13ded689c841d90a91fd72f6cc9e7250f7066a537c14f82302546?s=96&d=mm&r=g","url":"https:\/\/secure.gravatar.com\/avatar\/d78c2d842df13ded689c841d90a91fd72f6cc9e7250f7066a537c14f82302546?s=96&d=mm&r=g","contentUrl":"https:\/\/secure.gravatar.com\/avatar\/d78c2d842df13ded689c841d90a91fd72f6cc9e7250f7066a537c14f82302546?s=96&d=mm&r=g","caption":"Annica"},"description":"Annika Axelsson \u00e4r kulturskribent p\u00e5 Kultur.nu, d\u00e4r hon skriver om litteratur, film, teater, konst och samtida kulturdebatt. Hon har ett s\u00e4rskilt intresse f\u00f6r hur kultur speglar samh\u00e4llsf\u00f6r\u00e4ndringar, identitet och vardagslivet. Annika har studerat litteraturvetenskap och kulturjournalistik vid Stockholms universitet. Hon har \u00e4ven l\u00e4st konstvetenskap och medievetenskap, vilket ger henne en bred grund n\u00e4r hon analyserar b\u00e5de klassiska verk och moderna kulturuttryck. P\u00e5 Kultur.nu skriver Annika fr\u00e4mst recensioner, f\u00f6rdjupande artiklar och personliga kr\u00f6nikor. Hon bevakar nya b\u00f6cker, uppm\u00e4rksammade teaterf\u00f6rest\u00e4llningar, filmfestivaler, utst\u00e4llningar och aktuella kulturh\u00e4ndelser. Hennes texter k\u00e4nnetecknas av ett nyfiket, kunnigt och tillg\u00e4ngligt spr\u00e5k, d\u00e4r hon vill g\u00f6ra kultur l\u00e4ttare att f\u00f6rst\u00e5 utan att f\u00f6renkla den. Hon har tidigare arbetat med redaktionellt inneh\u00e5ll, intervjuer och kulturbevakning f\u00f6r b\u00e5de digitala magasin och lokala publikationer. I sitt skrivande \u00e5terkommer hon ofta till fr\u00e5gor om ber\u00e4ttande, kreativitet, klass, k\u00f6nsroller och kulturens plats i det moderna samh\u00e4llet.","sameAs":["https:\/\/kultur.nu"],"url":"https:\/\/kultur.nu\/en\/author\/annica\/"}]}},"_links":{"self":[{"href":"https:\/\/kultur.nu\/en\/wp-json\/wp\/v2\/posts\/838","targetHints":{"allow":["GET"]}}],"collection":[{"href":"https:\/\/kultur.nu\/en\/wp-json\/wp\/v2\/posts"}],"about":[{"href":"https:\/\/kultur.nu\/en\/wp-json\/wp\/v2\/types\/post"}],"author":[{"embeddable":true,"href":"https:\/\/kultur.nu\/en\/wp-json\/wp\/v2\/users\/1"}],"replies":[{"embeddable":true,"href":"https:\/\/kultur.nu\/en\/wp-json\/wp\/v2\/comments?post=838"}],"version-history":[{"count":3,"href":"https:\/\/kultur.nu\/en\/wp-json\/wp\/v2\/posts\/838\/revisions"}],"predecessor-version":[{"id":873,"href":"https:\/\/kultur.nu\/en\/wp-json\/wp\/v2\/posts\/838\/revisions\/873"}],"wp:featuredmedia":[{"embeddable":true,"href":"https:\/\/kultur.nu\/en\/wp-json\/wp\/v2\/media\/869"}],"wp:attachment":[{"href":"https:\/\/kultur.nu\/en\/wp-json\/wp\/v2\/media?parent=838"}],"wp:term":[{"taxonomy":"category","embeddable":true,"href":"https:\/\/kultur.nu\/en\/wp-json\/wp\/v2\/categories?post=838"},{"taxonomy":"post_tag","embeddable":true,"href":"https:\/\/kultur.nu\/en\/wp-json\/wp\/v2\/tags?post=838"}],"curies":[{"name":"wp","href":"https:\/\/api.w.org\/{rel}","templated":true}]}}