{"id":940,"date":"2026-07-18T12:07:08","date_gmt":"2026-07-18T10:07:08","guid":{"rendered":"https:\/\/kultur.nu\/island-sprakpolitik-nya-ord\/"},"modified":"2026-07-18T12:07:08","modified_gmt":"2026-07-18T10:07:08","slug":"island-sprakpolitik-nya-ord","status":"publish","type":"post","link":"https:\/\/kultur.nu\/en\/island-sprakpolitik-nya-ord\/","title":{"rendered":"P\u00e5 Island r\u00f6star folket fram nya ord i st\u00e4llet f\u00f6r att l\u00e5na engelska"},"content":{"rendered":"<p>N\u00e4r engelskan tr\u00e4nger in i vardagsspr\u00e5ket \u00f6ver hela v\u00e4stv\u00e4rlden g\u00f6r Island tv\u00e4rtom mot de flesta: i st\u00e4llet f\u00f6r att acceptera <em>podcast<\/em>, <em>smartphone<\/em> eller <em>gaslighting<\/em> l\u00e5ter man experter och allm\u00e4nhet gemensamt smida fram isl\u00e4ndska ord. Modellen bygger p\u00e5 spr\u00e5kn\u00e4mnder vid \u00c1rni Magn\u00fasson-institutet och en \u00f6ppen webbplattform d\u00e4r vem som helst kan f\u00f6resl\u00e5 \u00f6vers\u00e4ttningar. Det \u00e4r en av f\u00e5 platser d\u00e4r statlig spr\u00e5kv\u00e5rd faktiskt p\u00e5verkar hur folk pratar.<\/p>\n<p>Fr\u00e5gan \u00e4r intressant f\u00f6r svenska l\u00e4sare av en enkel anledning: Sverige g\u00f6r i princip tv\u00e4rtom. H\u00e4r f\u00e5r spr\u00e5ket utvecklas organiskt och engelska l\u00e5nord glider in utan att n\u00e5gon myndighet reglerar dem. Tv\u00e5 sm\u00e5 spr\u00e5ksamh\u00e4llen, tv\u00e5 helt olika strategier.<\/p>\n<h2>\u00c1rni Magn\u00fasson-institutet f\u00f6resl\u00e5r orden, folket testar dem<\/h2>\n<p>Islands ordbildning sk\u00f6ts inte av en ensam myndighet med r\u00f6dpenna. Vid \u00c1rni Magn\u00fasson-institutet arbetar s\u00e4rskilda spr\u00e5kn\u00e4mnder med experter vars uppgift \u00e4r att f\u00f6resl\u00e5 nya isl\u00e4ndska facktermer n\u00e4r engelskan levererar ett nytt begrepp. \u00c1g\u00fasta \u00deorbergsd\u00f3ttir, redakt\u00f6r f\u00f6r terminologi och nyord vid institutet, \u00e4r en av dem som leder det arbetet. Enligt en genomg\u00e5ng av statlig spr\u00e5kv\u00e5rd i Island och Frankrike \u00e4r just samspelet mellan expertn\u00e4mnd och allm\u00e4nhet det som skiljer den isl\u00e4ndska modellen fr\u00e5n andra l\u00e4nders.<\/p>\n<p>Det som g\u00f6r den isl\u00e4ndska modellen ovanlig \u00e4r steget efter expertf\u00f6rslaget. Genom plattformen N\u00fdyr\u00f0avefurinn kan allm\u00e4nheten f\u00f6resl\u00e5 och diskutera isl\u00e4ndska motsvarigheter till engelska termer och institutet anordnar regelbundet t\u00e4vlingar f\u00f6r att f\u00e5 fram nya ord. Ett f\u00f6rslag som klingar r\u00e4tt i vanliga \u00f6ron har st\u00f6rre chans att \u00f6verleva \u00e4n ett som bara ser bra ut i en ordlista.<\/p>\n<p>Det s\u00e4ger n\u00e5got om Island att ett land med runt 350 000 inv\u00e5nare orkar bygga en hel infrastruktur f\u00f6r att slippa s\u00e4ga <em>podcast<\/em>. I ett s\u00e5 litet spr\u00e5ksamh\u00e4lle blir varje talare v\u00e4rdefull och k\u00e4nslan att spr\u00e5ket \u00e4r en gemensam angel\u00e4genhet sitter djupt.<\/p>\n<h2>Islands frig\u00f6relse fr\u00e5n Danmark formade dagens puristtradition<\/h2>\n<p>Islands motst\u00e5nd mot l\u00e5nord \u00e4r ingen nymodighet. Under 1900-talet pr\u00e4glades landets spr\u00e5kpolitik av en statsideologi om att h\u00e5lla isl\u00e4ndskan fri fr\u00e5n yttre p\u00e5verkan. Enligt professor Helga Hilmisd\u00f3ttir har den linjen mildrats med tiden men grundh\u00e5llningen sitter kvar. Puristtraditionen g\u00e5r att f\u00f6rst\u00e5 historiskt.<\/p>\n<p>Island frigjorde sig fr\u00e5n Danmark i en l\u00e5ng process som m\u00e4rktes fr\u00e5n 1800-talets andra h\u00e4lft \u00e4nda till \u00e5rtiondena efter sj\u00e4lvst\u00e4ndigheten 1944. Ett eget, rent spr\u00e5k blev en del av det nationella projektet. N\u00e4r man just brutit sig loss politiskt vill man g\u00e4rna markera att man ocks\u00e5 st\u00e5r p\u00e5 egna ben spr\u00e5kligt.<\/p>\n<p>Men verkligheten l\u00e5ter sig inte styras helt. Spr\u00e5kvetaren H\u00e5kan Jansson har kartlagt hur nutida ordbruk f\u00f6r\u00e4ndras och m\u00f6nstret \u00e4r tydligt: unga l\u00e5nord dyker upp framf\u00f6r allt p\u00e5 internet, n\u00e5got som tidigare varit ovanligt p\u00e5 Island. Ord som <em>k\u00fal<\/em>, <em>k\u00f3s\u00ed<\/em>, <em>beib\u00ed<\/em>, <em>pl\u00eds<\/em>, <em>gig<\/em> och <em>pleis<\/em> strider rakt mot den puristiska h\u00e5llningen och glider in \u00e4nd\u00e5. Ungef\u00e4r som svenskans <em>najs<\/em> och <em>chilla<\/em>, fast med en myndighet som tittar p\u00e5.<\/p>\n<h2>Frankrike lagstiftar d\u00e4r Island \u00f6vertalar<\/h2>\n<p>Island \u00e4r inte ensamt om att f\u00f6rs\u00f6ka bromsa engelskan men metoden skiljer sig fr\u00e5n grannen i s\u00f6der. Frankrike anv\u00e4nder lagstiftning och tv\u00e4rvetenskapliga kommitt\u00e9er, med den s\u00e5 kallade Toubon-lagen som reglerar var franska m\u00e5ste anv\u00e4ndas. D\u00e4r Island lockar med t\u00e4vlingar och folkomr\u00f6stningar om nya ord, kommer den franska staten med paragrafer.<\/p>\n<p>Skillnaden mellan de tre modellerna blir tydlig n\u00e4r man st\u00e4ller dem bredvid varandra:<\/p>\n<div class=\"cp-table-scroll\" style=\"overflow-x:auto;-webkit-overflow-scrolling:touch;margin:1rem 0\">\n<table style=\"min-width:24em\">\n<thead>\n<tr>\n<th>Land<\/th>\n<th>Metod<\/th>\n<th>Vem best\u00e4mmer<\/th>\n<\/tr>\n<\/thead>\n<tbody>\n<tr>\n<td>Island<\/td>\n<td>Expertf\u00f6rslag plus \u00f6ppen omr\u00f6stning<\/td>\n<td>N\u00e4mnder och allm\u00e4nhet tillsammans<\/td>\n<\/tr>\n<tr>\n<td>Frankrike<\/td>\n<td>Lagstiftning och statliga kommitt\u00e9er<\/td>\n<td>Staten uppifr\u00e5n<\/td>\n<\/tr>\n<tr>\n<td>Sverige<\/td>\n<td>Organisk utveckling utan styrning<\/td>\n<td>Ingen, spr\u00e5ket flyter fritt<\/td>\n<\/tr>\n<\/tbody>\n<\/table>\n<\/div>\n<p>Den svenska modellen betyder att nya termer ibland f\u00e5r ofullst\u00e4ndig b\u00f6jning innan de s\u00e4tter sig och att engelskan f\u00e5r stort spelrum. Institutet f\u00f6r spr\u00e5k och folkminnen ger ut en <a href=\"https:\/\/www.isof.se\/svenska-spraket\/nyord\/nyordslistan-2025\" rel=\"noopener\" target=\"_blank\">nyordslista varje \u00e5r<\/a> som speglar vad som faktiskt anv\u00e4nds men listan beskriver snarare \u00e4n styr. Det \u00e4r dokumentation, inte reglering.<\/p>\n<h2>L\u00e5nord d\u00f6dar inte spr\u00e5k, det tror m\u00e5nga fel om<\/h2>\n<p>H\u00e4r finns en missuppfattning v\u00e4rd att reda ut. R\u00e4dslan att isl\u00e4ndskan skulle d\u00f6 av f\u00f6r m\u00e5nga engelska ord bygger p\u00e5 en f\u00f6rv\u00e4xling. Inget dokumenterat fall av spr\u00e5kd\u00f6d g\u00e5r att sp\u00e5ra till l\u00e5nord. Spr\u00e5k d\u00f6r n\u00e4r talarna slutar anv\u00e4nda dem, en process <a href=\"https:\/\/agslo.se\/lanord-dodar-inte-sprak\/\" rel=\"noopener\" target=\"_blank\">spr\u00e5kvetare kallar spr\u00e5kbyte<\/a>.<\/p>\n<p>F\u00f6r att ett spr\u00e5k verkligen ska f\u00f6rsvinna kr\u00e4vs att tre villkor sammanfaller: spr\u00e5ket har f\u00e5 talare kvar, ett dominerande spr\u00e5k erbjuder tydliga ekonomiska och sociala f\u00f6rdelar och f\u00f6r\u00e4ldrar b\u00f6rjar tala majoritetsspr\u00e5ket med sina barn i st\u00e4llet f\u00f6r sitt eget.<\/p>\n<p>N\u00e4r det sista intr\u00e4ffar g\u00e5r det fort. Fr\u00e5n att f\u00f6r\u00e4ldrar byter spr\u00e5k med barnen tar det bara tv\u00e5 till tre generationer innan spr\u00e5ket \u00e4r borta. Kamassiskan dog 1989 n\u00e4r sista talaren Klavdija Plotnikova gick bort och eyak f\u00f6rsvann 2008 med Marie Smith Jones. I inget av fallen var l\u00e5nord orsaken.<\/p>\n<p>Att l\u00e5nord och spr\u00e5kh\u00e4lsa \u00e4r olika saker syns tydligt hos spr\u00e5k som m\u00e5r utm\u00e4rkt trots enorm import. Maltesiskan har omkring 90 procent av sitt ordf\u00f6rr\u00e5d fr\u00e5n arabiska, siciliska och italienska och lever vidare. Swahili, urdu, japanska, thai och ungerska b\u00e4r alla tunga lager av l\u00e5nord utan att darra p\u00e5 f\u00f6tterna. Isl\u00e4ndskan har allts\u00e5 mindre att frukta \u00e4n puristerna befarar.<\/p>\n<h2>Islands metod behandlar ordbildning som gemenskap, inte teknik<\/h2>\n<p>Det verkligt intressanta med den isl\u00e4ndska modellen \u00e4r inte om den r\u00e4ddar spr\u00e5ket, utan vad den avsl\u00f6jar om synen p\u00e5 spr\u00e5k. P\u00e5 Island behandlas ordbildning som n\u00e5got folk g\u00f6r tillsammans, ungef\u00e4r som en <a href=\"https:\/\/kultur.nu\/traditioner-i-sverige\/\">levande tradition<\/a> snarare \u00e4n en teknisk fr\u00e5ga f\u00f6r specialister.<\/p>\n<p>Det p\u00e5minner om hur spr\u00e5kliga minoriteter i Sverige arbetar. <a href=\"https:\/\/kultur.nu\/meankieli-kultur\/\">Me\u00e4nkieli<\/a> h\u00e5lls levande genom att m\u00e4nniskor v\u00e4ljer att prata det, inte genom att r\u00e4kna l\u00e5nord. Ett spr\u00e5k \u00f6verlever p\u00e5 anv\u00e4ndning, inte p\u00e5 renhet.<\/p>\n<p>Sverige kommer knappast att inf\u00f6ra en N\u00fdyr\u00f0avefur f\u00f6r att r\u00f6sta fram svenska ord \u00e5t <em>podcast<\/em> och <em>streaming<\/em>. Men Islands experiment \u00e4r v\u00e4rt att f\u00f6lja. Om folket verkligen tar till sig de nya orden och inte bara n\u00e4mnden, har landet visat att ett litet spr\u00e5ksamh\u00e4lle kan forma sitt eget ordf\u00f6rr\u00e5d i st\u00e4llet f\u00f6r att bara ta emot. Fr\u00e5gan blir d\u00e5 inte om engelskan kan stoppas, utan hur mycket ett spr\u00e5k \u00e4r v\u00e4rt att k\u00e4mpa f\u00f6r. P\u00e5 Island tycks svaret vara: ganska mycket.<\/p>\n<h2>FAQ<\/h2>\n<h3>Kan ett spr\u00e5k d\u00f6 av f\u00f6r m\u00e5nga l\u00e5nord?<\/h3>\n<p>Nej. Det finns inget dokumenterat fall d\u00e4r l\u00e5nord orsakat spr\u00e5kd\u00f6d. Spr\u00e5k f\u00f6rsvinner genom spr\u00e5kbyte, allts\u00e5 n\u00e4r talarna slutar anv\u00e4nda spr\u00e5ket och g\u00e5r \u00f6ver till ett annat, oftast f\u00f6r att f\u00f6r\u00e4ldrar v\u00e4ljer majoritetsspr\u00e5ket med sina barn. L\u00e5nord p\u00e5verkar ordf\u00f6rr\u00e5det men inte spr\u00e5kets \u00f6verlevnad.<\/p>\n<h3>Hur skapar Island nya ord i st\u00e4llet f\u00f6r engelska l\u00e5nord?<\/h3>\n<p>Spr\u00e5kn\u00e4mnder vid \u00c1rni Magn\u00fasson-institutet f\u00f6resl\u00e5r nya isl\u00e4ndska facktermer och genom plattformen N\u00fdyr\u00f0avefurinn kan allm\u00e4nheten f\u00f6resl\u00e5 och diskutera egna \u00f6vers\u00e4ttningar. Institutet anordnar ocks\u00e5 t\u00e4vlingar f\u00f6r att f\u00e5 fram nya ord, vilket \u00f6kar chansen att de faktiskt anv\u00e4nds i vardagen.<\/p>\n<h3>G\u00f6r Sverige samma sak som Island?<\/h3>\n<p>Nej. Sverige l\u00e5ter spr\u00e5ket utvecklas organiskt utan statlig styrning. Institutet f\u00f6r spr\u00e5k och folkminnen dokumenterar nya ord i sin \u00e5rliga nyordslista men reglerar dem inte, till skillnad fr\u00e5n Island och Frankrike som aktivt f\u00f6rs\u00f6ker skapa inhemska alternativ.<\/p>\n<p><script type=\"application\/ld+json\">{\"@context\": \"https:\/\/schema.org\", \"@type\": \"FAQPage\", \"mainEntity\": [{\"@type\": \"Question\", \"name\": \"Kan ett spr\u00e5k d\u00f6 av f\u00f6r m\u00e5nga l\u00e5nord?\", \"acceptedAnswer\": {\"@type\": \"Answer\", \"text\": \"Nej. Det finns inget dokumenterat fall d\u00e4r l\u00e5nord orsakat spr\u00e5kd\u00f6d. Spr\u00e5k f\u00f6rsvinner genom spr\u00e5kbyte, allts\u00e5 n\u00e4r talarna slutar anv\u00e4nda spr\u00e5ket och g\u00e5r \u00f6ver till ett annat, oftast f\u00f6r att f\u00f6r\u00e4ldrar v\u00e4ljer majoritetsspr\u00e5ket med sina barn. L\u00e5nord p\u00e5verkar ordf\u00f6rr\u00e5det men inte spr\u00e5kets \u00f6verlevnad.\"}}, {\"@type\": \"Question\", \"name\": \"Hur skapar Island nya ord i st\u00e4llet f\u00f6r engelska l\u00e5nord?\", \"acceptedAnswer\": {\"@type\": \"Answer\", \"text\": \"Spr\u00e5kn\u00e4mnder vid \u00c1rni Magn\u00fasson-institutet f\u00f6resl\u00e5r nya isl\u00e4ndska facktermer och genom plattformen N\u00fdyr\u00f0avefurinn kan allm\u00e4nheten f\u00f6resl\u00e5 och diskutera egna \u00f6vers\u00e4ttningar. Institutet anordnar ocks\u00e5 t\u00e4vlingar f\u00f6r att f\u00e5 fram nya ord, vilket \u00f6kar chansen att de faktiskt anv\u00e4nds i vardagen.\"}}, {\"@type\": \"Question\", \"name\": \"G\u00f6r Sverige samma sak som Island?\", \"acceptedAnswer\": {\"@type\": \"Answer\", \"text\": \"Nej. Sverige l\u00e5ter spr\u00e5ket utvecklas organiskt utan statlig styrning. Institutet f\u00f6r spr\u00e5k och folkminnen dokumenterar nya ord i sin \u00e5rliga nyordslista men reglerar dem inte, till skillnad fr\u00e5n Island och Frankrike som aktivt f\u00f6rs\u00f6ker skapa inhemska alternativ.\"}}]}<\/script><\/p>\n","protected":false},"excerpt":{"rendered":"<p>Islands spr\u00e5kpolitik mot engelska l\u00e5nord bygger p\u00e5 r\u00f6stning och t\u00e4vlingar, inte lagar. Se hur metoden skiljer sig fr\u00e5n Sverige och Frankrike.<\/p>","protected":false},"author":1,"featured_media":939,"comment_status":"open","ping_status":"open","sticky":false,"template":"","format":"standard","meta":{"_yoast_wpseo_meta-robots-noindex":"","_yoast_wpseo_meta-robots-nofollow":"","_yoast_wpseo_canonical":"","_yoast_wpseo_opengraph-title":"","_yoast_wpseo_opengraph-description":"","_yoast_wpseo_twitter-title":"","_yoast_wpseo_twitter-description":"","footnotes":"","rank_math_description":"","rank_math_focus_keyword":"","rank_math_title":"","rank_math_canonical_url":"","rank_math_robots":"","rank_math_facebook_title":"","rank_math_facebook_description":"","rank_math_twitter_title":"","rank_math_twitter_description":""},"categories":[15],"tags":[],"class_list":["post-940","post","type-post","status-publish","format-standard","has-post-thumbnail","hentry","category-kulturarv"],"yoast_head":"<!-- This site is optimized with the Yoast SEO plugin v28.4 - https:\/\/yoast.com\/product\/yoast-seo-wordpress\/ -->\n<title>P\u00e5 Island r\u00f6star folket fram nya ord i st\u00e4llet f\u00f6r att l\u00e5na engelska<\/title>\n<meta name=\"description\" content=\"Islands spr\u00e5kpolitik mot engelska l\u00e5nord bygger p\u00e5 r\u00f6stning och t\u00e4vlingar, inte lagar. Se hur metoden skiljer sig fr\u00e5n Sverige och Frankrike.\" \/>\n<meta name=\"robots\" content=\"index, follow, max-snippet:-1, max-image-preview:large, max-video-preview:-1\" \/>\n<link rel=\"canonical\" href=\"https:\/\/kultur.nu\/en\/island-sprakpolitik-nya-ord\/\" \/>\n<meta property=\"og:locale\" content=\"en_US\" \/>\n<meta property=\"og:type\" content=\"article\" \/>\n<meta property=\"og:title\" content=\"P\u00e5 Island r\u00f6star folket fram nya ord i st\u00e4llet f\u00f6r att l\u00e5na engelska\" \/>\n<meta property=\"og:description\" content=\"Islands spr\u00e5kpolitik mot engelska l\u00e5nord bygger p\u00e5 r\u00f6stning och t\u00e4vlingar, inte lagar. Se hur metoden skiljer sig fr\u00e5n Sverige och Frankrike.\" \/>\n<meta property=\"og:url\" content=\"https:\/\/kultur.nu\/en\/island-sprakpolitik-nya-ord\/\" \/>\n<meta property=\"og:site_name\" content=\"Kultur i Sverige\" \/>\n<meta property=\"article:published_time\" content=\"2026-07-18T10:07:08+00:00\" \/>\n<meta property=\"og:image\" content=\"https:\/\/kultur.nu\/wp-content\/uploads\/2026\/07\/skrivbord-anteckningsbok.webp\" \/>\n\t<meta property=\"og:image:width\" content=\"1536\" \/>\n\t<meta property=\"og:image:height\" content=\"1024\" \/>\n\t<meta property=\"og:image:type\" content=\"image\/webp\" \/>\n<meta name=\"author\" content=\"Annica\" \/>\n<meta name=\"twitter:card\" content=\"summary_large_image\" \/>\n<meta name=\"twitter:label1\" content=\"Written by\" \/>\n\t<meta name=\"twitter:data1\" content=\"Annica\" \/>\n\t<meta name=\"twitter:label2\" content=\"Est. reading time\" \/>\n\t<meta name=\"twitter:data2\" content=\"7 minutes\" \/>\n<script type=\"application\/ld+json\" class=\"yoast-schema-graph\">{\"@context\":\"https:\\\/\\\/schema.org\",\"@graph\":[{\"@type\":\"Article\",\"@id\":\"https:\\\/\\\/kultur.nu\\\/island-sprakpolitik-nya-ord\\\/#article\",\"isPartOf\":{\"@id\":\"https:\\\/\\\/kultur.nu\\\/island-sprakpolitik-nya-ord\\\/\"},\"author\":{\"name\":\"Annica\",\"@id\":\"https:\\\/\\\/kultur.nu\\\/#\\\/schema\\\/person\\\/cbafe9491d5ea09a25eace8883923b2c\"},\"headline\":\"P\u00e5 Island r\u00f6star folket fram nya ord i st\u00e4llet f\u00f6r att l\u00e5na engelska\",\"datePublished\":\"2026-07-18T10:07:08+00:00\",\"mainEntityOfPage\":{\"@id\":\"https:\\\/\\\/kultur.nu\\\/island-sprakpolitik-nya-ord\\\/\"},\"wordCount\":1418,\"commentCount\":0,\"publisher\":{\"@id\":\"https:\\\/\\\/kultur.nu\\\/#organization\"},\"image\":{\"@id\":\"https:\\\/\\\/kultur.nu\\\/island-sprakpolitik-nya-ord\\\/#primaryimage\"},\"thumbnailUrl\":\"https:\\\/\\\/kultur.nu\\\/wp-content\\\/uploads\\\/2026\\\/07\\\/skrivbord-anteckningsbok.webp\",\"articleSection\":[\"Kulturarv\"],\"inLanguage\":\"en-US\",\"potentialAction\":[{\"@type\":\"CommentAction\",\"name\":\"Comment\",\"target\":[\"https:\\\/\\\/kultur.nu\\\/island-sprakpolitik-nya-ord\\\/#respond\"]}]},{\"@type\":\"WebPage\",\"@id\":\"https:\\\/\\\/kultur.nu\\\/island-sprakpolitik-nya-ord\\\/\",\"url\":\"https:\\\/\\\/kultur.nu\\\/island-sprakpolitik-nya-ord\\\/\",\"name\":\"P\u00e5 Island r\u00f6star folket fram nya ord i st\u00e4llet f\u00f6r att l\u00e5na engelska\",\"isPartOf\":{\"@id\":\"https:\\\/\\\/kultur.nu\\\/#website\"},\"primaryImageOfPage\":{\"@id\":\"https:\\\/\\\/kultur.nu\\\/island-sprakpolitik-nya-ord\\\/#primaryimage\"},\"image\":{\"@id\":\"https:\\\/\\\/kultur.nu\\\/island-sprakpolitik-nya-ord\\\/#primaryimage\"},\"thumbnailUrl\":\"https:\\\/\\\/kultur.nu\\\/wp-content\\\/uploads\\\/2026\\\/07\\\/skrivbord-anteckningsbok.webp\",\"datePublished\":\"2026-07-18T10:07:08+00:00\",\"description\":\"Islands spr\u00e5kpolitik mot engelska l\u00e5nord bygger p\u00e5 r\u00f6stning och t\u00e4vlingar, inte lagar. Se hur metoden skiljer sig fr\u00e5n Sverige och Frankrike.\",\"breadcrumb\":{\"@id\":\"https:\\\/\\\/kultur.nu\\\/island-sprakpolitik-nya-ord\\\/#breadcrumb\"},\"inLanguage\":\"en-US\",\"potentialAction\":[{\"@type\":\"ReadAction\",\"target\":[\"https:\\\/\\\/kultur.nu\\\/island-sprakpolitik-nya-ord\\\/\"]}]},{\"@type\":\"ImageObject\",\"inLanguage\":\"en-US\",\"@id\":\"https:\\\/\\\/kultur.nu\\\/island-sprakpolitik-nya-ord\\\/#primaryimage\",\"url\":\"https:\\\/\\\/kultur.nu\\\/wp-content\\\/uploads\\\/2026\\\/07\\\/skrivbord-anteckningsbok.webp\",\"contentUrl\":\"https:\\\/\\\/kultur.nu\\\/wp-content\\\/uploads\\\/2026\\\/07\\\/skrivbord-anteckningsbok.webp\",\"width\":1536,\"height\":1024,\"caption\":\"Skrivbord med anteckningsbok och b\u00f6cker, symbol f\u00f6r spr\u00e5karbete p\u00e5 Island\"},{\"@type\":\"BreadcrumbList\",\"@id\":\"https:\\\/\\\/kultur.nu\\\/island-sprakpolitik-nya-ord\\\/#breadcrumb\",\"itemListElement\":[{\"@type\":\"ListItem\",\"position\":1,\"name\":\"Hem\",\"item\":\"https:\\\/\\\/kultur.nu\\\/\"},{\"@type\":\"ListItem\",\"position\":2,\"name\":\"P\u00e5 Island r\u00f6star folket fram nya ord i st\u00e4llet f\u00f6r att l\u00e5na engelska\"}]},{\"@type\":\"WebSite\",\"@id\":\"https:\\\/\\\/kultur.nu\\\/#website\",\"url\":\"https:\\\/\\\/kultur.nu\\\/\",\"name\":\"Kultur i Sverige\",\"description\":\"\",\"publisher\":{\"@id\":\"https:\\\/\\\/kultur.nu\\\/#organization\"},\"potentialAction\":[{\"@type\":\"SearchAction\",\"target\":{\"@type\":\"EntryPoint\",\"urlTemplate\":\"https:\\\/\\\/kultur.nu\\\/?s={search_term_string}\"},\"query-input\":{\"@type\":\"PropertyValueSpecification\",\"valueRequired\":true,\"valueName\":\"search_term_string\"}}],\"inLanguage\":\"en-US\"},{\"@type\":\"Organization\",\"@id\":\"https:\\\/\\\/kultur.nu\\\/#organization\",\"name\":\"Kultur i Sverige\",\"url\":\"https:\\\/\\\/kultur.nu\\\/\",\"logo\":{\"@type\":\"ImageObject\",\"inLanguage\":\"en-US\",\"@id\":\"https:\\\/\\\/kultur.nu\\\/#\\\/schema\\\/logo\\\/image\\\/\",\"url\":\"https:\\\/\\\/kultur.nu\\\/wp-content\\\/uploads\\\/2025\\\/10\\\/cropped-Kultur.nu-logo.webp\",\"contentUrl\":\"https:\\\/\\\/kultur.nu\\\/wp-content\\\/uploads\\\/2025\\\/10\\\/cropped-Kultur.nu-logo.webp\",\"width\":510,\"height\":95,\"caption\":\"Kultur i Sverige\"},\"image\":{\"@id\":\"https:\\\/\\\/kultur.nu\\\/#\\\/schema\\\/logo\\\/image\\\/\"}},{\"@type\":\"Person\",\"@id\":\"https:\\\/\\\/kultur.nu\\\/#\\\/schema\\\/person\\\/cbafe9491d5ea09a25eace8883923b2c\",\"name\":\"Annica\",\"image\":{\"@type\":\"ImageObject\",\"inLanguage\":\"en-US\",\"@id\":\"https:\\\/\\\/secure.gravatar.com\\\/avatar\\\/d78c2d842df13ded689c841d90a91fd72f6cc9e7250f7066a537c14f82302546?s=96&d=mm&r=g\",\"url\":\"https:\\\/\\\/secure.gravatar.com\\\/avatar\\\/d78c2d842df13ded689c841d90a91fd72f6cc9e7250f7066a537c14f82302546?s=96&d=mm&r=g\",\"contentUrl\":\"https:\\\/\\\/secure.gravatar.com\\\/avatar\\\/d78c2d842df13ded689c841d90a91fd72f6cc9e7250f7066a537c14f82302546?s=96&d=mm&r=g\",\"caption\":\"Annica\"},\"description\":\"Annika Axelsson \u00e4r kulturskribent p\u00e5 Kultur.nu, d\u00e4r hon skriver om litteratur, film, teater, konst och samtida kulturdebatt. Hon har ett s\u00e4rskilt intresse f\u00f6r hur kultur speglar samh\u00e4llsf\u00f6r\u00e4ndringar, identitet och vardagslivet. Annika har studerat litteraturvetenskap och kulturjournalistik vid Stockholms universitet. Hon har \u00e4ven l\u00e4st konstvetenskap och medievetenskap, vilket ger henne en bred grund n\u00e4r hon analyserar b\u00e5de klassiska verk och moderna kulturuttryck. P\u00e5 Kultur.nu skriver Annika fr\u00e4mst recensioner, f\u00f6rdjupande artiklar och personliga kr\u00f6nikor. Hon bevakar nya b\u00f6cker, uppm\u00e4rksammade teaterf\u00f6rest\u00e4llningar, filmfestivaler, utst\u00e4llningar och aktuella kulturh\u00e4ndelser. Hennes texter k\u00e4nnetecknas av ett nyfiket, kunnigt och tillg\u00e4ngligt spr\u00e5k, d\u00e4r hon vill g\u00f6ra kultur l\u00e4ttare att f\u00f6rst\u00e5 utan att f\u00f6renkla den. Hon har tidigare arbetat med redaktionellt inneh\u00e5ll, intervjuer och kulturbevakning f\u00f6r b\u00e5de digitala magasin och lokala publikationer. I sitt skrivande \u00e5terkommer hon ofta till fr\u00e5gor om ber\u00e4ttande, kreativitet, klass, k\u00f6nsroller och kulturens plats i det moderna samh\u00e4llet.\",\"sameAs\":[\"https:\\\/\\\/kultur.nu\"],\"url\":\"https:\\\/\\\/kultur.nu\\\/en\\\/author\\\/annica\\\/\"}]}<\/script>\n<!-- \/ Yoast SEO plugin. -->","yoast_head_json":{"title":"P\u00e5 Island r\u00f6star folket fram nya ord i st\u00e4llet f\u00f6r att l\u00e5na engelska","description":"Islands spr\u00e5kpolitik mot engelska l\u00e5nord bygger p\u00e5 r\u00f6stning och t\u00e4vlingar, inte lagar. Se hur metoden skiljer sig fr\u00e5n Sverige och Frankrike.","robots":{"index":"index","follow":"follow","max-snippet":"max-snippet:-1","max-image-preview":"max-image-preview:large","max-video-preview":"max-video-preview:-1"},"canonical":"https:\/\/kultur.nu\/en\/island-sprakpolitik-nya-ord\/","og_locale":"en_US","og_type":"article","og_title":"P\u00e5 Island r\u00f6star folket fram nya ord i st\u00e4llet f\u00f6r att l\u00e5na engelska","og_description":"Islands spr\u00e5kpolitik mot engelska l\u00e5nord bygger p\u00e5 r\u00f6stning och t\u00e4vlingar, inte lagar. Se hur metoden skiljer sig fr\u00e5n Sverige och Frankrike.","og_url":"https:\/\/kultur.nu\/en\/island-sprakpolitik-nya-ord\/","og_site_name":"Kultur i Sverige","article_published_time":"2026-07-18T10:07:08+00:00","og_image":[{"width":1536,"height":1024,"url":"https:\/\/kultur.nu\/wp-content\/uploads\/2026\/07\/skrivbord-anteckningsbok.webp","type":"image\/webp"}],"author":"Annica","twitter_card":"summary_large_image","twitter_misc":{"Written by":"Annica","Est. reading time":"7 minutes"},"schema":{"@context":"https:\/\/schema.org","@graph":[{"@type":"Article","@id":"https:\/\/kultur.nu\/island-sprakpolitik-nya-ord\/#article","isPartOf":{"@id":"https:\/\/kultur.nu\/island-sprakpolitik-nya-ord\/"},"author":{"name":"Annica","@id":"https:\/\/kultur.nu\/#\/schema\/person\/cbafe9491d5ea09a25eace8883923b2c"},"headline":"P\u00e5 Island r\u00f6star folket fram nya ord i st\u00e4llet f\u00f6r att l\u00e5na engelska","datePublished":"2026-07-18T10:07:08+00:00","mainEntityOfPage":{"@id":"https:\/\/kultur.nu\/island-sprakpolitik-nya-ord\/"},"wordCount":1418,"commentCount":0,"publisher":{"@id":"https:\/\/kultur.nu\/#organization"},"image":{"@id":"https:\/\/kultur.nu\/island-sprakpolitik-nya-ord\/#primaryimage"},"thumbnailUrl":"https:\/\/kultur.nu\/wp-content\/uploads\/2026\/07\/skrivbord-anteckningsbok.webp","articleSection":["Kulturarv"],"inLanguage":"en-US","potentialAction":[{"@type":"CommentAction","name":"Comment","target":["https:\/\/kultur.nu\/island-sprakpolitik-nya-ord\/#respond"]}]},{"@type":"WebPage","@id":"https:\/\/kultur.nu\/island-sprakpolitik-nya-ord\/","url":"https:\/\/kultur.nu\/island-sprakpolitik-nya-ord\/","name":"P\u00e5 Island r\u00f6star folket fram nya ord i st\u00e4llet f\u00f6r att l\u00e5na engelska","isPartOf":{"@id":"https:\/\/kultur.nu\/#website"},"primaryImageOfPage":{"@id":"https:\/\/kultur.nu\/island-sprakpolitik-nya-ord\/#primaryimage"},"image":{"@id":"https:\/\/kultur.nu\/island-sprakpolitik-nya-ord\/#primaryimage"},"thumbnailUrl":"https:\/\/kultur.nu\/wp-content\/uploads\/2026\/07\/skrivbord-anteckningsbok.webp","datePublished":"2026-07-18T10:07:08+00:00","description":"Islands spr\u00e5kpolitik mot engelska l\u00e5nord bygger p\u00e5 r\u00f6stning och t\u00e4vlingar, inte lagar. Se hur metoden skiljer sig fr\u00e5n Sverige och Frankrike.","breadcrumb":{"@id":"https:\/\/kultur.nu\/island-sprakpolitik-nya-ord\/#breadcrumb"},"inLanguage":"en-US","potentialAction":[{"@type":"ReadAction","target":["https:\/\/kultur.nu\/island-sprakpolitik-nya-ord\/"]}]},{"@type":"ImageObject","inLanguage":"en-US","@id":"https:\/\/kultur.nu\/island-sprakpolitik-nya-ord\/#primaryimage","url":"https:\/\/kultur.nu\/wp-content\/uploads\/2026\/07\/skrivbord-anteckningsbok.webp","contentUrl":"https:\/\/kultur.nu\/wp-content\/uploads\/2026\/07\/skrivbord-anteckningsbok.webp","width":1536,"height":1024,"caption":"Skrivbord med anteckningsbok och b\u00f6cker, symbol f\u00f6r spr\u00e5karbete p\u00e5 Island"},{"@type":"BreadcrumbList","@id":"https:\/\/kultur.nu\/island-sprakpolitik-nya-ord\/#breadcrumb","itemListElement":[{"@type":"ListItem","position":1,"name":"Hem","item":"https:\/\/kultur.nu\/"},{"@type":"ListItem","position":2,"name":"P\u00e5 Island r\u00f6star folket fram nya ord i st\u00e4llet f\u00f6r att l\u00e5na engelska"}]},{"@type":"WebSite","@id":"https:\/\/kultur.nu\/#website","url":"https:\/\/kultur.nu\/","name":"Kultur i Sverige","description":"","publisher":{"@id":"https:\/\/kultur.nu\/#organization"},"potentialAction":[{"@type":"SearchAction","target":{"@type":"EntryPoint","urlTemplate":"https:\/\/kultur.nu\/?s={search_term_string}"},"query-input":{"@type":"PropertyValueSpecification","valueRequired":true,"valueName":"search_term_string"}}],"inLanguage":"en-US"},{"@type":"Organization","@id":"https:\/\/kultur.nu\/#organization","name":"Kultur i Sverige","url":"https:\/\/kultur.nu\/","logo":{"@type":"ImageObject","inLanguage":"en-US","@id":"https:\/\/kultur.nu\/#\/schema\/logo\/image\/","url":"https:\/\/kultur.nu\/wp-content\/uploads\/2025\/10\/cropped-Kultur.nu-logo.webp","contentUrl":"https:\/\/kultur.nu\/wp-content\/uploads\/2025\/10\/cropped-Kultur.nu-logo.webp","width":510,"height":95,"caption":"Kultur i Sverige"},"image":{"@id":"https:\/\/kultur.nu\/#\/schema\/logo\/image\/"}},{"@type":"Person","@id":"https:\/\/kultur.nu\/#\/schema\/person\/cbafe9491d5ea09a25eace8883923b2c","name":"Annica","image":{"@type":"ImageObject","inLanguage":"en-US","@id":"https:\/\/secure.gravatar.com\/avatar\/d78c2d842df13ded689c841d90a91fd72f6cc9e7250f7066a537c14f82302546?s=96&d=mm&r=g","url":"https:\/\/secure.gravatar.com\/avatar\/d78c2d842df13ded689c841d90a91fd72f6cc9e7250f7066a537c14f82302546?s=96&d=mm&r=g","contentUrl":"https:\/\/secure.gravatar.com\/avatar\/d78c2d842df13ded689c841d90a91fd72f6cc9e7250f7066a537c14f82302546?s=96&d=mm&r=g","caption":"Annica"},"description":"Annika Axelsson \u00e4r kulturskribent p\u00e5 Kultur.nu, d\u00e4r hon skriver om litteratur, film, teater, konst och samtida kulturdebatt. Hon har ett s\u00e4rskilt intresse f\u00f6r hur kultur speglar samh\u00e4llsf\u00f6r\u00e4ndringar, identitet och vardagslivet. Annika har studerat litteraturvetenskap och kulturjournalistik vid Stockholms universitet. Hon har \u00e4ven l\u00e4st konstvetenskap och medievetenskap, vilket ger henne en bred grund n\u00e4r hon analyserar b\u00e5de klassiska verk och moderna kulturuttryck. P\u00e5 Kultur.nu skriver Annika fr\u00e4mst recensioner, f\u00f6rdjupande artiklar och personliga kr\u00f6nikor. Hon bevakar nya b\u00f6cker, uppm\u00e4rksammade teaterf\u00f6rest\u00e4llningar, filmfestivaler, utst\u00e4llningar och aktuella kulturh\u00e4ndelser. Hennes texter k\u00e4nnetecknas av ett nyfiket, kunnigt och tillg\u00e4ngligt spr\u00e5k, d\u00e4r hon vill g\u00f6ra kultur l\u00e4ttare att f\u00f6rst\u00e5 utan att f\u00f6renkla den. Hon har tidigare arbetat med redaktionellt inneh\u00e5ll, intervjuer och kulturbevakning f\u00f6r b\u00e5de digitala magasin och lokala publikationer. I sitt skrivande \u00e5terkommer hon ofta till fr\u00e5gor om ber\u00e4ttande, kreativitet, klass, k\u00f6nsroller och kulturens plats i det moderna samh\u00e4llet.","sameAs":["https:\/\/kultur.nu"],"url":"https:\/\/kultur.nu\/en\/author\/annica\/"}]}},"_links":{"self":[{"href":"https:\/\/kultur.nu\/en\/wp-json\/wp\/v2\/posts\/940","targetHints":{"allow":["GET"]}}],"collection":[{"href":"https:\/\/kultur.nu\/en\/wp-json\/wp\/v2\/posts"}],"about":[{"href":"https:\/\/kultur.nu\/en\/wp-json\/wp\/v2\/types\/post"}],"author":[{"embeddable":true,"href":"https:\/\/kultur.nu\/en\/wp-json\/wp\/v2\/users\/1"}],"replies":[{"embeddable":true,"href":"https:\/\/kultur.nu\/en\/wp-json\/wp\/v2\/comments?post=940"}],"version-history":[{"count":0,"href":"https:\/\/kultur.nu\/en\/wp-json\/wp\/v2\/posts\/940\/revisions"}],"wp:featuredmedia":[{"embeddable":true,"href":"https:\/\/kultur.nu\/en\/wp-json\/wp\/v2\/media\/939"}],"wp:attachment":[{"href":"https:\/\/kultur.nu\/en\/wp-json\/wp\/v2\/media?parent=940"}],"wp:term":[{"taxonomy":"category","embeddable":true,"href":"https:\/\/kultur.nu\/en\/wp-json\/wp\/v2\/categories?post=940"},{"taxonomy":"post_tag","embeddable":true,"href":"https:\/\/kultur.nu\/en\/wp-json\/wp\/v2\/tags?post=940"}],"curies":[{"name":"wp","href":"https:\/\/api.w.org\/{rel}","templated":true}]}}