{"id":960,"date":"2026-08-26T07:51:29","date_gmt":"2026-08-26T05:51:29","guid":{"rendered":"https:\/\/kultur.nu\/?p=960"},"modified":"2026-08-26T08:07:29","modified_gmt":"2026-08-26T06:07:29","slug":"roda-dagar-2027","status":"publish","type":"post","link":"https:\/\/kultur.nu\/en\/roda-dagar-2027\/","title":{"rendered":"R\u00f6da dagar 2027"},"content":{"rendered":"<p>Sverige har 13 <a href=\"https:\/\/kultur.nu\/en\/roda-dagar-i-sverige\/\">r\u00f6da dagar<\/a> under 2027. Endast fem av dem infaller p\u00e5 en vardag, vilket g\u00f6r 2027 till ett av de svagare \u00e5ren f\u00f6r ledighet. \u00c5rets f\u00f6rsta r\u00f6da dag \u00e4r ny\u00e5rsdagen fredagen den 1 januari och den sista \u00e4r annandag jul s\u00f6ndagen den 26 december. Samtliga datum f\u00f6ljer <a href=\"https:\/\/www.riksdagen.se\/sv\/dokument-och-lagar\/dokument\/svensk-forfattningssamling\/lag-1989253-om-allmanna-helgdagar_sfs-1989-253\/\">lagen (1989:253) om allm\u00e4nna helgdagar<\/a> hos Sveriges riksdag.<\/p>\n<p>\u00c5tta av de 13 helgdagarna hamnar p\u00e5 en l\u00f6rdag eller s\u00f6ndag. Det inneb\u00e4r i praktiken att \u00e5tta r\u00f6da dagar inte ger n\u00e5gon extra ledighet alls f\u00f6r den som arbetar m\u00e5ndag till fredag. Till skillnad fr\u00e5n 2026, som har sju helgdagar p\u00e5 vardag, f\u00f6rlorar 2027 allts\u00e5 tv\u00e5 arbetsfria dagar.<\/p>\n<div class=\"kultur-snabb\">\n<p><span class=\"kultur-snabb-rubrik\">Snabbfakta om r\u00f6da dagar 2027<\/span><\/p>\n<ul>\n<li><strong>Antal r\u00f6da dagar:<\/strong> 13 stycken, plus samtliga 52 s\u00f6ndagar<\/li>\n<li><strong>P\u00e5 vardag:<\/strong> 5 dagar, allts\u00e5 fem extra lediga dagar<\/li>\n<li><strong>P\u00e5 l\u00f6rdag eller s\u00f6ndag:<\/strong> 8 dagar<\/li>\n<li><strong>Antal arbetsdagar:<\/strong> 256 dagar<\/li>\n<li><strong>P\u00e5skdagen 2027:<\/strong> s\u00f6ndag 28 mars, allts\u00e5 tidig p\u00e5sk<\/li>\n<li><strong>B\u00e4sta kl\u00e4mdag:<\/strong> fredag 7 maj, som ger fyra lediga dagar f\u00f6r en semesterdag<\/li>\n<\/ul>\n<\/div>\n<h2>Alla r\u00f6da dagar 2027<\/h2>\n<p>Tabellen visar samtliga allm\u00e4nna helgdagar under 2027 i kronologisk ordning, med datum och veckodag. Kolumnen l\u00e4ngst till h\u00f6ger visar om dagen ger extra ledigt f\u00f6r den som arbetar m\u00e5ndag till fredag.<\/p>\n<table>\n<thead>\n<tr>\n<th>Helgdag<\/th>\n<th>Datum<\/th>\n<th>Veckodag<\/th>\n<th>Ger extra ledigt<\/th>\n<\/tr>\n<\/thead>\n<tbody>\n<tr>\n<td>Ny\u00e5rsdagen<\/td>\n<td data-label=\"Datum\">1 januari<\/td>\n<td data-label=\"Veckodag\">Fredag<\/td>\n<td data-label=\"Ger extra ledigt\">Ja<\/td>\n<\/tr>\n<tr>\n<td>Trettondedag jul<\/td>\n<td data-label=\"Datum\">6 januari<\/td>\n<td data-label=\"Veckodag\">Onsdag<\/td>\n<td data-label=\"Ger extra ledigt\">Ja<\/td>\n<\/tr>\n<tr>\n<td>L\u00e5ngfredagen<\/td>\n<td data-label=\"Datum\">26 mars<\/td>\n<td data-label=\"Veckodag\">Fredag<\/td>\n<td data-label=\"Ger extra ledigt\">Ja<\/td>\n<\/tr>\n<tr>\n<td>P\u00e5skdagen<\/td>\n<td data-label=\"Datum\">28 mars<\/td>\n<td data-label=\"Veckodag\">S\u00f6ndag<\/td>\n<td data-label=\"Ger extra ledigt\">Nej<\/td>\n<\/tr>\n<tr>\n<td>Annandag p\u00e5sk<\/td>\n<td data-label=\"Datum\">29 mars<\/td>\n<td data-label=\"Veckodag\">M\u00e5ndag<\/td>\n<td data-label=\"Ger extra ledigt\">Ja<\/td>\n<\/tr>\n<tr>\n<td>F\u00f6rsta maj<\/td>\n<td data-label=\"Datum\">1 maj<\/td>\n<td data-label=\"Veckodag\">L\u00f6rdag<\/td>\n<td data-label=\"Ger extra ledigt\">Nej<\/td>\n<\/tr>\n<tr>\n<td>Kristi himmelsf\u00e4rdsdag<\/td>\n<td data-label=\"Datum\">6 maj<\/td>\n<td data-label=\"Veckodag\">Torsdag<\/td>\n<td data-label=\"Ger extra ledigt\">Ja<\/td>\n<\/tr>\n<tr>\n<td>Pingstdagen<\/td>\n<td data-label=\"Datum\">16 maj<\/td>\n<td data-label=\"Veckodag\">S\u00f6ndag<\/td>\n<td data-label=\"Ger extra ledigt\">Nej<\/td>\n<\/tr>\n<tr>\n<td>Sveriges nationaldag<\/td>\n<td data-label=\"Datum\">6 juni<\/td>\n<td data-label=\"Veckodag\">S\u00f6ndag<\/td>\n<td data-label=\"Ger extra ledigt\">Nej<\/td>\n<\/tr>\n<tr>\n<td>Midsommardagen<\/td>\n<td data-label=\"Datum\">26 juni<\/td>\n<td data-label=\"Veckodag\">L\u00f6rdag<\/td>\n<td data-label=\"Ger extra ledigt\">Nej<\/td>\n<\/tr>\n<tr>\n<td>Alla helgons dag<\/td>\n<td data-label=\"Datum\">6 november<\/td>\n<td data-label=\"Veckodag\">L\u00f6rdag<\/td>\n<td data-label=\"Ger extra ledigt\">Nej<\/td>\n<\/tr>\n<tr>\n<td>Juldagen<\/td>\n<td data-label=\"Datum\">25 december<\/td>\n<td data-label=\"Veckodag\">L\u00f6rdag<\/td>\n<td data-label=\"Ger extra ledigt\">Nej<\/td>\n<\/tr>\n<tr>\n<td>Annandag jul<\/td>\n<td data-label=\"Datum\">26 december<\/td>\n<td data-label=\"Veckodag\">S\u00f6ndag<\/td>\n<td data-label=\"Ger extra ledigt\">Nej<\/td>\n<\/tr>\n<\/tbody>\n<\/table>\n<h2>Vilka r\u00f6da dagar 2027 ger extra ledigt?<\/h2>\n<p>Fem r\u00f6da dagar infaller p\u00e5 en vardag under 2027. Dessa fem \u00e4r ny\u00e5rsdagen fredag 1 januari, trettondedag jul onsdag 6 januari, l\u00e5ngfredagen fredag 26 mars, annandag p\u00e5sk m\u00e5ndag 29 mars och Kristi himmelsf\u00e4rdsdag torsdag 6 maj.<\/p>\n<p>F\u00f6rdelningen \u00e4r dessutom oj\u00e4mn \u00f6ver \u00e5ret. Fyra av de fem vardagshelgdagarna ligger under \u00e5rets fyra f\u00f6rsta m\u00e5nader, medan hela perioden fr\u00e5n juni till december saknar en enda r\u00f6d dag p\u00e5 vardag. Andra halv\u00e5ret 2027 blir d\u00e4rf\u00f6r ovanligt fattigt p\u00e5 ledighet.<\/p>\n<div class=\"kultur-varning\">\n<p><span class=\"kultur-varning-rubrik\">Tungt andra halv\u00e5r<\/span>Mellan Kristi himmelsf\u00e4rdsdag den 6 maj och ny\u00e5rsdagen 2028 finns ingen enda r\u00f6d dag som infaller p\u00e5 en vardag. Den som vill ha ledigt under h\u00f6sten 2027 beh\u00f6ver allts\u00e5 planera med vanliga semesterdagar.<\/p>\n<\/div>\n<h2>Hur m\u00e5nga arbetsdagar har 2027?<\/h2>\n<p>\u00c5r 2027 har 256 arbetsdagar. \u00c5ret rymmer 365 dagar, varav 104 \u00e4r l\u00f6rdagar och s\u00f6ndagar, vilket ger 261 vardagar. D\u00e4refter drar vi bort de fem r\u00f6da dagar som infaller p\u00e5 en vardag och landar p\u00e5 256 arbetsdagar.<\/p>\n<p>\u00c5r 2026 har d\u00e4remot sju r\u00f6da dagar p\u00e5 vardag och d\u00e4rmed 254 arbetsdagar. Med andra ord inneh\u00e5ller 2027 tv\u00e5 arbetsdagar mer \u00e4n 2026, trots att b\u00e5da \u00e5ren har lika m\u00e5nga r\u00f6da dagar.<\/p>\n<h2>Vilka kl\u00e4mdagar finns 2027?<\/h2>\n<p>Kl\u00e4mdagar \u00e4r vardagar som ligger inkl\u00e4mda mellan en r\u00f6d dag och en helg. Under 2027 finns tv\u00e5 riktigt l\u00f6nsamma perioder, och b\u00e5da ligger i \u00e5rets b\u00f6rjan och v\u00e5r.<\/p>\n<div class=\"kultur-kort\">\n<p><span class=\"kultur-kort-rubrik\">Januari: fyra semesterdagar ger tio lediga dagar<\/span>Ny\u00e5rsdagen infaller p\u00e5 en fredag och trettondedag jul p\u00e5 en onsdag. Tar du semester m\u00e5ndag 4, tisdag 5, torsdag 7 och fredag 8 januari blir du ledig fr\u00e5n fredag 1 januari till s\u00f6ndag 10 januari.<\/p>\n<\/div>\n<div class=\"kultur-kort\">\n<p><span class=\"kultur-kort-rubrik\">Maj: en semesterdag ger fyra lediga dagar<\/span>Kristi himmelsf\u00e4rdsdag infaller torsdag 6 maj. En enda semesterdag p\u00e5 fredagen 7 maj ger d\u00e4rmed ledigt fr\u00e5n torsdag 6 maj till och med s\u00f6ndag 9 maj.<\/p>\n<\/div>\n<p>\u00c4ven mellandagarna ger mycket ledighet per semesterdag. Julafton och ny\u00e5rsafton infaller b\u00e5da p\u00e5 fredagar 2027, och de flesta \u00e4r lediga d\u00e5 enligt kollektivavtal. Fyra semesterdagar fr\u00e5n m\u00e5ndag 27 till torsdag 30 december ger d\u00e5 tio sammanh\u00e4ngande lediga dagar, fr\u00e5n fredag 24 december till s\u00f6ndag 2 januari.<\/p>\n<h2>N\u00e4r infaller p\u00e5sken 2027?<\/h2>\n<p>P\u00e5skdagen 2027 infaller s\u00f6ndagen den 28 mars, vilket \u00e4r ovanligt tidigt. L\u00e5ngfredagen kommer fredagen den 26 mars och annandag p\u00e5sk m\u00e5ndagen den 29 mars. Hela p\u00e5skhelgen ligger allts\u00e5 i mars, och april 2027 saknar d\u00e4rmed helt r\u00f6da dagar.<\/p>\n<p>P\u00e5skdagen styr dessutom tv\u00e5 helgdagar l\u00e4ngre fram p\u00e5 \u00e5ret. Kristi himmelsf\u00e4rdsdag infaller sj\u00e4tte torsdagen efter p\u00e5skdagen, allts\u00e5 den 6 maj 2027. Pingstdagen kommer sjunde s\u00f6ndagen efter p\u00e5skdagen, det vill s\u00e4ga den 16 maj 2027. Hos <a href=\"https:\/\/www.nordiskamuseet.se\/utforska\/hogtider\/pask\/\">Nordiska museet<\/a> kan du l\u00e4sa mer om hur p\u00e5skfirandet har vuxit fram.<\/p>\n<div class=\"kultur-info\">\n<p><span class=\"kultur-info-rubrik\">Tidig p\u00e5sk f\u00e5r f\u00f6ljder<\/span>Eftersom p\u00e5sken 2027 infaller redan i mars f\u00f6rskjuts b\u00e5de Kristi himmelsf\u00e4rdsdag och pingstdagen bak\u00e5t j\u00e4mf\u00f6rt med 2026. Skillnaden blir drygt en vecka, vilket p\u00e5verkar planeringen av v\u00e5rens ledighet.<\/p>\n<\/div>\n<h2>Vilka helgdagsaftnar infaller 2027?<\/h2>\n<p>Helgdagsaftnar \u00e4r inte r\u00f6da dagar enligt lagen, men i praktiken \u00e4r de flesta \u00e4nd\u00e5 lediga. Under 2027 hamnar tre av de viktigaste aftnarna p\u00e5 en fredag, vilket ger naturligt l\u00e5nga helger.<\/p>\n<table>\n<thead>\n<tr>\n<th>Helgdagsafton<\/th>\n<th>Datum<\/th>\n<th>Veckodag<\/th>\n<\/tr>\n<\/thead>\n<tbody>\n<tr>\n<td>Trettondagsafton<\/td>\n<td data-label=\"Datum\">5 januari<\/td>\n<td data-label=\"Veckodag\">Tisdag<\/td>\n<\/tr>\n<tr>\n<td>P\u00e5skafton<\/td>\n<td data-label=\"Datum\">27 mars<\/td>\n<td data-label=\"Veckodag\">L\u00f6rdag<\/td>\n<\/tr>\n<tr>\n<td>Pingstafton<\/td>\n<td data-label=\"Datum\">15 maj<\/td>\n<td data-label=\"Veckodag\">L\u00f6rdag<\/td>\n<\/tr>\n<tr>\n<td>Midsommarafton<\/td>\n<td data-label=\"Datum\">25 juni<\/td>\n<td data-label=\"Veckodag\">Fredag<\/td>\n<\/tr>\n<tr>\n<td>Julafton<\/td>\n<td data-label=\"Datum\">24 december<\/td>\n<td data-label=\"Veckodag\">Fredag<\/td>\n<\/tr>\n<tr>\n<td>Ny\u00e5rsafton<\/td>\n<td data-label=\"Datum\">31 december<\/td>\n<td data-label=\"Veckodag\">Fredag<\/td>\n<\/tr>\n<\/tbody>\n<\/table>\n<h2>Hur st\u00e5r sig 2027 mot 2026?<\/h2>\n<p>B\u00e5da \u00e5ren har exakt 13 r\u00f6da dagar, eftersom lagen inte \u00e4ndras mellan \u00e5ren. Skillnaden ligger helt och h\u00e5llet i vilka veckodagar dagarna hamnar p\u00e5. D\u00e4r \u00e4r 2026 klart b\u00e4ttre.<\/p>\n<table>\n<thead>\n<tr>\n<th>J\u00e4mf\u00f6relse<\/th>\n<th>2026<\/th>\n<th>2027<\/th>\n<\/tr>\n<\/thead>\n<tbody>\n<tr>\n<td>Antal r\u00f6da dagar<\/td>\n<td data-label=\"2026\">13<\/td>\n<td data-label=\"2027\">13<\/td>\n<\/tr>\n<tr>\n<td>R\u00f6da dagar p\u00e5 vardag<\/td>\n<td data-label=\"2026\">7<\/td>\n<td data-label=\"2027\">5<\/td>\n<\/tr>\n<tr>\n<td>R\u00f6da dagar p\u00e5 helg<\/td>\n<td data-label=\"2026\">6<\/td>\n<td data-label=\"2027\">8<\/td>\n<\/tr>\n<tr>\n<td>Antal arbetsdagar<\/td>\n<td data-label=\"2026\">254<\/td>\n<td data-label=\"2027\">256<\/td>\n<\/tr>\n<tr>\n<td>P\u00e5skdagen<\/td>\n<td data-label=\"2026\">5 april<\/td>\n<td data-label=\"2027\">28 mars<\/td>\n<\/tr>\n<tr>\n<td><a href=\"https:\/\/kultur.nu\/en\/varfor-firar-vi-nationaldagen\/\">Nationaldagen<\/a><\/td>\n<td data-label=\"2026\">L\u00f6rdag<\/td>\n<td data-label=\"2027\">S\u00f6ndag<\/td>\n<\/tr>\n<\/tbody>\n<\/table>\n<p>Nationaldagen \u00e4r ett tydligt exempel p\u00e5 problemet. Dagen blev allm\u00e4n helgdag f\u00f6rst 2005, n\u00e4r riksdagen samtidigt tog bort annandag pingst ur lagen. Annandag pingst infaller alltid p\u00e5 en m\u00e5ndag och gav d\u00e4rf\u00f6r alltid ledigt, medan nationaldagen hamnar p\u00e5 helg b\u00e5de 2026 och 2027. <a href=\"https:\/\/www.nordiskamuseet.se\/utforska\/hogtider\/sveriges-nationaldag\/\">Nordiska museet<\/a> beskriver hur dagen firades som Svenska flaggans dag innan den fick sitt nuvarande namn 1983.<\/p>\n<h2>Vanliga fr\u00e5gor om r\u00f6da dagar 2027<\/h2>\n<h3>Hur m\u00e5nga r\u00f6da dagar \u00e4r det 2027?<\/h3>\n<p>Sverige har 13 r\u00f6da dagar under 2027, plus samtliga s\u00f6ndagar. Fem av de 13 infaller p\u00e5 en vardag och \u00e5tta p\u00e5 en l\u00f6rdag eller s\u00f6ndag. Antalet r\u00f6da dagar \u00e4r detsamma varje \u00e5r eftersom lagen r\u00e4knar upp exakt 13 helgdagar.<\/p>\n<h3>N\u00e4r \u00e4r p\u00e5sken 2027?<\/h3>\n<p>P\u00e5skdagen 2027 infaller s\u00f6ndagen den 28 mars. L\u00e5ngfredagen \u00e4r fredag 26 mars och annandag p\u00e5sk m\u00e5ndag 29 mars. P\u00e5sken 2027 \u00e4r allts\u00e5 ovanligt tidig, vilket g\u00f6r att hela p\u00e5skhelgen ligger i mars.<\/p>\n<h3>Vilken \u00e4r den b\u00e4sta kl\u00e4mdagen 2027?<\/h3>\n<p>Fredagen den 7 maj \u00e4r den mest l\u00f6nsamma enskilda kl\u00e4mdagen 2027. Kristi himmelsf\u00e4rdsdag infaller torsdag 6 maj, s\u00e5 en semesterdag p\u00e5 fredagen ger fyra sammanh\u00e4ngande lediga dagar. I januari ger dessutom fyra semesterdagar hela tio lediga dagar.<\/p>\n<h3>Hur m\u00e5nga arbetsdagar har 2027?<\/h3>\n<p>\u00c5r 2027 har 256 arbetsdagar. \u00c5ret inneh\u00e5ller 365 dagar, varav 104 \u00e4r l\u00f6rdagar och s\u00f6ndagar. Av de \u00e5terst\u00e5ende 261 vardagarna \u00e4r fem r\u00f6da dagar, vilket ger 256 arbetsdagar.<\/p>\n<h3>\u00c4r ny\u00e5rsafton 2027 en r\u00f6d dag?<\/h3>\n<p>Nej, ny\u00e5rsafton den 31 december 2027 \u00e4r inte en r\u00f6d dag enligt lagen om allm\u00e4nna helgdagar. Ny\u00e5rsafton infaller p\u00e5 en fredag 2027 och de flesta \u00e4r \u00e4nd\u00e5 lediga eller arbetar halvdag enligt kollektivavtal.<\/p>\n<h3>Ger nationaldagen 2027 n\u00e5gon extra ledighet?<\/h3>\n<p>Nej, Sveriges <a href=\"https:\/\/kultur.nu\/en\/sveriges-nationaldag-6-juni\/\">nationaldag den 6 juni<\/a> 2027 infaller p\u00e5 en s\u00f6ndag och ger d\u00e4rf\u00f6r ingen extra ledighet. Det finns ingen lagstadgad r\u00e4tt till kompensationsledighet n\u00e4r en r\u00f6d dag hamnar p\u00e5 en helg. Vissa kollektivavtal inneh\u00e5ller d\u00e4remot egna regler om ers\u00e4ttningsledighet.<\/p>\n<h3>Varf\u00f6r \u00e4r 2027 ett d\u00e5ligt \u00e5r f\u00f6r ledighet?<\/h3>\n<p>\u00c5tta av \u00e5rets 13 r\u00f6da dagar infaller p\u00e5 en l\u00f6rdag eller s\u00f6ndag under 2027. Dessutom saknas r\u00f6da dagar p\u00e5 vardag helt mellan maj och december. Den som vill ha ledigt under andra halv\u00e5ret beh\u00f6ver allts\u00e5 anv\u00e4nda vanliga semesterdagar.<\/p>\n<p><script type=\"application\/ld+json\">\n{\"@context\":\"https:\/\/schema.org\",\"@type\":\"FAQPage\",\"mainEntity\":[{\"@type\":\"Question\",\"name\":\"Hur m\u00e5nga r\u00f6da dagar \u00e4r det 2027?\",\"acceptedAnswer\":{\"@type\":\"Answer\",\"text\":\"Sverige har 13 r\u00f6da dagar under 2027, plus samtliga s\u00f6ndagar. Fem av de 13 infaller p\u00e5 en vardag och \u00e5tta p\u00e5 en l\u00f6rdag eller s\u00f6ndag. Antalet r\u00f6da dagar \u00e4r detsamma varje \u00e5r eftersom lagen r\u00e4knar upp exakt 13 helgdagar.\"}},{\"@type\":\"Question\",\"name\":\"N\u00e4r \u00e4r p\u00e5sken 2027?\",\"acceptedAnswer\":{\"@type\":\"Answer\",\"text\":\"P\u00e5skdagen 2027 infaller s\u00f6ndagen den 28 mars. L\u00e5ngfredagen \u00e4r fredag 26 mars och annandag p\u00e5sk m\u00e5ndag 29 mars. P\u00e5sken 2027 \u00e4r allts\u00e5 ovanligt tidig, vilket g\u00f6r att hela p\u00e5skhelgen ligger i mars.\"}},{\"@type\":\"Question\",\"name\":\"Vilken \u00e4r den b\u00e4sta kl\u00e4mdagen 2027?\",\"acceptedAnswer\":{\"@type\":\"Answer\",\"text\":\"Fredagen den 7 maj \u00e4r den mest l\u00f6nsamma enskilda kl\u00e4mdagen 2027. Kristi himmelsf\u00e4rdsdag infaller torsdag 6 maj, s\u00e5 en semesterdag p\u00e5 fredagen ger fyra sammanh\u00e4ngande lediga dagar. I januari ger dessutom fyra semesterdagar hela tio lediga dagar.\"}},{\"@type\":\"Question\",\"name\":\"Hur m\u00e5nga arbetsdagar har 2027?\",\"acceptedAnswer\":{\"@type\":\"Answer\",\"text\":\"\u00c5r 2027 har 256 arbetsdagar. \u00c5ret inneh\u00e5ller 365 dagar, varav 104 \u00e4r l\u00f6rdagar och s\u00f6ndagar. Av de \u00e5terst\u00e5ende 261 vardagarna \u00e4r fem r\u00f6da dagar, vilket ger 256 arbetsdagar.\"}},{\"@type\":\"Question\",\"name\":\"\u00c4r ny\u00e5rsafton 2027 en r\u00f6d dag?\",\"acceptedAnswer\":{\"@type\":\"Answer\",\"text\":\"Nej, ny\u00e5rsafton den 31 december 2027 \u00e4r inte en r\u00f6d dag enligt lagen om allm\u00e4nna helgdagar. Ny\u00e5rsafton infaller p\u00e5 en fredag 2027 och de flesta \u00e4r \u00e4nd\u00e5 lediga eller arbetar halvdag enligt kollektivavtal.\"}},{\"@type\":\"Question\",\"name\":\"Ger nationaldagen 2027 n\u00e5gon extra ledighet?\",\"acceptedAnswer\":{\"@type\":\"Answer\",\"text\":\"Nej, Sveriges nationaldag den 6 juni 2027 infaller p\u00e5 en s\u00f6ndag och ger d\u00e4rf\u00f6r ingen extra ledighet. Det finns ingen lagstadgad r\u00e4tt till kompensationsledighet n\u00e4r en r\u00f6d dag hamnar p\u00e5 en helg. Vissa kollektivavtal inneh\u00e5ller d\u00e4remot egna regler om ers\u00e4ttningsledighet.\"}},{\"@type\":\"Question\",\"name\":\"Varf\u00f6r \u00e4r 2027 ett d\u00e5ligt \u00e5r f\u00f6r ledighet?\",\"acceptedAnswer\":{\"@type\":\"Answer\",\"text\":\"\u00c5tta av \u00e5rets 13 r\u00f6da dagar infaller p\u00e5 en l\u00f6rdag eller s\u00f6ndag under 2027. Dessutom saknas r\u00f6da dagar p\u00e5 vardag helt mellan maj och december. Den som vill ha ledigt under andra halv\u00e5ret beh\u00f6ver allts\u00e5 anv\u00e4nda vanliga semesterdagar.\"}}]}\n<\/script><\/p>\n<div class=\"kultur-internlankar\">\n<p><span class=\"kultur-internlankar-rubrik\">L\u00e4s vidare om svensk <a href=\"https:\/\/kultur.nu\/en\/\">kultur<\/a><\/span><\/p>\n<ul>\n<li><a href=\"\/roda-dagar\/\">R\u00f6da dagar i Sverige<\/a><\/li>\n<li><a href=\"\/roda-dagar-2026\/\">R\u00f6da dagar 2026<\/a><\/li>\n<li><a href=\"\/traditioner-i-sverige\/\">Traditioner i Sverige<\/a><\/li>\n<li><a href=\"\/varfor-firar-man-midsommar\/\">Varf\u00f6r firar man midsommar?<\/a><\/li>\n<li><a href=\"\/svensk-folkdrakt\/\">Svensk folkdr\u00e4kt<\/a><\/li>\n<li><a href=\"\/kulturarv\/\">Kulturarv<\/a><\/li>\n<\/ul>\n<\/div>\n<div class=\"kultur-kallor\">\n<p><span class=\"kultur-kallor-rubrik\">Faktagranskning<\/span>Samtliga datum och veckodagar \u00e4r framr\u00e4knade ur lagens regler och kontrollerade mot kalendern f\u00f6r 2027. Senast uppdaterad: 26 augusti 2026.<\/p>\n<\/div>\n","protected":false},"excerpt":{"rendered":"<p>Sverige har 13 r\u00f6da dagar under 2027. Endast fem av dem infaller p\u00e5 en vardag,&hellip;<\/p>","protected":false},"author":1,"featured_media":966,"comment_status":"open","ping_status":"open","sticky":false,"template":"","format":"standard","meta":{"_yoast_wpseo_meta-robots-noindex":"","_yoast_wpseo_meta-robots-nofollow":"","_yoast_wpseo_canonical":"","_yoast_wpseo_opengraph-title":"","_yoast_wpseo_opengraph-description":"","_yoast_wpseo_twitter-title":"","_yoast_wpseo_twitter-description":"","footnotes":"","rank_math_description":"","rank_math_focus_keyword":"","rank_math_title":"","rank_math_canonical_url":"","rank_math_robots":"","rank_math_facebook_title":"","rank_math_facebook_description":"","rank_math_twitter_title":"","rank_math_twitter_description":""},"categories":[2],"tags":[112,115,113,111,114],"class_list":["post-960","post","type-post","status-publish","format-standard","has-post-thumbnail","hentry","category-aktuellt","tag-helgdagar-2027","tag-kalender","tag-klamdagar","tag-roda-dagar","tag-svenska-traditioner"],"yoast_head":"<!-- This site is optimized with the Yoast SEO plugin v28.4 - https:\/\/yoast.com\/product\/yoast-seo-wordpress\/ -->\n<title>R\u00f6da dagar 2027 | Alla 13 helgdagar, kl\u00e4mdagar och arbetsdagar<\/title>\n<meta name=\"description\" content=\"R\u00f6da dagar 2027: 13 helgdagar men bara 5 p\u00e5 vardag. Se alla datum, veckodagar, kl\u00e4mdagar och de 256 arbetsdagarna under \u00e5ret.\" \/>\n<meta name=\"robots\" content=\"index, follow, max-snippet:-1, max-image-preview:large, max-video-preview:-1\" \/>\n<link rel=\"canonical\" href=\"https:\/\/kultur.nu\/en\/roda-dagar-2027\/\" \/>\n<meta property=\"og:locale\" content=\"en_US\" \/>\n<meta property=\"og:type\" content=\"article\" \/>\n<meta property=\"og:title\" content=\"R\u00f6da dagar 2027 | Alla 13 helgdagar, kl\u00e4mdagar och arbetsdagar\" \/>\n<meta property=\"og:description\" content=\"R\u00f6da dagar 2027: 13 helgdagar men bara 5 p\u00e5 vardag. Se alla datum, veckodagar, kl\u00e4mdagar och de 256 arbetsdagarna under \u00e5ret.\" \/>\n<meta property=\"og:url\" content=\"https:\/\/kultur.nu\/en\/roda-dagar-2027\/\" \/>\n<meta property=\"og:site_name\" content=\"Kultur i Sverige\" \/>\n<meta property=\"article:published_time\" content=\"2026-08-26T05:51:29+00:00\" \/>\n<meta property=\"article:modified_time\" content=\"2026-08-26T06:07:29+00:00\" \/>\n<meta property=\"og:image\" content=\"https:\/\/kultur.nu\/wp-content\/uploads\/2026\/08\/Roda-dagar-2027.webp\" \/>\n\t<meta property=\"og:image:width\" content=\"800\" \/>\n\t<meta property=\"og:image:height\" content=\"455\" \/>\n\t<meta property=\"og:image:type\" content=\"image\/webp\" \/>\n<meta name=\"author\" content=\"Annica\" \/>\n<meta name=\"twitter:card\" content=\"summary_large_image\" \/>\n<meta name=\"twitter:label1\" content=\"Written by\" \/>\n\t<meta name=\"twitter:data1\" content=\"Annica\" \/>\n\t<meta name=\"twitter:label2\" content=\"Est. reading time\" \/>\n\t<meta name=\"twitter:data2\" content=\"7 minutes\" \/>\n<script type=\"application\/ld+json\" class=\"yoast-schema-graph\">{\"@context\":\"https:\\\/\\\/schema.org\",\"@graph\":[{\"@type\":\"Article\",\"@id\":\"https:\\\/\\\/kultur.nu\\\/roda-dagar-2027\\\/#article\",\"isPartOf\":{\"@id\":\"https:\\\/\\\/kultur.nu\\\/roda-dagar-2027\\\/\"},\"author\":{\"name\":\"Annica\",\"@id\":\"https:\\\/\\\/kultur.nu\\\/#\\\/schema\\\/person\\\/cbafe9491d5ea09a25eace8883923b2c\"},\"headline\":\"R\u00f6da dagar 2027\",\"datePublished\":\"2026-08-26T05:51:29+00:00\",\"dateModified\":\"2026-08-26T06:07:29+00:00\",\"mainEntityOfPage\":{\"@id\":\"https:\\\/\\\/kultur.nu\\\/roda-dagar-2027\\\/\"},\"wordCount\":1347,\"commentCount\":0,\"publisher\":{\"@id\":\"https:\\\/\\\/kultur.nu\\\/#organization\"},\"image\":{\"@id\":\"https:\\\/\\\/kultur.nu\\\/roda-dagar-2027\\\/#primaryimage\"},\"thumbnailUrl\":\"https:\\\/\\\/kultur.nu\\\/wp-content\\\/uploads\\\/2026\\\/08\\\/Roda-dagar-2027.webp\",\"keywords\":[\"Helgdagar 2027\",\"Kalender\",\"Kl\u00e4mdagar\",\"R\u00f6da dagar\",\"Svenska traditioner\"],\"articleSection\":[\"Aktuellt\"],\"inLanguage\":\"en-US\",\"potentialAction\":[{\"@type\":\"CommentAction\",\"name\":\"Comment\",\"target\":[\"https:\\\/\\\/kultur.nu\\\/roda-dagar-2027\\\/#respond\"]}]},{\"@type\":\"WebPage\",\"@id\":\"https:\\\/\\\/kultur.nu\\\/roda-dagar-2027\\\/\",\"url\":\"https:\\\/\\\/kultur.nu\\\/roda-dagar-2027\\\/\",\"name\":\"R\u00f6da dagar 2027 | Alla 13 helgdagar, kl\u00e4mdagar och arbetsdagar\",\"isPartOf\":{\"@id\":\"https:\\\/\\\/kultur.nu\\\/#website\"},\"primaryImageOfPage\":{\"@id\":\"https:\\\/\\\/kultur.nu\\\/roda-dagar-2027\\\/#primaryimage\"},\"image\":{\"@id\":\"https:\\\/\\\/kultur.nu\\\/roda-dagar-2027\\\/#primaryimage\"},\"thumbnailUrl\":\"https:\\\/\\\/kultur.nu\\\/wp-content\\\/uploads\\\/2026\\\/08\\\/Roda-dagar-2027.webp\",\"datePublished\":\"2026-08-26T05:51:29+00:00\",\"dateModified\":\"2026-08-26T06:07:29+00:00\",\"description\":\"R\u00f6da dagar 2027: 13 helgdagar men bara 5 p\u00e5 vardag. Se alla datum, veckodagar, kl\u00e4mdagar och de 256 arbetsdagarna under \u00e5ret.\",\"breadcrumb\":{\"@id\":\"https:\\\/\\\/kultur.nu\\\/roda-dagar-2027\\\/#breadcrumb\"},\"inLanguage\":\"en-US\",\"potentialAction\":[{\"@type\":\"ReadAction\",\"target\":[\"https:\\\/\\\/kultur.nu\\\/roda-dagar-2027\\\/\"]}]},{\"@type\":\"ImageObject\",\"inLanguage\":\"en-US\",\"@id\":\"https:\\\/\\\/kultur.nu\\\/roda-dagar-2027\\\/#primaryimage\",\"url\":\"https:\\\/\\\/kultur.nu\\\/wp-content\\\/uploads\\\/2026\\\/08\\\/Roda-dagar-2027.webp\",\"contentUrl\":\"https:\\\/\\\/kultur.nu\\\/wp-content\\\/uploads\\\/2026\\\/08\\\/Roda-dagar-2027.webp\",\"width\":800,\"height\":455,\"caption\":\"R\u00f6da dagar 2027\"},{\"@type\":\"BreadcrumbList\",\"@id\":\"https:\\\/\\\/kultur.nu\\\/roda-dagar-2027\\\/#breadcrumb\",\"itemListElement\":[{\"@type\":\"ListItem\",\"position\":1,\"name\":\"Hem\",\"item\":\"https:\\\/\\\/kultur.nu\\\/\"},{\"@type\":\"ListItem\",\"position\":2,\"name\":\"R\u00f6da dagar 2027\"}]},{\"@type\":\"WebSite\",\"@id\":\"https:\\\/\\\/kultur.nu\\\/#website\",\"url\":\"https:\\\/\\\/kultur.nu\\\/\",\"name\":\"Kultur i Sverige\",\"description\":\"\",\"publisher\":{\"@id\":\"https:\\\/\\\/kultur.nu\\\/#organization\"},\"potentialAction\":[{\"@type\":\"SearchAction\",\"target\":{\"@type\":\"EntryPoint\",\"urlTemplate\":\"https:\\\/\\\/kultur.nu\\\/?s={search_term_string}\"},\"query-input\":{\"@type\":\"PropertyValueSpecification\",\"valueRequired\":true,\"valueName\":\"search_term_string\"}}],\"inLanguage\":\"en-US\"},{\"@type\":\"Organization\",\"@id\":\"https:\\\/\\\/kultur.nu\\\/#organization\",\"name\":\"Kultur i Sverige\",\"url\":\"https:\\\/\\\/kultur.nu\\\/\",\"logo\":{\"@type\":\"ImageObject\",\"inLanguage\":\"en-US\",\"@id\":\"https:\\\/\\\/kultur.nu\\\/#\\\/schema\\\/logo\\\/image\\\/\",\"url\":\"https:\\\/\\\/kultur.nu\\\/wp-content\\\/uploads\\\/2025\\\/10\\\/cropped-Kultur.nu-logo.webp\",\"contentUrl\":\"https:\\\/\\\/kultur.nu\\\/wp-content\\\/uploads\\\/2025\\\/10\\\/cropped-Kultur.nu-logo.webp\",\"width\":510,\"height\":95,\"caption\":\"Kultur i Sverige\"},\"image\":{\"@id\":\"https:\\\/\\\/kultur.nu\\\/#\\\/schema\\\/logo\\\/image\\\/\"}},{\"@type\":\"Person\",\"@id\":\"https:\\\/\\\/kultur.nu\\\/#\\\/schema\\\/person\\\/cbafe9491d5ea09a25eace8883923b2c\",\"name\":\"Annica\",\"image\":{\"@type\":\"ImageObject\",\"inLanguage\":\"en-US\",\"@id\":\"https:\\\/\\\/secure.gravatar.com\\\/avatar\\\/d78c2d842df13ded689c841d90a91fd72f6cc9e7250f7066a537c14f82302546?s=96&d=mm&r=g\",\"url\":\"https:\\\/\\\/secure.gravatar.com\\\/avatar\\\/d78c2d842df13ded689c841d90a91fd72f6cc9e7250f7066a537c14f82302546?s=96&d=mm&r=g\",\"contentUrl\":\"https:\\\/\\\/secure.gravatar.com\\\/avatar\\\/d78c2d842df13ded689c841d90a91fd72f6cc9e7250f7066a537c14f82302546?s=96&d=mm&r=g\",\"caption\":\"Annica\"},\"description\":\"Annika Axelsson \u00e4r kulturskribent p\u00e5 Kultur.nu, d\u00e4r hon skriver om litteratur, film, teater, konst och samtida kulturdebatt. Hon har ett s\u00e4rskilt intresse f\u00f6r hur kultur speglar samh\u00e4llsf\u00f6r\u00e4ndringar, identitet och vardagslivet. Annika har studerat litteraturvetenskap och kulturjournalistik vid Stockholms universitet. Hon har \u00e4ven l\u00e4st konstvetenskap och medievetenskap, vilket ger henne en bred grund n\u00e4r hon analyserar b\u00e5de klassiska verk och moderna kulturuttryck. P\u00e5 Kultur.nu skriver Annika fr\u00e4mst recensioner, f\u00f6rdjupande artiklar och personliga kr\u00f6nikor. Hon bevakar nya b\u00f6cker, uppm\u00e4rksammade teaterf\u00f6rest\u00e4llningar, filmfestivaler, utst\u00e4llningar och aktuella kulturh\u00e4ndelser. Hennes texter k\u00e4nnetecknas av ett nyfiket, kunnigt och tillg\u00e4ngligt spr\u00e5k, d\u00e4r hon vill g\u00f6ra kultur l\u00e4ttare att f\u00f6rst\u00e5 utan att f\u00f6renkla den. Hon har tidigare arbetat med redaktionellt inneh\u00e5ll, intervjuer och kulturbevakning f\u00f6r b\u00e5de digitala magasin och lokala publikationer. I sitt skrivande \u00e5terkommer hon ofta till fr\u00e5gor om ber\u00e4ttande, kreativitet, klass, k\u00f6nsroller och kulturens plats i det moderna samh\u00e4llet.\",\"sameAs\":[\"https:\\\/\\\/kultur.nu\"],\"url\":\"https:\\\/\\\/kultur.nu\\\/en\\\/author\\\/annica\\\/\"}]}<\/script>\n<!-- \/ Yoast SEO plugin. -->","yoast_head_json":{"title":"R\u00f6da dagar 2027 | Alla 13 helgdagar, kl\u00e4mdagar och arbetsdagar","description":"R\u00f6da dagar 2027: 13 helgdagar men bara 5 p\u00e5 vardag. Se alla datum, veckodagar, kl\u00e4mdagar och de 256 arbetsdagarna under \u00e5ret.","robots":{"index":"index","follow":"follow","max-snippet":"max-snippet:-1","max-image-preview":"max-image-preview:large","max-video-preview":"max-video-preview:-1"},"canonical":"https:\/\/kultur.nu\/en\/roda-dagar-2027\/","og_locale":"en_US","og_type":"article","og_title":"R\u00f6da dagar 2027 | Alla 13 helgdagar, kl\u00e4mdagar och arbetsdagar","og_description":"R\u00f6da dagar 2027: 13 helgdagar men bara 5 p\u00e5 vardag. Se alla datum, veckodagar, kl\u00e4mdagar och de 256 arbetsdagarna under \u00e5ret.","og_url":"https:\/\/kultur.nu\/en\/roda-dagar-2027\/","og_site_name":"Kultur i Sverige","article_published_time":"2026-08-26T05:51:29+00:00","article_modified_time":"2026-08-26T06:07:29+00:00","og_image":[{"width":800,"height":455,"url":"https:\/\/kultur.nu\/wp-content\/uploads\/2026\/08\/Roda-dagar-2027.webp","type":"image\/webp"}],"author":"Annica","twitter_card":"summary_large_image","twitter_misc":{"Written by":"Annica","Est. reading time":"7 minutes"},"schema":{"@context":"https:\/\/schema.org","@graph":[{"@type":"Article","@id":"https:\/\/kultur.nu\/roda-dagar-2027\/#article","isPartOf":{"@id":"https:\/\/kultur.nu\/roda-dagar-2027\/"},"author":{"name":"Annica","@id":"https:\/\/kultur.nu\/#\/schema\/person\/cbafe9491d5ea09a25eace8883923b2c"},"headline":"R\u00f6da dagar 2027","datePublished":"2026-08-26T05:51:29+00:00","dateModified":"2026-08-26T06:07:29+00:00","mainEntityOfPage":{"@id":"https:\/\/kultur.nu\/roda-dagar-2027\/"},"wordCount":1347,"commentCount":0,"publisher":{"@id":"https:\/\/kultur.nu\/#organization"},"image":{"@id":"https:\/\/kultur.nu\/roda-dagar-2027\/#primaryimage"},"thumbnailUrl":"https:\/\/kultur.nu\/wp-content\/uploads\/2026\/08\/Roda-dagar-2027.webp","keywords":["Helgdagar 2027","Kalender","Kl\u00e4mdagar","R\u00f6da dagar","Svenska traditioner"],"articleSection":["Aktuellt"],"inLanguage":"en-US","potentialAction":[{"@type":"CommentAction","name":"Comment","target":["https:\/\/kultur.nu\/roda-dagar-2027\/#respond"]}]},{"@type":"WebPage","@id":"https:\/\/kultur.nu\/roda-dagar-2027\/","url":"https:\/\/kultur.nu\/roda-dagar-2027\/","name":"R\u00f6da dagar 2027 | Alla 13 helgdagar, kl\u00e4mdagar och arbetsdagar","isPartOf":{"@id":"https:\/\/kultur.nu\/#website"},"primaryImageOfPage":{"@id":"https:\/\/kultur.nu\/roda-dagar-2027\/#primaryimage"},"image":{"@id":"https:\/\/kultur.nu\/roda-dagar-2027\/#primaryimage"},"thumbnailUrl":"https:\/\/kultur.nu\/wp-content\/uploads\/2026\/08\/Roda-dagar-2027.webp","datePublished":"2026-08-26T05:51:29+00:00","dateModified":"2026-08-26T06:07:29+00:00","description":"R\u00f6da dagar 2027: 13 helgdagar men bara 5 p\u00e5 vardag. Se alla datum, veckodagar, kl\u00e4mdagar och de 256 arbetsdagarna under \u00e5ret.","breadcrumb":{"@id":"https:\/\/kultur.nu\/roda-dagar-2027\/#breadcrumb"},"inLanguage":"en-US","potentialAction":[{"@type":"ReadAction","target":["https:\/\/kultur.nu\/roda-dagar-2027\/"]}]},{"@type":"ImageObject","inLanguage":"en-US","@id":"https:\/\/kultur.nu\/roda-dagar-2027\/#primaryimage","url":"https:\/\/kultur.nu\/wp-content\/uploads\/2026\/08\/Roda-dagar-2027.webp","contentUrl":"https:\/\/kultur.nu\/wp-content\/uploads\/2026\/08\/Roda-dagar-2027.webp","width":800,"height":455,"caption":"R\u00f6da dagar 2027"},{"@type":"BreadcrumbList","@id":"https:\/\/kultur.nu\/roda-dagar-2027\/#breadcrumb","itemListElement":[{"@type":"ListItem","position":1,"name":"Hem","item":"https:\/\/kultur.nu\/"},{"@type":"ListItem","position":2,"name":"R\u00f6da dagar 2027"}]},{"@type":"WebSite","@id":"https:\/\/kultur.nu\/#website","url":"https:\/\/kultur.nu\/","name":"Kultur i Sverige","description":"","publisher":{"@id":"https:\/\/kultur.nu\/#organization"},"potentialAction":[{"@type":"SearchAction","target":{"@type":"EntryPoint","urlTemplate":"https:\/\/kultur.nu\/?s={search_term_string}"},"query-input":{"@type":"PropertyValueSpecification","valueRequired":true,"valueName":"search_term_string"}}],"inLanguage":"en-US"},{"@type":"Organization","@id":"https:\/\/kultur.nu\/#organization","name":"Kultur i Sverige","url":"https:\/\/kultur.nu\/","logo":{"@type":"ImageObject","inLanguage":"en-US","@id":"https:\/\/kultur.nu\/#\/schema\/logo\/image\/","url":"https:\/\/kultur.nu\/wp-content\/uploads\/2025\/10\/cropped-Kultur.nu-logo.webp","contentUrl":"https:\/\/kultur.nu\/wp-content\/uploads\/2025\/10\/cropped-Kultur.nu-logo.webp","width":510,"height":95,"caption":"Kultur i Sverige"},"image":{"@id":"https:\/\/kultur.nu\/#\/schema\/logo\/image\/"}},{"@type":"Person","@id":"https:\/\/kultur.nu\/#\/schema\/person\/cbafe9491d5ea09a25eace8883923b2c","name":"Annica","image":{"@type":"ImageObject","inLanguage":"en-US","@id":"https:\/\/secure.gravatar.com\/avatar\/d78c2d842df13ded689c841d90a91fd72f6cc9e7250f7066a537c14f82302546?s=96&d=mm&r=g","url":"https:\/\/secure.gravatar.com\/avatar\/d78c2d842df13ded689c841d90a91fd72f6cc9e7250f7066a537c14f82302546?s=96&d=mm&r=g","contentUrl":"https:\/\/secure.gravatar.com\/avatar\/d78c2d842df13ded689c841d90a91fd72f6cc9e7250f7066a537c14f82302546?s=96&d=mm&r=g","caption":"Annica"},"description":"Annika Axelsson \u00e4r kulturskribent p\u00e5 Kultur.nu, d\u00e4r hon skriver om litteratur, film, teater, konst och samtida kulturdebatt. Hon har ett s\u00e4rskilt intresse f\u00f6r hur kultur speglar samh\u00e4llsf\u00f6r\u00e4ndringar, identitet och vardagslivet. Annika har studerat litteraturvetenskap och kulturjournalistik vid Stockholms universitet. Hon har \u00e4ven l\u00e4st konstvetenskap och medievetenskap, vilket ger henne en bred grund n\u00e4r hon analyserar b\u00e5de klassiska verk och moderna kulturuttryck. P\u00e5 Kultur.nu skriver Annika fr\u00e4mst recensioner, f\u00f6rdjupande artiklar och personliga kr\u00f6nikor. Hon bevakar nya b\u00f6cker, uppm\u00e4rksammade teaterf\u00f6rest\u00e4llningar, filmfestivaler, utst\u00e4llningar och aktuella kulturh\u00e4ndelser. Hennes texter k\u00e4nnetecknas av ett nyfiket, kunnigt och tillg\u00e4ngligt spr\u00e5k, d\u00e4r hon vill g\u00f6ra kultur l\u00e4ttare att f\u00f6rst\u00e5 utan att f\u00f6renkla den. Hon har tidigare arbetat med redaktionellt inneh\u00e5ll, intervjuer och kulturbevakning f\u00f6r b\u00e5de digitala magasin och lokala publikationer. I sitt skrivande \u00e5terkommer hon ofta till fr\u00e5gor om ber\u00e4ttande, kreativitet, klass, k\u00f6nsroller och kulturens plats i det moderna samh\u00e4llet.","sameAs":["https:\/\/kultur.nu"],"url":"https:\/\/kultur.nu\/en\/author\/annica\/"}]}},"_links":{"self":[{"href":"https:\/\/kultur.nu\/en\/wp-json\/wp\/v2\/posts\/960","targetHints":{"allow":["GET"]}}],"collection":[{"href":"https:\/\/kultur.nu\/en\/wp-json\/wp\/v2\/posts"}],"about":[{"href":"https:\/\/kultur.nu\/en\/wp-json\/wp\/v2\/types\/post"}],"author":[{"embeddable":true,"href":"https:\/\/kultur.nu\/en\/wp-json\/wp\/v2\/users\/1"}],"replies":[{"embeddable":true,"href":"https:\/\/kultur.nu\/en\/wp-json\/wp\/v2\/comments?post=960"}],"version-history":[{"count":2,"href":"https:\/\/kultur.nu\/en\/wp-json\/wp\/v2\/posts\/960\/revisions"}],"predecessor-version":[{"id":967,"href":"https:\/\/kultur.nu\/en\/wp-json\/wp\/v2\/posts\/960\/revisions\/967"}],"wp:featuredmedia":[{"embeddable":true,"href":"https:\/\/kultur.nu\/en\/wp-json\/wp\/v2\/media\/966"}],"wp:attachment":[{"href":"https:\/\/kultur.nu\/en\/wp-json\/wp\/v2\/media?parent=960"}],"wp:term":[{"taxonomy":"category","embeddable":true,"href":"https:\/\/kultur.nu\/en\/wp-json\/wp\/v2\/categories?post=960"},{"taxonomy":"post_tag","embeddable":true,"href":"https:\/\/kultur.nu\/en\/wp-json\/wp\/v2\/tags?post=960"}],"curies":[{"name":"wp","href":"https:\/\/api.w.org\/{rel}","templated":true}]}}